{"id":17351,"date":"2023-10-25T12:16:10","date_gmt":"2023-10-25T10:16:10","guid":{"rendered":"https:\/\/alcompasrevista.com\/?p=17351"},"modified":"2023-10-30T09:37:57","modified_gmt":"2023-10-30T08:37:57","slug":"de-la-banda-mes-antiga-dirlanda-al-centre-artistic-musical-de-xabia","status":"publish","type":"post","link":"https:\/\/alcompasrevista.com\/va\/archivos\/17351","title":{"rendered":"De la banda m\u00e9s antiga d&#8217;Irlanda al Centre Art\u00edstic Musical de X\u00e0bia"},"content":{"rendered":"\n<p>Jason Thomas Nott va cr\u00e9ixer tocant el tromb\u00f3 en el seu Cork natal. No en una formaci\u00f3 qualsevol: en una banda bicenten\u00e0ria, la m\u00e9s antiga de tota Irlanda. Per aix\u00f2, quan va arribar a la Marina Alta per a ser professor, no va poder resistir-se a contactar amb una societat musical, un vincle emocional, el de formar part d&#8217;una banda de m\u00fasica, que li connectava amb les seues arrels. El president comarcal de la FSMCV a la Marina Alta, Manuel Berenguer, conversa amb ell sobre la seua vida a Irlanda i la seua experi\u00e8ncia en el Centre Art\u00edstic Musical de X\u00e0bia.&nbsp;<\/p>\n\n\n\n<p><strong>Manuel Berenguer: Conta&#8217;ns a quina banda pertanys a Irlanda.<\/strong><\/p>\n\n\n\n<p>Jason Thomas Nott: Pertany a la Cork Barrack Street Band.&nbsp;\u00c9s la societat musical m\u00e9s antiga de tota Irlanda; \u00e9s una banda amater que es va fundar en 1837 pel pare Matthew en els barris populars de la ciutat de Cork. Actualment hi ha tres agrupacions, la banda s\u00e8nior, la banda jove i la banda d&#8217;iniciaci\u00f3, en conjunt entre les tres bandes serem uns 100 m\u00fasics. \u00c9s una banda al servei de la seua comunitat: participem en cercaviles, el m\u00e9s gran el dia de Sant Patrick, i tamb\u00e9 realitzem concerts, cert\u00e0mens&#8230;&nbsp;Per cert, enguany hem guanyat el South of Ireland Band Championship en Clonakilty.<\/p>\n\n\n\n<p><strong>MB: Quin instrument toques?<\/strong><\/p>\n\n\n\n<p>JTN: Toque el tromb\u00f3 des que tenia 11 anys.<\/p>\n\n\n\n<p><strong>MB: Et dediques a la m\u00fasica de manera professional?<\/strong><\/p>\n\n\n\n<p>JTN: No, soc m\u00fasic amateur.<\/p>\n\n\n\n<p><strong>MB: Com era la vida en la teua banda a Irlanda?<\/strong><\/p>\n\n\n\n<p>JTN: La banda \u00e9s tamb\u00e9 com una fam\u00edlia, \u00e9s la banda d&#8217;un barri de la ciutat, estem&nbsp;&nbsp;molt units.<\/p>\n\n\n\n<p><strong>MB: Com vas entrar a formar part d&#8217;ella?<\/strong><\/p>\n\n\n\n<p>JTN: El director de la banda era ve\u00ed meu. Era realment un personatge en el nostre barri, i ell va ser el que em va introduir. Llavors no hi havia escola de m\u00fasica, i entr\u00e0vem directament a tocar un instrument.<\/p>\n\n\n\n<p><strong>MB: Quan vas decidir vindre a Espanya i com has acabat a X\u00e0bia?<\/strong><\/p>\n\n\n\n<p>JTN: Vaig viure dos anys a Madrid entre 2014 i 2016, despr\u00e9s vaig marxar de nou a estudiar, i fa dos anys vaig comen\u00e7ar a buscar treball ac\u00ed a Espanya i em van oferir un lloc en el col\u00b7legi X\u00e0bia International College.<\/p>\n\n\n\n<p><strong>MB: Com vas con\u00e9ixer el Centre Art\u00edstic Musical de X\u00e0bia?<\/strong><\/p>\n\n\n\n<p>JTN: Veia sempre la banda al carrer i vaig estar buscant com acostar-me d&#8217;alguna forma. Un dia, un antic m\u00fasic de la banda em va indicar que contactara per Facebook i ho vaig fer, em van contestar i qued\u00e0rem un dia d&#8217;assaig.<\/p>\n\n\n\n<p><strong>MB: En qu\u00e8 es diferencia el funcionament com a part de la societat musical a X\u00e0bia i la del teu pa\u00eds?<\/strong><\/p>\n\n\n\n<p>JTN: No veig realment moltes difer\u00e8ncies, per\u00f2 el que s\u00ed que veig \u00e9s que el nivell t\u00e8cnic \u00e9s molt major que en la meua banda.<\/p>\n\n\n\n<p><strong>MB: Qu\u00e8 \u00e9s el que m\u00e9s et va cridar l&#8217;atenci\u00f3 en entrar en el CAM de X\u00e0bia?<\/strong><\/p>\n\n\n\n<p>JTN: La veritat \u00e9s que de seguida em vaig sentir com a la meua casa, en la meua banda. Va ser com un retrobament amb la m\u00fasica, em vaig sentir de nou com si tinguera 11 anys i era el meu primer assaig amb la banda. Em van fer sentir immediatament integrat.<\/p>\n\n\n\n<p><strong>MB: Crec que has participat recentment en l&#8217;activitat comarcal amb el CAM Xabia, en una poblaci\u00f3 on vau ser m\u00e9s m\u00fasics que habitants. Qu\u00e8 tal l&#8217;experi\u00e8ncia?<\/strong><\/p>\n\n\n\n<p>JTN: Va ser una experi\u00e8ncia molt potent, molt emocionant. Quan entr\u00e0rem desfilant en la pla\u00e7a del poble on s&#8217;havia concentrat la gent va ser espectacular, se sentia la conexi\u00f3 dels m\u00fasics amb la gent. Despr\u00e9s em va encantar l&#8217;ambient amb tots els m\u00fasics de totes les bandes: es va omplir el poble de m\u00fasica. Espectacular.<\/p>\n","protected":false},"excerpt":{"rendered":"<p>Jason Thomas Nott va cr\u00e9ixer tocant el tromb\u00f3 en el seu Cork natal. No en una formaci\u00f3 qualsevol: en una banda bicenten\u00e0ria, la m\u00e9s antiga de tota Irlanda. Per aix\u00f2, [&hellip;]<\/p>\n","protected":false},"author":860002,"featured_media":17347,"comment_status":"open","ping_status":"open","sticky":false,"template":"","format":"standard","meta":{"footnotes":""},"categories":[28],"tags":[],"portada":[],"class_list":["post-17351","post","type-post","status-publish","format-standard","has-post-thumbnail","hentry","category-laterreta-va"],"yoast_head":"<!-- This site is optimized with the Yoast SEO plugin v27.4 - https:\/\/yoast.com\/product\/yoast-seo-wordpress\/ -->\n<title>De la banda m\u00e9s antiga d&#039;Irlanda al Centre Art\u00edstic Musical de X\u00e0bia - Revista Al Comp\u00e0s<\/title>\n<meta name=\"robots\" content=\"index, follow, max-snippet:-1, max-image-preview:large, max-video-preview:-1\" \/>\n<link rel=\"canonical\" href=\"https:\/\/alcompasrevista.com\/va\/archivos\/17351\" \/>\n<meta property=\"og:locale\" content=\"en_US\" \/>\n<meta property=\"og:type\" content=\"article\" \/>\n<meta property=\"og:title\" content=\"De la banda m\u00e9s antiga d&#039;Irlanda al Centre Art\u00edstic Musical de X\u00e0bia - Revista Al Comp\u00e0s\" \/>\n<meta property=\"og:description\" content=\"Jason Thomas Nott va cr\u00e9ixer tocant el tromb\u00f3 en el seu Cork natal. No en una formaci\u00f3 qualsevol: en una banda bicenten\u00e0ria, la m\u00e9s antiga de tota Irlanda. Per aix\u00f2, [&hellip;]\" \/>\n<meta property=\"og:url\" content=\"https:\/\/alcompasrevista.com\/va\/archivos\/17351\" \/>\n<meta property=\"og:site_name\" content=\"Revista Al Comp\u00e0s\" \/>\n<meta property=\"article:published_time\" content=\"2023-10-25T10:16:10+00:00\" \/>\n<meta property=\"article:modified_time\" content=\"2023-10-30T08:37:57+00:00\" \/>\n<meta property=\"og:image\" content=\"https:\/\/alcompasrevista.com\/wp-content\/uploads\/2023\/10\/Cork.jpg\" \/>\n\t<meta property=\"og:image:width\" content=\"1920\" \/>\n\t<meta property=\"og:image:height\" content=\"1080\" \/>\n\t<meta property=\"og:image:type\" content=\"image\/jpeg\" \/>\n<meta name=\"author\" content=\"Redacci\u00f3n\" \/>\n<meta name=\"twitter:card\" content=\"summary_large_image\" \/>\n<meta name=\"twitter:label1\" content=\"Written by\" \/>\n\t<meta name=\"twitter:data1\" content=\"Redacci\u00f3\" \/>\n\t<meta name=\"twitter:label2\" content=\"Est. reading time\" \/>\n\t<meta name=\"twitter:data2\" content=\"3 minutes\" \/>\n<script type=\"application\/ld+json\" class=\"yoast-schema-graph\">{\"@context\":\"https:\\\/\\\/schema.org\",\"@graph\":[{\"@type\":\"Article\",\"@id\":\"https:\\\/\\\/alcompasrevista.com\\\/va\\\/archivos\\\/17351#article\",\"isPartOf\":{\"@id\":\"https:\\\/\\\/alcompasrevista.com\\\/va\\\/archivos\\\/17351\"},\"author\":{\"name\":\"Redacci\u00f3n\",\"@id\":\"https:\\\/\\\/alcompasrevista.com\\\/#\\\/schema\\\/person\\\/c10652a34fa01d238ecd498d150347fc\"},\"headline\":\"De la banda m\u00e9s antiga d&#8217;Irlanda al Centre Art\u00edstic Musical de X\u00e0bia\",\"datePublished\":\"2023-10-25T10:16:10+00:00\",\"dateModified\":\"2023-10-30T08:37:57+00:00\",\"mainEntityOfPage\":{\"@id\":\"https:\\\/\\\/alcompasrevista.com\\\/va\\\/archivos\\\/17351\"},\"wordCount\":693,\"commentCount\":0,\"publisher\":{\"@id\":\"https:\\\/\\\/alcompasrevista.com\\\/#organization\"},\"image\":{\"@id\":\"https:\\\/\\\/alcompasrevista.com\\\/va\\\/archivos\\\/17351#primaryimage\"},\"thumbnailUrl\":\"https:\\\/\\\/alcompasrevista.com\\\/wp-content\\\/uploads\\\/2023\\\/10\\\/Cork.jpg\",\"articleSection\":[\"#Laterreta\"],\"inLanguage\":\"va\",\"potentialAction\":[{\"@type\":\"CommentAction\",\"name\":\"Comment\",\"target\":[\"https:\\\/\\\/alcompasrevista.com\\\/va\\\/archivos\\\/17351#respond\"]}]},{\"@type\":\"WebPage\",\"@id\":\"https:\\\/\\\/alcompasrevista.com\\\/va\\\/archivos\\\/17351\",\"url\":\"https:\\\/\\\/alcompasrevista.com\\\/va\\\/archivos\\\/17351\",\"name\":\"De la banda m\u00e9s antiga d'Irlanda al Centre Art\u00edstic Musical de X\u00e0bia - Revista Al Comp\u00e0s\",\"isPartOf\":{\"@id\":\"https:\\\/\\\/alcompasrevista.com\\\/#website\"},\"primaryImageOfPage\":{\"@id\":\"https:\\\/\\\/alcompasrevista.com\\\/va\\\/archivos\\\/17351#primaryimage\"},\"image\":{\"@id\":\"https:\\\/\\\/alcompasrevista.com\\\/va\\\/archivos\\\/17351#primaryimage\"},\"thumbnailUrl\":\"https:\\\/\\\/alcompasrevista.com\\\/wp-content\\\/uploads\\\/2023\\\/10\\\/Cork.jpg\",\"datePublished\":\"2023-10-25T10:16:10+00:00\",\"dateModified\":\"2023-10-30T08:37:57+00:00\",\"breadcrumb\":{\"@id\":\"https:\\\/\\\/alcompasrevista.com\\\/va\\\/archivos\\\/17351#breadcrumb\"},\"inLanguage\":\"va\",\"potentialAction\":[{\"@type\":\"ReadAction\",\"target\":[\"https:\\\/\\\/alcompasrevista.com\\\/va\\\/archivos\\\/17351\"]}]},{\"@type\":\"ImageObject\",\"inLanguage\":\"va\",\"@id\":\"https:\\\/\\\/alcompasrevista.com\\\/va\\\/archivos\\\/17351#primaryimage\",\"url\":\"https:\\\/\\\/alcompasrevista.com\\\/wp-content\\\/uploads\\\/2023\\\/10\\\/Cork.jpg\",\"contentUrl\":\"https:\\\/\\\/alcompasrevista.com\\\/wp-content\\\/uploads\\\/2023\\\/10\\\/Cork.jpg\",\"width\":1920,\"height\":1080},{\"@type\":\"BreadcrumbList\",\"@id\":\"https:\\\/\\\/alcompasrevista.com\\\/va\\\/archivos\\\/17351#breadcrumb\",\"itemListElement\":[{\"@type\":\"ListItem\",\"position\":1,\"name\":\"Portada\",\"item\":\"https:\\\/\\\/alcompasrevista.com\\\/va\"},{\"@type\":\"ListItem\",\"position\":2,\"name\":\"De la banda m\u00e9s antiga d&#8217;Irlanda al Centre Art\u00edstic Musical de X\u00e0bia\"}]},{\"@type\":\"WebSite\",\"@id\":\"https:\\\/\\\/alcompasrevista.com\\\/#website\",\"url\":\"https:\\\/\\\/alcompasrevista.com\\\/\",\"name\":\"Revista Al Comp\u00e0s\",\"description\":\"Un proyecto de la Federaci\u00f3n de Sociedades Musicales de la Comunidad Valenciana\",\"publisher\":{\"@id\":\"https:\\\/\\\/alcompasrevista.com\\\/#organization\"},\"potentialAction\":[{\"@type\":\"SearchAction\",\"target\":{\"@type\":\"EntryPoint\",\"urlTemplate\":\"https:\\\/\\\/alcompasrevista.com\\\/?s={search_term_string}\"},\"query-input\":{\"@type\":\"PropertyValueSpecification\",\"valueRequired\":true,\"valueName\":\"search_term_string\"}}],\"inLanguage\":\"va\"},{\"@type\":\"Organization\",\"@id\":\"https:\\\/\\\/alcompasrevista.com\\\/#organization\",\"name\":\"Revista Al Comp\u00e0s\",\"url\":\"https:\\\/\\\/alcompasrevista.com\\\/\",\"logo\":{\"@type\":\"ImageObject\",\"inLanguage\":\"va\",\"@id\":\"https:\\\/\\\/alcompasrevista.com\\\/#\\\/schema\\\/logo\\\/image\\\/\",\"url\":\"https:\\\/\\\/alcompasrevista.com\\\/wp-content\\\/uploads\\\/2022\\\/04\\\/cropped-loog_blanco.png\",\"contentUrl\":\"https:\\\/\\\/alcompasrevista.com\\\/wp-content\\\/uploads\\\/2022\\\/04\\\/cropped-loog_blanco.png\",\"width\":1612,\"height\":724,\"caption\":\"Revista Al Comp\u00e0s\"},\"image\":{\"@id\":\"https:\\\/\\\/alcompasrevista.com\\\/#\\\/schema\\\/logo\\\/image\\\/\"}},{\"@type\":\"Person\",\"@id\":\"https:\\\/\\\/alcompasrevista.com\\\/#\\\/schema\\\/person\\\/c10652a34fa01d238ecd498d150347fc\",\"name\":\"Redacci\u00f3n\",\"image\":{\"@type\":\"ImageObject\",\"inLanguage\":\"va\",\"@id\":\"https:\\\/\\\/secure.gravatar.com\\\/avatar\\\/e6a6d0cd2ddec22e0ca7d21b7e49d4a0099fbdc1d476e5412893210bce942ce9?s=96&d=mm&r=g\",\"url\":\"https:\\\/\\\/secure.gravatar.com\\\/avatar\\\/e6a6d0cd2ddec22e0ca7d21b7e49d4a0099fbdc1d476e5412893210bce942ce9?s=96&d=mm&r=g\",\"contentUrl\":\"https:\\\/\\\/secure.gravatar.com\\\/avatar\\\/e6a6d0cd2ddec22e0ca7d21b7e49d4a0099fbdc1d476e5412893210bce942ce9?s=96&d=mm&r=g\",\"caption\":\"Redacci\u00f3n\"},\"url\":\"https:\\\/\\\/alcompasrevista.com\\\/va\\\/archivos\\\/author\\\/vhj_webmaster\"}]}<\/script>\n<!-- \/ Yoast SEO plugin. -->","yoast_head_json":{"title":"De la banda m\u00e9s antiga d'Irlanda al Centre Art\u00edstic Musical de X\u00e0bia - Revista Al Comp\u00e0s","robots":{"index":"index","follow":"follow","max-snippet":"max-snippet:-1","max-image-preview":"max-image-preview:large","max-video-preview":"max-video-preview:-1"},"canonical":"https:\/\/alcompasrevista.com\/va\/archivos\/17351","og_locale":"en_US","og_type":"article","og_title":"De la banda m\u00e9s antiga d'Irlanda al Centre Art\u00edstic Musical de X\u00e0bia - Revista Al Comp\u00e0s","og_description":"Jason Thomas Nott va cr\u00e9ixer tocant el tromb\u00f3 en el seu Cork natal. No en una formaci\u00f3 qualsevol: en una banda bicenten\u00e0ria, la m\u00e9s antiga de tota Irlanda. Per aix\u00f2, [&hellip;]","og_url":"https:\/\/alcompasrevista.com\/va\/archivos\/17351","og_site_name":"Revista Al Comp\u00e0s","article_published_time":"2023-10-25T10:16:10+00:00","article_modified_time":"2023-10-30T08:37:57+00:00","og_image":[{"width":1920,"height":1080,"url":"https:\/\/alcompasrevista.com\/wp-content\/uploads\/2023\/10\/Cork.jpg","type":"image\/jpeg"}],"author":"Redacci\u00f3n","twitter_card":"summary_large_image","twitter_misc":{"Written by":"Redacci\u00f3","Est. reading time":"3 minutes"},"schema":{"@context":"https:\/\/schema.org","@graph":[{"@type":"Article","@id":"https:\/\/alcompasrevista.com\/va\/archivos\/17351#article","isPartOf":{"@id":"https:\/\/alcompasrevista.com\/va\/archivos\/17351"},"author":{"name":"Redacci\u00f3n","@id":"https:\/\/alcompasrevista.com\/#\/schema\/person\/c10652a34fa01d238ecd498d150347fc"},"headline":"De la banda m\u00e9s antiga d&#8217;Irlanda al Centre Art\u00edstic Musical de X\u00e0bia","datePublished":"2023-10-25T10:16:10+00:00","dateModified":"2023-10-30T08:37:57+00:00","mainEntityOfPage":{"@id":"https:\/\/alcompasrevista.com\/va\/archivos\/17351"},"wordCount":693,"commentCount":0,"publisher":{"@id":"https:\/\/alcompasrevista.com\/#organization"},"image":{"@id":"https:\/\/alcompasrevista.com\/va\/archivos\/17351#primaryimage"},"thumbnailUrl":"https:\/\/alcompasrevista.com\/wp-content\/uploads\/2023\/10\/Cork.jpg","articleSection":["#Laterreta"],"inLanguage":"va","potentialAction":[{"@type":"CommentAction","name":"Comment","target":["https:\/\/alcompasrevista.com\/va\/archivos\/17351#respond"]}]},{"@type":"WebPage","@id":"https:\/\/alcompasrevista.com\/va\/archivos\/17351","url":"https:\/\/alcompasrevista.com\/va\/archivos\/17351","name":"De la banda m\u00e9s antiga d'Irlanda al Centre Art\u00edstic Musical de X\u00e0bia - Revista Al Comp\u00e0s","isPartOf":{"@id":"https:\/\/alcompasrevista.com\/#website"},"primaryImageOfPage":{"@id":"https:\/\/alcompasrevista.com\/va\/archivos\/17351#primaryimage"},"image":{"@id":"https:\/\/alcompasrevista.com\/va\/archivos\/17351#primaryimage"},"thumbnailUrl":"https:\/\/alcompasrevista.com\/wp-content\/uploads\/2023\/10\/Cork.jpg","datePublished":"2023-10-25T10:16:10+00:00","dateModified":"2023-10-30T08:37:57+00:00","breadcrumb":{"@id":"https:\/\/alcompasrevista.com\/va\/archivos\/17351#breadcrumb"},"inLanguage":"va","potentialAction":[{"@type":"ReadAction","target":["https:\/\/alcompasrevista.com\/va\/archivos\/17351"]}]},{"@type":"ImageObject","inLanguage":"va","@id":"https:\/\/alcompasrevista.com\/va\/archivos\/17351#primaryimage","url":"https:\/\/alcompasrevista.com\/wp-content\/uploads\/2023\/10\/Cork.jpg","contentUrl":"https:\/\/alcompasrevista.com\/wp-content\/uploads\/2023\/10\/Cork.jpg","width":1920,"height":1080},{"@type":"BreadcrumbList","@id":"https:\/\/alcompasrevista.com\/va\/archivos\/17351#breadcrumb","itemListElement":[{"@type":"ListItem","position":1,"name":"Portada","item":"https:\/\/alcompasrevista.com\/va"},{"@type":"ListItem","position":2,"name":"De la banda m\u00e9s antiga d&#8217;Irlanda al Centre Art\u00edstic Musical de X\u00e0bia"}]},{"@type":"WebSite","@id":"https:\/\/alcompasrevista.com\/#website","url":"https:\/\/alcompasrevista.com\/","name":"Revista Al Comp\u00e0s","description":"Un proyecto de la Federaci\u00f3n de Sociedades Musicales de la Comunidad Valenciana","publisher":{"@id":"https:\/\/alcompasrevista.com\/#organization"},"potentialAction":[{"@type":"SearchAction","target":{"@type":"EntryPoint","urlTemplate":"https:\/\/alcompasrevista.com\/?s={search_term_string}"},"query-input":{"@type":"PropertyValueSpecification","valueRequired":true,"valueName":"search_term_string"}}],"inLanguage":"va"},{"@type":"Organization","@id":"https:\/\/alcompasrevista.com\/#organization","name":"Revista Al Comp\u00e0s","url":"https:\/\/alcompasrevista.com\/","logo":{"@type":"ImageObject","inLanguage":"va","@id":"https:\/\/alcompasrevista.com\/#\/schema\/logo\/image\/","url":"https:\/\/alcompasrevista.com\/wp-content\/uploads\/2022\/04\/cropped-loog_blanco.png","contentUrl":"https:\/\/alcompasrevista.com\/wp-content\/uploads\/2022\/04\/cropped-loog_blanco.png","width":1612,"height":724,"caption":"Revista Al Comp\u00e0s"},"image":{"@id":"https:\/\/alcompasrevista.com\/#\/schema\/logo\/image\/"}},{"@type":"Person","@id":"https:\/\/alcompasrevista.com\/#\/schema\/person\/c10652a34fa01d238ecd498d150347fc","name":"Redacci\u00f3n","image":{"@type":"ImageObject","inLanguage":"va","@id":"https:\/\/secure.gravatar.com\/avatar\/e6a6d0cd2ddec22e0ca7d21b7e49d4a0099fbdc1d476e5412893210bce942ce9?s=96&d=mm&r=g","url":"https:\/\/secure.gravatar.com\/avatar\/e6a6d0cd2ddec22e0ca7d21b7e49d4a0099fbdc1d476e5412893210bce942ce9?s=96&d=mm&r=g","contentUrl":"https:\/\/secure.gravatar.com\/avatar\/e6a6d0cd2ddec22e0ca7d21b7e49d4a0099fbdc1d476e5412893210bce942ce9?s=96&d=mm&r=g","caption":"Redacci\u00f3n"},"url":"https:\/\/alcompasrevista.com\/va\/archivos\/author\/vhj_webmaster"}]}},"_links":{"self":[{"href":"https:\/\/alcompasrevista.com\/va\/wp-json\/wp\/v2\/posts\/17351","targetHints":{"allow":["GET"]}}],"collection":[{"href":"https:\/\/alcompasrevista.com\/va\/wp-json\/wp\/v2\/posts"}],"about":[{"href":"https:\/\/alcompasrevista.com\/va\/wp-json\/wp\/v2\/types\/post"}],"author":[{"embeddable":true,"href":"https:\/\/alcompasrevista.com\/va\/wp-json\/wp\/v2\/users\/860002"}],"replies":[{"embeddable":true,"href":"https:\/\/alcompasrevista.com\/va\/wp-json\/wp\/v2\/comments?post=17351"}],"version-history":[{"count":0,"href":"https:\/\/alcompasrevista.com\/va\/wp-json\/wp\/v2\/posts\/17351\/revisions"}],"wp:featuredmedia":[{"embeddable":true,"href":"https:\/\/alcompasrevista.com\/va\/wp-json\/wp\/v2\/media\/17347"}],"wp:attachment":[{"href":"https:\/\/alcompasrevista.com\/va\/wp-json\/wp\/v2\/media?parent=17351"}],"wp:term":[{"taxonomy":"category","embeddable":true,"href":"https:\/\/alcompasrevista.com\/va\/wp-json\/wp\/v2\/categories?post=17351"},{"taxonomy":"post_tag","embeddable":true,"href":"https:\/\/alcompasrevista.com\/va\/wp-json\/wp\/v2\/tags?post=17351"},{"taxonomy":"portada","embeddable":true,"href":"https:\/\/alcompasrevista.com\/va\/wp-json\/wp\/v2\/portada?post=17351"}],"curies":[{"name":"wp","href":"https:\/\/api.w.org\/{rel}","templated":true}]}}