{"id":17334,"date":"2023-10-24T13:26:29","date_gmt":"2023-10-24T11:26:29","guid":{"rendered":"https:\/\/alcompasrevista.com\/?p=17334"},"modified":"2023-10-24T13:31:34","modified_gmt":"2023-10-24T11:31:34","slug":"algimia-dalfara-celebra-la-gala-de-la-musica-del-camp-de-morvedre","status":"publish","type":"post","link":"https:\/\/alcompasrevista.com\/va\/archivos\/17334","title":{"rendered":"Alg\u00edmia d&#8217;Alfara celebra la Gala de la M\u00fasica del Camp de Morvedre"},"content":{"rendered":"\n<p style=\"font-size:18px\"><span style=\"font-size: revert; white-space: normal; color: initial;\">La Junta Comarcal de les 13\u00a0<\/span>Societats Musicals Federades del Camp de Morvedre<span style=\"font-size: revert; white-space: normal; color: initial;\">\u00a0pertanyents a la\u00a0<\/span>FSMCV<span style=\"font-size: revert; white-space: normal; color: initial;\">, ja han anunciat als guanyadors de la huitena edici\u00f3 dels\u00a0<\/span>Premis Orpheo de la M\u00fasica\u00a0<span style=\"font-size: revert; white-space: normal; color: initial;\">que s&#8217;entregaran durant la celebraci\u00f3 de la\u00a0<\/span>VIII Gala de la M\u00fasica del Camp de Morvedre<span style=\"font-size: revert; white-space: normal; color: initial;\">\u00a0que tindr\u00e0 lloc a\u00a0<\/span>l&#8217;Auditori del Poliesportiu Mateu Lahoz el dia 29 d&#8217;Octubre de 2023<span style=\"font-size: revert; white-space: normal; color: initial;\">. \u00a0<\/span><p style=\"white-space: normal;\">Esta gala esta enquadrada dins de la\u00a0Campanya d&#8217;Activitats Comarcals de la FSMCV, i est\u00e0 dissenyada per a augmentar els lla\u00e7os d&#8217;uni\u00f3 entre les bandes i per a servir d&#8217;homenatge a l&#8217;activitat musical de la comarca i a les persones que la duen a terme. Al mateix temps serveix per a establir una millor i m\u00e9s fluida comunicaci\u00f3 amb les diferents entitats pol\u00edtiques, socials i econ\u00f2miques i amb el p\u00fablic, en general.A m\u00e9s, en la Gala participaran tres de les bandes de la comarca la\u00a0Uni\u00f3 Musical Cultural d&#8217;Estivella, la\u00a0Uni\u00f3 Musical de Quartell\u00a0i, l&#8217;amfitriona de l&#8217;esdeveniment, la\u00a0Uni\u00f3 Musical d\u2019Alg\u00edmia. Les tres formacions oferiran la seua m\u00fasica de forma intercalada als lliuraments de premis.<\/p><\/p>\n\n\n\n<p style=\"font-size:18px\">Els Premis Orpheo 2023 s\u00f3n per a:<\/p>\n\n\n\n<p style=\"font-size:18px\">Premi Orpheo Especial a <strong>Remigi Morant Navasquillo<\/strong>, Vicepresident Educatiu de FSMCV.<\/p>\n\n\n\n<p style=\"font-size:18px\">Premi Orpheo a la Creaci\u00f3 Musical a <strong><em>Pangea, Un viaje por los instrumentos y m\u00fasicas de todo el planeta<\/em><\/strong>. Uni\u00f3 Musical d\u2019Alg\u00edmia &amp; Abraham Cupeiro.<\/p>\n\n\n\n<p style=\"font-size:18px\">Premi Orpheo a la Producci\u00f3 Musical<strong> <\/strong>a<strong> <em>Queen<\/em><\/strong>, espectacle musical produ\u00eft per la Uni\u00f3n Musical Porte\u00f1a.<\/p>\n\n\n\n<p style=\"font-size:18px\">Premi Orpheo al Medio de Comunicaci\u00f3<strong>\u00a0<\/strong>a <strong>El Periodico de Aqu\u00ed<\/strong>.<\/p>\n\n\n\n<p style=\"font-size:18px\">Premis Orpheo a una vida dedicada a la m\u00fasica a <strong>Antonio Oliver Melchor<\/strong>, m\u00fasic de la Joventut Musical Verge de l&#8217;Estrella de Gilet.<\/p>\n\n\n\n<p style=\"font-size:18px\">Premi Orpheo a la millos traject\u00f2ria acad\u00e8mica de grau profesional a <strong>Amparo Mora L\u00f3pez,<\/strong><em> <\/em>dol\u00e7aina.<\/p>\n\n\n\n<p style=\"font-size:18px\">Premio Orpheo a la mejor traject\u00f2ria acad\u00e8mica de grau superior ex-aequo a <strong>Jaume P\u00e9rez Ripoll<\/strong><em>,<\/em> tromb\u00f3; y <strong>Andrea Escrig Robles<\/strong><em>, <\/em>tromb\u00f3.<\/p>\n\n\n\n<p style=\"font-size:18px\">Premi Orpheo als membres de las Societats Musicals:<\/p>\n\n\n\n<p style=\"font-size:18px\"><strong>Eduardo Raimundo Gimeno<\/strong>. Societat M\u00fasico-Cultural d\u2019Albalat dels Tarongers<\/p>\n\n\n\n<p style=\"font-size:18px\"><strong>Adolfo Mart\u00ednez Mestre<\/strong>.<strong> <\/strong>Associaci\u00f3 Musical d\u2019Alfara de la Baron\u00eda<\/p>\n\n\n\n<p style=\"font-size:18px\"><strong>Juan Arnal Font. <\/strong>Agrupaci\u00f3 M\u00fasico-Cultural d\u2019Algar del Pal\u00e0ncia<\/p>\n\n\n\n<p style=\"font-size:18px\"><strong>N\u00e9stor Compa\u00f1 Salt<\/strong>.<strong> <\/strong>Uni\u00f3 Musical d\u00b4Alg\u00ecmia<\/p>\n\n\n\n<p style=\"font-size:18px\"><strong>Juan Antonio Pascual Ferrer<\/strong>. Societat Musical de Canet d\u2019en Berenguer<\/p>\n\n\n\n<p style=\"font-size:18px\"><strong>Pilar Blasco Blasco<\/strong>. Uni\u00f3 Musical-Cultural d\u2019Estivella<\/p>\n\n\n\n<p style=\"font-size:18px\"><strong>Rosa Bad\u00eda P\u00e9rez. <\/strong>Societat Joventut Musical de Faura<\/p>\n\n\n\n<p style=\"font-size:18px\"><strong>Rosa Panzuela Dom\u00ednguez. <\/strong>Joventut Musical <em>Verge de l\u2019Estrella de Gilet<\/em><\/p>\n\n\n\n<p style=\"font-size:18px\"><strong>Dolores Garcer\u00e1 Corresa. <\/strong>Uni\u00f3 Musical Petresana<\/p>\n\n\n\n<p style=\"font-size:18px\"><strong>Angel Salvador Soriano P\u00e9rez. <\/strong>Uni\u00f3 Musical de Quart de les Valls<\/p>\n\n\n\n<p style=\"font-size:18px\"><strong>Joaqu\u00edn Alabad\u00ed Soriano<\/strong>. Uni\u00f3 Musical de Quartell<\/p>\n\n\n\n<p style=\"font-size:18px\"><strong>Manolo Mart\u00ednez Chord\u00e0. <\/strong>Societat Musical Lira Saguntina<\/p>\n\n\n\n<p style=\"font-size:18px\"><strong>Sergio Paz Compa\u00f1. <\/strong>Uni\u00f3n Musical Porte\u00f1a<\/p>\n\n\n\n<p><p style=\"white-space: normal;\"><\/p><p style=\"white-space: normal; font-size: 25px;\"><\/p><\/p>\n","protected":false},"excerpt":{"rendered":"<p>La Junta Comarcal de les 13\u00a0Societats Musicals Federades del Camp de Morvedre\u00a0pertanyents a la\u00a0FSMCV, ja han anunciat als guanyadors de la huitena edici\u00f3 dels\u00a0Premis Orpheo de la M\u00fasica\u00a0que s&#8217;entregaran durant [&hellip;]<\/p>\n","protected":false},"author":860002,"featured_media":17318,"comment_status":"open","ping_status":"open","sticky":false,"template":"","format":"standard","meta":{"footnotes":""},"categories":[29],"tags":[],"portada":[],"class_list":["post-17334","post","type-post","status-publish","format-standard","has-post-thumbnail","hentry","category-noticies-va"],"yoast_head":"<!-- This site is optimized with the Yoast SEO plugin v27.4 - https:\/\/yoast.com\/product\/yoast-seo-wordpress\/ -->\n<title>Alg\u00edmia d&#039;Alfara celebra la Gala de la M\u00fasica del Camp de Morvedre - Revista Al Comp\u00e0s<\/title>\n<meta name=\"robots\" content=\"index, follow, max-snippet:-1, max-image-preview:large, max-video-preview:-1\" \/>\n<link rel=\"canonical\" href=\"https:\/\/alcompasrevista.com\/va\/archivos\/17334\" \/>\n<meta property=\"og:locale\" content=\"en_US\" \/>\n<meta property=\"og:type\" content=\"article\" \/>\n<meta property=\"og:title\" content=\"Alg\u00edmia d&#039;Alfara celebra la Gala de la M\u00fasica del Camp de Morvedre - Revista Al Comp\u00e0s\" \/>\n<meta property=\"og:description\" content=\"La Junta Comarcal de les 13\u00a0Societats Musicals Federades del Camp de Morvedre\u00a0pertanyents a la\u00a0FSMCV, ja han anunciat als guanyadors de la huitena edici\u00f3 dels\u00a0Premis Orpheo de la M\u00fasica\u00a0que s&#8217;entregaran durant [&hellip;]\" \/>\n<meta property=\"og:url\" content=\"https:\/\/alcompasrevista.com\/va\/archivos\/17334\" \/>\n<meta property=\"og:site_name\" content=\"Revista Al Comp\u00e0s\" \/>\n<meta property=\"article:published_time\" content=\"2023-10-24T11:26:29+00:00\" \/>\n<meta property=\"article:modified_time\" content=\"2023-10-24T11:31:34+00:00\" \/>\n<meta property=\"og:image\" content=\"https:\/\/alcompasrevista.com\/wp-content\/uploads\/2023\/10\/pic-1024x683.jpg\" \/>\n\t<meta property=\"og:image:width\" content=\"1024\" \/>\n\t<meta property=\"og:image:height\" content=\"683\" \/>\n\t<meta property=\"og:image:type\" content=\"image\/jpeg\" \/>\n<meta name=\"author\" content=\"Redacci\u00f3n\" \/>\n<meta name=\"twitter:card\" content=\"summary_large_image\" \/>\n<meta name=\"twitter:label1\" content=\"Written by\" \/>\n\t<meta name=\"twitter:data1\" content=\"Redacci\u00f3\" \/>\n\t<meta name=\"twitter:label2\" content=\"Est. reading time\" \/>\n\t<meta name=\"twitter:data2\" content=\"2 minutes\" \/>\n<script type=\"application\/ld+json\" class=\"yoast-schema-graph\">{\"@context\":\"https:\\\/\\\/schema.org\",\"@graph\":[{\"@type\":\"Article\",\"@id\":\"https:\\\/\\\/alcompasrevista.com\\\/va\\\/archivos\\\/17334#article\",\"isPartOf\":{\"@id\":\"https:\\\/\\\/alcompasrevista.com\\\/va\\\/archivos\\\/17334\"},\"author\":{\"name\":\"Redacci\u00f3n\",\"@id\":\"https:\\\/\\\/alcompasrevista.com\\\/#\\\/schema\\\/person\\\/c10652a34fa01d238ecd498d150347fc\"},\"headline\":\"Alg\u00edmia d&#8217;Alfara celebra la Gala de la M\u00fasica del Camp de Morvedre\",\"datePublished\":\"2023-10-24T11:26:29+00:00\",\"dateModified\":\"2023-10-24T11:31:34+00:00\",\"mainEntityOfPage\":{\"@id\":\"https:\\\/\\\/alcompasrevista.com\\\/va\\\/archivos\\\/17334\"},\"wordCount\":490,\"commentCount\":0,\"publisher\":{\"@id\":\"https:\\\/\\\/alcompasrevista.com\\\/#organization\"},\"image\":{\"@id\":\"https:\\\/\\\/alcompasrevista.com\\\/va\\\/archivos\\\/17334#primaryimage\"},\"thumbnailUrl\":\"https:\\\/\\\/alcompasrevista.com\\\/wp-content\\\/uploads\\\/2023\\\/10\\\/pic.jpg\",\"articleSection\":[\"#Not\u00edcies\"],\"inLanguage\":\"va\",\"potentialAction\":[{\"@type\":\"CommentAction\",\"name\":\"Comment\",\"target\":[\"https:\\\/\\\/alcompasrevista.com\\\/va\\\/archivos\\\/17334#respond\"]}]},{\"@type\":\"WebPage\",\"@id\":\"https:\\\/\\\/alcompasrevista.com\\\/va\\\/archivos\\\/17334\",\"url\":\"https:\\\/\\\/alcompasrevista.com\\\/va\\\/archivos\\\/17334\",\"name\":\"Alg\u00edmia d'Alfara celebra la Gala de la M\u00fasica del Camp de Morvedre - Revista Al Comp\u00e0s\",\"isPartOf\":{\"@id\":\"https:\\\/\\\/alcompasrevista.com\\\/#website\"},\"primaryImageOfPage\":{\"@id\":\"https:\\\/\\\/alcompasrevista.com\\\/va\\\/archivos\\\/17334#primaryimage\"},\"image\":{\"@id\":\"https:\\\/\\\/alcompasrevista.com\\\/va\\\/archivos\\\/17334#primaryimage\"},\"thumbnailUrl\":\"https:\\\/\\\/alcompasrevista.com\\\/wp-content\\\/uploads\\\/2023\\\/10\\\/pic.jpg\",\"datePublished\":\"2023-10-24T11:26:29+00:00\",\"dateModified\":\"2023-10-24T11:31:34+00:00\",\"breadcrumb\":{\"@id\":\"https:\\\/\\\/alcompasrevista.com\\\/va\\\/archivos\\\/17334#breadcrumb\"},\"inLanguage\":\"va\",\"potentialAction\":[{\"@type\":\"ReadAction\",\"target\":[\"https:\\\/\\\/alcompasrevista.com\\\/va\\\/archivos\\\/17334\"]}]},{\"@type\":\"ImageObject\",\"inLanguage\":\"va\",\"@id\":\"https:\\\/\\\/alcompasrevista.com\\\/va\\\/archivos\\\/17334#primaryimage\",\"url\":\"https:\\\/\\\/alcompasrevista.com\\\/wp-content\\\/uploads\\\/2023\\\/10\\\/pic.jpg\",\"contentUrl\":\"https:\\\/\\\/alcompasrevista.com\\\/wp-content\\\/uploads\\\/2023\\\/10\\\/pic.jpg\",\"width\":2048,\"height\":1365},{\"@type\":\"BreadcrumbList\",\"@id\":\"https:\\\/\\\/alcompasrevista.com\\\/va\\\/archivos\\\/17334#breadcrumb\",\"itemListElement\":[{\"@type\":\"ListItem\",\"position\":1,\"name\":\"Portada\",\"item\":\"https:\\\/\\\/alcompasrevista.com\\\/va\"},{\"@type\":\"ListItem\",\"position\":2,\"name\":\"Alg\u00edmia d&#8217;Alfara celebra la Gala de la M\u00fasica del Camp de Morvedre\"}]},{\"@type\":\"WebSite\",\"@id\":\"https:\\\/\\\/alcompasrevista.com\\\/#website\",\"url\":\"https:\\\/\\\/alcompasrevista.com\\\/\",\"name\":\"Revista Al Comp\u00e0s\",\"description\":\"Un proyecto de la Federaci\u00f3n de Sociedades Musicales de la Comunidad Valenciana\",\"publisher\":{\"@id\":\"https:\\\/\\\/alcompasrevista.com\\\/#organization\"},\"potentialAction\":[{\"@type\":\"SearchAction\",\"target\":{\"@type\":\"EntryPoint\",\"urlTemplate\":\"https:\\\/\\\/alcompasrevista.com\\\/?s={search_term_string}\"},\"query-input\":{\"@type\":\"PropertyValueSpecification\",\"valueRequired\":true,\"valueName\":\"search_term_string\"}}],\"inLanguage\":\"va\"},{\"@type\":\"Organization\",\"@id\":\"https:\\\/\\\/alcompasrevista.com\\\/#organization\",\"name\":\"Revista Al Comp\u00e0s\",\"url\":\"https:\\\/\\\/alcompasrevista.com\\\/\",\"logo\":{\"@type\":\"ImageObject\",\"inLanguage\":\"va\",\"@id\":\"https:\\\/\\\/alcompasrevista.com\\\/#\\\/schema\\\/logo\\\/image\\\/\",\"url\":\"https:\\\/\\\/alcompasrevista.com\\\/wp-content\\\/uploads\\\/2022\\\/04\\\/cropped-loog_blanco.png\",\"contentUrl\":\"https:\\\/\\\/alcompasrevista.com\\\/wp-content\\\/uploads\\\/2022\\\/04\\\/cropped-loog_blanco.png\",\"width\":1612,\"height\":724,\"caption\":\"Revista Al Comp\u00e0s\"},\"image\":{\"@id\":\"https:\\\/\\\/alcompasrevista.com\\\/#\\\/schema\\\/logo\\\/image\\\/\"}},{\"@type\":\"Person\",\"@id\":\"https:\\\/\\\/alcompasrevista.com\\\/#\\\/schema\\\/person\\\/c10652a34fa01d238ecd498d150347fc\",\"name\":\"Redacci\u00f3n\",\"image\":{\"@type\":\"ImageObject\",\"inLanguage\":\"va\",\"@id\":\"https:\\\/\\\/secure.gravatar.com\\\/avatar\\\/e6a6d0cd2ddec22e0ca7d21b7e49d4a0099fbdc1d476e5412893210bce942ce9?s=96&d=mm&r=g\",\"url\":\"https:\\\/\\\/secure.gravatar.com\\\/avatar\\\/e6a6d0cd2ddec22e0ca7d21b7e49d4a0099fbdc1d476e5412893210bce942ce9?s=96&d=mm&r=g\",\"contentUrl\":\"https:\\\/\\\/secure.gravatar.com\\\/avatar\\\/e6a6d0cd2ddec22e0ca7d21b7e49d4a0099fbdc1d476e5412893210bce942ce9?s=96&d=mm&r=g\",\"caption\":\"Redacci\u00f3n\"},\"url\":\"https:\\\/\\\/alcompasrevista.com\\\/va\\\/archivos\\\/author\\\/vhj_webmaster\"}]}<\/script>\n<!-- \/ Yoast SEO plugin. -->","yoast_head_json":{"title":"Alg\u00edmia d'Alfara celebra la Gala de la M\u00fasica del Camp de Morvedre - Revista Al Comp\u00e0s","robots":{"index":"index","follow":"follow","max-snippet":"max-snippet:-1","max-image-preview":"max-image-preview:large","max-video-preview":"max-video-preview:-1"},"canonical":"https:\/\/alcompasrevista.com\/va\/archivos\/17334","og_locale":"en_US","og_type":"article","og_title":"Alg\u00edmia d'Alfara celebra la Gala de la M\u00fasica del Camp de Morvedre - Revista Al Comp\u00e0s","og_description":"La Junta Comarcal de les 13\u00a0Societats Musicals Federades del Camp de Morvedre\u00a0pertanyents a la\u00a0FSMCV, ja han anunciat als guanyadors de la huitena edici\u00f3 dels\u00a0Premis Orpheo de la M\u00fasica\u00a0que s&#8217;entregaran durant [&hellip;]","og_url":"https:\/\/alcompasrevista.com\/va\/archivos\/17334","og_site_name":"Revista Al Comp\u00e0s","article_published_time":"2023-10-24T11:26:29+00:00","article_modified_time":"2023-10-24T11:31:34+00:00","og_image":[{"width":1024,"height":683,"url":"https:\/\/alcompasrevista.com\/wp-content\/uploads\/2023\/10\/pic-1024x683.jpg","type":"image\/jpeg"}],"author":"Redacci\u00f3n","twitter_card":"summary_large_image","twitter_misc":{"Written by":"Redacci\u00f3","Est. reading time":"2 minutes"},"schema":{"@context":"https:\/\/schema.org","@graph":[{"@type":"Article","@id":"https:\/\/alcompasrevista.com\/va\/archivos\/17334#article","isPartOf":{"@id":"https:\/\/alcompasrevista.com\/va\/archivos\/17334"},"author":{"name":"Redacci\u00f3n","@id":"https:\/\/alcompasrevista.com\/#\/schema\/person\/c10652a34fa01d238ecd498d150347fc"},"headline":"Alg\u00edmia d&#8217;Alfara celebra la Gala de la M\u00fasica del Camp de Morvedre","datePublished":"2023-10-24T11:26:29+00:00","dateModified":"2023-10-24T11:31:34+00:00","mainEntityOfPage":{"@id":"https:\/\/alcompasrevista.com\/va\/archivos\/17334"},"wordCount":490,"commentCount":0,"publisher":{"@id":"https:\/\/alcompasrevista.com\/#organization"},"image":{"@id":"https:\/\/alcompasrevista.com\/va\/archivos\/17334#primaryimage"},"thumbnailUrl":"https:\/\/alcompasrevista.com\/wp-content\/uploads\/2023\/10\/pic.jpg","articleSection":["#Not\u00edcies"],"inLanguage":"va","potentialAction":[{"@type":"CommentAction","name":"Comment","target":["https:\/\/alcompasrevista.com\/va\/archivos\/17334#respond"]}]},{"@type":"WebPage","@id":"https:\/\/alcompasrevista.com\/va\/archivos\/17334","url":"https:\/\/alcompasrevista.com\/va\/archivos\/17334","name":"Alg\u00edmia d'Alfara celebra la Gala de la M\u00fasica del Camp de Morvedre - Revista Al Comp\u00e0s","isPartOf":{"@id":"https:\/\/alcompasrevista.com\/#website"},"primaryImageOfPage":{"@id":"https:\/\/alcompasrevista.com\/va\/archivos\/17334#primaryimage"},"image":{"@id":"https:\/\/alcompasrevista.com\/va\/archivos\/17334#primaryimage"},"thumbnailUrl":"https:\/\/alcompasrevista.com\/wp-content\/uploads\/2023\/10\/pic.jpg","datePublished":"2023-10-24T11:26:29+00:00","dateModified":"2023-10-24T11:31:34+00:00","breadcrumb":{"@id":"https:\/\/alcompasrevista.com\/va\/archivos\/17334#breadcrumb"},"inLanguage":"va","potentialAction":[{"@type":"ReadAction","target":["https:\/\/alcompasrevista.com\/va\/archivos\/17334"]}]},{"@type":"ImageObject","inLanguage":"va","@id":"https:\/\/alcompasrevista.com\/va\/archivos\/17334#primaryimage","url":"https:\/\/alcompasrevista.com\/wp-content\/uploads\/2023\/10\/pic.jpg","contentUrl":"https:\/\/alcompasrevista.com\/wp-content\/uploads\/2023\/10\/pic.jpg","width":2048,"height":1365},{"@type":"BreadcrumbList","@id":"https:\/\/alcompasrevista.com\/va\/archivos\/17334#breadcrumb","itemListElement":[{"@type":"ListItem","position":1,"name":"Portada","item":"https:\/\/alcompasrevista.com\/va"},{"@type":"ListItem","position":2,"name":"Alg\u00edmia d&#8217;Alfara celebra la Gala de la M\u00fasica del Camp de Morvedre"}]},{"@type":"WebSite","@id":"https:\/\/alcompasrevista.com\/#website","url":"https:\/\/alcompasrevista.com\/","name":"Revista Al Comp\u00e0s","description":"Un proyecto de la Federaci\u00f3n de Sociedades Musicales de la Comunidad Valenciana","publisher":{"@id":"https:\/\/alcompasrevista.com\/#organization"},"potentialAction":[{"@type":"SearchAction","target":{"@type":"EntryPoint","urlTemplate":"https:\/\/alcompasrevista.com\/?s={search_term_string}"},"query-input":{"@type":"PropertyValueSpecification","valueRequired":true,"valueName":"search_term_string"}}],"inLanguage":"va"},{"@type":"Organization","@id":"https:\/\/alcompasrevista.com\/#organization","name":"Revista Al Comp\u00e0s","url":"https:\/\/alcompasrevista.com\/","logo":{"@type":"ImageObject","inLanguage":"va","@id":"https:\/\/alcompasrevista.com\/#\/schema\/logo\/image\/","url":"https:\/\/alcompasrevista.com\/wp-content\/uploads\/2022\/04\/cropped-loog_blanco.png","contentUrl":"https:\/\/alcompasrevista.com\/wp-content\/uploads\/2022\/04\/cropped-loog_blanco.png","width":1612,"height":724,"caption":"Revista Al Comp\u00e0s"},"image":{"@id":"https:\/\/alcompasrevista.com\/#\/schema\/logo\/image\/"}},{"@type":"Person","@id":"https:\/\/alcompasrevista.com\/#\/schema\/person\/c10652a34fa01d238ecd498d150347fc","name":"Redacci\u00f3n","image":{"@type":"ImageObject","inLanguage":"va","@id":"https:\/\/secure.gravatar.com\/avatar\/e6a6d0cd2ddec22e0ca7d21b7e49d4a0099fbdc1d476e5412893210bce942ce9?s=96&d=mm&r=g","url":"https:\/\/secure.gravatar.com\/avatar\/e6a6d0cd2ddec22e0ca7d21b7e49d4a0099fbdc1d476e5412893210bce942ce9?s=96&d=mm&r=g","contentUrl":"https:\/\/secure.gravatar.com\/avatar\/e6a6d0cd2ddec22e0ca7d21b7e49d4a0099fbdc1d476e5412893210bce942ce9?s=96&d=mm&r=g","caption":"Redacci\u00f3n"},"url":"https:\/\/alcompasrevista.com\/va\/archivos\/author\/vhj_webmaster"}]}},"_links":{"self":[{"href":"https:\/\/alcompasrevista.com\/va\/wp-json\/wp\/v2\/posts\/17334","targetHints":{"allow":["GET"]}}],"collection":[{"href":"https:\/\/alcompasrevista.com\/va\/wp-json\/wp\/v2\/posts"}],"about":[{"href":"https:\/\/alcompasrevista.com\/va\/wp-json\/wp\/v2\/types\/post"}],"author":[{"embeddable":true,"href":"https:\/\/alcompasrevista.com\/va\/wp-json\/wp\/v2\/users\/860002"}],"replies":[{"embeddable":true,"href":"https:\/\/alcompasrevista.com\/va\/wp-json\/wp\/v2\/comments?post=17334"}],"version-history":[{"count":0,"href":"https:\/\/alcompasrevista.com\/va\/wp-json\/wp\/v2\/posts\/17334\/revisions"}],"wp:featuredmedia":[{"embeddable":true,"href":"https:\/\/alcompasrevista.com\/va\/wp-json\/wp\/v2\/media\/17318"}],"wp:attachment":[{"href":"https:\/\/alcompasrevista.com\/va\/wp-json\/wp\/v2\/media?parent=17334"}],"wp:term":[{"taxonomy":"category","embeddable":true,"href":"https:\/\/alcompasrevista.com\/va\/wp-json\/wp\/v2\/categories?post=17334"},{"taxonomy":"post_tag","embeddable":true,"href":"https:\/\/alcompasrevista.com\/va\/wp-json\/wp\/v2\/tags?post=17334"},{"taxonomy":"portada","embeddable":true,"href":"https:\/\/alcompasrevista.com\/va\/wp-json\/wp\/v2\/portada?post=17334"}],"curies":[{"name":"wp","href":"https:\/\/api.w.org\/{rel}","templated":true}]}}