{"id":16951,"date":"2023-09-23T12:17:15","date_gmt":"2023-09-23T10:17:15","guid":{"rendered":"https:\/\/alcompasrevista.com\/archivos\/16951"},"modified":"2023-09-23T13:05:19","modified_gmt":"2023-09-23T11:05:19","slug":"talento-ilusion-y-ganas-los-protagonistas-de-la-joven-orquesta-sinfonica-de-la-fsmcv","status":"publish","type":"post","link":"https:\/\/alcompasrevista.com\/va\/archivos\/16951","title":{"rendered":"Talent, il\u00b7lusi\u00f3 i ganes: els protagonistes de la Jove Orquestra Simf\u00f2nica de la FSMCV"},"content":{"rendered":"\n<p>Nadal Fenollar i Mar Angl\u00e9s s\u00f3n dos dels integrants de la Jove Orquestra Simf\u00f2nica de la FSMCV. Abans de comen\u00e7ar la gira que culmina este cap de setmana en el Teatro Monumental de Madrid i el Palacio de l&#8217;Audiencia de S\u00f2ria, van estar concentrats en l&#8217;Alqueria Juli\u00e0-Casa de la M\u00fasica.&nbsp;<\/p>\n\n\n\n<p>Entre sessions d&#8217;assajos, van deixar les seues impressions. Un relat ple d&#8217;il\u00b7lusi\u00f3 i ganes d&#8217;aprendre, dos dels combustibles de la formaci\u00f3 que dirigeix Crist\u00f3bal Soler. El tercer ingredient d&#8217;eixe motor el porten dins: pur talent. En este v\u00eddeo ens conten el seu relat previ a esta aventura.<\/p>\n\n\n\n<figure class=\"wp-block-video\"><video controls src=\"blob:https:\/\/alcompasrevista.com\/8884cba7-7ded-4144-a1f1-8ddcc4c5fefc\"><\/video><\/figure>\n\n\n\n<p><\/p>\n","protected":false},"excerpt":{"rendered":"<p>Nadal Fenollar i Mar Angl\u00e9s s\u00f3n dos dels integrants de la Jove Orquestra Simf\u00f2nica de la FSMCV. Abans de comen\u00e7ar la gira que culmina este cap de setmana en el [&hellip;]<\/p>\n","protected":false},"author":860002,"featured_media":16947,"comment_status":"open","ping_status":"open","sticky":false,"template":"","format":"standard","meta":{"footnotes":""},"categories":[28],"tags":[],"portada":[],"class_list":["post-16951","post","type-post","status-publish","format-standard","has-post-thumbnail","hentry","category-laterreta-va"],"yoast_head":"<!-- This site is optimized with the Yoast SEO plugin v27.4 - https:\/\/yoast.com\/product\/yoast-seo-wordpress\/ -->\n<title>Talent, il\u00b7lusi\u00f3 i ganes: els protagonistes de la Jove Orquestra Simf\u00f2nica de la FSMCV - Revista Al Comp\u00e0s<\/title>\n<meta name=\"robots\" content=\"index, follow, max-snippet:-1, max-image-preview:large, max-video-preview:-1\" \/>\n<link rel=\"canonical\" href=\"https:\/\/alcompasrevista.com\/archivos\/16945\" \/>\n<meta property=\"og:locale\" content=\"en_US\" \/>\n<meta property=\"og:type\" content=\"article\" \/>\n<meta property=\"og:title\" content=\"Talent, il\u00b7lusi\u00f3 i ganes: els protagonistes de la Jove Orquestra Simf\u00f2nica de la FSMCV - Revista Al Comp\u00e0s\" \/>\n<meta property=\"og:description\" content=\"Nadal Fenollar i Mar Angl\u00e9s s\u00f3n dos dels integrants de la Jove Orquestra Simf\u00f2nica de la FSMCV. Abans de comen\u00e7ar la gira que culmina este cap de setmana en el [&hellip;]\" \/>\n<meta property=\"og:url\" content=\"https:\/\/alcompasrevista.com\/archivos\/16945\" \/>\n<meta property=\"og:site_name\" content=\"Revista Al Comp\u00e0s\" \/>\n<meta property=\"article:published_time\" content=\"2023-09-23T10:17:15+00:00\" \/>\n<meta property=\"article:modified_time\" content=\"2023-09-23T11:05:19+00:00\" \/>\n<meta property=\"og:image\" content=\"https:\/\/alcompasrevista.com\/wp-content\/uploads\/2023\/09\/DSC00862.jpg\" \/>\n\t<meta property=\"og:image:width\" content=\"1616\" \/>\n\t<meta property=\"og:image:height\" content=\"1080\" \/>\n\t<meta property=\"og:image:type\" content=\"image\/jpeg\" \/>\n<meta name=\"author\" content=\"Redacci\u00f3n\" \/>\n<meta name=\"twitter:card\" content=\"summary_large_image\" \/>\n<meta name=\"twitter:label1\" content=\"Written by\" \/>\n\t<meta name=\"twitter:data1\" content=\"Redacci\u00f3\" \/>\n\t<meta name=\"twitter:label2\" content=\"Est. reading time\" \/>\n\t<meta name=\"twitter:data2\" content=\"1 minute\" \/>\n<script type=\"application\/ld+json\" class=\"yoast-schema-graph\">{\"@context\":\"https:\\\/\\\/schema.org\",\"@graph\":[{\"@type\":\"Article\",\"@id\":\"https:\\\/\\\/alcompasrevista.com\\\/archivos\\\/16945#article\",\"isPartOf\":{\"@id\":\"https:\\\/\\\/alcompasrevista.com\\\/archivos\\\/16945\"},\"author\":{\"name\":\"Redacci\u00f3n\",\"@id\":\"https:\\\/\\\/alcompasrevista.com\\\/#\\\/schema\\\/person\\\/c10652a34fa01d238ecd498d150347fc\"},\"headline\":\"Talent, il\u00b7lusi\u00f3 i ganes: els protagonistes de la Jove Orquestra Simf\u00f2nica de la FSMCV\",\"datePublished\":\"2023-09-23T10:17:15+00:00\",\"dateModified\":\"2023-09-23T11:05:19+00:00\",\"mainEntityOfPage\":{\"@id\":\"https:\\\/\\\/alcompasrevista.com\\\/archivos\\\/16945\"},\"wordCount\":130,\"commentCount\":0,\"publisher\":{\"@id\":\"https:\\\/\\\/alcompasrevista.com\\\/#organization\"},\"image\":{\"@id\":\"https:\\\/\\\/alcompasrevista.com\\\/archivos\\\/16945#primaryimage\"},\"thumbnailUrl\":\"https:\\\/\\\/alcompasrevista.com\\\/wp-content\\\/uploads\\\/2023\\\/09\\\/DSC00862.jpg\",\"articleSection\":[\"#Laterreta\"],\"inLanguage\":\"va\",\"potentialAction\":[{\"@type\":\"CommentAction\",\"name\":\"Comment\",\"target\":[\"https:\\\/\\\/alcompasrevista.com\\\/archivos\\\/16945#respond\"]}]},{\"@type\":\"WebPage\",\"@id\":\"https:\\\/\\\/alcompasrevista.com\\\/archivos\\\/16945\",\"url\":\"https:\\\/\\\/alcompasrevista.com\\\/archivos\\\/16945\",\"name\":\"Talent, il\u00b7lusi\u00f3 i ganes: els protagonistes de la Jove Orquestra Simf\u00f2nica de la FSMCV - Revista Al Comp\u00e0s\",\"isPartOf\":{\"@id\":\"https:\\\/\\\/alcompasrevista.com\\\/#website\"},\"primaryImageOfPage\":{\"@id\":\"https:\\\/\\\/alcompasrevista.com\\\/archivos\\\/16945#primaryimage\"},\"image\":{\"@id\":\"https:\\\/\\\/alcompasrevista.com\\\/archivos\\\/16945#primaryimage\"},\"thumbnailUrl\":\"https:\\\/\\\/alcompasrevista.com\\\/wp-content\\\/uploads\\\/2023\\\/09\\\/DSC00862.jpg\",\"datePublished\":\"2023-09-23T10:17:15+00:00\",\"dateModified\":\"2023-09-23T11:05:19+00:00\",\"breadcrumb\":{\"@id\":\"https:\\\/\\\/alcompasrevista.com\\\/archivos\\\/16945#breadcrumb\"},\"inLanguage\":\"va\",\"potentialAction\":[{\"@type\":\"ReadAction\",\"target\":[\"https:\\\/\\\/alcompasrevista.com\\\/archivos\\\/16945\"]}]},{\"@type\":\"ImageObject\",\"inLanguage\":\"va\",\"@id\":\"https:\\\/\\\/alcompasrevista.com\\\/archivos\\\/16945#primaryimage\",\"url\":\"https:\\\/\\\/alcompasrevista.com\\\/wp-content\\\/uploads\\\/2023\\\/09\\\/DSC00862.jpg\",\"contentUrl\":\"https:\\\/\\\/alcompasrevista.com\\\/wp-content\\\/uploads\\\/2023\\\/09\\\/DSC00862.jpg\",\"width\":1616,\"height\":1080},{\"@type\":\"BreadcrumbList\",\"@id\":\"https:\\\/\\\/alcompasrevista.com\\\/archivos\\\/16945#breadcrumb\",\"itemListElement\":[{\"@type\":\"ListItem\",\"position\":1,\"name\":\"Portada\",\"item\":\"https:\\\/\\\/alcompasrevista.com\\\/va\"},{\"@type\":\"ListItem\",\"position\":2,\"name\":\"Talent, il\u00b7lusi\u00f3 i ganes: els protagonistes de la Jove Orquestra Simf\u00f2nica de la FSMCV\"}]},{\"@type\":\"WebSite\",\"@id\":\"https:\\\/\\\/alcompasrevista.com\\\/#website\",\"url\":\"https:\\\/\\\/alcompasrevista.com\\\/\",\"name\":\"Revista Al Comp\u00e0s\",\"description\":\"Un proyecto de la Federaci\u00f3n de Sociedades Musicales de la Comunidad Valenciana\",\"publisher\":{\"@id\":\"https:\\\/\\\/alcompasrevista.com\\\/#organization\"},\"potentialAction\":[{\"@type\":\"SearchAction\",\"target\":{\"@type\":\"EntryPoint\",\"urlTemplate\":\"https:\\\/\\\/alcompasrevista.com\\\/?s={search_term_string}\"},\"query-input\":{\"@type\":\"PropertyValueSpecification\",\"valueRequired\":true,\"valueName\":\"search_term_string\"}}],\"inLanguage\":\"va\"},{\"@type\":\"Organization\",\"@id\":\"https:\\\/\\\/alcompasrevista.com\\\/#organization\",\"name\":\"Revista Al Comp\u00e0s\",\"url\":\"https:\\\/\\\/alcompasrevista.com\\\/\",\"logo\":{\"@type\":\"ImageObject\",\"inLanguage\":\"va\",\"@id\":\"https:\\\/\\\/alcompasrevista.com\\\/#\\\/schema\\\/logo\\\/image\\\/\",\"url\":\"https:\\\/\\\/alcompasrevista.com\\\/wp-content\\\/uploads\\\/2022\\\/04\\\/cropped-loog_blanco.png\",\"contentUrl\":\"https:\\\/\\\/alcompasrevista.com\\\/wp-content\\\/uploads\\\/2022\\\/04\\\/cropped-loog_blanco.png\",\"width\":1612,\"height\":724,\"caption\":\"Revista Al Comp\u00e0s\"},\"image\":{\"@id\":\"https:\\\/\\\/alcompasrevista.com\\\/#\\\/schema\\\/logo\\\/image\\\/\"}},{\"@type\":\"Person\",\"@id\":\"https:\\\/\\\/alcompasrevista.com\\\/#\\\/schema\\\/person\\\/c10652a34fa01d238ecd498d150347fc\",\"name\":\"Redacci\u00f3n\",\"image\":{\"@type\":\"ImageObject\",\"inLanguage\":\"va\",\"@id\":\"https:\\\/\\\/secure.gravatar.com\\\/avatar\\\/e6a6d0cd2ddec22e0ca7d21b7e49d4a0099fbdc1d476e5412893210bce942ce9?s=96&d=mm&r=g\",\"url\":\"https:\\\/\\\/secure.gravatar.com\\\/avatar\\\/e6a6d0cd2ddec22e0ca7d21b7e49d4a0099fbdc1d476e5412893210bce942ce9?s=96&d=mm&r=g\",\"contentUrl\":\"https:\\\/\\\/secure.gravatar.com\\\/avatar\\\/e6a6d0cd2ddec22e0ca7d21b7e49d4a0099fbdc1d476e5412893210bce942ce9?s=96&d=mm&r=g\",\"caption\":\"Redacci\u00f3n\"},\"url\":\"https:\\\/\\\/alcompasrevista.com\\\/va\\\/archivos\\\/author\\\/vhj_webmaster\"}]}<\/script>\n<!-- \/ Yoast SEO plugin. -->","yoast_head_json":{"title":"Talent, il\u00b7lusi\u00f3 i ganes: els protagonistes de la Jove Orquestra Simf\u00f2nica de la FSMCV - Revista Al Comp\u00e0s","robots":{"index":"index","follow":"follow","max-snippet":"max-snippet:-1","max-image-preview":"max-image-preview:large","max-video-preview":"max-video-preview:-1"},"canonical":"https:\/\/alcompasrevista.com\/archivos\/16945","og_locale":"en_US","og_type":"article","og_title":"Talent, il\u00b7lusi\u00f3 i ganes: els protagonistes de la Jove Orquestra Simf\u00f2nica de la FSMCV - Revista Al Comp\u00e0s","og_description":"Nadal Fenollar i Mar Angl\u00e9s s\u00f3n dos dels integrants de la Jove Orquestra Simf\u00f2nica de la FSMCV. Abans de comen\u00e7ar la gira que culmina este cap de setmana en el [&hellip;]","og_url":"https:\/\/alcompasrevista.com\/archivos\/16945","og_site_name":"Revista Al Comp\u00e0s","article_published_time":"2023-09-23T10:17:15+00:00","article_modified_time":"2023-09-23T11:05:19+00:00","og_image":[{"width":1616,"height":1080,"url":"https:\/\/alcompasrevista.com\/wp-content\/uploads\/2023\/09\/DSC00862.jpg","type":"image\/jpeg"}],"author":"Redacci\u00f3n","twitter_card":"summary_large_image","twitter_misc":{"Written by":"Redacci\u00f3","Est. reading time":"1 minute"},"schema":{"@context":"https:\/\/schema.org","@graph":[{"@type":"Article","@id":"https:\/\/alcompasrevista.com\/archivos\/16945#article","isPartOf":{"@id":"https:\/\/alcompasrevista.com\/archivos\/16945"},"author":{"name":"Redacci\u00f3n","@id":"https:\/\/alcompasrevista.com\/#\/schema\/person\/c10652a34fa01d238ecd498d150347fc"},"headline":"Talent, il\u00b7lusi\u00f3 i ganes: els protagonistes de la Jove Orquestra Simf\u00f2nica de la FSMCV","datePublished":"2023-09-23T10:17:15+00:00","dateModified":"2023-09-23T11:05:19+00:00","mainEntityOfPage":{"@id":"https:\/\/alcompasrevista.com\/archivos\/16945"},"wordCount":130,"commentCount":0,"publisher":{"@id":"https:\/\/alcompasrevista.com\/#organization"},"image":{"@id":"https:\/\/alcompasrevista.com\/archivos\/16945#primaryimage"},"thumbnailUrl":"https:\/\/alcompasrevista.com\/wp-content\/uploads\/2023\/09\/DSC00862.jpg","articleSection":["#Laterreta"],"inLanguage":"va","potentialAction":[{"@type":"CommentAction","name":"Comment","target":["https:\/\/alcompasrevista.com\/archivos\/16945#respond"]}]},{"@type":"WebPage","@id":"https:\/\/alcompasrevista.com\/archivos\/16945","url":"https:\/\/alcompasrevista.com\/archivos\/16945","name":"Talent, il\u00b7lusi\u00f3 i ganes: els protagonistes de la Jove Orquestra Simf\u00f2nica de la FSMCV - Revista Al Comp\u00e0s","isPartOf":{"@id":"https:\/\/alcompasrevista.com\/#website"},"primaryImageOfPage":{"@id":"https:\/\/alcompasrevista.com\/archivos\/16945#primaryimage"},"image":{"@id":"https:\/\/alcompasrevista.com\/archivos\/16945#primaryimage"},"thumbnailUrl":"https:\/\/alcompasrevista.com\/wp-content\/uploads\/2023\/09\/DSC00862.jpg","datePublished":"2023-09-23T10:17:15+00:00","dateModified":"2023-09-23T11:05:19+00:00","breadcrumb":{"@id":"https:\/\/alcompasrevista.com\/archivos\/16945#breadcrumb"},"inLanguage":"va","potentialAction":[{"@type":"ReadAction","target":["https:\/\/alcompasrevista.com\/archivos\/16945"]}]},{"@type":"ImageObject","inLanguage":"va","@id":"https:\/\/alcompasrevista.com\/archivos\/16945#primaryimage","url":"https:\/\/alcompasrevista.com\/wp-content\/uploads\/2023\/09\/DSC00862.jpg","contentUrl":"https:\/\/alcompasrevista.com\/wp-content\/uploads\/2023\/09\/DSC00862.jpg","width":1616,"height":1080},{"@type":"BreadcrumbList","@id":"https:\/\/alcompasrevista.com\/archivos\/16945#breadcrumb","itemListElement":[{"@type":"ListItem","position":1,"name":"Portada","item":"https:\/\/alcompasrevista.com\/va"},{"@type":"ListItem","position":2,"name":"Talent, il\u00b7lusi\u00f3 i ganes: els protagonistes de la Jove Orquestra Simf\u00f2nica de la FSMCV"}]},{"@type":"WebSite","@id":"https:\/\/alcompasrevista.com\/#website","url":"https:\/\/alcompasrevista.com\/","name":"Revista Al Comp\u00e0s","description":"Un proyecto de la Federaci\u00f3n de Sociedades Musicales de la Comunidad Valenciana","publisher":{"@id":"https:\/\/alcompasrevista.com\/#organization"},"potentialAction":[{"@type":"SearchAction","target":{"@type":"EntryPoint","urlTemplate":"https:\/\/alcompasrevista.com\/?s={search_term_string}"},"query-input":{"@type":"PropertyValueSpecification","valueRequired":true,"valueName":"search_term_string"}}],"inLanguage":"va"},{"@type":"Organization","@id":"https:\/\/alcompasrevista.com\/#organization","name":"Revista Al Comp\u00e0s","url":"https:\/\/alcompasrevista.com\/","logo":{"@type":"ImageObject","inLanguage":"va","@id":"https:\/\/alcompasrevista.com\/#\/schema\/logo\/image\/","url":"https:\/\/alcompasrevista.com\/wp-content\/uploads\/2022\/04\/cropped-loog_blanco.png","contentUrl":"https:\/\/alcompasrevista.com\/wp-content\/uploads\/2022\/04\/cropped-loog_blanco.png","width":1612,"height":724,"caption":"Revista Al Comp\u00e0s"},"image":{"@id":"https:\/\/alcompasrevista.com\/#\/schema\/logo\/image\/"}},{"@type":"Person","@id":"https:\/\/alcompasrevista.com\/#\/schema\/person\/c10652a34fa01d238ecd498d150347fc","name":"Redacci\u00f3n","image":{"@type":"ImageObject","inLanguage":"va","@id":"https:\/\/secure.gravatar.com\/avatar\/e6a6d0cd2ddec22e0ca7d21b7e49d4a0099fbdc1d476e5412893210bce942ce9?s=96&d=mm&r=g","url":"https:\/\/secure.gravatar.com\/avatar\/e6a6d0cd2ddec22e0ca7d21b7e49d4a0099fbdc1d476e5412893210bce942ce9?s=96&d=mm&r=g","contentUrl":"https:\/\/secure.gravatar.com\/avatar\/e6a6d0cd2ddec22e0ca7d21b7e49d4a0099fbdc1d476e5412893210bce942ce9?s=96&d=mm&r=g","caption":"Redacci\u00f3n"},"url":"https:\/\/alcompasrevista.com\/va\/archivos\/author\/vhj_webmaster"}]}},"_links":{"self":[{"href":"https:\/\/alcompasrevista.com\/va\/wp-json\/wp\/v2\/posts\/16951","targetHints":{"allow":["GET"]}}],"collection":[{"href":"https:\/\/alcompasrevista.com\/va\/wp-json\/wp\/v2\/posts"}],"about":[{"href":"https:\/\/alcompasrevista.com\/va\/wp-json\/wp\/v2\/types\/post"}],"author":[{"embeddable":true,"href":"https:\/\/alcompasrevista.com\/va\/wp-json\/wp\/v2\/users\/860002"}],"replies":[{"embeddable":true,"href":"https:\/\/alcompasrevista.com\/va\/wp-json\/wp\/v2\/comments?post=16951"}],"version-history":[{"count":0,"href":"https:\/\/alcompasrevista.com\/va\/wp-json\/wp\/v2\/posts\/16951\/revisions"}],"wp:featuredmedia":[{"embeddable":true,"href":"https:\/\/alcompasrevista.com\/va\/wp-json\/wp\/v2\/media\/16947"}],"wp:attachment":[{"href":"https:\/\/alcompasrevista.com\/va\/wp-json\/wp\/v2\/media?parent=16951"}],"wp:term":[{"taxonomy":"category","embeddable":true,"href":"https:\/\/alcompasrevista.com\/va\/wp-json\/wp\/v2\/categories?post=16951"},{"taxonomy":"post_tag","embeddable":true,"href":"https:\/\/alcompasrevista.com\/va\/wp-json\/wp\/v2\/tags?post=16951"},{"taxonomy":"portada","embeddable":true,"href":"https:\/\/alcompasrevista.com\/va\/wp-json\/wp\/v2\/portada?post=16951"}],"curies":[{"name":"wp","href":"https:\/\/api.w.org\/{rel}","templated":true}]}}