{"id":16890,"date":"2023-09-21T12:47:48","date_gmt":"2023-09-21T10:47:48","guid":{"rendered":"https:\/\/alcompasrevista.com\/archivos\/16890"},"modified":"2023-09-21T13:52:54","modified_gmt":"2023-09-21T11:52:54","slug":"una-trobada-de-bandes-que-sona-a-historia-i-esperanca-en-castell-de-castells","status":"publish","type":"post","link":"https:\/\/alcompasrevista.com\/va\/archivos\/16890","title":{"rendered":"Una trobada de bandes que sona a hist\u00f2ria i esperan\u00e7a en Castell de Castells"},"content":{"rendered":"\n<p>La carretera que porta a Castell de Castells presenta una postal partida per la meitat que recorda un dels cap\u00edtols m\u00e9s tristos de la mem\u00f2ria recent de la Comunitat Valenciana: l&#8217;incendi que en 2022 va arrasar la zona. A la part dreta de l&#8217;asfalt, els estralls del foc; a l&#8217;esquerra, un verd esperan\u00e7ador i orgull\u00f3s, pulm\u00f3 de la Marina Alta.<\/p>\n\n\n\n<p>En el centre de la localitat, dissabte passat, es produ\u00efa una altra imatge per a l&#8217;esperan\u00e7a: la de la uni\u00f3 de les poblacions a trav\u00e9s de la m\u00fasica. Castell de Castells va acollir la Trobada de Bandes de la Marina Alta, una jornada emmarcada en la campanya d&#8217;Activitats Comarcals de la FSMCV.<\/p>\n\n\n\n<p>576 m\u00fasics de 21 societats musicals es van reunir en una poblaci\u00f3 amb al voltant de 400 habitants. L&#8217;alcalde del municipi, Vicente Tom\u00e1s Estalrich; i el president de la Uni\u00f3 Musical La Primitiva de Castell de Castells, Miguel Andr\u00e9s Perales, van exercir d&#8217;amfitrions d&#8217;un acte al qual tamb\u00e9 van acudir la presidenta de FSMCV, Daniela Gonz\u00e1lez; i el president comarcal de la Federaci\u00f3 a la Marina Alta, Manuel Berenguer.<\/p>\n\n\n\n<p>Des de l\u2019esplanada al costat del cementeri de la localitat van partir totes les agrupacions en desfilada. Cada formaci\u00f3 es detenia uns minuts en arribar a la pla\u00e7a, on es concentrava el p\u00fablic, i continuava en cercaviles cap a l&#8217;escenari. En finalitzar, a cada societat musical se li entregaven dos obsequis que recorden la fita pel qual es van reunir en esta localitat de l&#8217;interior de la Marina Alta: la celebraci\u00f3 del seu centenari.<\/p>\n\n\n\n<figure class=\"wp-block-image size-large\"><img loading=\"lazy\" decoding=\"async\" width=\"724\" height=\"1024\" src=\"https:\/\/alcompasrevista.com\/wp-content\/uploads\/2023\/09\/castell2-724x1024.jpg\" alt=\"\" class=\"wp-image-16885\" srcset=\"https:\/\/alcompasrevista.com\/wp-content\/uploads\/2023\/09\/castell2-724x1024.jpg 724w, https:\/\/alcompasrevista.com\/wp-content\/uploads\/2023\/09\/castell2-212x300.jpg 212w, https:\/\/alcompasrevista.com\/wp-content\/uploads\/2023\/09\/castell2-768x1086.jpg 768w, https:\/\/alcompasrevista.com\/wp-content\/uploads\/2023\/09\/castell2-1086x1536.jpg 1086w, https:\/\/alcompasrevista.com\/wp-content\/uploads\/2023\/09\/castell2-1448x2048.jpg 1448w, https:\/\/alcompasrevista.com\/wp-content\/uploads\/2023\/09\/castell2.jpg 1587w\" sizes=\"auto, (max-width: 724px) 100vw, 724px\" \/><\/figure>\n\n\n\n<p>\u00abEn realitat compl\u00edrem cent anys en 2021, per\u00f2 la pand\u00e8mia ha anat dilatant els actes i per aix\u00f2 seguim de celebraci\u00f3\u00bb, conta el president de La Primitiva. \u00abDespr\u00e9s de la pand\u00e8mia va arribar l&#8217;incendi, que es va produir just quan celebr\u00e0vem les festes patronals; la banda tocava i les flames es veien a l\u2019horitz\u00f3. Enguany ens hem anat recuperant i la societat musical \u00e9s l&#8217;\u00e0nima cultural del poble\u00bb, explica Andr\u00e9s.<\/p>\n\n\n\n<p>A Castell de Castells hi ha quasi un m\u00fasic per casa: 70 int\u00e8rprets entre 400 ve\u00efns. A m\u00e9s, compta amb una escola supramunicipal els professors de la qual itineren tamb\u00e9 per Alcalal\u00ed, Benigembla, Murla i la Vall de Laguar.\u00a0<\/p>\n\n\n\n<p>\u00abEl suport de la poblaci\u00f3 a l&#8217;acte i al col\u00b7lectiu en general \u00e9s fant\u00e0stic. Despr\u00e9s de la desfilada oficial van organitzar un sopar per a tots els m\u00fasics en el qual es reflecteix l&#8217;esperit d&#8217;estes jornades i el millor de les nostres societats musicals\u00bb, expressa el president comarcal de FSMCV.<\/p>\n\n\n\n<p>Un col\u00b7lectiu carregat d&#8217;hist\u00f2ria i de futur, com reflecteixen els regals que cada formaci\u00f3 es va emportar de la jornada: el llibre <em>Castell de Castells. Un segle de m\u00fasica<\/em>, sobre la hist\u00f2ria centen\u00e0ria de la societat musical del municipi; i el disc <em>M\u00fasics del XXI<\/em>, el t\u00edtol del qual \u00e9s el mateix que el pasdoble escrit pel compositor Jos\u00e9 Rafael Pascual Vilaplana en homenatge a La Primitiva, banda que va dirigir a principis dels noranta.<\/p>\n","protected":false},"excerpt":{"rendered":"<p>La carretera que porta a Castell de Castells presenta una postal partida per la meitat que recorda un dels cap\u00edtols m\u00e9s tristos de la mem\u00f2ria recent de la Comunitat Valenciana: [&hellip;]<\/p>\n","protected":false},"author":860002,"featured_media":16888,"comment_status":"open","ping_status":"open","sticky":false,"template":"","format":"standard","meta":{"footnotes":""},"categories":[29],"tags":[920],"portada":[882],"class_list":["post-16890","post","type-post","status-publish","format-standard","has-post-thumbnail","hentry","category-noticies-va","tag-activitats-comarcals-va","portada-activitats-comarcals"],"yoast_head":"<!-- This site is optimized with the Yoast SEO plugin v27.4 - https:\/\/yoast.com\/product\/yoast-seo-wordpress\/ -->\n<title>Una trobada de bandes que sona a hist\u00f2ria i esperan\u00e7a en Castell de Castells - Revista Al Comp\u00e0s<\/title>\n<meta name=\"robots\" content=\"index, follow, max-snippet:-1, max-image-preview:large, max-video-preview:-1\" \/>\n<link rel=\"canonical\" href=\"https:\/\/alcompasrevista.com\/archivos\/16884\" \/>\n<meta property=\"og:locale\" content=\"en_US\" \/>\n<meta property=\"og:type\" content=\"article\" \/>\n<meta property=\"og:title\" content=\"Una trobada de bandes que sona a hist\u00f2ria i esperan\u00e7a en Castell de Castells - Revista Al Comp\u00e0s\" \/>\n<meta property=\"og:description\" content=\"La carretera que porta a Castell de Castells presenta una postal partida per la meitat que recorda un dels cap\u00edtols m\u00e9s tristos de la mem\u00f2ria recent de la Comunitat Valenciana: [&hellip;]\" \/>\n<meta property=\"og:url\" content=\"https:\/\/alcompasrevista.com\/archivos\/16884\" \/>\n<meta property=\"og:site_name\" content=\"Revista Al Comp\u00e0s\" \/>\n<meta property=\"article:published_time\" content=\"2023-09-21T10:47:48+00:00\" \/>\n<meta property=\"article:modified_time\" content=\"2023-09-21T11:52:54+00:00\" \/>\n<meta property=\"og:image\" content=\"https:\/\/alcompasrevista.com\/wp-content\/uploads\/2023\/09\/castell1.jpg\" \/>\n\t<meta property=\"og:image:width\" content=\"1920\" \/>\n\t<meta property=\"og:image:height\" content=\"1080\" \/>\n\t<meta property=\"og:image:type\" content=\"image\/jpeg\" \/>\n<meta name=\"author\" content=\"Redacci\u00f3n\" \/>\n<meta name=\"twitter:card\" content=\"summary_large_image\" \/>\n<meta name=\"twitter:label1\" content=\"Written by\" \/>\n\t<meta name=\"twitter:data1\" content=\"Redacci\u00f3\" \/>\n\t<meta name=\"twitter:label2\" content=\"Est. reading time\" \/>\n\t<meta name=\"twitter:data2\" content=\"3 minutes\" \/>\n<script type=\"application\/ld+json\" class=\"yoast-schema-graph\">{\"@context\":\"https:\\\/\\\/schema.org\",\"@graph\":[{\"@type\":\"Article\",\"@id\":\"https:\\\/\\\/alcompasrevista.com\\\/archivos\\\/16884#article\",\"isPartOf\":{\"@id\":\"https:\\\/\\\/alcompasrevista.com\\\/archivos\\\/16884\"},\"author\":{\"name\":\"Redacci\u00f3n\",\"@id\":\"https:\\\/\\\/alcompasrevista.com\\\/#\\\/schema\\\/person\\\/c10652a34fa01d238ecd498d150347fc\"},\"headline\":\"Una trobada de bandes que sona a hist\u00f2ria i esperan\u00e7a en Castell de Castells\",\"datePublished\":\"2023-09-21T10:47:48+00:00\",\"dateModified\":\"2023-09-21T11:52:54+00:00\",\"mainEntityOfPage\":{\"@id\":\"https:\\\/\\\/alcompasrevista.com\\\/archivos\\\/16884\"},\"wordCount\":552,\"commentCount\":0,\"publisher\":{\"@id\":\"https:\\\/\\\/alcompasrevista.com\\\/#organization\"},\"image\":{\"@id\":\"https:\\\/\\\/alcompasrevista.com\\\/archivos\\\/16884#primaryimage\"},\"thumbnailUrl\":\"https:\\\/\\\/alcompasrevista.com\\\/wp-content\\\/uploads\\\/2023\\\/09\\\/castell1.jpg\",\"keywords\":[\"Activitats Comarcals\"],\"articleSection\":[\"#Not\u00edcies\"],\"inLanguage\":\"va\",\"potentialAction\":[{\"@type\":\"CommentAction\",\"name\":\"Comment\",\"target\":[\"https:\\\/\\\/alcompasrevista.com\\\/archivos\\\/16884#respond\"]}]},{\"@type\":\"WebPage\",\"@id\":\"https:\\\/\\\/alcompasrevista.com\\\/archivos\\\/16884\",\"url\":\"https:\\\/\\\/alcompasrevista.com\\\/archivos\\\/16884\",\"name\":\"Una trobada de bandes que sona a hist\u00f2ria i esperan\u00e7a en Castell de Castells - Revista Al Comp\u00e0s\",\"isPartOf\":{\"@id\":\"https:\\\/\\\/alcompasrevista.com\\\/#website\"},\"primaryImageOfPage\":{\"@id\":\"https:\\\/\\\/alcompasrevista.com\\\/archivos\\\/16884#primaryimage\"},\"image\":{\"@id\":\"https:\\\/\\\/alcompasrevista.com\\\/archivos\\\/16884#primaryimage\"},\"thumbnailUrl\":\"https:\\\/\\\/alcompasrevista.com\\\/wp-content\\\/uploads\\\/2023\\\/09\\\/castell1.jpg\",\"datePublished\":\"2023-09-21T10:47:48+00:00\",\"dateModified\":\"2023-09-21T11:52:54+00:00\",\"breadcrumb\":{\"@id\":\"https:\\\/\\\/alcompasrevista.com\\\/archivos\\\/16884#breadcrumb\"},\"inLanguage\":\"va\",\"potentialAction\":[{\"@type\":\"ReadAction\",\"target\":[\"https:\\\/\\\/alcompasrevista.com\\\/archivos\\\/16884\"]}]},{\"@type\":\"ImageObject\",\"inLanguage\":\"va\",\"@id\":\"https:\\\/\\\/alcompasrevista.com\\\/archivos\\\/16884#primaryimage\",\"url\":\"https:\\\/\\\/alcompasrevista.com\\\/wp-content\\\/uploads\\\/2023\\\/09\\\/castell1.jpg\",\"contentUrl\":\"https:\\\/\\\/alcompasrevista.com\\\/wp-content\\\/uploads\\\/2023\\\/09\\\/castell1.jpg\",\"width\":1920,\"height\":1080},{\"@type\":\"BreadcrumbList\",\"@id\":\"https:\\\/\\\/alcompasrevista.com\\\/archivos\\\/16884#breadcrumb\",\"itemListElement\":[{\"@type\":\"ListItem\",\"position\":1,\"name\":\"Portada\",\"item\":\"https:\\\/\\\/alcompasrevista.com\\\/va\"},{\"@type\":\"ListItem\",\"position\":2,\"name\":\"Una trobada de bandes que sona a hist\u00f2ria i esperan\u00e7a en Castell de Castells\"}]},{\"@type\":\"WebSite\",\"@id\":\"https:\\\/\\\/alcompasrevista.com\\\/#website\",\"url\":\"https:\\\/\\\/alcompasrevista.com\\\/\",\"name\":\"Revista Al Comp\u00e0s\",\"description\":\"Un proyecto de la Federaci\u00f3n de Sociedades Musicales de la Comunidad Valenciana\",\"publisher\":{\"@id\":\"https:\\\/\\\/alcompasrevista.com\\\/#organization\"},\"potentialAction\":[{\"@type\":\"SearchAction\",\"target\":{\"@type\":\"EntryPoint\",\"urlTemplate\":\"https:\\\/\\\/alcompasrevista.com\\\/?s={search_term_string}\"},\"query-input\":{\"@type\":\"PropertyValueSpecification\",\"valueRequired\":true,\"valueName\":\"search_term_string\"}}],\"inLanguage\":\"va\"},{\"@type\":\"Organization\",\"@id\":\"https:\\\/\\\/alcompasrevista.com\\\/#organization\",\"name\":\"Revista Al Comp\u00e0s\",\"url\":\"https:\\\/\\\/alcompasrevista.com\\\/\",\"logo\":{\"@type\":\"ImageObject\",\"inLanguage\":\"va\",\"@id\":\"https:\\\/\\\/alcompasrevista.com\\\/#\\\/schema\\\/logo\\\/image\\\/\",\"url\":\"https:\\\/\\\/alcompasrevista.com\\\/wp-content\\\/uploads\\\/2022\\\/04\\\/cropped-loog_blanco.png\",\"contentUrl\":\"https:\\\/\\\/alcompasrevista.com\\\/wp-content\\\/uploads\\\/2022\\\/04\\\/cropped-loog_blanco.png\",\"width\":1612,\"height\":724,\"caption\":\"Revista Al Comp\u00e0s\"},\"image\":{\"@id\":\"https:\\\/\\\/alcompasrevista.com\\\/#\\\/schema\\\/logo\\\/image\\\/\"}},{\"@type\":\"Person\",\"@id\":\"https:\\\/\\\/alcompasrevista.com\\\/#\\\/schema\\\/person\\\/c10652a34fa01d238ecd498d150347fc\",\"name\":\"Redacci\u00f3n\",\"image\":{\"@type\":\"ImageObject\",\"inLanguage\":\"va\",\"@id\":\"https:\\\/\\\/secure.gravatar.com\\\/avatar\\\/e6a6d0cd2ddec22e0ca7d21b7e49d4a0099fbdc1d476e5412893210bce942ce9?s=96&d=mm&r=g\",\"url\":\"https:\\\/\\\/secure.gravatar.com\\\/avatar\\\/e6a6d0cd2ddec22e0ca7d21b7e49d4a0099fbdc1d476e5412893210bce942ce9?s=96&d=mm&r=g\",\"contentUrl\":\"https:\\\/\\\/secure.gravatar.com\\\/avatar\\\/e6a6d0cd2ddec22e0ca7d21b7e49d4a0099fbdc1d476e5412893210bce942ce9?s=96&d=mm&r=g\",\"caption\":\"Redacci\u00f3n\"},\"url\":\"https:\\\/\\\/alcompasrevista.com\\\/va\\\/archivos\\\/author\\\/vhj_webmaster\"}]}<\/script>\n<!-- \/ Yoast SEO plugin. -->","yoast_head_json":{"title":"Una trobada de bandes que sona a hist\u00f2ria i esperan\u00e7a en Castell de Castells - Revista Al Comp\u00e0s","robots":{"index":"index","follow":"follow","max-snippet":"max-snippet:-1","max-image-preview":"max-image-preview:large","max-video-preview":"max-video-preview:-1"},"canonical":"https:\/\/alcompasrevista.com\/archivos\/16884","og_locale":"en_US","og_type":"article","og_title":"Una trobada de bandes que sona a hist\u00f2ria i esperan\u00e7a en Castell de Castells - Revista Al Comp\u00e0s","og_description":"La carretera que porta a Castell de Castells presenta una postal partida per la meitat que recorda un dels cap\u00edtols m\u00e9s tristos de la mem\u00f2ria recent de la Comunitat Valenciana: [&hellip;]","og_url":"https:\/\/alcompasrevista.com\/archivos\/16884","og_site_name":"Revista Al Comp\u00e0s","article_published_time":"2023-09-21T10:47:48+00:00","article_modified_time":"2023-09-21T11:52:54+00:00","og_image":[{"width":1920,"height":1080,"url":"https:\/\/alcompasrevista.com\/wp-content\/uploads\/2023\/09\/castell1.jpg","type":"image\/jpeg"}],"author":"Redacci\u00f3n","twitter_card":"summary_large_image","twitter_misc":{"Written by":"Redacci\u00f3","Est. reading time":"3 minutes"},"schema":{"@context":"https:\/\/schema.org","@graph":[{"@type":"Article","@id":"https:\/\/alcompasrevista.com\/archivos\/16884#article","isPartOf":{"@id":"https:\/\/alcompasrevista.com\/archivos\/16884"},"author":{"name":"Redacci\u00f3n","@id":"https:\/\/alcompasrevista.com\/#\/schema\/person\/c10652a34fa01d238ecd498d150347fc"},"headline":"Una trobada de bandes que sona a hist\u00f2ria i esperan\u00e7a en Castell de Castells","datePublished":"2023-09-21T10:47:48+00:00","dateModified":"2023-09-21T11:52:54+00:00","mainEntityOfPage":{"@id":"https:\/\/alcompasrevista.com\/archivos\/16884"},"wordCount":552,"commentCount":0,"publisher":{"@id":"https:\/\/alcompasrevista.com\/#organization"},"image":{"@id":"https:\/\/alcompasrevista.com\/archivos\/16884#primaryimage"},"thumbnailUrl":"https:\/\/alcompasrevista.com\/wp-content\/uploads\/2023\/09\/castell1.jpg","keywords":["Activitats Comarcals"],"articleSection":["#Not\u00edcies"],"inLanguage":"va","potentialAction":[{"@type":"CommentAction","name":"Comment","target":["https:\/\/alcompasrevista.com\/archivos\/16884#respond"]}]},{"@type":"WebPage","@id":"https:\/\/alcompasrevista.com\/archivos\/16884","url":"https:\/\/alcompasrevista.com\/archivos\/16884","name":"Una trobada de bandes que sona a hist\u00f2ria i esperan\u00e7a en Castell de Castells - Revista Al Comp\u00e0s","isPartOf":{"@id":"https:\/\/alcompasrevista.com\/#website"},"primaryImageOfPage":{"@id":"https:\/\/alcompasrevista.com\/archivos\/16884#primaryimage"},"image":{"@id":"https:\/\/alcompasrevista.com\/archivos\/16884#primaryimage"},"thumbnailUrl":"https:\/\/alcompasrevista.com\/wp-content\/uploads\/2023\/09\/castell1.jpg","datePublished":"2023-09-21T10:47:48+00:00","dateModified":"2023-09-21T11:52:54+00:00","breadcrumb":{"@id":"https:\/\/alcompasrevista.com\/archivos\/16884#breadcrumb"},"inLanguage":"va","potentialAction":[{"@type":"ReadAction","target":["https:\/\/alcompasrevista.com\/archivos\/16884"]}]},{"@type":"ImageObject","inLanguage":"va","@id":"https:\/\/alcompasrevista.com\/archivos\/16884#primaryimage","url":"https:\/\/alcompasrevista.com\/wp-content\/uploads\/2023\/09\/castell1.jpg","contentUrl":"https:\/\/alcompasrevista.com\/wp-content\/uploads\/2023\/09\/castell1.jpg","width":1920,"height":1080},{"@type":"BreadcrumbList","@id":"https:\/\/alcompasrevista.com\/archivos\/16884#breadcrumb","itemListElement":[{"@type":"ListItem","position":1,"name":"Portada","item":"https:\/\/alcompasrevista.com\/va"},{"@type":"ListItem","position":2,"name":"Una trobada de bandes que sona a hist\u00f2ria i esperan\u00e7a en Castell de Castells"}]},{"@type":"WebSite","@id":"https:\/\/alcompasrevista.com\/#website","url":"https:\/\/alcompasrevista.com\/","name":"Revista Al Comp\u00e0s","description":"Un proyecto de la Federaci\u00f3n de Sociedades Musicales de la Comunidad Valenciana","publisher":{"@id":"https:\/\/alcompasrevista.com\/#organization"},"potentialAction":[{"@type":"SearchAction","target":{"@type":"EntryPoint","urlTemplate":"https:\/\/alcompasrevista.com\/?s={search_term_string}"},"query-input":{"@type":"PropertyValueSpecification","valueRequired":true,"valueName":"search_term_string"}}],"inLanguage":"va"},{"@type":"Organization","@id":"https:\/\/alcompasrevista.com\/#organization","name":"Revista Al Comp\u00e0s","url":"https:\/\/alcompasrevista.com\/","logo":{"@type":"ImageObject","inLanguage":"va","@id":"https:\/\/alcompasrevista.com\/#\/schema\/logo\/image\/","url":"https:\/\/alcompasrevista.com\/wp-content\/uploads\/2022\/04\/cropped-loog_blanco.png","contentUrl":"https:\/\/alcompasrevista.com\/wp-content\/uploads\/2022\/04\/cropped-loog_blanco.png","width":1612,"height":724,"caption":"Revista Al Comp\u00e0s"},"image":{"@id":"https:\/\/alcompasrevista.com\/#\/schema\/logo\/image\/"}},{"@type":"Person","@id":"https:\/\/alcompasrevista.com\/#\/schema\/person\/c10652a34fa01d238ecd498d150347fc","name":"Redacci\u00f3n","image":{"@type":"ImageObject","inLanguage":"va","@id":"https:\/\/secure.gravatar.com\/avatar\/e6a6d0cd2ddec22e0ca7d21b7e49d4a0099fbdc1d476e5412893210bce942ce9?s=96&d=mm&r=g","url":"https:\/\/secure.gravatar.com\/avatar\/e6a6d0cd2ddec22e0ca7d21b7e49d4a0099fbdc1d476e5412893210bce942ce9?s=96&d=mm&r=g","contentUrl":"https:\/\/secure.gravatar.com\/avatar\/e6a6d0cd2ddec22e0ca7d21b7e49d4a0099fbdc1d476e5412893210bce942ce9?s=96&d=mm&r=g","caption":"Redacci\u00f3n"},"url":"https:\/\/alcompasrevista.com\/va\/archivos\/author\/vhj_webmaster"}]}},"_links":{"self":[{"href":"https:\/\/alcompasrevista.com\/va\/wp-json\/wp\/v2\/posts\/16890","targetHints":{"allow":["GET"]}}],"collection":[{"href":"https:\/\/alcompasrevista.com\/va\/wp-json\/wp\/v2\/posts"}],"about":[{"href":"https:\/\/alcompasrevista.com\/va\/wp-json\/wp\/v2\/types\/post"}],"author":[{"embeddable":true,"href":"https:\/\/alcompasrevista.com\/va\/wp-json\/wp\/v2\/users\/860002"}],"replies":[{"embeddable":true,"href":"https:\/\/alcompasrevista.com\/va\/wp-json\/wp\/v2\/comments?post=16890"}],"version-history":[{"count":0,"href":"https:\/\/alcompasrevista.com\/va\/wp-json\/wp\/v2\/posts\/16890\/revisions"}],"wp:featuredmedia":[{"embeddable":true,"href":"https:\/\/alcompasrevista.com\/va\/wp-json\/wp\/v2\/media\/16888"}],"wp:attachment":[{"href":"https:\/\/alcompasrevista.com\/va\/wp-json\/wp\/v2\/media?parent=16890"}],"wp:term":[{"taxonomy":"category","embeddable":true,"href":"https:\/\/alcompasrevista.com\/va\/wp-json\/wp\/v2\/categories?post=16890"},{"taxonomy":"post_tag","embeddable":true,"href":"https:\/\/alcompasrevista.com\/va\/wp-json\/wp\/v2\/tags?post=16890"},{"taxonomy":"portada","embeddable":true,"href":"https:\/\/alcompasrevista.com\/va\/wp-json\/wp\/v2\/portada?post=16890"}],"curies":[{"name":"wp","href":"https:\/\/api.w.org\/{rel}","templated":true}]}}