{"id":16607,"date":"2023-08-22T16:48:23","date_gmt":"2023-08-22T14:48:23","guid":{"rendered":"https:\/\/alcompasrevista.com\/archivos\/16607"},"modified":"2023-08-22T16:51:30","modified_gmt":"2023-08-22T14:51:30","slug":"la-armonica-y-la-artistica-de-bunol-vuelven-a-deslumbrar-en-el-historico-mano-a-mano","status":"publish","type":"post","link":"https:\/\/alcompasrevista.com\/va\/archivos\/16607","title":{"rendered":"La Arm\u00f3nica i La Art\u00edstica de Bunyol tornen a enlluernar en l&#8217;hist\u00f2ric \u2018Mano a Mano\u2019"},"content":{"rendered":"\n<p>En un auditori a l&#8217;aire lliure del Paseo de San Luis amb el seu aforament de 2.200 localitats quasi al complet, les bandes simf\u00f2niques del Centro Instructivo Musical La Arm\u00f3nica i de la Sociedad Musical La Art\u00edstica van tornar a enlluernar i sorprendre mel\u00f2mans i p\u00fablic en general amb la interpretaci\u00f3 dels seus respectius programes musicals durant la 48 edici\u00f3 del concert Mano a Mano dissabte passat. La pr\u00f2pia alcaldessa de la localitat i responsable de l&#8217;\u00e0rea de Bandes de M\u00fasica, Virginia Sanz, destacava despr\u00e9s del concert l&#8217;\u00ab\u00e8xit rotund de participaci\u00f3\u00bb.<\/p>\n\n\n\n<p>La banda del Centro Instructivo Musical La Arm\u00f3nica (coneguda popularment com El Litro) va ser la primera a actuar, amb un programa titulat <em>Cantos<\/em> que es va iniciar amb el <em>Concert per a Orquestra<\/em>, de B\u00e9la Bart\u00f3k, amb transcripci\u00f3 per a banda de Simon Scheiwiller; i que es va tancar amb la <em>Primera Simfonia, Stones and sea<\/em>, del mateix Sa\u00fcl G\u00f3mez, qui al final del concert destacava \u00abel veritable espectacle que suposa dirigir a estos m\u00fasics tan estupends que ho donen tot en un programa que era tot un repte\u00bb.<\/p>\n\n\n\n<p>La segona part del concert va estar protagonitzada per la banda simf\u00f2nica de Sociedad Musical La Art\u00edstica (Los Feos), que va posar en faristol un programa titulat <em>Voces de ma\u00f1ana<\/em>, el qual es va iniciar amb l&#8217;obra per enc\u00e0rrec <em>Arlequ\u00ed<\/em>, d&#8217;Ernesto Aurignac; va continuar amb <em>Taxi<\/em>, d&#8217;Enrique Hernandis; i es va tancar amb <em>Second Symphony Voices<\/em>, de James Stephenson. Totes elles condu\u00efdes pel seu director titular, Mario Ortu\u00f1o, qui no va ocultar al final del concert la seua gran satisfacci\u00f3: \u00abens hem arriscat amb l&#8217;obra d&#8217;Ernesto Aurignac, un compositor relativament jove, a m\u00e9s de l&#8217;obra de James Stephenson, una composici\u00f3 molt exigent en la qual hi havia tants elements que podien fallar\u00bb. &nbsp;<\/p>\n\n\n\n<figure class=\"wp-block-image size-large\"><img loading=\"lazy\" decoding=\"async\" width=\"1024\" height=\"682\" src=\"https:\/\/alcompasrevista.com\/wp-content\/uploads\/2023\/08\/MaM23_LaArtistica-1024x682.jpg\" alt=\"\" class=\"wp-image-16600\" srcset=\"https:\/\/alcompasrevista.com\/wp-content\/uploads\/2023\/08\/MaM23_LaArtistica-1024x682.jpg 1024w, https:\/\/alcompasrevista.com\/wp-content\/uploads\/2023\/08\/MaM23_LaArtistica-300x200.jpg 300w, https:\/\/alcompasrevista.com\/wp-content\/uploads\/2023\/08\/MaM23_LaArtistica-768x512.jpg 768w, https:\/\/alcompasrevista.com\/wp-content\/uploads\/2023\/08\/MaM23_LaArtistica.jpg 1181w\" sizes=\"auto, (max-width: 1024px) 100vw, 1024px\" \/><\/figure>\n\n\n\n<p>El concert, que va ser presentat pel periodista Chimo Masmano, va finalitzar amb la interpretaci\u00f3 de l&#8217;<em>Himno a Bu\u00f1ol<\/em>, de Manuel Chillida i Guzm\u00e1n C\u00e1rcel, dirigit pel President d&#8217;Honor d&#8217;enguany, el m\u00fasic i director nascut en Brunssum (Pa\u00efsos Baixos) Bj\u00f6rn Bus, que actualment dirigeix el certamen internacional World Music Contest de Kerkrade.&nbsp;&nbsp;<\/p>\n\n\n\n<p>A l\u2019acte van acudir autoritats com la secret\u00e0ria auton\u00f2mica de Cultura i Esport de la Generalitat Valenciana, Paula A\u00f1\u00f3; el diputat provincial de Bandes de M\u00fasica, Ricardo Gabald\u00f3n;&nbsp;la Presidenta de la Federaci\u00f3 de Societats Musicals de la Comunitat Valenciana, Daniela Gonz\u00e1lez; el diputat en les Corts Generals Carlos Gil; aix\u00ed com el coordinador d&#8217;Estrat\u00e8gies, Estudis i Projectes de l&#8217;Ajuntament de Val\u00e8ncia, Manuel Tom\u00e1s.<\/p>\n\n\n\n<figure class=\"wp-block-image size-large\"><img loading=\"lazy\" decoding=\"async\" width=\"1024\" height=\"693\" src=\"https:\/\/alcompasrevista.com\/wp-content\/uploads\/2023\/08\/MaM23_LaArmonica-1024x693.jpg\" alt=\"\" class=\"wp-image-16602\" srcset=\"https:\/\/alcompasrevista.com\/wp-content\/uploads\/2023\/08\/MaM23_LaArmonica-1024x693.jpg 1024w, https:\/\/alcompasrevista.com\/wp-content\/uploads\/2023\/08\/MaM23_LaArmonica-300x203.jpg 300w, https:\/\/alcompasrevista.com\/wp-content\/uploads\/2023\/08\/MaM23_LaArmonica-768x520.jpg 768w, https:\/\/alcompasrevista.com\/wp-content\/uploads\/2023\/08\/MaM23_LaArmonica.jpg 1181w\" sizes=\"auto, (max-width: 1024px) 100vw, 1024px\" \/><\/figure>\n","protected":false},"excerpt":{"rendered":"<p>En un auditori a l&#8217;aire lliure del Paseo de San Luis amb el seu aforament de 2.200 localitats quasi al complet, les bandes simf\u00f2niques del Centro Instructivo Musical La Arm\u00f3nica [&hellip;]<\/p>\n","protected":false},"author":860002,"featured_media":0,"comment_status":"closed","ping_status":"closed","sticky":false,"template":"","format":"standard","meta":{"footnotes":""},"categories":[29],"tags":[286],"portada":[750],"class_list":["post-16607","post","type-post","status-publish","format-standard","hentry","category-noticies-va","tag-concert","portada-concierto"],"yoast_head":"<!-- This site is optimized with the Yoast SEO plugin v27.4 - https:\/\/yoast.com\/product\/yoast-seo-wordpress\/ -->\n<title>La Arm\u00f3nica i La Art\u00edstica de Bunyol tornen a enlluernar en l&#039;hist\u00f2ric \u2018Mano a Mano\u2019 - Revista Al Comp\u00e0s<\/title>\n<meta name=\"description\" content=\"Las bandas sinf\u00f3nicas del Centro Instructivo Musical La Arm\u00f3nica y de la Sociedad Musical La Art\u00edstica volvieron a sorprender con la interpretaci\u00f3n de sus programas musicales durante la 48 edici\u00f3n.\" \/>\n<meta name=\"robots\" content=\"index, follow, max-snippet:-1, max-image-preview:large, max-video-preview:-1\" \/>\n<link rel=\"canonical\" href=\"https:\/\/alcompasrevista.com\/archivos\/16599\" \/>\n<meta property=\"og:locale\" content=\"en_US\" \/>\n<meta property=\"og:type\" content=\"article\" \/>\n<meta property=\"og:title\" content=\"La Arm\u00f3nica i La Art\u00edstica de Bunyol tornen a enlluernar en l&#039;hist\u00f2ric \u2018Mano a Mano\u2019 - Revista Al Comp\u00e0s\" \/>\n<meta property=\"og:description\" content=\"Las bandas sinf\u00f3nicas del Centro Instructivo Musical La Arm\u00f3nica y de la Sociedad Musical La Art\u00edstica volvieron a sorprender con la interpretaci\u00f3n de sus programas musicales durante la 48 edici\u00f3n.\" \/>\n<meta property=\"og:url\" content=\"https:\/\/alcompasrevista.com\/archivos\/16599\" \/>\n<meta property=\"og:site_name\" content=\"Revista Al Comp\u00e0s\" \/>\n<meta property=\"article:published_time\" content=\"2023-08-22T14:48:23+00:00\" \/>\n<meta property=\"article:modified_time\" content=\"2023-08-22T14:51:30+00:00\" \/>\n<meta property=\"og:image\" content=\"https:\/\/alcompasrevista.com\/wp-content\/uploads\/2023\/08\/MaM23_LaArtistica-1024x682.jpg\" \/>\n<meta name=\"author\" content=\"Redacci\u00f3n\" \/>\n<meta name=\"twitter:card\" content=\"summary_large_image\" \/>\n<meta name=\"twitter:label1\" content=\"Written by\" \/>\n\t<meta name=\"twitter:data1\" content=\"Redacci\u00f3\" \/>\n\t<meta name=\"twitter:label2\" content=\"Est. reading time\" \/>\n\t<meta name=\"twitter:data2\" content=\"3 minutes\" \/>\n<script type=\"application\/ld+json\" class=\"yoast-schema-graph\">{\"@context\":\"https:\\\/\\\/schema.org\",\"@graph\":[{\"@type\":\"Article\",\"@id\":\"https:\\\/\\\/alcompasrevista.com\\\/archivos\\\/16599#article\",\"isPartOf\":{\"@id\":\"https:\\\/\\\/alcompasrevista.com\\\/archivos\\\/16599\"},\"author\":{\"name\":\"Redacci\u00f3n\",\"@id\":\"https:\\\/\\\/alcompasrevista.com\\\/#\\\/schema\\\/person\\\/c10652a34fa01d238ecd498d150347fc\"},\"headline\":\"La Arm\u00f3nica i La Art\u00edstica de Bunyol tornen a enlluernar en l&#8217;hist\u00f2ric \u2018Mano a Mano\u2019\",\"datePublished\":\"2023-08-22T14:48:23+00:00\",\"dateModified\":\"2023-08-22T14:51:30+00:00\",\"mainEntityOfPage\":{\"@id\":\"https:\\\/\\\/alcompasrevista.com\\\/archivos\\\/16599\"},\"wordCount\":480,\"publisher\":{\"@id\":\"https:\\\/\\\/alcompasrevista.com\\\/#organization\"},\"image\":{\"@id\":\"https:\\\/\\\/alcompasrevista.com\\\/archivos\\\/16599#primaryimage\"},\"thumbnailUrl\":\"https:\\\/\\\/alcompasrevista.com\\\/wp-content\\\/uploads\\\/2023\\\/08\\\/MaM23_LaArtistica-1024x682.jpg\",\"keywords\":[\"concert\"],\"articleSection\":[\"#Not\u00edcies\"],\"inLanguage\":\"va\"},{\"@type\":\"WebPage\",\"@id\":\"https:\\\/\\\/alcompasrevista.com\\\/archivos\\\/16599\",\"url\":\"https:\\\/\\\/alcompasrevista.com\\\/archivos\\\/16599\",\"name\":\"La Arm\u00f3nica i La Art\u00edstica de Bunyol tornen a enlluernar en l'hist\u00f2ric \u2018Mano a Mano\u2019 - Revista Al Comp\u00e0s\",\"isPartOf\":{\"@id\":\"https:\\\/\\\/alcompasrevista.com\\\/#website\"},\"primaryImageOfPage\":{\"@id\":\"https:\\\/\\\/alcompasrevista.com\\\/archivos\\\/16599#primaryimage\"},\"image\":{\"@id\":\"https:\\\/\\\/alcompasrevista.com\\\/archivos\\\/16599#primaryimage\"},\"thumbnailUrl\":\"https:\\\/\\\/alcompasrevista.com\\\/wp-content\\\/uploads\\\/2023\\\/08\\\/MaM23_LaArtistica-1024x682.jpg\",\"datePublished\":\"2023-08-22T14:48:23+00:00\",\"dateModified\":\"2023-08-22T14:51:30+00:00\",\"description\":\"Las bandas sinf\u00f3nicas del Centro Instructivo Musical La Arm\u00f3nica y de la Sociedad Musical La Art\u00edstica volvieron a sorprender con la interpretaci\u00f3n de sus programas musicales durante la 48 edici\u00f3n.\",\"breadcrumb\":{\"@id\":\"https:\\\/\\\/alcompasrevista.com\\\/archivos\\\/16599#breadcrumb\"},\"inLanguage\":\"va\",\"potentialAction\":[{\"@type\":\"ReadAction\",\"target\":[\"https:\\\/\\\/alcompasrevista.com\\\/archivos\\\/16599\"]}]},{\"@type\":\"ImageObject\",\"inLanguage\":\"va\",\"@id\":\"https:\\\/\\\/alcompasrevista.com\\\/archivos\\\/16599#primaryimage\",\"url\":\"https:\\\/\\\/alcompasrevista.com\\\/wp-content\\\/uploads\\\/2023\\\/08\\\/MaM23_LaArtistica-1024x682.jpg\",\"contentUrl\":\"https:\\\/\\\/alcompasrevista.com\\\/wp-content\\\/uploads\\\/2023\\\/08\\\/MaM23_LaArtistica-1024x682.jpg\"},{\"@type\":\"BreadcrumbList\",\"@id\":\"https:\\\/\\\/alcompasrevista.com\\\/archivos\\\/16599#breadcrumb\",\"itemListElement\":[{\"@type\":\"ListItem\",\"position\":1,\"name\":\"Portada\",\"item\":\"https:\\\/\\\/alcompasrevista.com\\\/va\"},{\"@type\":\"ListItem\",\"position\":2,\"name\":\"La Arm\u00f3nica i La Art\u00edstica de Bunyol tornen a enlluernar en l&#8217;hist\u00f2ric \u2018Mano a Mano\u2019\"}]},{\"@type\":\"WebSite\",\"@id\":\"https:\\\/\\\/alcompasrevista.com\\\/#website\",\"url\":\"https:\\\/\\\/alcompasrevista.com\\\/\",\"name\":\"Revista Al Comp\u00e0s\",\"description\":\"Un proyecto de la Federaci\u00f3n de Sociedades Musicales de la Comunidad Valenciana\",\"publisher\":{\"@id\":\"https:\\\/\\\/alcompasrevista.com\\\/#organization\"},\"potentialAction\":[{\"@type\":\"SearchAction\",\"target\":{\"@type\":\"EntryPoint\",\"urlTemplate\":\"https:\\\/\\\/alcompasrevista.com\\\/?s={search_term_string}\"},\"query-input\":{\"@type\":\"PropertyValueSpecification\",\"valueRequired\":true,\"valueName\":\"search_term_string\"}}],\"inLanguage\":\"va\"},{\"@type\":\"Organization\",\"@id\":\"https:\\\/\\\/alcompasrevista.com\\\/#organization\",\"name\":\"Revista Al Comp\u00e0s\",\"url\":\"https:\\\/\\\/alcompasrevista.com\\\/\",\"logo\":{\"@type\":\"ImageObject\",\"inLanguage\":\"va\",\"@id\":\"https:\\\/\\\/alcompasrevista.com\\\/#\\\/schema\\\/logo\\\/image\\\/\",\"url\":\"https:\\\/\\\/alcompasrevista.com\\\/wp-content\\\/uploads\\\/2022\\\/04\\\/cropped-loog_blanco.png\",\"contentUrl\":\"https:\\\/\\\/alcompasrevista.com\\\/wp-content\\\/uploads\\\/2022\\\/04\\\/cropped-loog_blanco.png\",\"width\":1612,\"height\":724,\"caption\":\"Revista Al Comp\u00e0s\"},\"image\":{\"@id\":\"https:\\\/\\\/alcompasrevista.com\\\/#\\\/schema\\\/logo\\\/image\\\/\"}},{\"@type\":\"Person\",\"@id\":\"https:\\\/\\\/alcompasrevista.com\\\/#\\\/schema\\\/person\\\/c10652a34fa01d238ecd498d150347fc\",\"name\":\"Redacci\u00f3n\",\"image\":{\"@type\":\"ImageObject\",\"inLanguage\":\"va\",\"@id\":\"https:\\\/\\\/secure.gravatar.com\\\/avatar\\\/e6a6d0cd2ddec22e0ca7d21b7e49d4a0099fbdc1d476e5412893210bce942ce9?s=96&d=mm&r=g\",\"url\":\"https:\\\/\\\/secure.gravatar.com\\\/avatar\\\/e6a6d0cd2ddec22e0ca7d21b7e49d4a0099fbdc1d476e5412893210bce942ce9?s=96&d=mm&r=g\",\"contentUrl\":\"https:\\\/\\\/secure.gravatar.com\\\/avatar\\\/e6a6d0cd2ddec22e0ca7d21b7e49d4a0099fbdc1d476e5412893210bce942ce9?s=96&d=mm&r=g\",\"caption\":\"Redacci\u00f3n\"},\"url\":\"https:\\\/\\\/alcompasrevista.com\\\/va\\\/archivos\\\/author\\\/vhj_webmaster\"}]}<\/script>\n<!-- \/ Yoast SEO plugin. -->","yoast_head_json":{"title":"La Arm\u00f3nica i La Art\u00edstica de Bunyol tornen a enlluernar en l'hist\u00f2ric \u2018Mano a Mano\u2019 - Revista Al Comp\u00e0s","description":"Las bandas sinf\u00f3nicas del Centro Instructivo Musical La Arm\u00f3nica y de la Sociedad Musical La Art\u00edstica volvieron a sorprender con la interpretaci\u00f3n de sus programas musicales durante la 48 edici\u00f3n.","robots":{"index":"index","follow":"follow","max-snippet":"max-snippet:-1","max-image-preview":"max-image-preview:large","max-video-preview":"max-video-preview:-1"},"canonical":"https:\/\/alcompasrevista.com\/archivos\/16599","og_locale":"en_US","og_type":"article","og_title":"La Arm\u00f3nica i La Art\u00edstica de Bunyol tornen a enlluernar en l'hist\u00f2ric \u2018Mano a Mano\u2019 - Revista Al Comp\u00e0s","og_description":"Las bandas sinf\u00f3nicas del Centro Instructivo Musical La Arm\u00f3nica y de la Sociedad Musical La Art\u00edstica volvieron a sorprender con la interpretaci\u00f3n de sus programas musicales durante la 48 edici\u00f3n.","og_url":"https:\/\/alcompasrevista.com\/archivos\/16599","og_site_name":"Revista Al Comp\u00e0s","article_published_time":"2023-08-22T14:48:23+00:00","article_modified_time":"2023-08-22T14:51:30+00:00","og_image":[{"url":"https:\/\/alcompasrevista.com\/wp-content\/uploads\/2023\/08\/MaM23_LaArtistica-1024x682.jpg","type":"","width":"","height":""}],"author":"Redacci\u00f3n","twitter_card":"summary_large_image","twitter_misc":{"Written by":"Redacci\u00f3","Est. reading time":"3 minutes"},"schema":{"@context":"https:\/\/schema.org","@graph":[{"@type":"Article","@id":"https:\/\/alcompasrevista.com\/archivos\/16599#article","isPartOf":{"@id":"https:\/\/alcompasrevista.com\/archivos\/16599"},"author":{"name":"Redacci\u00f3n","@id":"https:\/\/alcompasrevista.com\/#\/schema\/person\/c10652a34fa01d238ecd498d150347fc"},"headline":"La Arm\u00f3nica i La Art\u00edstica de Bunyol tornen a enlluernar en l&#8217;hist\u00f2ric \u2018Mano a Mano\u2019","datePublished":"2023-08-22T14:48:23+00:00","dateModified":"2023-08-22T14:51:30+00:00","mainEntityOfPage":{"@id":"https:\/\/alcompasrevista.com\/archivos\/16599"},"wordCount":480,"publisher":{"@id":"https:\/\/alcompasrevista.com\/#organization"},"image":{"@id":"https:\/\/alcompasrevista.com\/archivos\/16599#primaryimage"},"thumbnailUrl":"https:\/\/alcompasrevista.com\/wp-content\/uploads\/2023\/08\/MaM23_LaArtistica-1024x682.jpg","keywords":["concert"],"articleSection":["#Not\u00edcies"],"inLanguage":"va"},{"@type":"WebPage","@id":"https:\/\/alcompasrevista.com\/archivos\/16599","url":"https:\/\/alcompasrevista.com\/archivos\/16599","name":"La Arm\u00f3nica i La Art\u00edstica de Bunyol tornen a enlluernar en l'hist\u00f2ric \u2018Mano a Mano\u2019 - Revista Al Comp\u00e0s","isPartOf":{"@id":"https:\/\/alcompasrevista.com\/#website"},"primaryImageOfPage":{"@id":"https:\/\/alcompasrevista.com\/archivos\/16599#primaryimage"},"image":{"@id":"https:\/\/alcompasrevista.com\/archivos\/16599#primaryimage"},"thumbnailUrl":"https:\/\/alcompasrevista.com\/wp-content\/uploads\/2023\/08\/MaM23_LaArtistica-1024x682.jpg","datePublished":"2023-08-22T14:48:23+00:00","dateModified":"2023-08-22T14:51:30+00:00","description":"Las bandas sinf\u00f3nicas del Centro Instructivo Musical La Arm\u00f3nica y de la Sociedad Musical La Art\u00edstica volvieron a sorprender con la interpretaci\u00f3n de sus programas musicales durante la 48 edici\u00f3n.","breadcrumb":{"@id":"https:\/\/alcompasrevista.com\/archivos\/16599#breadcrumb"},"inLanguage":"va","potentialAction":[{"@type":"ReadAction","target":["https:\/\/alcompasrevista.com\/archivos\/16599"]}]},{"@type":"ImageObject","inLanguage":"va","@id":"https:\/\/alcompasrevista.com\/archivos\/16599#primaryimage","url":"https:\/\/alcompasrevista.com\/wp-content\/uploads\/2023\/08\/MaM23_LaArtistica-1024x682.jpg","contentUrl":"https:\/\/alcompasrevista.com\/wp-content\/uploads\/2023\/08\/MaM23_LaArtistica-1024x682.jpg"},{"@type":"BreadcrumbList","@id":"https:\/\/alcompasrevista.com\/archivos\/16599#breadcrumb","itemListElement":[{"@type":"ListItem","position":1,"name":"Portada","item":"https:\/\/alcompasrevista.com\/va"},{"@type":"ListItem","position":2,"name":"La Arm\u00f3nica i La Art\u00edstica de Bunyol tornen a enlluernar en l&#8217;hist\u00f2ric \u2018Mano a Mano\u2019"}]},{"@type":"WebSite","@id":"https:\/\/alcompasrevista.com\/#website","url":"https:\/\/alcompasrevista.com\/","name":"Revista Al Comp\u00e0s","description":"Un proyecto de la Federaci\u00f3n de Sociedades Musicales de la Comunidad Valenciana","publisher":{"@id":"https:\/\/alcompasrevista.com\/#organization"},"potentialAction":[{"@type":"SearchAction","target":{"@type":"EntryPoint","urlTemplate":"https:\/\/alcompasrevista.com\/?s={search_term_string}"},"query-input":{"@type":"PropertyValueSpecification","valueRequired":true,"valueName":"search_term_string"}}],"inLanguage":"va"},{"@type":"Organization","@id":"https:\/\/alcompasrevista.com\/#organization","name":"Revista Al Comp\u00e0s","url":"https:\/\/alcompasrevista.com\/","logo":{"@type":"ImageObject","inLanguage":"va","@id":"https:\/\/alcompasrevista.com\/#\/schema\/logo\/image\/","url":"https:\/\/alcompasrevista.com\/wp-content\/uploads\/2022\/04\/cropped-loog_blanco.png","contentUrl":"https:\/\/alcompasrevista.com\/wp-content\/uploads\/2022\/04\/cropped-loog_blanco.png","width":1612,"height":724,"caption":"Revista Al Comp\u00e0s"},"image":{"@id":"https:\/\/alcompasrevista.com\/#\/schema\/logo\/image\/"}},{"@type":"Person","@id":"https:\/\/alcompasrevista.com\/#\/schema\/person\/c10652a34fa01d238ecd498d150347fc","name":"Redacci\u00f3n","image":{"@type":"ImageObject","inLanguage":"va","@id":"https:\/\/secure.gravatar.com\/avatar\/e6a6d0cd2ddec22e0ca7d21b7e49d4a0099fbdc1d476e5412893210bce942ce9?s=96&d=mm&r=g","url":"https:\/\/secure.gravatar.com\/avatar\/e6a6d0cd2ddec22e0ca7d21b7e49d4a0099fbdc1d476e5412893210bce942ce9?s=96&d=mm&r=g","contentUrl":"https:\/\/secure.gravatar.com\/avatar\/e6a6d0cd2ddec22e0ca7d21b7e49d4a0099fbdc1d476e5412893210bce942ce9?s=96&d=mm&r=g","caption":"Redacci\u00f3n"},"url":"https:\/\/alcompasrevista.com\/va\/archivos\/author\/vhj_webmaster"}]}},"_links":{"self":[{"href":"https:\/\/alcompasrevista.com\/va\/wp-json\/wp\/v2\/posts\/16607","targetHints":{"allow":["GET"]}}],"collection":[{"href":"https:\/\/alcompasrevista.com\/va\/wp-json\/wp\/v2\/posts"}],"about":[{"href":"https:\/\/alcompasrevista.com\/va\/wp-json\/wp\/v2\/types\/post"}],"author":[{"embeddable":true,"href":"https:\/\/alcompasrevista.com\/va\/wp-json\/wp\/v2\/users\/860002"}],"replies":[{"embeddable":true,"href":"https:\/\/alcompasrevista.com\/va\/wp-json\/wp\/v2\/comments?post=16607"}],"version-history":[{"count":0,"href":"https:\/\/alcompasrevista.com\/va\/wp-json\/wp\/v2\/posts\/16607\/revisions"}],"wp:attachment":[{"href":"https:\/\/alcompasrevista.com\/va\/wp-json\/wp\/v2\/media?parent=16607"}],"wp:term":[{"taxonomy":"category","embeddable":true,"href":"https:\/\/alcompasrevista.com\/va\/wp-json\/wp\/v2\/categories?post=16607"},{"taxonomy":"post_tag","embeddable":true,"href":"https:\/\/alcompasrevista.com\/va\/wp-json\/wp\/v2\/tags?post=16607"},{"taxonomy":"portada","embeddable":true,"href":"https:\/\/alcompasrevista.com\/va\/wp-json\/wp\/v2\/portada?post=16607"}],"curies":[{"name":"wp","href":"https:\/\/api.w.org\/{rel}","templated":true}]}}