{"id":16587,"date":"2023-08-09T17:51:21","date_gmt":"2023-08-09T15:51:21","guid":{"rendered":"https:\/\/alcompasrevista.com\/?p=16587"},"modified":"2023-08-09T17:54:25","modified_gmt":"2023-08-09T15:54:25","slug":"coneixem-de-prop-els-reptes-darantxa-garcia-alcina-nova-presidenta-dels-ports-alt-maestrat","status":"publish","type":"post","link":"https:\/\/alcompasrevista.com\/va\/archivos\/16587","title":{"rendered":"Coneixem de prop els reptes d\u2019Arantxa Garc\u00eda Alcina, nova presidenta d\u2019Els Ports-Alt Maestrat"},"content":{"rendered":"\n<p>Acaba d&#8217;estrenar-se en el c\u00e0rrec com a nova presidenta comarcal de la FSMCV al capdavant d\u2019Els Ports-Alt Maestrat. Tot i no tindre un passat musical en la seua fam\u00edlia, la passi\u00f3 i el coneixement per la nostra m\u00fasica van arribar per a quedar-se. A penes unes setmanes despr\u00e9s de la seua estrena, la coneixem m\u00e9s de prop.<\/p>\n\n\n\n<p><strong>Al Comp\u00e0s: D\u2019on li ve la m\u00fasica a Arantxa Garc\u00eda?<\/strong><\/p>\n\n\n\n<p>Arantxa Garc\u00eda: La veritat \u00e9s que, encara que sona estrany a la terra en qu\u00e8 vivim, a la meua fam\u00edlia no hi ha cap vinculaci\u00f3 amb la m\u00fasica. L&#8217;escola de m\u00fasica d&#8217;Alboc\u00e0sser anava per les escoles de l&#8217;Alt Maestrat donant-nos informaci\u00f3 sobre com apuntar-nos a solfeig, i els meus pares em van preguntar si volia provar. I aix\u00ed va ser. Despr\u00e9s ha anat tot rodat i no imagine hui per hui la meua vida fora del m\u00f3n de la m\u00fasica.<\/p>\n\n\n\n<p><strong>AC: Qu\u00e8 suposa el nou repte al capdavant del moviment musical del Ports-Alt Maestrat?<\/strong><\/p>\n\n\n\n<p>AG: Com \u00e9s ben sabut les comarques dels Ports i Alt Maestrat est\u00e1n molt maltractades pel que fa a despoblament. El meu objectiu principal \u00e9s fer que els m\u00e9s joves, encara que no visquen durant la setmana al poble, s&#8217;inicien en les nostres escoles de m\u00fasica i continuen amb els seus estudis musicals per a assegurar la continu\u00eftat de les nostres societats musicals. Mitjan\u00e7ant activitats comarcals, pretenem donar visibilitat a tot el que fem a les nostres escoles de m\u00fasica i bandes per tal que els entre el cuquet de pert\u00e0nyer a esta fam\u00edlia.<\/p>\n\n\n\n<p><strong>AC: Qu\u00e8 creus que defineix musicalment la teua comarca?<\/strong><\/p>\n\n\n\n<p>AG: La meua comarca est\u00e1 definida per la tradici\u00f3, per la riquesa de les festivitats populars que sempre inclouen a les bandes de m\u00fasica en els seus actes. Ball pla, processons, revetles\u2026 poden considerar-se s\u00edmbol d&#8217;identitat i riquesa immaterial de la nostra terra.<\/p>\n\n\n\n<p><strong>AC: Sempre ens agrada fer esta pregunta: qu\u00e8 recomanaries de la teua comarca m\u00e9s enll\u00e0 de la m\u00fasica.&nbsp;<\/strong><\/p>\n\n\n\n<p>AG: Gastronomia, cultura, natura, hospitalitat, festivitats de gran inter\u00e9s cultural&#8230; Tenim una terra molt rica que hem de promoure i conservar perqu\u00e8 cada vegada m\u00e9s gent puga gaudir d&#8217;ella.<\/p>\n\n\n\n<p><strong>AC: Si hagueres de triar un tema musical al qual sone la teua comarca, quin seria?<\/strong><\/p>\n\n\n\n<p>AG: Possiblement seria un pasdoble o alguna estrofa dels balls de pla\u00e7a que sonen a tots els pobles en la seua festa major.<\/p>\n","protected":false},"excerpt":{"rendered":"<p>Acaba d&#8217;estrenar-se en el c\u00e0rrec com a nova presidenta comarcal de la FSMCV al capdavant d\u2019Els Ports-Alt Maestrat. Tot i no tindre un passat musical en la seua fam\u00edlia, la [&hellip;]<\/p>\n","protected":false},"author":860002,"featured_media":16585,"comment_status":"closed","ping_status":"closed","sticky":false,"template":"","format":"standard","meta":{"footnotes":""},"categories":[28],"tags":[],"portada":[],"class_list":["post-16587","post","type-post","status-publish","format-standard","has-post-thumbnail","hentry","category-laterreta-va"],"yoast_head":"<!-- This site is optimized with the Yoast SEO plugin v27.4 - https:\/\/yoast.com\/product\/yoast-seo-wordpress\/ -->\n<title>Coneixem de prop els reptes d\u2019Arantxa Garc\u00eda Alcina, nova presidenta d\u2019Els Ports-Alt Maestrat - Revista Al Comp\u00e0s<\/title>\n<meta name=\"description\" content=\"Coneixem de prop els reptes d\u2019Arantxa Garc\u00eda Alcina, nova presidenta d\u2019Els Ports-Alt Maestrat per a les Societats Musicals Valencianes\" \/>\n<meta name=\"robots\" content=\"index, follow, max-snippet:-1, max-image-preview:large, max-video-preview:-1\" \/>\n<link rel=\"canonical\" href=\"https:\/\/alcompasrevista.com\/va\/archivos\/16587\" \/>\n<meta property=\"og:locale\" content=\"en_US\" \/>\n<meta property=\"og:type\" content=\"article\" \/>\n<meta property=\"og:title\" content=\"Coneixem de prop els reptes d\u2019Arantxa Garc\u00eda Alcina, nova presidenta d\u2019Els Ports-Alt Maestrat - Revista Al Comp\u00e0s\" \/>\n<meta property=\"og:description\" content=\"Coneixem de prop els reptes d\u2019Arantxa Garc\u00eda Alcina, nova presidenta d\u2019Els Ports-Alt Maestrat per a les Societats Musicals Valencianes\" \/>\n<meta property=\"og:url\" content=\"https:\/\/alcompasrevista.com\/va\/archivos\/16587\" \/>\n<meta property=\"og:site_name\" content=\"Revista Al Comp\u00e0s\" \/>\n<meta property=\"article:published_time\" content=\"2023-08-09T15:51:21+00:00\" \/>\n<meta property=\"article:modified_time\" content=\"2023-08-09T15:54:25+00:00\" \/>\n<meta property=\"og:image\" content=\"https:\/\/alcompasrevista.com\/wp-content\/uploads\/2023\/08\/Arantxa.jpg\" \/>\n\t<meta property=\"og:image:width\" content=\"1024\" \/>\n\t<meta property=\"og:image:height\" content=\"682\" \/>\n\t<meta property=\"og:image:type\" content=\"image\/jpeg\" \/>\n<meta name=\"author\" content=\"Redacci\u00f3n\" \/>\n<meta name=\"twitter:card\" content=\"summary_large_image\" \/>\n<meta name=\"twitter:label1\" content=\"Written by\" \/>\n\t<meta name=\"twitter:data1\" content=\"Redacci\u00f3\" \/>\n\t<meta name=\"twitter:label2\" content=\"Est. reading time\" \/>\n\t<meta name=\"twitter:data2\" content=\"2 minutes\" \/>\n<script type=\"application\/ld+json\" class=\"yoast-schema-graph\">{\"@context\":\"https:\\\/\\\/schema.org\",\"@graph\":[{\"@type\":\"Article\",\"@id\":\"https:\\\/\\\/alcompasrevista.com\\\/va\\\/archivos\\\/16587#article\",\"isPartOf\":{\"@id\":\"https:\\\/\\\/alcompasrevista.com\\\/va\\\/archivos\\\/16587\"},\"author\":{\"name\":\"Redacci\u00f3n\",\"@id\":\"https:\\\/\\\/alcompasrevista.com\\\/#\\\/schema\\\/person\\\/c10652a34fa01d238ecd498d150347fc\"},\"headline\":\"Coneixem de prop els reptes d\u2019Arantxa Garc\u00eda Alcina, nova presidenta d\u2019Els Ports-Alt Maestrat\",\"datePublished\":\"2023-08-09T15:51:21+00:00\",\"dateModified\":\"2023-08-09T15:54:25+00:00\",\"mainEntityOfPage\":{\"@id\":\"https:\\\/\\\/alcompasrevista.com\\\/va\\\/archivos\\\/16587\"},\"wordCount\":450,\"publisher\":{\"@id\":\"https:\\\/\\\/alcompasrevista.com\\\/#organization\"},\"image\":{\"@id\":\"https:\\\/\\\/alcompasrevista.com\\\/va\\\/archivos\\\/16587#primaryimage\"},\"thumbnailUrl\":\"https:\\\/\\\/alcompasrevista.com\\\/wp-content\\\/uploads\\\/2023\\\/08\\\/Arantxa.jpg\",\"articleSection\":[\"#Laterreta\"],\"inLanguage\":\"va\"},{\"@type\":\"WebPage\",\"@id\":\"https:\\\/\\\/alcompasrevista.com\\\/va\\\/archivos\\\/16587\",\"url\":\"https:\\\/\\\/alcompasrevista.com\\\/va\\\/archivos\\\/16587\",\"name\":\"Coneixem de prop els reptes d\u2019Arantxa Garc\u00eda Alcina, nova presidenta d\u2019Els Ports-Alt Maestrat - Revista Al Comp\u00e0s\",\"isPartOf\":{\"@id\":\"https:\\\/\\\/alcompasrevista.com\\\/#website\"},\"primaryImageOfPage\":{\"@id\":\"https:\\\/\\\/alcompasrevista.com\\\/va\\\/archivos\\\/16587#primaryimage\"},\"image\":{\"@id\":\"https:\\\/\\\/alcompasrevista.com\\\/va\\\/archivos\\\/16587#primaryimage\"},\"thumbnailUrl\":\"https:\\\/\\\/alcompasrevista.com\\\/wp-content\\\/uploads\\\/2023\\\/08\\\/Arantxa.jpg\",\"datePublished\":\"2023-08-09T15:51:21+00:00\",\"dateModified\":\"2023-08-09T15:54:25+00:00\",\"description\":\"Coneixem de prop els reptes d\u2019Arantxa Garc\u00eda Alcina, nova presidenta d\u2019Els Ports-Alt Maestrat per a les Societats Musicals Valencianes\",\"breadcrumb\":{\"@id\":\"https:\\\/\\\/alcompasrevista.com\\\/va\\\/archivos\\\/16587#breadcrumb\"},\"inLanguage\":\"va\",\"potentialAction\":[{\"@type\":\"ReadAction\",\"target\":[\"https:\\\/\\\/alcompasrevista.com\\\/va\\\/archivos\\\/16587\"]}]},{\"@type\":\"ImageObject\",\"inLanguage\":\"va\",\"@id\":\"https:\\\/\\\/alcompasrevista.com\\\/va\\\/archivos\\\/16587#primaryimage\",\"url\":\"https:\\\/\\\/alcompasrevista.com\\\/wp-content\\\/uploads\\\/2023\\\/08\\\/Arantxa.jpg\",\"contentUrl\":\"https:\\\/\\\/alcompasrevista.com\\\/wp-content\\\/uploads\\\/2023\\\/08\\\/Arantxa.jpg\",\"width\":1024,\"height\":682},{\"@type\":\"BreadcrumbList\",\"@id\":\"https:\\\/\\\/alcompasrevista.com\\\/va\\\/archivos\\\/16587#breadcrumb\",\"itemListElement\":[{\"@type\":\"ListItem\",\"position\":1,\"name\":\"Portada\",\"item\":\"https:\\\/\\\/alcompasrevista.com\\\/va\"},{\"@type\":\"ListItem\",\"position\":2,\"name\":\"Coneixem de prop els reptes d\u2019Arantxa Garc\u00eda Alcina, nova presidenta d\u2019Els Ports-Alt Maestrat\"}]},{\"@type\":\"WebSite\",\"@id\":\"https:\\\/\\\/alcompasrevista.com\\\/#website\",\"url\":\"https:\\\/\\\/alcompasrevista.com\\\/\",\"name\":\"Revista Al Comp\u00e0s\",\"description\":\"Un proyecto de la Federaci\u00f3n de Sociedades Musicales de la Comunidad Valenciana\",\"publisher\":{\"@id\":\"https:\\\/\\\/alcompasrevista.com\\\/#organization\"},\"potentialAction\":[{\"@type\":\"SearchAction\",\"target\":{\"@type\":\"EntryPoint\",\"urlTemplate\":\"https:\\\/\\\/alcompasrevista.com\\\/?s={search_term_string}\"},\"query-input\":{\"@type\":\"PropertyValueSpecification\",\"valueRequired\":true,\"valueName\":\"search_term_string\"}}],\"inLanguage\":\"va\"},{\"@type\":\"Organization\",\"@id\":\"https:\\\/\\\/alcompasrevista.com\\\/#organization\",\"name\":\"Revista Al Comp\u00e0s\",\"url\":\"https:\\\/\\\/alcompasrevista.com\\\/\",\"logo\":{\"@type\":\"ImageObject\",\"inLanguage\":\"va\",\"@id\":\"https:\\\/\\\/alcompasrevista.com\\\/#\\\/schema\\\/logo\\\/image\\\/\",\"url\":\"https:\\\/\\\/alcompasrevista.com\\\/wp-content\\\/uploads\\\/2022\\\/04\\\/cropped-loog_blanco.png\",\"contentUrl\":\"https:\\\/\\\/alcompasrevista.com\\\/wp-content\\\/uploads\\\/2022\\\/04\\\/cropped-loog_blanco.png\",\"width\":1612,\"height\":724,\"caption\":\"Revista Al Comp\u00e0s\"},\"image\":{\"@id\":\"https:\\\/\\\/alcompasrevista.com\\\/#\\\/schema\\\/logo\\\/image\\\/\"}},{\"@type\":\"Person\",\"@id\":\"https:\\\/\\\/alcompasrevista.com\\\/#\\\/schema\\\/person\\\/c10652a34fa01d238ecd498d150347fc\",\"name\":\"Redacci\u00f3n\",\"image\":{\"@type\":\"ImageObject\",\"inLanguage\":\"va\",\"@id\":\"https:\\\/\\\/secure.gravatar.com\\\/avatar\\\/e6a6d0cd2ddec22e0ca7d21b7e49d4a0099fbdc1d476e5412893210bce942ce9?s=96&d=mm&r=g\",\"url\":\"https:\\\/\\\/secure.gravatar.com\\\/avatar\\\/e6a6d0cd2ddec22e0ca7d21b7e49d4a0099fbdc1d476e5412893210bce942ce9?s=96&d=mm&r=g\",\"contentUrl\":\"https:\\\/\\\/secure.gravatar.com\\\/avatar\\\/e6a6d0cd2ddec22e0ca7d21b7e49d4a0099fbdc1d476e5412893210bce942ce9?s=96&d=mm&r=g\",\"caption\":\"Redacci\u00f3n\"},\"url\":\"https:\\\/\\\/alcompasrevista.com\\\/va\\\/archivos\\\/author\\\/vhj_webmaster\"}]}<\/script>\n<!-- \/ Yoast SEO plugin. -->","yoast_head_json":{"title":"Coneixem de prop els reptes d\u2019Arantxa Garc\u00eda Alcina, nova presidenta d\u2019Els Ports-Alt Maestrat - Revista Al Comp\u00e0s","description":"Coneixem de prop els reptes d\u2019Arantxa Garc\u00eda Alcina, nova presidenta d\u2019Els Ports-Alt Maestrat per a les Societats Musicals Valencianes","robots":{"index":"index","follow":"follow","max-snippet":"max-snippet:-1","max-image-preview":"max-image-preview:large","max-video-preview":"max-video-preview:-1"},"canonical":"https:\/\/alcompasrevista.com\/va\/archivos\/16587","og_locale":"en_US","og_type":"article","og_title":"Coneixem de prop els reptes d\u2019Arantxa Garc\u00eda Alcina, nova presidenta d\u2019Els Ports-Alt Maestrat - Revista Al Comp\u00e0s","og_description":"Coneixem de prop els reptes d\u2019Arantxa Garc\u00eda Alcina, nova presidenta d\u2019Els Ports-Alt Maestrat per a les Societats Musicals Valencianes","og_url":"https:\/\/alcompasrevista.com\/va\/archivos\/16587","og_site_name":"Revista Al Comp\u00e0s","article_published_time":"2023-08-09T15:51:21+00:00","article_modified_time":"2023-08-09T15:54:25+00:00","og_image":[{"width":1024,"height":682,"url":"https:\/\/alcompasrevista.com\/wp-content\/uploads\/2023\/08\/Arantxa.jpg","type":"image\/jpeg"}],"author":"Redacci\u00f3n","twitter_card":"summary_large_image","twitter_misc":{"Written by":"Redacci\u00f3","Est. reading time":"2 minutes"},"schema":{"@context":"https:\/\/schema.org","@graph":[{"@type":"Article","@id":"https:\/\/alcompasrevista.com\/va\/archivos\/16587#article","isPartOf":{"@id":"https:\/\/alcompasrevista.com\/va\/archivos\/16587"},"author":{"name":"Redacci\u00f3n","@id":"https:\/\/alcompasrevista.com\/#\/schema\/person\/c10652a34fa01d238ecd498d150347fc"},"headline":"Coneixem de prop els reptes d\u2019Arantxa Garc\u00eda Alcina, nova presidenta d\u2019Els Ports-Alt Maestrat","datePublished":"2023-08-09T15:51:21+00:00","dateModified":"2023-08-09T15:54:25+00:00","mainEntityOfPage":{"@id":"https:\/\/alcompasrevista.com\/va\/archivos\/16587"},"wordCount":450,"publisher":{"@id":"https:\/\/alcompasrevista.com\/#organization"},"image":{"@id":"https:\/\/alcompasrevista.com\/va\/archivos\/16587#primaryimage"},"thumbnailUrl":"https:\/\/alcompasrevista.com\/wp-content\/uploads\/2023\/08\/Arantxa.jpg","articleSection":["#Laterreta"],"inLanguage":"va"},{"@type":"WebPage","@id":"https:\/\/alcompasrevista.com\/va\/archivos\/16587","url":"https:\/\/alcompasrevista.com\/va\/archivos\/16587","name":"Coneixem de prop els reptes d\u2019Arantxa Garc\u00eda Alcina, nova presidenta d\u2019Els Ports-Alt Maestrat - Revista Al Comp\u00e0s","isPartOf":{"@id":"https:\/\/alcompasrevista.com\/#website"},"primaryImageOfPage":{"@id":"https:\/\/alcompasrevista.com\/va\/archivos\/16587#primaryimage"},"image":{"@id":"https:\/\/alcompasrevista.com\/va\/archivos\/16587#primaryimage"},"thumbnailUrl":"https:\/\/alcompasrevista.com\/wp-content\/uploads\/2023\/08\/Arantxa.jpg","datePublished":"2023-08-09T15:51:21+00:00","dateModified":"2023-08-09T15:54:25+00:00","description":"Coneixem de prop els reptes d\u2019Arantxa Garc\u00eda Alcina, nova presidenta d\u2019Els Ports-Alt Maestrat per a les Societats Musicals Valencianes","breadcrumb":{"@id":"https:\/\/alcompasrevista.com\/va\/archivos\/16587#breadcrumb"},"inLanguage":"va","potentialAction":[{"@type":"ReadAction","target":["https:\/\/alcompasrevista.com\/va\/archivos\/16587"]}]},{"@type":"ImageObject","inLanguage":"va","@id":"https:\/\/alcompasrevista.com\/va\/archivos\/16587#primaryimage","url":"https:\/\/alcompasrevista.com\/wp-content\/uploads\/2023\/08\/Arantxa.jpg","contentUrl":"https:\/\/alcompasrevista.com\/wp-content\/uploads\/2023\/08\/Arantxa.jpg","width":1024,"height":682},{"@type":"BreadcrumbList","@id":"https:\/\/alcompasrevista.com\/va\/archivos\/16587#breadcrumb","itemListElement":[{"@type":"ListItem","position":1,"name":"Portada","item":"https:\/\/alcompasrevista.com\/va"},{"@type":"ListItem","position":2,"name":"Coneixem de prop els reptes d\u2019Arantxa Garc\u00eda Alcina, nova presidenta d\u2019Els Ports-Alt Maestrat"}]},{"@type":"WebSite","@id":"https:\/\/alcompasrevista.com\/#website","url":"https:\/\/alcompasrevista.com\/","name":"Revista Al Comp\u00e0s","description":"Un proyecto de la Federaci\u00f3n de Sociedades Musicales de la Comunidad Valenciana","publisher":{"@id":"https:\/\/alcompasrevista.com\/#organization"},"potentialAction":[{"@type":"SearchAction","target":{"@type":"EntryPoint","urlTemplate":"https:\/\/alcompasrevista.com\/?s={search_term_string}"},"query-input":{"@type":"PropertyValueSpecification","valueRequired":true,"valueName":"search_term_string"}}],"inLanguage":"va"},{"@type":"Organization","@id":"https:\/\/alcompasrevista.com\/#organization","name":"Revista Al Comp\u00e0s","url":"https:\/\/alcompasrevista.com\/","logo":{"@type":"ImageObject","inLanguage":"va","@id":"https:\/\/alcompasrevista.com\/#\/schema\/logo\/image\/","url":"https:\/\/alcompasrevista.com\/wp-content\/uploads\/2022\/04\/cropped-loog_blanco.png","contentUrl":"https:\/\/alcompasrevista.com\/wp-content\/uploads\/2022\/04\/cropped-loog_blanco.png","width":1612,"height":724,"caption":"Revista Al Comp\u00e0s"},"image":{"@id":"https:\/\/alcompasrevista.com\/#\/schema\/logo\/image\/"}},{"@type":"Person","@id":"https:\/\/alcompasrevista.com\/#\/schema\/person\/c10652a34fa01d238ecd498d150347fc","name":"Redacci\u00f3n","image":{"@type":"ImageObject","inLanguage":"va","@id":"https:\/\/secure.gravatar.com\/avatar\/e6a6d0cd2ddec22e0ca7d21b7e49d4a0099fbdc1d476e5412893210bce942ce9?s=96&d=mm&r=g","url":"https:\/\/secure.gravatar.com\/avatar\/e6a6d0cd2ddec22e0ca7d21b7e49d4a0099fbdc1d476e5412893210bce942ce9?s=96&d=mm&r=g","contentUrl":"https:\/\/secure.gravatar.com\/avatar\/e6a6d0cd2ddec22e0ca7d21b7e49d4a0099fbdc1d476e5412893210bce942ce9?s=96&d=mm&r=g","caption":"Redacci\u00f3n"},"url":"https:\/\/alcompasrevista.com\/va\/archivos\/author\/vhj_webmaster"}]}},"_links":{"self":[{"href":"https:\/\/alcompasrevista.com\/va\/wp-json\/wp\/v2\/posts\/16587","targetHints":{"allow":["GET"]}}],"collection":[{"href":"https:\/\/alcompasrevista.com\/va\/wp-json\/wp\/v2\/posts"}],"about":[{"href":"https:\/\/alcompasrevista.com\/va\/wp-json\/wp\/v2\/types\/post"}],"author":[{"embeddable":true,"href":"https:\/\/alcompasrevista.com\/va\/wp-json\/wp\/v2\/users\/860002"}],"replies":[{"embeddable":true,"href":"https:\/\/alcompasrevista.com\/va\/wp-json\/wp\/v2\/comments?post=16587"}],"version-history":[{"count":0,"href":"https:\/\/alcompasrevista.com\/va\/wp-json\/wp\/v2\/posts\/16587\/revisions"}],"wp:featuredmedia":[{"embeddable":true,"href":"https:\/\/alcompasrevista.com\/va\/wp-json\/wp\/v2\/media\/16585"}],"wp:attachment":[{"href":"https:\/\/alcompasrevista.com\/va\/wp-json\/wp\/v2\/media?parent=16587"}],"wp:term":[{"taxonomy":"category","embeddable":true,"href":"https:\/\/alcompasrevista.com\/va\/wp-json\/wp\/v2\/categories?post=16587"},{"taxonomy":"post_tag","embeddable":true,"href":"https:\/\/alcompasrevista.com\/va\/wp-json\/wp\/v2\/tags?post=16587"},{"taxonomy":"portada","embeddable":true,"href":"https:\/\/alcompasrevista.com\/va\/wp-json\/wp\/v2\/portada?post=16587"}],"curies":[{"name":"wp","href":"https:\/\/api.w.org\/{rel}","templated":true}]}}