{"id":16534,"date":"2023-08-08T13:10:18","date_gmt":"2023-08-08T11:10:18","guid":{"rendered":"https:\/\/alcompasrevista.com\/archivos\/16534"},"modified":"2023-08-08T13:12:43","modified_gmt":"2023-08-08T11:12:43","slug":"ari-el-musico-que-llego-a-javea-desde-el-corazon-del-frio","status":"publish","type":"post","link":"https:\/\/alcompasrevista.com\/va\/archivos\/16534","title":{"rendered":"Ari, el m\u00fasic que va arribar a X\u00e0bia des del cor del fred"},"content":{"rendered":"\n<p>Ari P\u00e4iv\u00e4rinta t\u00e9 18 anys i \u00e9s de Finl\u00e0ndia, d&#8217;un poble molt m\u00e9s xicotet i fred que el dest\u00ed que li ha acollit durant vora un any. La seua llar \u00e9s Nivala i est\u00e0, segons ell conta amb humor, \u00aben el mig del no-res\u00bb. Des del cor de Finl\u00e0ndia a X\u00e0bia hi ha milers i milers de quil\u00f2metres, redu\u00efts a 0 gr\u00e0cies a la m\u00fasica. El president comarcal de FSMCV a la Marina Alta, Manuel Berenguer, va actuar de corresponsal d&#8217;Al Comp\u00e0s i va entrevistar el visitant m\u00e9s especial del Centre Art\u00edstic de X\u00e0bia durant la seua estada en la localitat.<\/p>\n\n\n\n<p><strong>Manuel Berenguer: Conta&#8217;ns: qu\u00e8 est\u00e0s fent ac\u00ed?<\/strong><\/p>\n\n\n\n<p>Ari P\u00e4iv\u00e4rinta: Estic fent un programa d&#8217;intercanvi juvenil, vivint en una casa espanyola, estudiant en un institut i vivint esta vida durant deu mesos.<\/p>\n\n\n\n<p><strong>MB: Per\u00f2, a m\u00e9s, eres m\u00fasic.<\/strong><\/p>\n\n\n\n<p>AP: S\u00ed! Estic estudiant m\u00fasica en el conservatori de la regi\u00f3 de Keski-Pohjanmaan (Ostrob\u00f2tnia Central). Vaig comen\u00e7ar amb el piano quan tenia 5 anys, per\u00f2 vaig canviar a la trompa als 12 anys.<\/p>\n\n\n\n<p><strong>MB: On toques al teu pa\u00eds: en una banda, orquestra o un altre tipus d&#8217;agrupaci\u00f3?<\/strong><\/p>\n\n\n\n<p>AP: Toque en la banda del meu poble i la banda del conservatori. El meu conservatori est\u00e0 una mica lluny, a 100 quil\u00f2metres de la meua casa. A vegades tamb\u00e9 toque amb l&#8217;orquestra de Ostrob\u00f2tnia Central, que \u00e9s una de les millors orquestres en el m\u00f3n. I al meu poble hi ha molts grups en els quals toque tamb\u00e9! Com soc un estudiant de conservatori, la meua agenda est\u00e0 plena de projectes i concerts de tot tipus.<\/p>\n\n\n\n<p><strong>MB: Sabies que la Comunitat Valenciana \u00e9s la terra de la m\u00fasica, coneixies el nostre moviment band\u00edstic?<\/strong><\/p>\n\n\n\n<p>AP: La veritat \u00e9s que no. Sabia que la cultura de les bandes i la m\u00fasica \u00e9s molt m\u00e9s gran que al meu pa\u00eds, per\u00f2 no tenia ni idea que fora una cosa aix\u00ed. \u00c9s incre\u00efble la quantitat de m\u00fasics que hi ha i quantes coses feu. La banda en la qual estic tocant ac\u00ed \u00e9s una gran fam\u00edlia i ser part d&#8217;aix\u00f2 no t\u00e9 preu, \u00e9s incre\u00efble.<\/p>\n\n\n\n<p><strong>MB: Has estat en el Centre Artistic Musical de X\u00e0bia. Com t&#8217;han acollit?<\/strong><\/p>\n\n\n\n<p>AP: M&#8217;han acollit s\u00faper b\u00e9! Tots els m\u00fasics s\u00f3n agradables. He fet molts nous amics! Per a mi \u00e9s una banda molt especial i sent molta gratitud cap a tots per acollir-me com un m\u00e9s. Nom\u00e9s tenia un problema i \u00e9s que a Finl\u00e0ndia no usem el sistema \u2018Do-Re-Mi-Fa\u2026\u2019, sin\u00f3 el \u2018CDEFGAH..\u2019. Eixe ha sigut l&#8217;\u00fanic \u201cproblema\u201d. Hahaha.<\/p>\n\n\n\n<p><strong>MB: Recomanaries esta experi\u00e8ncia a altres m\u00fasics del teu pa\u00eds?<\/strong><\/p>\n\n\n\n<p>AP: Clar que s\u00ed! Quant a la m\u00fasica aix\u00f2 \u00e9s un altre m\u00f3n i tindre una experi\u00e8ncia com esta obri els ulls no sols en la faceta musical, sin\u00f3 tamb\u00e9 en tots els aspectes de la vida. Per exemple, per a mi ha suposat moltes coses, he apr\u00e9s tant i he canviat molt com a persona. Un any d&#8217;intercanvi no \u00e9s f\u00e0cil, per\u00f2 paga la pena al cent per cent!<\/p>\n\n\n\n<figure class=\"wp-block-image size-large\"><img loading=\"lazy\" decoding=\"async\" width=\"1024\" height=\"576\" src=\"https:\/\/alcompasrevista.com\/wp-content\/uploads\/2023\/08\/Ari-grupo_horizontal-1-1024x576.jpg\" alt=\"\" class=\"wp-image-16531\" srcset=\"https:\/\/alcompasrevista.com\/wp-content\/uploads\/2023\/08\/Ari-grupo_horizontal-1-1024x576.jpg 1024w, https:\/\/alcompasrevista.com\/wp-content\/uploads\/2023\/08\/Ari-grupo_horizontal-1-300x169.jpg 300w, https:\/\/alcompasrevista.com\/wp-content\/uploads\/2023\/08\/Ari-grupo_horizontal-1-768x432.jpg 768w, https:\/\/alcompasrevista.com\/wp-content\/uploads\/2023\/08\/Ari-grupo_horizontal-1-1536x864.jpg 1536w, https:\/\/alcompasrevista.com\/wp-content\/uploads\/2023\/08\/Ari-grupo_horizontal-1.jpg 1920w\" sizes=\"auto, (max-width: 1024px) 100vw, 1024px\" \/><\/figure>\n","protected":false},"excerpt":{"rendered":"<p>Ari P\u00e4iv\u00e4rinta t\u00e9 18 anys i \u00e9s de Finl\u00e0ndia, d&#8217;un poble molt m\u00e9s xicotet i fred que el dest\u00ed que li ha acollit durant vora un any. La seua llar [&hellip;]<\/p>\n","protected":false},"author":860002,"featured_media":16530,"comment_status":"closed","ping_status":"closed","sticky":false,"template":"","format":"standard","meta":{"footnotes":""},"categories":[28],"tags":[],"portada":[],"class_list":["post-16534","post","type-post","status-publish","format-standard","has-post-thumbnail","hentry","category-laterreta-va"],"yoast_head":"<!-- This site is optimized with the Yoast SEO plugin v27.4 - https:\/\/yoast.com\/product\/yoast-seo-wordpress\/ -->\n<title>Ari, el m\u00fasic que va arribar a X\u00e0bia des del cor del fred - Revista Al Comp\u00e0s<\/title>\n<meta name=\"robots\" content=\"index, follow, max-snippet:-1, max-image-preview:large, max-video-preview:-1\" \/>\n<link rel=\"canonical\" href=\"https:\/\/alcompasrevista.com\/archivos\/16526\" \/>\n<meta property=\"og:locale\" content=\"en_US\" \/>\n<meta property=\"og:type\" content=\"article\" \/>\n<meta property=\"og:title\" content=\"Ari, el m\u00fasic que va arribar a X\u00e0bia des del cor del fred - Revista Al Comp\u00e0s\" \/>\n<meta property=\"og:description\" content=\"Ari P\u00e4iv\u00e4rinta t\u00e9 18 anys i \u00e9s de Finl\u00e0ndia, d&#8217;un poble molt m\u00e9s xicotet i fred que el dest\u00ed que li ha acollit durant vora un any. La seua llar [&hellip;]\" \/>\n<meta property=\"og:url\" content=\"https:\/\/alcompasrevista.com\/archivos\/16526\" \/>\n<meta property=\"og:site_name\" content=\"Revista Al Comp\u00e0s\" \/>\n<meta property=\"article:published_time\" content=\"2023-08-08T11:10:18+00:00\" \/>\n<meta property=\"article:modified_time\" content=\"2023-08-08T11:12:43+00:00\" \/>\n<meta property=\"og:image\" content=\"https:\/\/alcompasrevista.com\/wp-content\/uploads\/2023\/08\/Ari_horizontal.jpg\" \/>\n\t<meta property=\"og:image:width\" content=\"1920\" \/>\n\t<meta property=\"og:image:height\" content=\"1080\" \/>\n\t<meta property=\"og:image:type\" content=\"image\/jpeg\" \/>\n<meta name=\"author\" content=\"Redacci\u00f3n\" \/>\n<meta name=\"twitter:card\" content=\"summary_large_image\" \/>\n<meta name=\"twitter:label1\" content=\"Written by\" \/>\n\t<meta name=\"twitter:data1\" content=\"Redacci\u00f3\" \/>\n\t<meta name=\"twitter:label2\" content=\"Est. reading time\" \/>\n\t<meta name=\"twitter:data2\" content=\"3 minutes\" \/>\n<script type=\"application\/ld+json\" class=\"yoast-schema-graph\">{\"@context\":\"https:\\\/\\\/schema.org\",\"@graph\":[{\"@type\":\"Article\",\"@id\":\"https:\\\/\\\/alcompasrevista.com\\\/archivos\\\/16526#article\",\"isPartOf\":{\"@id\":\"https:\\\/\\\/alcompasrevista.com\\\/archivos\\\/16526\"},\"author\":{\"name\":\"Redacci\u00f3n\",\"@id\":\"https:\\\/\\\/alcompasrevista.com\\\/#\\\/schema\\\/person\\\/c10652a34fa01d238ecd498d150347fc\"},\"headline\":\"Ari, el m\u00fasic que va arribar a X\u00e0bia des del cor del fred\",\"datePublished\":\"2023-08-08T11:10:18+00:00\",\"dateModified\":\"2023-08-08T11:12:43+00:00\",\"mainEntityOfPage\":{\"@id\":\"https:\\\/\\\/alcompasrevista.com\\\/archivos\\\/16526\"},\"wordCount\":570,\"publisher\":{\"@id\":\"https:\\\/\\\/alcompasrevista.com\\\/#organization\"},\"image\":{\"@id\":\"https:\\\/\\\/alcompasrevista.com\\\/archivos\\\/16526#primaryimage\"},\"thumbnailUrl\":\"https:\\\/\\\/alcompasrevista.com\\\/wp-content\\\/uploads\\\/2023\\\/08\\\/Ari_horizontal.jpg\",\"articleSection\":[\"#Laterreta\"],\"inLanguage\":\"va\"},{\"@type\":\"WebPage\",\"@id\":\"https:\\\/\\\/alcompasrevista.com\\\/archivos\\\/16526\",\"url\":\"https:\\\/\\\/alcompasrevista.com\\\/archivos\\\/16526\",\"name\":\"Ari, el m\u00fasic que va arribar a X\u00e0bia des del cor del fred - Revista Al Comp\u00e0s\",\"isPartOf\":{\"@id\":\"https:\\\/\\\/alcompasrevista.com\\\/#website\"},\"primaryImageOfPage\":{\"@id\":\"https:\\\/\\\/alcompasrevista.com\\\/archivos\\\/16526#primaryimage\"},\"image\":{\"@id\":\"https:\\\/\\\/alcompasrevista.com\\\/archivos\\\/16526#primaryimage\"},\"thumbnailUrl\":\"https:\\\/\\\/alcompasrevista.com\\\/wp-content\\\/uploads\\\/2023\\\/08\\\/Ari_horizontal.jpg\",\"datePublished\":\"2023-08-08T11:10:18+00:00\",\"dateModified\":\"2023-08-08T11:12:43+00:00\",\"breadcrumb\":{\"@id\":\"https:\\\/\\\/alcompasrevista.com\\\/archivos\\\/16526#breadcrumb\"},\"inLanguage\":\"va\",\"potentialAction\":[{\"@type\":\"ReadAction\",\"target\":[\"https:\\\/\\\/alcompasrevista.com\\\/archivos\\\/16526\"]}]},{\"@type\":\"ImageObject\",\"inLanguage\":\"va\",\"@id\":\"https:\\\/\\\/alcompasrevista.com\\\/archivos\\\/16526#primaryimage\",\"url\":\"https:\\\/\\\/alcompasrevista.com\\\/wp-content\\\/uploads\\\/2023\\\/08\\\/Ari_horizontal.jpg\",\"contentUrl\":\"https:\\\/\\\/alcompasrevista.com\\\/wp-content\\\/uploads\\\/2023\\\/08\\\/Ari_horizontal.jpg\",\"width\":1920,\"height\":1080},{\"@type\":\"BreadcrumbList\",\"@id\":\"https:\\\/\\\/alcompasrevista.com\\\/archivos\\\/16526#breadcrumb\",\"itemListElement\":[{\"@type\":\"ListItem\",\"position\":1,\"name\":\"Portada\",\"item\":\"https:\\\/\\\/alcompasrevista.com\\\/va\"},{\"@type\":\"ListItem\",\"position\":2,\"name\":\"Ari, el m\u00fasic que va arribar a X\u00e0bia des del cor del fred\"}]},{\"@type\":\"WebSite\",\"@id\":\"https:\\\/\\\/alcompasrevista.com\\\/#website\",\"url\":\"https:\\\/\\\/alcompasrevista.com\\\/\",\"name\":\"Revista Al Comp\u00e0s\",\"description\":\"Un proyecto de la Federaci\u00f3n de Sociedades Musicales de la Comunidad Valenciana\",\"publisher\":{\"@id\":\"https:\\\/\\\/alcompasrevista.com\\\/#organization\"},\"potentialAction\":[{\"@type\":\"SearchAction\",\"target\":{\"@type\":\"EntryPoint\",\"urlTemplate\":\"https:\\\/\\\/alcompasrevista.com\\\/?s={search_term_string}\"},\"query-input\":{\"@type\":\"PropertyValueSpecification\",\"valueRequired\":true,\"valueName\":\"search_term_string\"}}],\"inLanguage\":\"va\"},{\"@type\":\"Organization\",\"@id\":\"https:\\\/\\\/alcompasrevista.com\\\/#organization\",\"name\":\"Revista Al Comp\u00e0s\",\"url\":\"https:\\\/\\\/alcompasrevista.com\\\/\",\"logo\":{\"@type\":\"ImageObject\",\"inLanguage\":\"va\",\"@id\":\"https:\\\/\\\/alcompasrevista.com\\\/#\\\/schema\\\/logo\\\/image\\\/\",\"url\":\"https:\\\/\\\/alcompasrevista.com\\\/wp-content\\\/uploads\\\/2022\\\/04\\\/cropped-loog_blanco.png\",\"contentUrl\":\"https:\\\/\\\/alcompasrevista.com\\\/wp-content\\\/uploads\\\/2022\\\/04\\\/cropped-loog_blanco.png\",\"width\":1612,\"height\":724,\"caption\":\"Revista Al Comp\u00e0s\"},\"image\":{\"@id\":\"https:\\\/\\\/alcompasrevista.com\\\/#\\\/schema\\\/logo\\\/image\\\/\"}},{\"@type\":\"Person\",\"@id\":\"https:\\\/\\\/alcompasrevista.com\\\/#\\\/schema\\\/person\\\/c10652a34fa01d238ecd498d150347fc\",\"name\":\"Redacci\u00f3n\",\"image\":{\"@type\":\"ImageObject\",\"inLanguage\":\"va\",\"@id\":\"https:\\\/\\\/secure.gravatar.com\\\/avatar\\\/e6a6d0cd2ddec22e0ca7d21b7e49d4a0099fbdc1d476e5412893210bce942ce9?s=96&d=mm&r=g\",\"url\":\"https:\\\/\\\/secure.gravatar.com\\\/avatar\\\/e6a6d0cd2ddec22e0ca7d21b7e49d4a0099fbdc1d476e5412893210bce942ce9?s=96&d=mm&r=g\",\"contentUrl\":\"https:\\\/\\\/secure.gravatar.com\\\/avatar\\\/e6a6d0cd2ddec22e0ca7d21b7e49d4a0099fbdc1d476e5412893210bce942ce9?s=96&d=mm&r=g\",\"caption\":\"Redacci\u00f3n\"},\"url\":\"https:\\\/\\\/alcompasrevista.com\\\/va\\\/archivos\\\/author\\\/vhj_webmaster\"}]}<\/script>\n<!-- \/ Yoast SEO plugin. -->","yoast_head_json":{"title":"Ari, el m\u00fasic que va arribar a X\u00e0bia des del cor del fred - Revista Al Comp\u00e0s","robots":{"index":"index","follow":"follow","max-snippet":"max-snippet:-1","max-image-preview":"max-image-preview:large","max-video-preview":"max-video-preview:-1"},"canonical":"https:\/\/alcompasrevista.com\/archivos\/16526","og_locale":"en_US","og_type":"article","og_title":"Ari, el m\u00fasic que va arribar a X\u00e0bia des del cor del fred - Revista Al Comp\u00e0s","og_description":"Ari P\u00e4iv\u00e4rinta t\u00e9 18 anys i \u00e9s de Finl\u00e0ndia, d&#8217;un poble molt m\u00e9s xicotet i fred que el dest\u00ed que li ha acollit durant vora un any. La seua llar [&hellip;]","og_url":"https:\/\/alcompasrevista.com\/archivos\/16526","og_site_name":"Revista Al Comp\u00e0s","article_published_time":"2023-08-08T11:10:18+00:00","article_modified_time":"2023-08-08T11:12:43+00:00","og_image":[{"width":1920,"height":1080,"url":"https:\/\/alcompasrevista.com\/wp-content\/uploads\/2023\/08\/Ari_horizontal.jpg","type":"image\/jpeg"}],"author":"Redacci\u00f3n","twitter_card":"summary_large_image","twitter_misc":{"Written by":"Redacci\u00f3","Est. reading time":"3 minutes"},"schema":{"@context":"https:\/\/schema.org","@graph":[{"@type":"Article","@id":"https:\/\/alcompasrevista.com\/archivos\/16526#article","isPartOf":{"@id":"https:\/\/alcompasrevista.com\/archivos\/16526"},"author":{"name":"Redacci\u00f3n","@id":"https:\/\/alcompasrevista.com\/#\/schema\/person\/c10652a34fa01d238ecd498d150347fc"},"headline":"Ari, el m\u00fasic que va arribar a X\u00e0bia des del cor del fred","datePublished":"2023-08-08T11:10:18+00:00","dateModified":"2023-08-08T11:12:43+00:00","mainEntityOfPage":{"@id":"https:\/\/alcompasrevista.com\/archivos\/16526"},"wordCount":570,"publisher":{"@id":"https:\/\/alcompasrevista.com\/#organization"},"image":{"@id":"https:\/\/alcompasrevista.com\/archivos\/16526#primaryimage"},"thumbnailUrl":"https:\/\/alcompasrevista.com\/wp-content\/uploads\/2023\/08\/Ari_horizontal.jpg","articleSection":["#Laterreta"],"inLanguage":"va"},{"@type":"WebPage","@id":"https:\/\/alcompasrevista.com\/archivos\/16526","url":"https:\/\/alcompasrevista.com\/archivos\/16526","name":"Ari, el m\u00fasic que va arribar a X\u00e0bia des del cor del fred - Revista Al Comp\u00e0s","isPartOf":{"@id":"https:\/\/alcompasrevista.com\/#website"},"primaryImageOfPage":{"@id":"https:\/\/alcompasrevista.com\/archivos\/16526#primaryimage"},"image":{"@id":"https:\/\/alcompasrevista.com\/archivos\/16526#primaryimage"},"thumbnailUrl":"https:\/\/alcompasrevista.com\/wp-content\/uploads\/2023\/08\/Ari_horizontal.jpg","datePublished":"2023-08-08T11:10:18+00:00","dateModified":"2023-08-08T11:12:43+00:00","breadcrumb":{"@id":"https:\/\/alcompasrevista.com\/archivos\/16526#breadcrumb"},"inLanguage":"va","potentialAction":[{"@type":"ReadAction","target":["https:\/\/alcompasrevista.com\/archivos\/16526"]}]},{"@type":"ImageObject","inLanguage":"va","@id":"https:\/\/alcompasrevista.com\/archivos\/16526#primaryimage","url":"https:\/\/alcompasrevista.com\/wp-content\/uploads\/2023\/08\/Ari_horizontal.jpg","contentUrl":"https:\/\/alcompasrevista.com\/wp-content\/uploads\/2023\/08\/Ari_horizontal.jpg","width":1920,"height":1080},{"@type":"BreadcrumbList","@id":"https:\/\/alcompasrevista.com\/archivos\/16526#breadcrumb","itemListElement":[{"@type":"ListItem","position":1,"name":"Portada","item":"https:\/\/alcompasrevista.com\/va"},{"@type":"ListItem","position":2,"name":"Ari, el m\u00fasic que va arribar a X\u00e0bia des del cor del fred"}]},{"@type":"WebSite","@id":"https:\/\/alcompasrevista.com\/#website","url":"https:\/\/alcompasrevista.com\/","name":"Revista Al Comp\u00e0s","description":"Un proyecto de la Federaci\u00f3n de Sociedades Musicales de la Comunidad Valenciana","publisher":{"@id":"https:\/\/alcompasrevista.com\/#organization"},"potentialAction":[{"@type":"SearchAction","target":{"@type":"EntryPoint","urlTemplate":"https:\/\/alcompasrevista.com\/?s={search_term_string}"},"query-input":{"@type":"PropertyValueSpecification","valueRequired":true,"valueName":"search_term_string"}}],"inLanguage":"va"},{"@type":"Organization","@id":"https:\/\/alcompasrevista.com\/#organization","name":"Revista Al Comp\u00e0s","url":"https:\/\/alcompasrevista.com\/","logo":{"@type":"ImageObject","inLanguage":"va","@id":"https:\/\/alcompasrevista.com\/#\/schema\/logo\/image\/","url":"https:\/\/alcompasrevista.com\/wp-content\/uploads\/2022\/04\/cropped-loog_blanco.png","contentUrl":"https:\/\/alcompasrevista.com\/wp-content\/uploads\/2022\/04\/cropped-loog_blanco.png","width":1612,"height":724,"caption":"Revista Al Comp\u00e0s"},"image":{"@id":"https:\/\/alcompasrevista.com\/#\/schema\/logo\/image\/"}},{"@type":"Person","@id":"https:\/\/alcompasrevista.com\/#\/schema\/person\/c10652a34fa01d238ecd498d150347fc","name":"Redacci\u00f3n","image":{"@type":"ImageObject","inLanguage":"va","@id":"https:\/\/secure.gravatar.com\/avatar\/e6a6d0cd2ddec22e0ca7d21b7e49d4a0099fbdc1d476e5412893210bce942ce9?s=96&d=mm&r=g","url":"https:\/\/secure.gravatar.com\/avatar\/e6a6d0cd2ddec22e0ca7d21b7e49d4a0099fbdc1d476e5412893210bce942ce9?s=96&d=mm&r=g","contentUrl":"https:\/\/secure.gravatar.com\/avatar\/e6a6d0cd2ddec22e0ca7d21b7e49d4a0099fbdc1d476e5412893210bce942ce9?s=96&d=mm&r=g","caption":"Redacci\u00f3n"},"url":"https:\/\/alcompasrevista.com\/va\/archivos\/author\/vhj_webmaster"}]}},"_links":{"self":[{"href":"https:\/\/alcompasrevista.com\/va\/wp-json\/wp\/v2\/posts\/16534","targetHints":{"allow":["GET"]}}],"collection":[{"href":"https:\/\/alcompasrevista.com\/va\/wp-json\/wp\/v2\/posts"}],"about":[{"href":"https:\/\/alcompasrevista.com\/va\/wp-json\/wp\/v2\/types\/post"}],"author":[{"embeddable":true,"href":"https:\/\/alcompasrevista.com\/va\/wp-json\/wp\/v2\/users\/860002"}],"replies":[{"embeddable":true,"href":"https:\/\/alcompasrevista.com\/va\/wp-json\/wp\/v2\/comments?post=16534"}],"version-history":[{"count":0,"href":"https:\/\/alcompasrevista.com\/va\/wp-json\/wp\/v2\/posts\/16534\/revisions"}],"wp:featuredmedia":[{"embeddable":true,"href":"https:\/\/alcompasrevista.com\/va\/wp-json\/wp\/v2\/media\/16530"}],"wp:attachment":[{"href":"https:\/\/alcompasrevista.com\/va\/wp-json\/wp\/v2\/media?parent=16534"}],"wp:term":[{"taxonomy":"category","embeddable":true,"href":"https:\/\/alcompasrevista.com\/va\/wp-json\/wp\/v2\/categories?post=16534"},{"taxonomy":"post_tag","embeddable":true,"href":"https:\/\/alcompasrevista.com\/va\/wp-json\/wp\/v2\/tags?post=16534"},{"taxonomy":"portada","embeddable":true,"href":"https:\/\/alcompasrevista.com\/va\/wp-json\/wp\/v2\/portada?post=16534"}],"curies":[{"name":"wp","href":"https:\/\/api.w.org\/{rel}","templated":true}]}}