{"id":16524,"date":"2023-08-04T12:48:53","date_gmt":"2023-08-04T10:48:53","guid":{"rendered":"https:\/\/alcompasrevista.com\/archivos\/16524"},"modified":"2023-08-29T13:21:36","modified_gmt":"2023-08-29T11:21:36","slug":"una-banda-de-dibuixos-animats-aixi-va-desfilar-lartistica-de-xiva-per-disneyland-paris","status":"publish","type":"post","link":"https:\/\/alcompasrevista.com\/va\/archivos\/16524","title":{"rendered":"Una banda de dibuixos animats: L&#8217;Art\u00edstica de Xiva desfila a Disneyland Par\u00eds"},"content":{"rendered":"\n<p>El mes de gener passat la directiva de la Sociedad Musical La Art\u00edstica de Chiva va rebre un comunicat de la direcci\u00f3 del parc Disneyland Par\u00eds informant-los que havien sigut seleccionats per a participar en el seu programa Disney Permorming Arts, responent a la sol\u00b7licitud que havia formulat la directiva.<\/p>\n\n\n\n<p>Este mes de juliol 76 m\u00fasics i 74 acompanyants van marxar a Fran\u00e7a, on van realitzar una primera parada en Poitiers i el seu parc Futuroscope. L&#8217;endem\u00e0 van continuar per la Vall del Loira, on van visitar el Castell de Chambord, abans d&#8217;arribar a Paris el mateix 14 de juliol, dia de la Festa Nacional al pa\u00eds gal. <\/p>\n\n\n\n<p>Finalment, el diumenge 16 de juliol l&#8217;expedici\u00f3 va arribar a Disneyland Paris, on van disfrutar de les atraccions i van realitzar la desfilada, transmesa en directe per les xarxes socials de la societat musical. <\/p>\n\n\n\n<p>Durant la desfilada, La Art\u00edstica de Chiva, encap\u00e7alada pel seu director Vicente Reche Ruiz, va interpretar obres com <em>Espa\u00f1a ca\u00f1\u00ed, El t\u00edo Ram\u00f3n, El torico de Chiva, Tercio de Quites <\/em>i<em> Paquito el Chocolatero. <\/em>Els aplaudiments del nombr\u00f3s p\u00fablic que omplia el parc no van decaure durant la desfilada que va rec\u00f3rrer tot el recinte. <\/p>\n\n\n\n<figure class=\"wp-block-image size-large is-resized\"><img loading=\"lazy\" decoding=\"async\" src=\"https:\/\/alcompasrevista.com\/wp-content\/uploads\/2023\/08\/Banda-en-Paris-Torre-Effiel-1024x768.jpg\" alt=\"\" class=\"wp-image-16519\" style=\"width:839px;height:629px\" width=\"839\" height=\"629\" srcset=\"https:\/\/alcompasrevista.com\/wp-content\/uploads\/2023\/08\/Banda-en-Paris-Torre-Effiel-1024x768.jpg 1024w, https:\/\/alcompasrevista.com\/wp-content\/uploads\/2023\/08\/Banda-en-Paris-Torre-Effiel-300x225.jpg 300w, https:\/\/alcompasrevista.com\/wp-content\/uploads\/2023\/08\/Banda-en-Paris-Torre-Effiel-768x576.jpg 768w, https:\/\/alcompasrevista.com\/wp-content\/uploads\/2023\/08\/Banda-en-Paris-Torre-Effiel-1536x1152.jpg 1536w, https:\/\/alcompasrevista.com\/wp-content\/uploads\/2023\/08\/Banda-en-Paris-Torre-Effiel.jpg 1600w\" sizes=\"auto, (max-width: 839px) 100vw, 839px\" \/><\/figure>\n","protected":false},"excerpt":{"rendered":"<p>El mes de gener passat la directiva de la Sociedad Musical La Art\u00edstica de Chiva va rebre un comunicat de la direcci\u00f3 del parc Disneyland Par\u00eds informant-los que havien sigut [&hellip;]<\/p>\n","protected":false},"author":860002,"featured_media":16522,"comment_status":"closed","ping_status":"closed","sticky":false,"template":"","format":"standard","meta":{"footnotes":""},"categories":[29],"tags":[],"portada":[],"class_list":["post-16524","post","type-post","status-publish","format-standard","has-post-thumbnail","hentry","category-noticies-va"],"yoast_head":"<!-- This site is optimized with the Yoast SEO plugin v27.4 - https:\/\/yoast.com\/product\/yoast-seo-wordpress\/ -->\n<title>Una banda de dibuixos animats: L&#039;Art\u00edstica de Xiva desfila a Disneyland Par\u00eds - Revista Al Comp\u00e0s<\/title>\n<meta name=\"robots\" content=\"index, follow, max-snippet:-1, max-image-preview:large, max-video-preview:-1\" \/>\n<link rel=\"canonical\" href=\"https:\/\/alcompasrevista.com\/archivos\/16504\" \/>\n<meta property=\"og:locale\" content=\"en_US\" \/>\n<meta property=\"og:type\" content=\"article\" \/>\n<meta property=\"og:title\" content=\"Una banda de dibuixos animats: L&#039;Art\u00edstica de Xiva desfila a Disneyland Par\u00eds - Revista Al Comp\u00e0s\" \/>\n<meta property=\"og:description\" content=\"El mes de gener passat la directiva de la Sociedad Musical La Art\u00edstica de Chiva va rebre un comunicat de la direcci\u00f3 del parc Disneyland Par\u00eds informant-los que havien sigut [&hellip;]\" \/>\n<meta property=\"og:url\" content=\"https:\/\/alcompasrevista.com\/archivos\/16504\" \/>\n<meta property=\"og:site_name\" content=\"Revista Al Comp\u00e0s\" \/>\n<meta property=\"article:published_time\" content=\"2023-08-04T10:48:53+00:00\" \/>\n<meta property=\"article:modified_time\" content=\"2023-08-29T11:21:36+00:00\" \/>\n<meta property=\"og:image\" content=\"https:\/\/alcompasrevista.com\/wp-content\/uploads\/2023\/08\/paris3.jpg\" \/>\n\t<meta property=\"og:image:width\" content=\"1920\" \/>\n\t<meta property=\"og:image:height\" content=\"1080\" \/>\n\t<meta property=\"og:image:type\" content=\"image\/jpeg\" \/>\n<meta name=\"author\" content=\"Redacci\u00f3n\" \/>\n<meta name=\"twitter:card\" content=\"summary_large_image\" \/>\n<meta name=\"twitter:label1\" content=\"Written by\" \/>\n\t<meta name=\"twitter:data1\" content=\"Redacci\u00f3\" \/>\n\t<meta name=\"twitter:label2\" content=\"Est. reading time\" \/>\n\t<meta name=\"twitter:data2\" content=\"2 minutes\" \/>\n<script type=\"application\/ld+json\" class=\"yoast-schema-graph\">{\"@context\":\"https:\\\/\\\/schema.org\",\"@graph\":[{\"@type\":\"Article\",\"@id\":\"https:\\\/\\\/alcompasrevista.com\\\/archivos\\\/16504#article\",\"isPartOf\":{\"@id\":\"https:\\\/\\\/alcompasrevista.com\\\/archivos\\\/16504\"},\"author\":{\"name\":\"Redacci\u00f3n\",\"@id\":\"https:\\\/\\\/alcompasrevista.com\\\/#\\\/schema\\\/person\\\/c10652a34fa01d238ecd498d150347fc\"},\"headline\":\"Una banda de dibuixos animats: L&#8217;Art\u00edstica de Xiva desfila a Disneyland Par\u00eds\",\"datePublished\":\"2023-08-04T10:48:53+00:00\",\"dateModified\":\"2023-08-29T11:21:36+00:00\",\"mainEntityOfPage\":{\"@id\":\"https:\\\/\\\/alcompasrevista.com\\\/archivos\\\/16504\"},\"wordCount\":225,\"publisher\":{\"@id\":\"https:\\\/\\\/alcompasrevista.com\\\/#organization\"},\"image\":{\"@id\":\"https:\\\/\\\/alcompasrevista.com\\\/archivos\\\/16504#primaryimage\"},\"thumbnailUrl\":\"https:\\\/\\\/alcompasrevista.com\\\/wp-content\\\/uploads\\\/2023\\\/08\\\/paris3.jpg\",\"articleSection\":[\"#Not\u00edcies\"],\"inLanguage\":\"va\"},{\"@type\":\"WebPage\",\"@id\":\"https:\\\/\\\/alcompasrevista.com\\\/archivos\\\/16504\",\"url\":\"https:\\\/\\\/alcompasrevista.com\\\/archivos\\\/16504\",\"name\":\"Una banda de dibuixos animats: L'Art\u00edstica de Xiva desfila a Disneyland Par\u00eds - Revista Al Comp\u00e0s\",\"isPartOf\":{\"@id\":\"https:\\\/\\\/alcompasrevista.com\\\/#website\"},\"primaryImageOfPage\":{\"@id\":\"https:\\\/\\\/alcompasrevista.com\\\/archivos\\\/16504#primaryimage\"},\"image\":{\"@id\":\"https:\\\/\\\/alcompasrevista.com\\\/archivos\\\/16504#primaryimage\"},\"thumbnailUrl\":\"https:\\\/\\\/alcompasrevista.com\\\/wp-content\\\/uploads\\\/2023\\\/08\\\/paris3.jpg\",\"datePublished\":\"2023-08-04T10:48:53+00:00\",\"dateModified\":\"2023-08-29T11:21:36+00:00\",\"breadcrumb\":{\"@id\":\"https:\\\/\\\/alcompasrevista.com\\\/archivos\\\/16504#breadcrumb\"},\"inLanguage\":\"va\",\"potentialAction\":[{\"@type\":\"ReadAction\",\"target\":[\"https:\\\/\\\/alcompasrevista.com\\\/archivos\\\/16504\"]}]},{\"@type\":\"ImageObject\",\"inLanguage\":\"va\",\"@id\":\"https:\\\/\\\/alcompasrevista.com\\\/archivos\\\/16504#primaryimage\",\"url\":\"https:\\\/\\\/alcompasrevista.com\\\/wp-content\\\/uploads\\\/2023\\\/08\\\/paris3.jpg\",\"contentUrl\":\"https:\\\/\\\/alcompasrevista.com\\\/wp-content\\\/uploads\\\/2023\\\/08\\\/paris3.jpg\",\"width\":1920,\"height\":1080},{\"@type\":\"BreadcrumbList\",\"@id\":\"https:\\\/\\\/alcompasrevista.com\\\/archivos\\\/16504#breadcrumb\",\"itemListElement\":[{\"@type\":\"ListItem\",\"position\":1,\"name\":\"Portada\",\"item\":\"https:\\\/\\\/alcompasrevista.com\\\/va\"},{\"@type\":\"ListItem\",\"position\":2,\"name\":\"Una banda de dibuixos animats: L&#8217;Art\u00edstica de Xiva desfila a Disneyland Par\u00eds\"}]},{\"@type\":\"WebSite\",\"@id\":\"https:\\\/\\\/alcompasrevista.com\\\/#website\",\"url\":\"https:\\\/\\\/alcompasrevista.com\\\/\",\"name\":\"Revista Al Comp\u00e0s\",\"description\":\"Un proyecto de la Federaci\u00f3n de Sociedades Musicales de la Comunidad Valenciana\",\"publisher\":{\"@id\":\"https:\\\/\\\/alcompasrevista.com\\\/#organization\"},\"potentialAction\":[{\"@type\":\"SearchAction\",\"target\":{\"@type\":\"EntryPoint\",\"urlTemplate\":\"https:\\\/\\\/alcompasrevista.com\\\/?s={search_term_string}\"},\"query-input\":{\"@type\":\"PropertyValueSpecification\",\"valueRequired\":true,\"valueName\":\"search_term_string\"}}],\"inLanguage\":\"va\"},{\"@type\":\"Organization\",\"@id\":\"https:\\\/\\\/alcompasrevista.com\\\/#organization\",\"name\":\"Revista Al Comp\u00e0s\",\"url\":\"https:\\\/\\\/alcompasrevista.com\\\/\",\"logo\":{\"@type\":\"ImageObject\",\"inLanguage\":\"va\",\"@id\":\"https:\\\/\\\/alcompasrevista.com\\\/#\\\/schema\\\/logo\\\/image\\\/\",\"url\":\"https:\\\/\\\/alcompasrevista.com\\\/wp-content\\\/uploads\\\/2022\\\/04\\\/cropped-loog_blanco.png\",\"contentUrl\":\"https:\\\/\\\/alcompasrevista.com\\\/wp-content\\\/uploads\\\/2022\\\/04\\\/cropped-loog_blanco.png\",\"width\":1612,\"height\":724,\"caption\":\"Revista Al Comp\u00e0s\"},\"image\":{\"@id\":\"https:\\\/\\\/alcompasrevista.com\\\/#\\\/schema\\\/logo\\\/image\\\/\"}},{\"@type\":\"Person\",\"@id\":\"https:\\\/\\\/alcompasrevista.com\\\/#\\\/schema\\\/person\\\/c10652a34fa01d238ecd498d150347fc\",\"name\":\"Redacci\u00f3n\",\"image\":{\"@type\":\"ImageObject\",\"inLanguage\":\"va\",\"@id\":\"https:\\\/\\\/secure.gravatar.com\\\/avatar\\\/e6a6d0cd2ddec22e0ca7d21b7e49d4a0099fbdc1d476e5412893210bce942ce9?s=96&d=mm&r=g\",\"url\":\"https:\\\/\\\/secure.gravatar.com\\\/avatar\\\/e6a6d0cd2ddec22e0ca7d21b7e49d4a0099fbdc1d476e5412893210bce942ce9?s=96&d=mm&r=g\",\"contentUrl\":\"https:\\\/\\\/secure.gravatar.com\\\/avatar\\\/e6a6d0cd2ddec22e0ca7d21b7e49d4a0099fbdc1d476e5412893210bce942ce9?s=96&d=mm&r=g\",\"caption\":\"Redacci\u00f3n\"},\"url\":\"https:\\\/\\\/alcompasrevista.com\\\/va\\\/archivos\\\/author\\\/vhj_webmaster\"}]}<\/script>\n<!-- \/ Yoast SEO plugin. -->","yoast_head_json":{"title":"Una banda de dibuixos animats: L'Art\u00edstica de Xiva desfila a Disneyland Par\u00eds - Revista Al Comp\u00e0s","robots":{"index":"index","follow":"follow","max-snippet":"max-snippet:-1","max-image-preview":"max-image-preview:large","max-video-preview":"max-video-preview:-1"},"canonical":"https:\/\/alcompasrevista.com\/archivos\/16504","og_locale":"en_US","og_type":"article","og_title":"Una banda de dibuixos animats: L'Art\u00edstica de Xiva desfila a Disneyland Par\u00eds - Revista Al Comp\u00e0s","og_description":"El mes de gener passat la directiva de la Sociedad Musical La Art\u00edstica de Chiva va rebre un comunicat de la direcci\u00f3 del parc Disneyland Par\u00eds informant-los que havien sigut [&hellip;]","og_url":"https:\/\/alcompasrevista.com\/archivos\/16504","og_site_name":"Revista Al Comp\u00e0s","article_published_time":"2023-08-04T10:48:53+00:00","article_modified_time":"2023-08-29T11:21:36+00:00","og_image":[{"width":1920,"height":1080,"url":"https:\/\/alcompasrevista.com\/wp-content\/uploads\/2023\/08\/paris3.jpg","type":"image\/jpeg"}],"author":"Redacci\u00f3n","twitter_card":"summary_large_image","twitter_misc":{"Written by":"Redacci\u00f3","Est. reading time":"2 minutes"},"schema":{"@context":"https:\/\/schema.org","@graph":[{"@type":"Article","@id":"https:\/\/alcompasrevista.com\/archivos\/16504#article","isPartOf":{"@id":"https:\/\/alcompasrevista.com\/archivos\/16504"},"author":{"name":"Redacci\u00f3n","@id":"https:\/\/alcompasrevista.com\/#\/schema\/person\/c10652a34fa01d238ecd498d150347fc"},"headline":"Una banda de dibuixos animats: L&#8217;Art\u00edstica de Xiva desfila a Disneyland Par\u00eds","datePublished":"2023-08-04T10:48:53+00:00","dateModified":"2023-08-29T11:21:36+00:00","mainEntityOfPage":{"@id":"https:\/\/alcompasrevista.com\/archivos\/16504"},"wordCount":225,"publisher":{"@id":"https:\/\/alcompasrevista.com\/#organization"},"image":{"@id":"https:\/\/alcompasrevista.com\/archivos\/16504#primaryimage"},"thumbnailUrl":"https:\/\/alcompasrevista.com\/wp-content\/uploads\/2023\/08\/paris3.jpg","articleSection":["#Not\u00edcies"],"inLanguage":"va"},{"@type":"WebPage","@id":"https:\/\/alcompasrevista.com\/archivos\/16504","url":"https:\/\/alcompasrevista.com\/archivos\/16504","name":"Una banda de dibuixos animats: L'Art\u00edstica de Xiva desfila a Disneyland Par\u00eds - Revista Al Comp\u00e0s","isPartOf":{"@id":"https:\/\/alcompasrevista.com\/#website"},"primaryImageOfPage":{"@id":"https:\/\/alcompasrevista.com\/archivos\/16504#primaryimage"},"image":{"@id":"https:\/\/alcompasrevista.com\/archivos\/16504#primaryimage"},"thumbnailUrl":"https:\/\/alcompasrevista.com\/wp-content\/uploads\/2023\/08\/paris3.jpg","datePublished":"2023-08-04T10:48:53+00:00","dateModified":"2023-08-29T11:21:36+00:00","breadcrumb":{"@id":"https:\/\/alcompasrevista.com\/archivos\/16504#breadcrumb"},"inLanguage":"va","potentialAction":[{"@type":"ReadAction","target":["https:\/\/alcompasrevista.com\/archivos\/16504"]}]},{"@type":"ImageObject","inLanguage":"va","@id":"https:\/\/alcompasrevista.com\/archivos\/16504#primaryimage","url":"https:\/\/alcompasrevista.com\/wp-content\/uploads\/2023\/08\/paris3.jpg","contentUrl":"https:\/\/alcompasrevista.com\/wp-content\/uploads\/2023\/08\/paris3.jpg","width":1920,"height":1080},{"@type":"BreadcrumbList","@id":"https:\/\/alcompasrevista.com\/archivos\/16504#breadcrumb","itemListElement":[{"@type":"ListItem","position":1,"name":"Portada","item":"https:\/\/alcompasrevista.com\/va"},{"@type":"ListItem","position":2,"name":"Una banda de dibuixos animats: L&#8217;Art\u00edstica de Xiva desfila a Disneyland Par\u00eds"}]},{"@type":"WebSite","@id":"https:\/\/alcompasrevista.com\/#website","url":"https:\/\/alcompasrevista.com\/","name":"Revista Al Comp\u00e0s","description":"Un proyecto de la Federaci\u00f3n de Sociedades Musicales de la Comunidad Valenciana","publisher":{"@id":"https:\/\/alcompasrevista.com\/#organization"},"potentialAction":[{"@type":"SearchAction","target":{"@type":"EntryPoint","urlTemplate":"https:\/\/alcompasrevista.com\/?s={search_term_string}"},"query-input":{"@type":"PropertyValueSpecification","valueRequired":true,"valueName":"search_term_string"}}],"inLanguage":"va"},{"@type":"Organization","@id":"https:\/\/alcompasrevista.com\/#organization","name":"Revista Al Comp\u00e0s","url":"https:\/\/alcompasrevista.com\/","logo":{"@type":"ImageObject","inLanguage":"va","@id":"https:\/\/alcompasrevista.com\/#\/schema\/logo\/image\/","url":"https:\/\/alcompasrevista.com\/wp-content\/uploads\/2022\/04\/cropped-loog_blanco.png","contentUrl":"https:\/\/alcompasrevista.com\/wp-content\/uploads\/2022\/04\/cropped-loog_blanco.png","width":1612,"height":724,"caption":"Revista Al Comp\u00e0s"},"image":{"@id":"https:\/\/alcompasrevista.com\/#\/schema\/logo\/image\/"}},{"@type":"Person","@id":"https:\/\/alcompasrevista.com\/#\/schema\/person\/c10652a34fa01d238ecd498d150347fc","name":"Redacci\u00f3n","image":{"@type":"ImageObject","inLanguage":"va","@id":"https:\/\/secure.gravatar.com\/avatar\/e6a6d0cd2ddec22e0ca7d21b7e49d4a0099fbdc1d476e5412893210bce942ce9?s=96&d=mm&r=g","url":"https:\/\/secure.gravatar.com\/avatar\/e6a6d0cd2ddec22e0ca7d21b7e49d4a0099fbdc1d476e5412893210bce942ce9?s=96&d=mm&r=g","contentUrl":"https:\/\/secure.gravatar.com\/avatar\/e6a6d0cd2ddec22e0ca7d21b7e49d4a0099fbdc1d476e5412893210bce942ce9?s=96&d=mm&r=g","caption":"Redacci\u00f3n"},"url":"https:\/\/alcompasrevista.com\/va\/archivos\/author\/vhj_webmaster"}]}},"_links":{"self":[{"href":"https:\/\/alcompasrevista.com\/va\/wp-json\/wp\/v2\/posts\/16524","targetHints":{"allow":["GET"]}}],"collection":[{"href":"https:\/\/alcompasrevista.com\/va\/wp-json\/wp\/v2\/posts"}],"about":[{"href":"https:\/\/alcompasrevista.com\/va\/wp-json\/wp\/v2\/types\/post"}],"author":[{"embeddable":true,"href":"https:\/\/alcompasrevista.com\/va\/wp-json\/wp\/v2\/users\/860002"}],"replies":[{"embeddable":true,"href":"https:\/\/alcompasrevista.com\/va\/wp-json\/wp\/v2\/comments?post=16524"}],"version-history":[{"count":0,"href":"https:\/\/alcompasrevista.com\/va\/wp-json\/wp\/v2\/posts\/16524\/revisions"}],"wp:featuredmedia":[{"embeddable":true,"href":"https:\/\/alcompasrevista.com\/va\/wp-json\/wp\/v2\/media\/16522"}],"wp:attachment":[{"href":"https:\/\/alcompasrevista.com\/va\/wp-json\/wp\/v2\/media?parent=16524"}],"wp:term":[{"taxonomy":"category","embeddable":true,"href":"https:\/\/alcompasrevista.com\/va\/wp-json\/wp\/v2\/categories?post=16524"},{"taxonomy":"post_tag","embeddable":true,"href":"https:\/\/alcompasrevista.com\/va\/wp-json\/wp\/v2\/tags?post=16524"},{"taxonomy":"portada","embeddable":true,"href":"https:\/\/alcompasrevista.com\/va\/wp-json\/wp\/v2\/portada?post=16524"}],"curies":[{"name":"wp","href":"https:\/\/api.w.org\/{rel}","templated":true}]}}