{"id":16450,"date":"2023-08-01T13:50:01","date_gmt":"2023-08-01T11:50:01","guid":{"rendered":"https:\/\/alcompasrevista.com\/archivos\/16450"},"modified":"2023-08-01T14:03:08","modified_gmt":"2023-08-01T12:03:08","slug":"sandra-monfort-y-la-banda-de-musica-como-memoria-intima","status":"publish","type":"post","link":"https:\/\/alcompasrevista.com\/va\/archivos\/16450","title":{"rendered":"Sandra Monfort i la banda de m\u00fasica com a mem\u00f2ria \u00edntima"},"content":{"rendered":"\n<p>Siga en solitari o com a part de Marala, Sandra Monfort ha esdevingut una de les m\u00fasiques m\u00e9s genu\u00efnes i interessants d\u2019una escena valenciana que no troba fronteres quan entona la primera nota. El piano i la guitarra marquen la seua vida, per\u00f2 \u00e9s el vent de la banda el que li porta al pati de la seua inf\u00e0ncia, del que mai se n\u2019ix.<\/p>\n\n\n\n<p><strong>Al Comp\u00e0s: Com es defineix Sandra Monfort com artista?<\/strong><\/p>\n\n\n\n<p>Sandra Monfort: Una tia llesta, xula i elegant. El meu <em>mood<\/em> art\u00edstic \u00e9s la can\u00e7\u00f3 popular, quotidiana, col\u00b7lectiva, el valenci\u00e0 de poble i la sensibilitat dels <em>millennials<\/em> travessada per les crisis i totes les seues cat\u00e0strofes emocionals derivades. Tamb\u00e9 per l\u2019auge del feminisme com a transformaci\u00f3 individual i global que ens han fet m\u00e9s capaces de torejar els obstacles amb esperit cr\u00edtic i garra, i amb l\u2019alegria com a arma protectora per a no fondre\u2019ns en el cam\u00ed.&nbsp;<\/p>\n\n\n\n<p><strong>AC: Ha tingut Sandra Monfort alguna relaci\u00f3 amb les bandes de m\u00fasica populars de la Comunitat Valenciana?<\/strong><\/p>\n\n\n\n<p>SM: Absolutament. La banda \u00e9s la matriu de les festes populars, que he apr\u00e9s a viure amb molt d\u2019amor i dol\u00e7or, ja que formen part del meu patrimoni personal: com el piment\u00f3 torrat, l\u2019orxata o la xarraeta amb ma <em>uela<\/em>, l\u2019arr\u00f2s al forn, les revetles d\u2019estiu, la paella dels dissabtes\u2026 Tot forma part d\u2019una nost\u00e0lgia \u00edntima i espiritual que vertebren la meua manera de relacionar-me amb el m\u00f3n i amb mi mateixa.&nbsp;<\/p>\n\n\n\n<p><strong>AC: Algun instrument que tocares de menuda?<\/strong><\/p>\n\n\n\n<p>SM: El piano i la guitarra sempre.<\/p>\n\n\n\n<figure class=\"wp-block-embed is-type-rich is-provider-spotify wp-block-embed-spotify wp-embed-aspect-21-9 wp-has-aspect-ratio\"><div class=\"wp-block-embed__wrapper\">\nhttps:\/\/open.spotify.com\/album\/6Nr44VT5aMzSQYIQcVzX7w?si=KPoReyp_SEaGexIdfHl78w\n<\/div><\/figure>\n\n\n\n<p><strong>AC: De quina comarca eres? Quines can\u00e7ons d\u2019all\u00ed s\u00f3n m\u00e9s especials per a tu?<\/strong><\/p>\n\n\n\n<p>SM: De la Marina Alta. <em>Pepe tono<\/em>, <em>La manta al coll<\/em>, <em>De Pedreguer a la Xara<\/em>, <em>Ramonet si vas a l\u2019hort<\/em>\u2026&nbsp;<\/p>\n\n\n\n<p><strong>AC: Quins instruments sonen als teus concerts?<\/strong><\/p>\n\n\n\n<p>SM: Viol\u00ed, guitarra, veus, sintetitzadors, bateria electr\u00f2nica, samplers\u2026&nbsp;<\/p>\n\n\n\n<p><strong>AC: De quina manera creus que la tradici\u00f3 musical impacta en la identitat valenciana?<\/strong><\/p>\n\n\n\n<p>SM: Pense que la identitat valenciana i la tradici\u00f3 musical s\u2019interpel\u00b7len i interrelacionen. La manera d\u2019expressar-se dels valencians i les valencianes, a voltes a trav\u00e9s de la burla, l\u2019humor, la ironia, el <em>garrulisme<\/em>, tamb\u00e9 la sensibilitat, la dol\u00e7or, la tendresa. El valenci\u00e0 sempre ha format part del poble, de la classe treballadora, d\u2019acatxar el llom. Aix\u00f2 tamb\u00e9 interv\u00e9 en la cultura popular: els pasdobles, les colles de traginers, les albaes, els cants de batre, les can\u00e7ons de bressol, la saeta, el bolero\u2026 Tot aix\u00f2 representa la identitat valenciana alhora mullada per les diferents conflu\u00e8ncies culturals ve\u00efnes que s\u2019han mesclat durant els anys i l\u2019han anat fent rica i saborosa.&nbsp;<\/p>\n\n\n\n<p><strong>AC: Si fas alguna col\u00b7laboraci\u00f3 amb una societat musical, com t\u2019agradaria que fora?&nbsp;<\/strong><\/p>\n\n\n\n<p>SM: M\u2019encantaria fer algun dia un concert amb la banda del meu poble, al meu poble.<\/p>\n\n\n\n<figure class=\"wp-block-embed is-type-rich is-provider-spotify wp-block-embed-spotify wp-embed-aspect-21-9 wp-has-aspect-ratio\"><div class=\"wp-block-embed__wrapper\">\nhttps:\/\/open.spotify.com\/album\/7yOHieuX0KQGdoPUxwsWXd?si=H6Q-JSkUSgSrlU2k20GarA\n<\/div><\/figure>\n","protected":false},"excerpt":{"rendered":"<p>Siga en solitari o com a part de Marala, Sandra Monfort ha esdevingut una de les m\u00fasiques m\u00e9s genu\u00efnes i interessants d\u2019una escena valenciana que no troba fronteres quan entona [&hellip;]<\/p>\n","protected":false},"author":860002,"featured_media":16448,"comment_status":"closed","ping_status":"closed","sticky":true,"template":"","format":"standard","meta":{"footnotes":""},"categories":[30],"tags":[933,35],"portada":[932,40],"class_list":["post-16450","post","type-post","status-publish","format-standard","has-post-thumbnail","hentry","category-qui-es-qui","tag-portada-va-2","tag-portada-va","portada-portada-3","portada-portada"],"yoast_head":"<!-- This site is optimized with the Yoast SEO plugin v27.4 - https:\/\/yoast.com\/product\/yoast-seo-wordpress\/ -->\n<title>Sandra Monfort i la banda de m\u00fasica com a mem\u00f2ria \u00edntima - Revista Al Comp\u00e0s<\/title>\n<meta name=\"description\" content=\"Sea en solitario o como parte de Marala, Sandra Monfort se ha convertido en una de las m\u00fasicas m\u00e1s genuinas e interesantes de una escena valenciana. El viento de la sociedad musical le lleva al patio de su infancia.\" \/>\n<meta name=\"robots\" content=\"index, follow, max-snippet:-1, max-image-preview:large, max-video-preview:-1\" \/>\n<link rel=\"canonical\" href=\"https:\/\/alcompasrevista.com\/va\/archivos\/16450\" \/>\n<meta property=\"og:locale\" content=\"en_US\" \/>\n<meta property=\"og:type\" content=\"article\" \/>\n<meta property=\"og:title\" content=\"Sandra Monfort i la banda de m\u00fasica com a mem\u00f2ria \u00edntima - Revista Al Comp\u00e0s\" \/>\n<meta property=\"og:description\" content=\"Sea en solitario o como parte de Marala, Sandra Monfort se ha convertido en una de las m\u00fasicas m\u00e1s genuinas e interesantes de una escena valenciana. El viento de la sociedad musical le lleva al patio de su infancia.\" \/>\n<meta property=\"og:url\" content=\"https:\/\/alcompasrevista.com\/va\/archivos\/16450\" \/>\n<meta property=\"og:site_name\" content=\"Revista Al Comp\u00e0s\" \/>\n<meta property=\"article:published_time\" content=\"2023-08-01T11:50:01+00:00\" \/>\n<meta property=\"article:modified_time\" content=\"2023-08-01T12:03:08+00:00\" \/>\n<meta property=\"og:image\" content=\"https:\/\/alcompasrevista.com\/wp-content\/uploads\/2023\/08\/Monfort_horizontal.jpg\" \/>\n\t<meta property=\"og:image:width\" content=\"1920\" \/>\n\t<meta property=\"og:image:height\" content=\"1080\" \/>\n\t<meta property=\"og:image:type\" content=\"image\/jpeg\" \/>\n<meta name=\"author\" content=\"Redacci\u00f3n\" \/>\n<meta name=\"twitter:card\" content=\"summary_large_image\" \/>\n<meta name=\"twitter:label1\" content=\"Written by\" \/>\n\t<meta name=\"twitter:data1\" content=\"Redacci\u00f3\" \/>\n\t<meta name=\"twitter:label2\" content=\"Est. reading time\" \/>\n\t<meta name=\"twitter:data2\" content=\"3 minutes\" \/>\n<script type=\"application\/ld+json\" class=\"yoast-schema-graph\">{\"@context\":\"https:\\\/\\\/schema.org\",\"@graph\":[{\"@type\":\"Article\",\"@id\":\"https:\\\/\\\/alcompasrevista.com\\\/va\\\/archivos\\\/16450#article\",\"isPartOf\":{\"@id\":\"https:\\\/\\\/alcompasrevista.com\\\/va\\\/archivos\\\/16450\"},\"author\":{\"name\":\"Redacci\u00f3n\",\"@id\":\"https:\\\/\\\/alcompasrevista.com\\\/#\\\/schema\\\/person\\\/c10652a34fa01d238ecd498d150347fc\"},\"headline\":\"Sandra Monfort i la banda de m\u00fasica com a mem\u00f2ria \u00edntima\",\"datePublished\":\"2023-08-01T11:50:01+00:00\",\"dateModified\":\"2023-08-01T12:03:08+00:00\",\"mainEntityOfPage\":{\"@id\":\"https:\\\/\\\/alcompasrevista.com\\\/va\\\/archivos\\\/16450\"},\"wordCount\":547,\"publisher\":{\"@id\":\"https:\\\/\\\/alcompasrevista.com\\\/#organization\"},\"image\":{\"@id\":\"https:\\\/\\\/alcompasrevista.com\\\/va\\\/archivos\\\/16450#primaryimage\"},\"thumbnailUrl\":\"https:\\\/\\\/alcompasrevista.com\\\/wp-content\\\/uploads\\\/2023\\\/08\\\/Monfort_horizontal.jpg\",\"keywords\":[\"#Portada\",\"Portada\"],\"articleSection\":[\"#Qui\u00e9squi\"],\"inLanguage\":\"va\"},{\"@type\":\"WebPage\",\"@id\":\"https:\\\/\\\/alcompasrevista.com\\\/va\\\/archivos\\\/16450\",\"url\":\"https:\\\/\\\/alcompasrevista.com\\\/va\\\/archivos\\\/16450\",\"name\":\"Sandra Monfort i la banda de m\u00fasica com a mem\u00f2ria \u00edntima - Revista Al Comp\u00e0s\",\"isPartOf\":{\"@id\":\"https:\\\/\\\/alcompasrevista.com\\\/#website\"},\"primaryImageOfPage\":{\"@id\":\"https:\\\/\\\/alcompasrevista.com\\\/va\\\/archivos\\\/16450#primaryimage\"},\"image\":{\"@id\":\"https:\\\/\\\/alcompasrevista.com\\\/va\\\/archivos\\\/16450#primaryimage\"},\"thumbnailUrl\":\"https:\\\/\\\/alcompasrevista.com\\\/wp-content\\\/uploads\\\/2023\\\/08\\\/Monfort_horizontal.jpg\",\"datePublished\":\"2023-08-01T11:50:01+00:00\",\"dateModified\":\"2023-08-01T12:03:08+00:00\",\"description\":\"Sea en solitario o como parte de Marala, Sandra Monfort se ha convertido en una de las m\u00fasicas m\u00e1s genuinas e interesantes de una escena valenciana. El viento de la sociedad musical le lleva al patio de su infancia.\",\"breadcrumb\":{\"@id\":\"https:\\\/\\\/alcompasrevista.com\\\/va\\\/archivos\\\/16450#breadcrumb\"},\"inLanguage\":\"va\",\"potentialAction\":[{\"@type\":\"ReadAction\",\"target\":[\"https:\\\/\\\/alcompasrevista.com\\\/va\\\/archivos\\\/16450\"]}]},{\"@type\":\"ImageObject\",\"inLanguage\":\"va\",\"@id\":\"https:\\\/\\\/alcompasrevista.com\\\/va\\\/archivos\\\/16450#primaryimage\",\"url\":\"https:\\\/\\\/alcompasrevista.com\\\/wp-content\\\/uploads\\\/2023\\\/08\\\/Monfort_horizontal.jpg\",\"contentUrl\":\"https:\\\/\\\/alcompasrevista.com\\\/wp-content\\\/uploads\\\/2023\\\/08\\\/Monfort_horizontal.jpg\",\"width\":1920,\"height\":1080},{\"@type\":\"BreadcrumbList\",\"@id\":\"https:\\\/\\\/alcompasrevista.com\\\/va\\\/archivos\\\/16450#breadcrumb\",\"itemListElement\":[{\"@type\":\"ListItem\",\"position\":1,\"name\":\"Portada\",\"item\":\"https:\\\/\\\/alcompasrevista.com\\\/va\"},{\"@type\":\"ListItem\",\"position\":2,\"name\":\"Sandra Monfort i la banda de m\u00fasica com a mem\u00f2ria \u00edntima\"}]},{\"@type\":\"WebSite\",\"@id\":\"https:\\\/\\\/alcompasrevista.com\\\/#website\",\"url\":\"https:\\\/\\\/alcompasrevista.com\\\/\",\"name\":\"Revista Al Comp\u00e0s\",\"description\":\"Un proyecto de la Federaci\u00f3n de Sociedades Musicales de la Comunidad Valenciana\",\"publisher\":{\"@id\":\"https:\\\/\\\/alcompasrevista.com\\\/#organization\"},\"potentialAction\":[{\"@type\":\"SearchAction\",\"target\":{\"@type\":\"EntryPoint\",\"urlTemplate\":\"https:\\\/\\\/alcompasrevista.com\\\/?s={search_term_string}\"},\"query-input\":{\"@type\":\"PropertyValueSpecification\",\"valueRequired\":true,\"valueName\":\"search_term_string\"}}],\"inLanguage\":\"va\"},{\"@type\":\"Organization\",\"@id\":\"https:\\\/\\\/alcompasrevista.com\\\/#organization\",\"name\":\"Revista Al Comp\u00e0s\",\"url\":\"https:\\\/\\\/alcompasrevista.com\\\/\",\"logo\":{\"@type\":\"ImageObject\",\"inLanguage\":\"va\",\"@id\":\"https:\\\/\\\/alcompasrevista.com\\\/#\\\/schema\\\/logo\\\/image\\\/\",\"url\":\"https:\\\/\\\/alcompasrevista.com\\\/wp-content\\\/uploads\\\/2022\\\/04\\\/cropped-loog_blanco.png\",\"contentUrl\":\"https:\\\/\\\/alcompasrevista.com\\\/wp-content\\\/uploads\\\/2022\\\/04\\\/cropped-loog_blanco.png\",\"width\":1612,\"height\":724,\"caption\":\"Revista Al Comp\u00e0s\"},\"image\":{\"@id\":\"https:\\\/\\\/alcompasrevista.com\\\/#\\\/schema\\\/logo\\\/image\\\/\"}},{\"@type\":\"Person\",\"@id\":\"https:\\\/\\\/alcompasrevista.com\\\/#\\\/schema\\\/person\\\/c10652a34fa01d238ecd498d150347fc\",\"name\":\"Redacci\u00f3n\",\"image\":{\"@type\":\"ImageObject\",\"inLanguage\":\"va\",\"@id\":\"https:\\\/\\\/secure.gravatar.com\\\/avatar\\\/e6a6d0cd2ddec22e0ca7d21b7e49d4a0099fbdc1d476e5412893210bce942ce9?s=96&d=mm&r=g\",\"url\":\"https:\\\/\\\/secure.gravatar.com\\\/avatar\\\/e6a6d0cd2ddec22e0ca7d21b7e49d4a0099fbdc1d476e5412893210bce942ce9?s=96&d=mm&r=g\",\"contentUrl\":\"https:\\\/\\\/secure.gravatar.com\\\/avatar\\\/e6a6d0cd2ddec22e0ca7d21b7e49d4a0099fbdc1d476e5412893210bce942ce9?s=96&d=mm&r=g\",\"caption\":\"Redacci\u00f3n\"},\"url\":\"https:\\\/\\\/alcompasrevista.com\\\/va\\\/archivos\\\/author\\\/vhj_webmaster\"}]}<\/script>\n<!-- \/ Yoast SEO plugin. -->","yoast_head_json":{"title":"Sandra Monfort i la banda de m\u00fasica com a mem\u00f2ria \u00edntima - Revista Al Comp\u00e0s","description":"Sea en solitario o como parte de Marala, Sandra Monfort se ha convertido en una de las m\u00fasicas m\u00e1s genuinas e interesantes de una escena valenciana. El viento de la sociedad musical le lleva al patio de su infancia.","robots":{"index":"index","follow":"follow","max-snippet":"max-snippet:-1","max-image-preview":"max-image-preview:large","max-video-preview":"max-video-preview:-1"},"canonical":"https:\/\/alcompasrevista.com\/va\/archivos\/16450","og_locale":"en_US","og_type":"article","og_title":"Sandra Monfort i la banda de m\u00fasica com a mem\u00f2ria \u00edntima - Revista Al Comp\u00e0s","og_description":"Sea en solitario o como parte de Marala, Sandra Monfort se ha convertido en una de las m\u00fasicas m\u00e1s genuinas e interesantes de una escena valenciana. El viento de la sociedad musical le lleva al patio de su infancia.","og_url":"https:\/\/alcompasrevista.com\/va\/archivos\/16450","og_site_name":"Revista Al Comp\u00e0s","article_published_time":"2023-08-01T11:50:01+00:00","article_modified_time":"2023-08-01T12:03:08+00:00","og_image":[{"width":1920,"height":1080,"url":"https:\/\/alcompasrevista.com\/wp-content\/uploads\/2023\/08\/Monfort_horizontal.jpg","type":"image\/jpeg"}],"author":"Redacci\u00f3n","twitter_card":"summary_large_image","twitter_misc":{"Written by":"Redacci\u00f3","Est. reading time":"3 minutes"},"schema":{"@context":"https:\/\/schema.org","@graph":[{"@type":"Article","@id":"https:\/\/alcompasrevista.com\/va\/archivos\/16450#article","isPartOf":{"@id":"https:\/\/alcompasrevista.com\/va\/archivos\/16450"},"author":{"name":"Redacci\u00f3n","@id":"https:\/\/alcompasrevista.com\/#\/schema\/person\/c10652a34fa01d238ecd498d150347fc"},"headline":"Sandra Monfort i la banda de m\u00fasica com a mem\u00f2ria \u00edntima","datePublished":"2023-08-01T11:50:01+00:00","dateModified":"2023-08-01T12:03:08+00:00","mainEntityOfPage":{"@id":"https:\/\/alcompasrevista.com\/va\/archivos\/16450"},"wordCount":547,"publisher":{"@id":"https:\/\/alcompasrevista.com\/#organization"},"image":{"@id":"https:\/\/alcompasrevista.com\/va\/archivos\/16450#primaryimage"},"thumbnailUrl":"https:\/\/alcompasrevista.com\/wp-content\/uploads\/2023\/08\/Monfort_horizontal.jpg","keywords":["#Portada","Portada"],"articleSection":["#Qui\u00e9squi"],"inLanguage":"va"},{"@type":"WebPage","@id":"https:\/\/alcompasrevista.com\/va\/archivos\/16450","url":"https:\/\/alcompasrevista.com\/va\/archivos\/16450","name":"Sandra Monfort i la banda de m\u00fasica com a mem\u00f2ria \u00edntima - Revista Al Comp\u00e0s","isPartOf":{"@id":"https:\/\/alcompasrevista.com\/#website"},"primaryImageOfPage":{"@id":"https:\/\/alcompasrevista.com\/va\/archivos\/16450#primaryimage"},"image":{"@id":"https:\/\/alcompasrevista.com\/va\/archivos\/16450#primaryimage"},"thumbnailUrl":"https:\/\/alcompasrevista.com\/wp-content\/uploads\/2023\/08\/Monfort_horizontal.jpg","datePublished":"2023-08-01T11:50:01+00:00","dateModified":"2023-08-01T12:03:08+00:00","description":"Sea en solitario o como parte de Marala, Sandra Monfort se ha convertido en una de las m\u00fasicas m\u00e1s genuinas e interesantes de una escena valenciana. El viento de la sociedad musical le lleva al patio de su infancia.","breadcrumb":{"@id":"https:\/\/alcompasrevista.com\/va\/archivos\/16450#breadcrumb"},"inLanguage":"va","potentialAction":[{"@type":"ReadAction","target":["https:\/\/alcompasrevista.com\/va\/archivos\/16450"]}]},{"@type":"ImageObject","inLanguage":"va","@id":"https:\/\/alcompasrevista.com\/va\/archivos\/16450#primaryimage","url":"https:\/\/alcompasrevista.com\/wp-content\/uploads\/2023\/08\/Monfort_horizontal.jpg","contentUrl":"https:\/\/alcompasrevista.com\/wp-content\/uploads\/2023\/08\/Monfort_horizontal.jpg","width":1920,"height":1080},{"@type":"BreadcrumbList","@id":"https:\/\/alcompasrevista.com\/va\/archivos\/16450#breadcrumb","itemListElement":[{"@type":"ListItem","position":1,"name":"Portada","item":"https:\/\/alcompasrevista.com\/va"},{"@type":"ListItem","position":2,"name":"Sandra Monfort i la banda de m\u00fasica com a mem\u00f2ria \u00edntima"}]},{"@type":"WebSite","@id":"https:\/\/alcompasrevista.com\/#website","url":"https:\/\/alcompasrevista.com\/","name":"Revista Al Comp\u00e0s","description":"Un proyecto de la Federaci\u00f3n de Sociedades Musicales de la Comunidad Valenciana","publisher":{"@id":"https:\/\/alcompasrevista.com\/#organization"},"potentialAction":[{"@type":"SearchAction","target":{"@type":"EntryPoint","urlTemplate":"https:\/\/alcompasrevista.com\/?s={search_term_string}"},"query-input":{"@type":"PropertyValueSpecification","valueRequired":true,"valueName":"search_term_string"}}],"inLanguage":"va"},{"@type":"Organization","@id":"https:\/\/alcompasrevista.com\/#organization","name":"Revista Al Comp\u00e0s","url":"https:\/\/alcompasrevista.com\/","logo":{"@type":"ImageObject","inLanguage":"va","@id":"https:\/\/alcompasrevista.com\/#\/schema\/logo\/image\/","url":"https:\/\/alcompasrevista.com\/wp-content\/uploads\/2022\/04\/cropped-loog_blanco.png","contentUrl":"https:\/\/alcompasrevista.com\/wp-content\/uploads\/2022\/04\/cropped-loog_blanco.png","width":1612,"height":724,"caption":"Revista Al Comp\u00e0s"},"image":{"@id":"https:\/\/alcompasrevista.com\/#\/schema\/logo\/image\/"}},{"@type":"Person","@id":"https:\/\/alcompasrevista.com\/#\/schema\/person\/c10652a34fa01d238ecd498d150347fc","name":"Redacci\u00f3n","image":{"@type":"ImageObject","inLanguage":"va","@id":"https:\/\/secure.gravatar.com\/avatar\/e6a6d0cd2ddec22e0ca7d21b7e49d4a0099fbdc1d476e5412893210bce942ce9?s=96&d=mm&r=g","url":"https:\/\/secure.gravatar.com\/avatar\/e6a6d0cd2ddec22e0ca7d21b7e49d4a0099fbdc1d476e5412893210bce942ce9?s=96&d=mm&r=g","contentUrl":"https:\/\/secure.gravatar.com\/avatar\/e6a6d0cd2ddec22e0ca7d21b7e49d4a0099fbdc1d476e5412893210bce942ce9?s=96&d=mm&r=g","caption":"Redacci\u00f3n"},"url":"https:\/\/alcompasrevista.com\/va\/archivos\/author\/vhj_webmaster"}]}},"_links":{"self":[{"href":"https:\/\/alcompasrevista.com\/va\/wp-json\/wp\/v2\/posts\/16450","targetHints":{"allow":["GET"]}}],"collection":[{"href":"https:\/\/alcompasrevista.com\/va\/wp-json\/wp\/v2\/posts"}],"about":[{"href":"https:\/\/alcompasrevista.com\/va\/wp-json\/wp\/v2\/types\/post"}],"author":[{"embeddable":true,"href":"https:\/\/alcompasrevista.com\/va\/wp-json\/wp\/v2\/users\/860002"}],"replies":[{"embeddable":true,"href":"https:\/\/alcompasrevista.com\/va\/wp-json\/wp\/v2\/comments?post=16450"}],"version-history":[{"count":0,"href":"https:\/\/alcompasrevista.com\/va\/wp-json\/wp\/v2\/posts\/16450\/revisions"}],"wp:featuredmedia":[{"embeddable":true,"href":"https:\/\/alcompasrevista.com\/va\/wp-json\/wp\/v2\/media\/16448"}],"wp:attachment":[{"href":"https:\/\/alcompasrevista.com\/va\/wp-json\/wp\/v2\/media?parent=16450"}],"wp:term":[{"taxonomy":"category","embeddable":true,"href":"https:\/\/alcompasrevista.com\/va\/wp-json\/wp\/v2\/categories?post=16450"},{"taxonomy":"post_tag","embeddable":true,"href":"https:\/\/alcompasrevista.com\/va\/wp-json\/wp\/v2\/tags?post=16450"},{"taxonomy":"portada","embeddable":true,"href":"https:\/\/alcompasrevista.com\/va\/wp-json\/wp\/v2\/portada?post=16450"}],"curies":[{"name":"wp","href":"https:\/\/api.w.org\/{rel}","templated":true}]}}