{"id":16377,"date":"2023-07-25T17:07:09","date_gmt":"2023-07-25T15:07:09","guid":{"rendered":"https:\/\/alcompasrevista.com\/archivos\/16377"},"modified":"2023-07-25T17:11:19","modified_gmt":"2023-07-25T15:11:19","slug":"a-fondo-con-la-plana-alta-a-traves-de-su-presidente-comarcal-martin-llorens","status":"publish","type":"post","link":"https:\/\/alcompasrevista.com\/va\/archivos\/16377","title":{"rendered":"A fons amb la Plana Alta a trav\u00e9s del seu president comarcal Mart\u00edn Llorens"},"content":{"rendered":"\n<p>El president de la demarcaci\u00f3 de la Plana Alta \u2013dins de l&#8217;organigrama de FSMCV\u2013 ens explica com ell es va connectar amb les societats musicals i, alhora, com el col\u00b7lectiu ha posat i continua posant banda sonora a una comarca tan sorprenent com plena de matisos.&nbsp;<\/p>\n\n\n\n<p><strong>Al Comp\u00e0s: En quin moment comen\u00e7a la teua relaci\u00f3 amb la m\u00fasica? Quines persones o claus van ser decisives?<\/strong><\/p>\n\n\n\n<p>Mart\u00edn Llorens: La veritat \u00e9s que vaig comen\u00e7ar relativament tard a estudiar m\u00fasica, ja que no va ser fins als 14 anys. Va ser en eixe moment quan la majoria dels meus amics van entrar en la banda de m\u00fasica del meu poble, Vilafam\u00e9s, i vaig connectar amb tot eixe m\u00f3n a trav\u00e9s d&#8217;ells. R\u00e0pidament vaig comen\u00e7ar amb els estudis musicals i als 17 anys vaig aconseguir el meu objectiu de formar part de l&#8217;agrupaci\u00f3 de Vilafam\u00e9s. Tal va ser l&#8217;\u00e0nim que amb 19 anys vaig ser president de la societat musical i amb 23 em vaig posar al capdavant de la comarcal de Plana Alta fins al moment.<\/p>\n\n\n\n<p><strong>AC: Explica&#8217;ns qu\u00e8 suposa encap\u00e7alar el moviment musical de la Plana: quin diries que \u00e9s el teu principal repte?<\/strong><\/p>\n\n\n\n<p>ML: Com sempre defense, la Plana Alta \u00e9s una de les comarques de Castell\u00f3 m\u00e9s potents quant a societats musicals, ni m\u00e9s ni menys que 17. El meu principal objectiu \u00e9s poder arribar a totes elles per igual, i que els recursos i suports de la Federaci\u00f3 no queden en un segon pla, que repercutisquen d&#8217;igual manera que en les xicotetes comarques, on el tracte pot arribar a ser m\u00e9s pr\u00f2xim. Malgrat aix\u00f2, considere que la uni\u00f3 de la nostra comarca \u00e9s vital i de fet crec que hem aconseguit un molt bon grup de treball on reina l&#8217;amistat i la comunicaci\u00f3, que s\u00f3n les claus per a organitzar esdeveniments multitudinaris com podrien ser nostres trobades de bandes i escoles de m\u00fasica o la gala anual de premis Sota de la Plana.<\/p>\n\n\n\n<p><strong>AC: Qu\u00e8 creus que defineix musicalment la teua comarca?<\/strong><\/p>\n\n\n\n<p>ML: Potser les nostres bandes no s\u00f3n de les m\u00e9s \u2018certameneres\u2019 de Castell\u00f3, per\u00f2 s\u00ed de les m\u00e9s participatives en actes i festivitats locals. Per aix\u00f2, possiblement la m\u00fasica que millor defineix les nostres societats \u00e9s la m\u00fasica festera, relacionada amb cercaviles i desfilades.<\/p>\n\n\n\n<p><strong>AC: M\u00e9s enll\u00e0 del musical, qu\u00e8 recomanaries de la teua comarca?<\/strong><\/p>\n\n\n\n<p>ML: La comarca de la Plana Alta disfruta d&#8217;una ubicaci\u00f3 \u00fanica, i per aix\u00f2 se situen localitats molt conegudes i tur\u00edstiques. Disfrutem tant del clima mediterrani a les platges de Torreblanca, Oropesa, Benic\u00e0ssim&#8230; com de l&#8217;encant de l&#8217;interior de Castell\u00f3 a Vilafam\u00e9s, Cabanes, Sierra de Engarcer\u00e1n, etc. Gr\u00e0cies a esta diversitat disfrutem de grans recursos tur\u00edstics, gastron\u00f2mics i etnol\u00f2gics, que podrien ser l&#8217;enveja de qualsevol rac\u00f3 del pa\u00eds.<\/p>\n\n\n\n<p><strong>AC: Quin \u00e9s el teu lloc favorit a la teua comarca per a disfrutar d&#8217;un concert?<\/strong><\/p>\n\n\n\n<p>ML: En esta q\u00fcesti\u00f3 s\u00ed que tiraria per a casa, at\u00e9s que en la meua localitat natal, Vilafam\u00e9s, es realitza un dels concerts m\u00e9s emotius per a mi, que \u00e9s el conegut hist\u00f2ricament com la <em>Serenata al Bou<\/em>. Actualment \u00e9s el concert de festes de la Banda de M\u00fasica La Lira, en un entorn singular com \u00e9s el centre hist\u00f2ric art\u00edstic de Vilafam\u00e9s, declarat BIC i un dels m\u00e9s bonics d&#8217;Espanya.<\/p>\n\n\n\n<p><strong>AC: Si hagueres de triar un tema musical al qual sone la teua comarca, quin seria?<\/strong>ML: Pot sonar a t\u00f2pic per\u00f2, com he comentat abans, la majoria de les nostres societats s\u00f3n molt participatives en actes i festivitats locals, per la qual cosa alguns dels pasdobles m\u00e9s escoltats en desfilades podrien ser <em>X\u00e0bia<\/em> o <em>Amparito Roca<\/em>. Tenint en compte la proximitat de la capital de la prov\u00edncia amb tantes poblacions, en certs festivals un dels temes m\u00e9s sonats podria ser el <em>Rotllo i Canya<\/em>, himne de la ciutat de Castell\u00f3 de la Plana.<\/p>\n\n\n\n<figure class=\"wp-block-embed is-type-rich is-provider-spotify wp-block-embed-spotify wp-embed-aspect-21-9 wp-has-aspect-ratio\"><div class=\"wp-block-embed__wrapper\">\n<iframe title=\"Spotify Embed: Rotllo i Canya - En Directo\" style=\"border-radius: 12px\" width=\"100%\" height=\"152\" frameborder=\"0\" allowfullscreen allow=\"autoplay; clipboard-write; encrypted-media; fullscreen; picture-in-picture\" loading=\"lazy\" src=\"https:\/\/open.spotify.com\/embed\/track\/6e8NztaFMrfhdrD0q1KV0j?si=b852e3a81d054516&#038;utm_source=oembed\"><\/iframe>\n<\/div><\/figure>\n","protected":false},"excerpt":{"rendered":"<p>El president de la demarcaci\u00f3 de la Plana Alta \u2013dins de l&#8217;organigrama de FSMCV\u2013 ens explica com ell es va connectar amb les societats musicals i, alhora, com el col\u00b7lectiu [&hellip;]<\/p>\n","protected":false},"author":860002,"featured_media":16375,"comment_status":"closed","ping_status":"closed","sticky":false,"template":"","format":"standard","meta":{"footnotes":""},"categories":[28],"tags":[],"portada":[],"class_list":["post-16377","post","type-post","status-publish","format-standard","has-post-thumbnail","hentry","category-laterreta-va"],"yoast_head":"<!-- This site is optimized with the Yoast SEO plugin v27.4 - https:\/\/yoast.com\/product\/yoast-seo-wordpress\/ -->\n<title>A fons amb la Plana Alta a trav\u00e9s del seu president comarcal Mart\u00edn Llorens - Revista Al Comp\u00e0s<\/title>\n<meta name=\"description\" content=\"El president de la Plana Alta \u2013dins de FSMCV\u2013 ens explica com el col\u00b7lectiu ha posat i continua posant banda sonora a la comarca.\" \/>\n<meta name=\"robots\" content=\"index, follow, max-snippet:-1, max-image-preview:large, max-video-preview:-1\" \/>\n<link rel=\"canonical\" href=\"https:\/\/alcompasrevista.com\/archivos\/16373\" \/>\n<meta property=\"og:locale\" content=\"en_US\" \/>\n<meta property=\"og:type\" content=\"article\" \/>\n<meta property=\"og:title\" content=\"A fons amb la Plana Alta a trav\u00e9s del seu president comarcal Mart\u00edn Llorens - Revista Al Comp\u00e0s\" \/>\n<meta property=\"og:description\" content=\"El president de la Plana Alta \u2013dins de FSMCV\u2013 ens explica com el col\u00b7lectiu ha posat i continua posant banda sonora a la comarca.\" \/>\n<meta property=\"og:url\" content=\"https:\/\/alcompasrevista.com\/archivos\/16373\" \/>\n<meta property=\"og:site_name\" content=\"Revista Al Comp\u00e0s\" \/>\n<meta property=\"article:published_time\" content=\"2023-07-25T15:07:09+00:00\" \/>\n<meta property=\"article:modified_time\" content=\"2023-07-25T15:11:19+00:00\" \/>\n<meta property=\"og:image\" content=\"https:\/\/alcompasrevista.com\/wp-content\/uploads\/2023\/07\/fotocomarcal2.jpg\" \/>\n\t<meta property=\"og:image:width\" content=\"1920\" \/>\n\t<meta property=\"og:image:height\" content=\"1080\" \/>\n\t<meta property=\"og:image:type\" content=\"image\/jpeg\" \/>\n<meta name=\"author\" content=\"Redacci\u00f3n\" \/>\n<meta name=\"twitter:card\" content=\"summary_large_image\" \/>\n<meta name=\"twitter:label1\" content=\"Written by\" \/>\n\t<meta name=\"twitter:data1\" content=\"Redacci\u00f3\" \/>\n\t<meta name=\"twitter:label2\" content=\"Est. reading time\" \/>\n\t<meta name=\"twitter:data2\" content=\"3 minutes\" \/>\n<script type=\"application\/ld+json\" class=\"yoast-schema-graph\">{\"@context\":\"https:\\\/\\\/schema.org\",\"@graph\":[{\"@type\":\"Article\",\"@id\":\"https:\\\/\\\/alcompasrevista.com\\\/archivos\\\/16373#article\",\"isPartOf\":{\"@id\":\"https:\\\/\\\/alcompasrevista.com\\\/archivos\\\/16373\"},\"author\":{\"name\":\"Redacci\u00f3n\",\"@id\":\"https:\\\/\\\/alcompasrevista.com\\\/#\\\/schema\\\/person\\\/c10652a34fa01d238ecd498d150347fc\"},\"headline\":\"A fons amb la Plana Alta a trav\u00e9s del seu president comarcal Mart\u00edn Llorens\",\"datePublished\":\"2023-07-25T15:07:09+00:00\",\"dateModified\":\"2023-07-25T15:11:19+00:00\",\"mainEntityOfPage\":{\"@id\":\"https:\\\/\\\/alcompasrevista.com\\\/archivos\\\/16373\"},\"wordCount\":730,\"publisher\":{\"@id\":\"https:\\\/\\\/alcompasrevista.com\\\/#organization\"},\"image\":{\"@id\":\"https:\\\/\\\/alcompasrevista.com\\\/archivos\\\/16373#primaryimage\"},\"thumbnailUrl\":\"https:\\\/\\\/alcompasrevista.com\\\/wp-content\\\/uploads\\\/2023\\\/07\\\/fotocomarcal2.jpg\",\"articleSection\":[\"#Laterreta\"],\"inLanguage\":\"va\"},{\"@type\":\"WebPage\",\"@id\":\"https:\\\/\\\/alcompasrevista.com\\\/archivos\\\/16373\",\"url\":\"https:\\\/\\\/alcompasrevista.com\\\/archivos\\\/16373\",\"name\":\"A fons amb la Plana Alta a trav\u00e9s del seu president comarcal Mart\u00edn Llorens - Revista Al Comp\u00e0s\",\"isPartOf\":{\"@id\":\"https:\\\/\\\/alcompasrevista.com\\\/#website\"},\"primaryImageOfPage\":{\"@id\":\"https:\\\/\\\/alcompasrevista.com\\\/archivos\\\/16373#primaryimage\"},\"image\":{\"@id\":\"https:\\\/\\\/alcompasrevista.com\\\/archivos\\\/16373#primaryimage\"},\"thumbnailUrl\":\"https:\\\/\\\/alcompasrevista.com\\\/wp-content\\\/uploads\\\/2023\\\/07\\\/fotocomarcal2.jpg\",\"datePublished\":\"2023-07-25T15:07:09+00:00\",\"dateModified\":\"2023-07-25T15:11:19+00:00\",\"description\":\"El president de la Plana Alta \u2013dins de FSMCV\u2013 ens explica com el col\u00b7lectiu ha posat i continua posant banda sonora a la comarca.\",\"breadcrumb\":{\"@id\":\"https:\\\/\\\/alcompasrevista.com\\\/archivos\\\/16373#breadcrumb\"},\"inLanguage\":\"va\",\"potentialAction\":[{\"@type\":\"ReadAction\",\"target\":[\"https:\\\/\\\/alcompasrevista.com\\\/archivos\\\/16373\"]}]},{\"@type\":\"ImageObject\",\"inLanguage\":\"va\",\"@id\":\"https:\\\/\\\/alcompasrevista.com\\\/archivos\\\/16373#primaryimage\",\"url\":\"https:\\\/\\\/alcompasrevista.com\\\/wp-content\\\/uploads\\\/2023\\\/07\\\/fotocomarcal2.jpg\",\"contentUrl\":\"https:\\\/\\\/alcompasrevista.com\\\/wp-content\\\/uploads\\\/2023\\\/07\\\/fotocomarcal2.jpg\",\"width\":1920,\"height\":1080},{\"@type\":\"BreadcrumbList\",\"@id\":\"https:\\\/\\\/alcompasrevista.com\\\/archivos\\\/16373#breadcrumb\",\"itemListElement\":[{\"@type\":\"ListItem\",\"position\":1,\"name\":\"Portada\",\"item\":\"https:\\\/\\\/alcompasrevista.com\\\/va\"},{\"@type\":\"ListItem\",\"position\":2,\"name\":\"A fons amb la Plana Alta a trav\u00e9s del seu president comarcal Mart\u00edn Llorens\"}]},{\"@type\":\"WebSite\",\"@id\":\"https:\\\/\\\/alcompasrevista.com\\\/#website\",\"url\":\"https:\\\/\\\/alcompasrevista.com\\\/\",\"name\":\"Revista Al Comp\u00e0s\",\"description\":\"Un proyecto de la Federaci\u00f3n de Sociedades Musicales de la Comunidad Valenciana\",\"publisher\":{\"@id\":\"https:\\\/\\\/alcompasrevista.com\\\/#organization\"},\"potentialAction\":[{\"@type\":\"SearchAction\",\"target\":{\"@type\":\"EntryPoint\",\"urlTemplate\":\"https:\\\/\\\/alcompasrevista.com\\\/?s={search_term_string}\"},\"query-input\":{\"@type\":\"PropertyValueSpecification\",\"valueRequired\":true,\"valueName\":\"search_term_string\"}}],\"inLanguage\":\"va\"},{\"@type\":\"Organization\",\"@id\":\"https:\\\/\\\/alcompasrevista.com\\\/#organization\",\"name\":\"Revista Al Comp\u00e0s\",\"url\":\"https:\\\/\\\/alcompasrevista.com\\\/\",\"logo\":{\"@type\":\"ImageObject\",\"inLanguage\":\"va\",\"@id\":\"https:\\\/\\\/alcompasrevista.com\\\/#\\\/schema\\\/logo\\\/image\\\/\",\"url\":\"https:\\\/\\\/alcompasrevista.com\\\/wp-content\\\/uploads\\\/2022\\\/04\\\/cropped-loog_blanco.png\",\"contentUrl\":\"https:\\\/\\\/alcompasrevista.com\\\/wp-content\\\/uploads\\\/2022\\\/04\\\/cropped-loog_blanco.png\",\"width\":1612,\"height\":724,\"caption\":\"Revista Al Comp\u00e0s\"},\"image\":{\"@id\":\"https:\\\/\\\/alcompasrevista.com\\\/#\\\/schema\\\/logo\\\/image\\\/\"}},{\"@type\":\"Person\",\"@id\":\"https:\\\/\\\/alcompasrevista.com\\\/#\\\/schema\\\/person\\\/c10652a34fa01d238ecd498d150347fc\",\"name\":\"Redacci\u00f3n\",\"image\":{\"@type\":\"ImageObject\",\"inLanguage\":\"va\",\"@id\":\"https:\\\/\\\/secure.gravatar.com\\\/avatar\\\/e6a6d0cd2ddec22e0ca7d21b7e49d4a0099fbdc1d476e5412893210bce942ce9?s=96&d=mm&r=g\",\"url\":\"https:\\\/\\\/secure.gravatar.com\\\/avatar\\\/e6a6d0cd2ddec22e0ca7d21b7e49d4a0099fbdc1d476e5412893210bce942ce9?s=96&d=mm&r=g\",\"contentUrl\":\"https:\\\/\\\/secure.gravatar.com\\\/avatar\\\/e6a6d0cd2ddec22e0ca7d21b7e49d4a0099fbdc1d476e5412893210bce942ce9?s=96&d=mm&r=g\",\"caption\":\"Redacci\u00f3n\"},\"url\":\"https:\\\/\\\/alcompasrevista.com\\\/va\\\/archivos\\\/author\\\/vhj_webmaster\"}]}<\/script>\n<!-- \/ Yoast SEO plugin. -->","yoast_head_json":{"title":"A fons amb la Plana Alta a trav\u00e9s del seu president comarcal Mart\u00edn Llorens - Revista Al Comp\u00e0s","description":"El president de la Plana Alta \u2013dins de FSMCV\u2013 ens explica com el col\u00b7lectiu ha posat i continua posant banda sonora a la comarca.","robots":{"index":"index","follow":"follow","max-snippet":"max-snippet:-1","max-image-preview":"max-image-preview:large","max-video-preview":"max-video-preview:-1"},"canonical":"https:\/\/alcompasrevista.com\/archivos\/16373","og_locale":"en_US","og_type":"article","og_title":"A fons amb la Plana Alta a trav\u00e9s del seu president comarcal Mart\u00edn Llorens - Revista Al Comp\u00e0s","og_description":"El president de la Plana Alta \u2013dins de FSMCV\u2013 ens explica com el col\u00b7lectiu ha posat i continua posant banda sonora a la comarca.","og_url":"https:\/\/alcompasrevista.com\/archivos\/16373","og_site_name":"Revista Al Comp\u00e0s","article_published_time":"2023-07-25T15:07:09+00:00","article_modified_time":"2023-07-25T15:11:19+00:00","og_image":[{"width":1920,"height":1080,"url":"https:\/\/alcompasrevista.com\/wp-content\/uploads\/2023\/07\/fotocomarcal2.jpg","type":"image\/jpeg"}],"author":"Redacci\u00f3n","twitter_card":"summary_large_image","twitter_misc":{"Written by":"Redacci\u00f3","Est. reading time":"3 minutes"},"schema":{"@context":"https:\/\/schema.org","@graph":[{"@type":"Article","@id":"https:\/\/alcompasrevista.com\/archivos\/16373#article","isPartOf":{"@id":"https:\/\/alcompasrevista.com\/archivos\/16373"},"author":{"name":"Redacci\u00f3n","@id":"https:\/\/alcompasrevista.com\/#\/schema\/person\/c10652a34fa01d238ecd498d150347fc"},"headline":"A fons amb la Plana Alta a trav\u00e9s del seu president comarcal Mart\u00edn Llorens","datePublished":"2023-07-25T15:07:09+00:00","dateModified":"2023-07-25T15:11:19+00:00","mainEntityOfPage":{"@id":"https:\/\/alcompasrevista.com\/archivos\/16373"},"wordCount":730,"publisher":{"@id":"https:\/\/alcompasrevista.com\/#organization"},"image":{"@id":"https:\/\/alcompasrevista.com\/archivos\/16373#primaryimage"},"thumbnailUrl":"https:\/\/alcompasrevista.com\/wp-content\/uploads\/2023\/07\/fotocomarcal2.jpg","articleSection":["#Laterreta"],"inLanguage":"va"},{"@type":"WebPage","@id":"https:\/\/alcompasrevista.com\/archivos\/16373","url":"https:\/\/alcompasrevista.com\/archivos\/16373","name":"A fons amb la Plana Alta a trav\u00e9s del seu president comarcal Mart\u00edn Llorens - Revista Al Comp\u00e0s","isPartOf":{"@id":"https:\/\/alcompasrevista.com\/#website"},"primaryImageOfPage":{"@id":"https:\/\/alcompasrevista.com\/archivos\/16373#primaryimage"},"image":{"@id":"https:\/\/alcompasrevista.com\/archivos\/16373#primaryimage"},"thumbnailUrl":"https:\/\/alcompasrevista.com\/wp-content\/uploads\/2023\/07\/fotocomarcal2.jpg","datePublished":"2023-07-25T15:07:09+00:00","dateModified":"2023-07-25T15:11:19+00:00","description":"El president de la Plana Alta \u2013dins de FSMCV\u2013 ens explica com el col\u00b7lectiu ha posat i continua posant banda sonora a la comarca.","breadcrumb":{"@id":"https:\/\/alcompasrevista.com\/archivos\/16373#breadcrumb"},"inLanguage":"va","potentialAction":[{"@type":"ReadAction","target":["https:\/\/alcompasrevista.com\/archivos\/16373"]}]},{"@type":"ImageObject","inLanguage":"va","@id":"https:\/\/alcompasrevista.com\/archivos\/16373#primaryimage","url":"https:\/\/alcompasrevista.com\/wp-content\/uploads\/2023\/07\/fotocomarcal2.jpg","contentUrl":"https:\/\/alcompasrevista.com\/wp-content\/uploads\/2023\/07\/fotocomarcal2.jpg","width":1920,"height":1080},{"@type":"BreadcrumbList","@id":"https:\/\/alcompasrevista.com\/archivos\/16373#breadcrumb","itemListElement":[{"@type":"ListItem","position":1,"name":"Portada","item":"https:\/\/alcompasrevista.com\/va"},{"@type":"ListItem","position":2,"name":"A fons amb la Plana Alta a trav\u00e9s del seu president comarcal Mart\u00edn Llorens"}]},{"@type":"WebSite","@id":"https:\/\/alcompasrevista.com\/#website","url":"https:\/\/alcompasrevista.com\/","name":"Revista Al Comp\u00e0s","description":"Un proyecto de la Federaci\u00f3n de Sociedades Musicales de la Comunidad Valenciana","publisher":{"@id":"https:\/\/alcompasrevista.com\/#organization"},"potentialAction":[{"@type":"SearchAction","target":{"@type":"EntryPoint","urlTemplate":"https:\/\/alcompasrevista.com\/?s={search_term_string}"},"query-input":{"@type":"PropertyValueSpecification","valueRequired":true,"valueName":"search_term_string"}}],"inLanguage":"va"},{"@type":"Organization","@id":"https:\/\/alcompasrevista.com\/#organization","name":"Revista Al Comp\u00e0s","url":"https:\/\/alcompasrevista.com\/","logo":{"@type":"ImageObject","inLanguage":"va","@id":"https:\/\/alcompasrevista.com\/#\/schema\/logo\/image\/","url":"https:\/\/alcompasrevista.com\/wp-content\/uploads\/2022\/04\/cropped-loog_blanco.png","contentUrl":"https:\/\/alcompasrevista.com\/wp-content\/uploads\/2022\/04\/cropped-loog_blanco.png","width":1612,"height":724,"caption":"Revista Al Comp\u00e0s"},"image":{"@id":"https:\/\/alcompasrevista.com\/#\/schema\/logo\/image\/"}},{"@type":"Person","@id":"https:\/\/alcompasrevista.com\/#\/schema\/person\/c10652a34fa01d238ecd498d150347fc","name":"Redacci\u00f3n","image":{"@type":"ImageObject","inLanguage":"va","@id":"https:\/\/secure.gravatar.com\/avatar\/e6a6d0cd2ddec22e0ca7d21b7e49d4a0099fbdc1d476e5412893210bce942ce9?s=96&d=mm&r=g","url":"https:\/\/secure.gravatar.com\/avatar\/e6a6d0cd2ddec22e0ca7d21b7e49d4a0099fbdc1d476e5412893210bce942ce9?s=96&d=mm&r=g","contentUrl":"https:\/\/secure.gravatar.com\/avatar\/e6a6d0cd2ddec22e0ca7d21b7e49d4a0099fbdc1d476e5412893210bce942ce9?s=96&d=mm&r=g","caption":"Redacci\u00f3n"},"url":"https:\/\/alcompasrevista.com\/va\/archivos\/author\/vhj_webmaster"}]}},"_links":{"self":[{"href":"https:\/\/alcompasrevista.com\/va\/wp-json\/wp\/v2\/posts\/16377","targetHints":{"allow":["GET"]}}],"collection":[{"href":"https:\/\/alcompasrevista.com\/va\/wp-json\/wp\/v2\/posts"}],"about":[{"href":"https:\/\/alcompasrevista.com\/va\/wp-json\/wp\/v2\/types\/post"}],"author":[{"embeddable":true,"href":"https:\/\/alcompasrevista.com\/va\/wp-json\/wp\/v2\/users\/860002"}],"replies":[{"embeddable":true,"href":"https:\/\/alcompasrevista.com\/va\/wp-json\/wp\/v2\/comments?post=16377"}],"version-history":[{"count":0,"href":"https:\/\/alcompasrevista.com\/va\/wp-json\/wp\/v2\/posts\/16377\/revisions"}],"wp:featuredmedia":[{"embeddable":true,"href":"https:\/\/alcompasrevista.com\/va\/wp-json\/wp\/v2\/media\/16375"}],"wp:attachment":[{"href":"https:\/\/alcompasrevista.com\/va\/wp-json\/wp\/v2\/media?parent=16377"}],"wp:term":[{"taxonomy":"category","embeddable":true,"href":"https:\/\/alcompasrevista.com\/va\/wp-json\/wp\/v2\/categories?post=16377"},{"taxonomy":"post_tag","embeddable":true,"href":"https:\/\/alcompasrevista.com\/va\/wp-json\/wp\/v2\/tags?post=16377"},{"taxonomy":"portada","embeddable":true,"href":"https:\/\/alcompasrevista.com\/va\/wp-json\/wp\/v2\/portada?post=16377"}],"curies":[{"name":"wp","href":"https:\/\/api.w.org\/{rel}","templated":true}]}}