{"id":15837,"date":"2023-07-18T18:07:09","date_gmt":"2023-07-18T16:07:09","guid":{"rendered":"https:\/\/alcompasrevista.com\/bunol-se-prepara-para-disfrutar-del-tradicional-concierto-mano-a-mano-entre-sus-dos-bandas\/"},"modified":"2023-07-18T18:08:43","modified_gmt":"2023-07-18T16:08:43","slug":"bunol-se-prepara-para-disfrutar-del-tradicional-concierto-mano-a-mano-entre-sus-dos-bandas","status":"publish","type":"post","link":"https:\/\/alcompasrevista.com\/va\/archivos\/15837","title":{"rendered":"Bunyol es prepara per a disfrutar del tradicional concert \u2019Mano a mano\u2019 entre les seues dos bandes\u00a0"},"content":{"rendered":"\n<p>La poblaci\u00f3 de Bunyol es prepara per a disfrutar de l&#8217;edici\u00f3 48 del concert \u2018Mano a mano\u2019 entre els seus dos reconegudes bandes de m\u00fasica. Ser\u00e0 a l&#8217;auditori municipal a l&#8217;aire lliure del passeig de Sant Llu\u00eds el pr\u00f2xim 19 d&#8217;agost a partir de les 22.30 hores.&nbsp;<\/p>\n\n\n\n<p>La banda simf\u00f2nica del Centro Instructivo Musical La Arm\u00f3nica, dirigida per Sa\u00fcl G\u00f3mez, ser\u00e0 la primera a actuar enguany per al programa de la qual ja treballa i que s&#8217;iniciar\u00e0 amb el <em>Concert per a Orquestra<\/em>, de B\u00e9la Bart\u00f3k, amb transcripci\u00f3 per a banda de Simon Scheiwiller; i es tancar\u00e0 amb la <em>Primera Simfonia. Stones and sea<\/em>, del mateix Sa\u00fcl G\u00f3mez.&nbsp;<\/p>\n\n\n\n<p>Per part seua, la Sociedad Musical La Art\u00edstica ser\u00e0 la segona a actuar condu\u00efda per Mario Ortu\u00f1o i posar\u00e0 en faristol sota el t\u00edtol de <em>Voces del ma\u00f1ana<\/em> un programa que s&#8217;iniciar\u00e0 amb l&#8217;obra per enc\u00e0rrec <em>Arlequ\u00edn<\/em> d&#8217;Ernesto Aurignac; per a continuar amb <em>Taxi<\/em>, d&#8217;Enrique Hern\u00e1ndis; i tancar\u00e0 el concert amb <em>Second Symphony \u2018Voices\u2019<\/em>, del compositor estatunidenc James Stephenson.&nbsp;<\/p>\n\n\n\n<p>L&#8217;Ajuntament de Bunyol i les dos societats musicals han decidit que en esta edici\u00f3 la Presid\u00e8ncia d&#8217;Honor recaiga en el m\u00fasic i compositor nascut en Brunssum (Pa\u00efsos Baixos), Bj\u00f6rn Bus, que actualment dirigeix el certamen internacional World Music Contest de Kerkrade.&nbsp;<\/p>\n\n\n\n<p>La seu de la Federaci\u00f3 de Societats Musicals de la Comunitat Valenciana (FSMCV) ha sigut l&#8217;escenari triat per a dur a terme la presentaci\u00f3 del tradicional concert. La presidenta de la FSMCV, Daniela Gonz\u00e1lez, ha destacat que estem \u00abdavant un dels actes m\u00e9s esperats entre tot el col\u00b7lectiu de les societats musicals\u00bb. \u00abCrec que \u00e9s un luxe poder tindre un \u2018Mano a mano\u2019 en la nostra Comunitat i que a m\u00e9s siga a Bunyol\u00bb, ha afegit.&nbsp;<\/p>\n\n\n\n<p>En a l&#8217;acte tamb\u00e9 han participat el diputat provincial Francisco Teruel en representaci\u00f3 de la Diputaci\u00f3 de Val\u00e8ncia; l&#8217;alcaldessa de Bunyol, Virginia Sanz; al costat dels presidents de les dos societats musicals protagonistes i els directors de les seues formacions art\u00edstiques.<\/p>\n\n\n\n<figure class=\"wp-block-image size-large\"><img loading=\"lazy\" decoding=\"async\" width=\"745\" height=\"1024\" src=\"https:\/\/alcompasrevista.com\/wp-content\/uploads\/2023\/07\/cartelMam2023-745x1024.jpg\" alt=\"\" class=\"wp-image-15832\" srcset=\"https:\/\/alcompasrevista.com\/wp-content\/uploads\/2023\/07\/cartelMam2023-745x1024.jpg 745w, https:\/\/alcompasrevista.com\/wp-content\/uploads\/2023\/07\/cartelMam2023-218x300.jpg 218w, https:\/\/alcompasrevista.com\/wp-content\/uploads\/2023\/07\/cartelMam2023-768x1056.jpg 768w, https:\/\/alcompasrevista.com\/wp-content\/uploads\/2023\/07\/cartelMam2023-1117x1536.jpg 1117w, https:\/\/alcompasrevista.com\/wp-content\/uploads\/2023\/07\/cartelMam2023-1490x2048.jpg 1490w, https:\/\/alcompasrevista.com\/wp-content\/uploads\/2023\/07\/cartelMam2023.jpg 1575w\" sizes=\"auto, (max-width: 745px) 100vw, 745px\" \/><\/figure>\n","protected":false},"excerpt":{"rendered":"<p>La poblaci\u00f3 de Bunyol es prepara per a disfrutar de l&#8217;edici\u00f3 48 del concert \u2018Mano a mano\u2019 entre els seus dos reconegudes bandes de m\u00fasica. Ser\u00e0 a l&#8217;auditori municipal a [&hellip;]<\/p>\n","protected":false},"author":860002,"featured_media":15835,"comment_status":"closed","ping_status":"closed","sticky":false,"template":"","format":"standard","meta":{"footnotes":""},"categories":[29],"tags":[286],"portada":[750],"class_list":["post-15837","post","type-post","status-publish","format-standard","has-post-thumbnail","hentry","category-noticies-va","tag-concert","portada-concierto"],"yoast_head":"<!-- This site is optimized with the Yoast SEO plugin v27.4 - https:\/\/yoast.com\/product\/yoast-seo-wordpress\/ -->\n<title>Bunyol es prepara per a disfrutar del tradicional concert \u2019Mano a mano\u2019 entre les seues dos bandes\u00a0 - Revista Al Comp\u00e0s<\/title>\n<meta name=\"description\" content=\"La poblaci\u00f3n de Bu\u00f1ol se prepara para disfrutar de la edici\u00f3n 48 del concierto \u2018Mano a mano\u2019 entre sus dos reconocidas bandas de m\u00fasica.\" \/>\n<meta name=\"robots\" content=\"index, follow, max-snippet:-1, max-image-preview:large, max-video-preview:-1\" \/>\n<link rel=\"canonical\" href=\"https:\/\/alcompasrevista.com\/archivos\/15831\" \/>\n<meta property=\"og:locale\" content=\"en_US\" \/>\n<meta property=\"og:type\" content=\"article\" \/>\n<meta property=\"og:title\" content=\"Bunyol es prepara per a disfrutar del tradicional concert \u2019Mano a mano\u2019 entre les seues dos bandes\u00a0 - Revista Al Comp\u00e0s\" \/>\n<meta property=\"og:description\" content=\"La poblaci\u00f3n de Bu\u00f1ol se prepara para disfrutar de la edici\u00f3n 48 del concierto \u2018Mano a mano\u2019 entre sus dos reconocidas bandas de m\u00fasica.\" \/>\n<meta property=\"og:url\" content=\"https:\/\/alcompasrevista.com\/archivos\/15831\" \/>\n<meta property=\"og:site_name\" content=\"Revista Al Comp\u00e0s\" \/>\n<meta property=\"article:published_time\" content=\"2023-07-18T16:07:09+00:00\" \/>\n<meta property=\"article:modified_time\" content=\"2023-07-18T16:08:43+00:00\" \/>\n<meta property=\"og:image\" content=\"https:\/\/alcompasrevista.com\/wp-content\/uploads\/2023\/07\/PresMaM_1-2.jpg\" \/>\n\t<meta property=\"og:image:width\" content=\"1617\" \/>\n\t<meta property=\"og:image:height\" content=\"876\" \/>\n\t<meta property=\"og:image:type\" content=\"image\/jpeg\" \/>\n<meta name=\"author\" content=\"Redacci\u00f3n\" \/>\n<meta name=\"twitter:card\" content=\"summary_large_image\" \/>\n<meta name=\"twitter:label1\" content=\"Written by\" \/>\n\t<meta name=\"twitter:data1\" content=\"Redacci\u00f3\" \/>\n\t<meta name=\"twitter:label2\" content=\"Est. reading time\" \/>\n\t<meta name=\"twitter:data2\" content=\"2 minutes\" \/>\n<script type=\"application\/ld+json\" class=\"yoast-schema-graph\">{\"@context\":\"https:\\\/\\\/schema.org\",\"@graph\":[{\"@type\":\"Article\",\"@id\":\"https:\\\/\\\/alcompasrevista.com\\\/archivos\\\/15831#article\",\"isPartOf\":{\"@id\":\"https:\\\/\\\/alcompasrevista.com\\\/archivos\\\/15831\"},\"author\":{\"name\":\"Redacci\u00f3n\",\"@id\":\"https:\\\/\\\/alcompasrevista.com\\\/#\\\/schema\\\/person\\\/c10652a34fa01d238ecd498d150347fc\"},\"headline\":\"Bunyol es prepara per a disfrutar del tradicional concert \u2019Mano a mano\u2019 entre les seues dos bandes\u00a0\",\"datePublished\":\"2023-07-18T16:07:09+00:00\",\"dateModified\":\"2023-07-18T16:08:43+00:00\",\"mainEntityOfPage\":{\"@id\":\"https:\\\/\\\/alcompasrevista.com\\\/archivos\\\/15831\"},\"wordCount\":387,\"publisher\":{\"@id\":\"https:\\\/\\\/alcompasrevista.com\\\/#organization\"},\"image\":{\"@id\":\"https:\\\/\\\/alcompasrevista.com\\\/archivos\\\/15831#primaryimage\"},\"thumbnailUrl\":\"https:\\\/\\\/alcompasrevista.com\\\/wp-content\\\/uploads\\\/2023\\\/07\\\/PresMaM_1-2.jpg\",\"keywords\":[\"concert\"],\"articleSection\":[\"#Not\u00edcies\"],\"inLanguage\":\"va\"},{\"@type\":\"WebPage\",\"@id\":\"https:\\\/\\\/alcompasrevista.com\\\/archivos\\\/15831\",\"url\":\"https:\\\/\\\/alcompasrevista.com\\\/archivos\\\/15831\",\"name\":\"Bunyol es prepara per a disfrutar del tradicional concert \u2019Mano a mano\u2019 entre les seues dos bandes\u00a0 - Revista Al Comp\u00e0s\",\"isPartOf\":{\"@id\":\"https:\\\/\\\/alcompasrevista.com\\\/#website\"},\"primaryImageOfPage\":{\"@id\":\"https:\\\/\\\/alcompasrevista.com\\\/archivos\\\/15831#primaryimage\"},\"image\":{\"@id\":\"https:\\\/\\\/alcompasrevista.com\\\/archivos\\\/15831#primaryimage\"},\"thumbnailUrl\":\"https:\\\/\\\/alcompasrevista.com\\\/wp-content\\\/uploads\\\/2023\\\/07\\\/PresMaM_1-2.jpg\",\"datePublished\":\"2023-07-18T16:07:09+00:00\",\"dateModified\":\"2023-07-18T16:08:43+00:00\",\"description\":\"La poblaci\u00f3n de Bu\u00f1ol se prepara para disfrutar de la edici\u00f3n 48 del concierto \u2018Mano a mano\u2019 entre sus dos reconocidas bandas de m\u00fasica.\",\"breadcrumb\":{\"@id\":\"https:\\\/\\\/alcompasrevista.com\\\/archivos\\\/15831#breadcrumb\"},\"inLanguage\":\"va\",\"potentialAction\":[{\"@type\":\"ReadAction\",\"target\":[\"https:\\\/\\\/alcompasrevista.com\\\/archivos\\\/15831\"]}]},{\"@type\":\"ImageObject\",\"inLanguage\":\"va\",\"@id\":\"https:\\\/\\\/alcompasrevista.com\\\/archivos\\\/15831#primaryimage\",\"url\":\"https:\\\/\\\/alcompasrevista.com\\\/wp-content\\\/uploads\\\/2023\\\/07\\\/PresMaM_1-2.jpg\",\"contentUrl\":\"https:\\\/\\\/alcompasrevista.com\\\/wp-content\\\/uploads\\\/2023\\\/07\\\/PresMaM_1-2.jpg\",\"width\":1617,\"height\":876},{\"@type\":\"BreadcrumbList\",\"@id\":\"https:\\\/\\\/alcompasrevista.com\\\/archivos\\\/15831#breadcrumb\",\"itemListElement\":[{\"@type\":\"ListItem\",\"position\":1,\"name\":\"Portada\",\"item\":\"https:\\\/\\\/alcompasrevista.com\\\/va\"},{\"@type\":\"ListItem\",\"position\":2,\"name\":\"Bunyol es prepara per a disfrutar del tradicional concert \u2019Mano a mano\u2019 entre les seues dos bandes\u00a0\"}]},{\"@type\":\"WebSite\",\"@id\":\"https:\\\/\\\/alcompasrevista.com\\\/#website\",\"url\":\"https:\\\/\\\/alcompasrevista.com\\\/\",\"name\":\"Revista Al Comp\u00e0s\",\"description\":\"Un proyecto de la Federaci\u00f3n de Sociedades Musicales de la Comunidad Valenciana\",\"publisher\":{\"@id\":\"https:\\\/\\\/alcompasrevista.com\\\/#organization\"},\"potentialAction\":[{\"@type\":\"SearchAction\",\"target\":{\"@type\":\"EntryPoint\",\"urlTemplate\":\"https:\\\/\\\/alcompasrevista.com\\\/?s={search_term_string}\"},\"query-input\":{\"@type\":\"PropertyValueSpecification\",\"valueRequired\":true,\"valueName\":\"search_term_string\"}}],\"inLanguage\":\"va\"},{\"@type\":\"Organization\",\"@id\":\"https:\\\/\\\/alcompasrevista.com\\\/#organization\",\"name\":\"Revista Al Comp\u00e0s\",\"url\":\"https:\\\/\\\/alcompasrevista.com\\\/\",\"logo\":{\"@type\":\"ImageObject\",\"inLanguage\":\"va\",\"@id\":\"https:\\\/\\\/alcompasrevista.com\\\/#\\\/schema\\\/logo\\\/image\\\/\",\"url\":\"https:\\\/\\\/alcompasrevista.com\\\/wp-content\\\/uploads\\\/2022\\\/04\\\/cropped-loog_blanco.png\",\"contentUrl\":\"https:\\\/\\\/alcompasrevista.com\\\/wp-content\\\/uploads\\\/2022\\\/04\\\/cropped-loog_blanco.png\",\"width\":1612,\"height\":724,\"caption\":\"Revista Al Comp\u00e0s\"},\"image\":{\"@id\":\"https:\\\/\\\/alcompasrevista.com\\\/#\\\/schema\\\/logo\\\/image\\\/\"}},{\"@type\":\"Person\",\"@id\":\"https:\\\/\\\/alcompasrevista.com\\\/#\\\/schema\\\/person\\\/c10652a34fa01d238ecd498d150347fc\",\"name\":\"Redacci\u00f3n\",\"image\":{\"@type\":\"ImageObject\",\"inLanguage\":\"va\",\"@id\":\"https:\\\/\\\/secure.gravatar.com\\\/avatar\\\/e6a6d0cd2ddec22e0ca7d21b7e49d4a0099fbdc1d476e5412893210bce942ce9?s=96&d=mm&r=g\",\"url\":\"https:\\\/\\\/secure.gravatar.com\\\/avatar\\\/e6a6d0cd2ddec22e0ca7d21b7e49d4a0099fbdc1d476e5412893210bce942ce9?s=96&d=mm&r=g\",\"contentUrl\":\"https:\\\/\\\/secure.gravatar.com\\\/avatar\\\/e6a6d0cd2ddec22e0ca7d21b7e49d4a0099fbdc1d476e5412893210bce942ce9?s=96&d=mm&r=g\",\"caption\":\"Redacci\u00f3n\"},\"url\":\"https:\\\/\\\/alcompasrevista.com\\\/va\\\/archivos\\\/author\\\/vhj_webmaster\"}]}<\/script>\n<!-- \/ Yoast SEO plugin. -->","yoast_head_json":{"title":"Bunyol es prepara per a disfrutar del tradicional concert \u2019Mano a mano\u2019 entre les seues dos bandes\u00a0 - Revista Al Comp\u00e0s","description":"La poblaci\u00f3n de Bu\u00f1ol se prepara para disfrutar de la edici\u00f3n 48 del concierto \u2018Mano a mano\u2019 entre sus dos reconocidas bandas de m\u00fasica.","robots":{"index":"index","follow":"follow","max-snippet":"max-snippet:-1","max-image-preview":"max-image-preview:large","max-video-preview":"max-video-preview:-1"},"canonical":"https:\/\/alcompasrevista.com\/archivos\/15831","og_locale":"en_US","og_type":"article","og_title":"Bunyol es prepara per a disfrutar del tradicional concert \u2019Mano a mano\u2019 entre les seues dos bandes\u00a0 - Revista Al Comp\u00e0s","og_description":"La poblaci\u00f3n de Bu\u00f1ol se prepara para disfrutar de la edici\u00f3n 48 del concierto \u2018Mano a mano\u2019 entre sus dos reconocidas bandas de m\u00fasica.","og_url":"https:\/\/alcompasrevista.com\/archivos\/15831","og_site_name":"Revista Al Comp\u00e0s","article_published_time":"2023-07-18T16:07:09+00:00","article_modified_time":"2023-07-18T16:08:43+00:00","og_image":[{"width":1617,"height":876,"url":"https:\/\/alcompasrevista.com\/wp-content\/uploads\/2023\/07\/PresMaM_1-2.jpg","type":"image\/jpeg"}],"author":"Redacci\u00f3n","twitter_card":"summary_large_image","twitter_misc":{"Written by":"Redacci\u00f3","Est. reading time":"2 minutes"},"schema":{"@context":"https:\/\/schema.org","@graph":[{"@type":"Article","@id":"https:\/\/alcompasrevista.com\/archivos\/15831#article","isPartOf":{"@id":"https:\/\/alcompasrevista.com\/archivos\/15831"},"author":{"name":"Redacci\u00f3n","@id":"https:\/\/alcompasrevista.com\/#\/schema\/person\/c10652a34fa01d238ecd498d150347fc"},"headline":"Bunyol es prepara per a disfrutar del tradicional concert \u2019Mano a mano\u2019 entre les seues dos bandes\u00a0","datePublished":"2023-07-18T16:07:09+00:00","dateModified":"2023-07-18T16:08:43+00:00","mainEntityOfPage":{"@id":"https:\/\/alcompasrevista.com\/archivos\/15831"},"wordCount":387,"publisher":{"@id":"https:\/\/alcompasrevista.com\/#organization"},"image":{"@id":"https:\/\/alcompasrevista.com\/archivos\/15831#primaryimage"},"thumbnailUrl":"https:\/\/alcompasrevista.com\/wp-content\/uploads\/2023\/07\/PresMaM_1-2.jpg","keywords":["concert"],"articleSection":["#Not\u00edcies"],"inLanguage":"va"},{"@type":"WebPage","@id":"https:\/\/alcompasrevista.com\/archivos\/15831","url":"https:\/\/alcompasrevista.com\/archivos\/15831","name":"Bunyol es prepara per a disfrutar del tradicional concert \u2019Mano a mano\u2019 entre les seues dos bandes\u00a0 - Revista Al Comp\u00e0s","isPartOf":{"@id":"https:\/\/alcompasrevista.com\/#website"},"primaryImageOfPage":{"@id":"https:\/\/alcompasrevista.com\/archivos\/15831#primaryimage"},"image":{"@id":"https:\/\/alcompasrevista.com\/archivos\/15831#primaryimage"},"thumbnailUrl":"https:\/\/alcompasrevista.com\/wp-content\/uploads\/2023\/07\/PresMaM_1-2.jpg","datePublished":"2023-07-18T16:07:09+00:00","dateModified":"2023-07-18T16:08:43+00:00","description":"La poblaci\u00f3n de Bu\u00f1ol se prepara para disfrutar de la edici\u00f3n 48 del concierto \u2018Mano a mano\u2019 entre sus dos reconocidas bandas de m\u00fasica.","breadcrumb":{"@id":"https:\/\/alcompasrevista.com\/archivos\/15831#breadcrumb"},"inLanguage":"va","potentialAction":[{"@type":"ReadAction","target":["https:\/\/alcompasrevista.com\/archivos\/15831"]}]},{"@type":"ImageObject","inLanguage":"va","@id":"https:\/\/alcompasrevista.com\/archivos\/15831#primaryimage","url":"https:\/\/alcompasrevista.com\/wp-content\/uploads\/2023\/07\/PresMaM_1-2.jpg","contentUrl":"https:\/\/alcompasrevista.com\/wp-content\/uploads\/2023\/07\/PresMaM_1-2.jpg","width":1617,"height":876},{"@type":"BreadcrumbList","@id":"https:\/\/alcompasrevista.com\/archivos\/15831#breadcrumb","itemListElement":[{"@type":"ListItem","position":1,"name":"Portada","item":"https:\/\/alcompasrevista.com\/va"},{"@type":"ListItem","position":2,"name":"Bunyol es prepara per a disfrutar del tradicional concert \u2019Mano a mano\u2019 entre les seues dos bandes\u00a0"}]},{"@type":"WebSite","@id":"https:\/\/alcompasrevista.com\/#website","url":"https:\/\/alcompasrevista.com\/","name":"Revista Al Comp\u00e0s","description":"Un proyecto de la Federaci\u00f3n de Sociedades Musicales de la Comunidad Valenciana","publisher":{"@id":"https:\/\/alcompasrevista.com\/#organization"},"potentialAction":[{"@type":"SearchAction","target":{"@type":"EntryPoint","urlTemplate":"https:\/\/alcompasrevista.com\/?s={search_term_string}"},"query-input":{"@type":"PropertyValueSpecification","valueRequired":true,"valueName":"search_term_string"}}],"inLanguage":"va"},{"@type":"Organization","@id":"https:\/\/alcompasrevista.com\/#organization","name":"Revista Al Comp\u00e0s","url":"https:\/\/alcompasrevista.com\/","logo":{"@type":"ImageObject","inLanguage":"va","@id":"https:\/\/alcompasrevista.com\/#\/schema\/logo\/image\/","url":"https:\/\/alcompasrevista.com\/wp-content\/uploads\/2022\/04\/cropped-loog_blanco.png","contentUrl":"https:\/\/alcompasrevista.com\/wp-content\/uploads\/2022\/04\/cropped-loog_blanco.png","width":1612,"height":724,"caption":"Revista Al Comp\u00e0s"},"image":{"@id":"https:\/\/alcompasrevista.com\/#\/schema\/logo\/image\/"}},{"@type":"Person","@id":"https:\/\/alcompasrevista.com\/#\/schema\/person\/c10652a34fa01d238ecd498d150347fc","name":"Redacci\u00f3n","image":{"@type":"ImageObject","inLanguage":"va","@id":"https:\/\/secure.gravatar.com\/avatar\/e6a6d0cd2ddec22e0ca7d21b7e49d4a0099fbdc1d476e5412893210bce942ce9?s=96&d=mm&r=g","url":"https:\/\/secure.gravatar.com\/avatar\/e6a6d0cd2ddec22e0ca7d21b7e49d4a0099fbdc1d476e5412893210bce942ce9?s=96&d=mm&r=g","contentUrl":"https:\/\/secure.gravatar.com\/avatar\/e6a6d0cd2ddec22e0ca7d21b7e49d4a0099fbdc1d476e5412893210bce942ce9?s=96&d=mm&r=g","caption":"Redacci\u00f3n"},"url":"https:\/\/alcompasrevista.com\/va\/archivos\/author\/vhj_webmaster"}]}},"_links":{"self":[{"href":"https:\/\/alcompasrevista.com\/va\/wp-json\/wp\/v2\/posts\/15837","targetHints":{"allow":["GET"]}}],"collection":[{"href":"https:\/\/alcompasrevista.com\/va\/wp-json\/wp\/v2\/posts"}],"about":[{"href":"https:\/\/alcompasrevista.com\/va\/wp-json\/wp\/v2\/types\/post"}],"author":[{"embeddable":true,"href":"https:\/\/alcompasrevista.com\/va\/wp-json\/wp\/v2\/users\/860002"}],"replies":[{"embeddable":true,"href":"https:\/\/alcompasrevista.com\/va\/wp-json\/wp\/v2\/comments?post=15837"}],"version-history":[{"count":0,"href":"https:\/\/alcompasrevista.com\/va\/wp-json\/wp\/v2\/posts\/15837\/revisions"}],"wp:featuredmedia":[{"embeddable":true,"href":"https:\/\/alcompasrevista.com\/va\/wp-json\/wp\/v2\/media\/15835"}],"wp:attachment":[{"href":"https:\/\/alcompasrevista.com\/va\/wp-json\/wp\/v2\/media?parent=15837"}],"wp:term":[{"taxonomy":"category","embeddable":true,"href":"https:\/\/alcompasrevista.com\/va\/wp-json\/wp\/v2\/categories?post=15837"},{"taxonomy":"post_tag","embeddable":true,"href":"https:\/\/alcompasrevista.com\/va\/wp-json\/wp\/v2\/tags?post=15837"},{"taxonomy":"portada","embeddable":true,"href":"https:\/\/alcompasrevista.com\/va\/wp-json\/wp\/v2\/portada?post=15837"}],"curies":[{"name":"wp","href":"https:\/\/api.w.org\/{rel}","templated":true}]}}