{"id":15629,"date":"2023-07-12T16:03:17","date_gmt":"2023-07-12T14:03:17","guid":{"rendered":"https:\/\/alcompasrevista.com\/cinco-planes-con-nuestras-sociedades-musicales-que-no-te-puedes-perder-este-verano\/"},"modified":"2023-07-12T16:12:33","modified_gmt":"2023-07-12T14:12:33","slug":"cinco-planes-con-nuestras-sociedades-musicales-que-no-te-puedes-perder-este-verano","status":"publish","type":"post","link":"https:\/\/alcompasrevista.com\/va\/archivos\/15629","title":{"rendered":"Cinc plans amb les nostres societats musicals que no et pots perdre este estiu\u00a0"},"content":{"rendered":"\n<p>Per molt que et bombardegen totes les plataformes de streaming, la teua millor amiga i les discom\u00f2bils amb les can\u00e7ons que has d&#8217;escoltar este estiu, hi ha una <em>playlist<\/em> atemporal que porta sonant en els teus millors moments de felicitat al sol tota la teua vida. Eixa banda sonora l\u2019interpreten les nostres societats musicals en places, carrers, parcs o (refrescants) auditoris. En Al Comp\u00e0s et llancem cinc plans perqu\u00e8 no perdes el ritme estos mesos.<\/p>\n\n\n\n<figure class=\"wp-block-image size-large\"><img loading=\"lazy\" decoding=\"async\" width=\"1024\" height=\"471\" src=\"https:\/\/alcompasrevista.com\/wp-content\/uploads\/2023\/07\/Panorama-3-1024x471.jpg\" alt=\"\" class=\"wp-image-15624\" srcset=\"https:\/\/alcompasrevista.com\/wp-content\/uploads\/2023\/07\/Panorama-3-1024x471.jpg 1024w, https:\/\/alcompasrevista.com\/wp-content\/uploads\/2023\/07\/Panorama-3-300x138.jpg 300w, https:\/\/alcompasrevista.com\/wp-content\/uploads\/2023\/07\/Panorama-3-768x353.jpg 768w, https:\/\/alcompasrevista.com\/wp-content\/uploads\/2023\/07\/Panorama-3.jpg 1181w\" sizes=\"auto, (max-width: 1024px) 100vw, 1024px\" \/><\/figure>\n\n\n\n<p><strong>Els concerts de \u2018M\u00fasics amb D.O.\u2019 en indrets extraordinaris: <\/strong>La iniciativa de Turisme CV i la Federaci\u00f3 de Societats Musicals de la Comunitat Valenciana celebra la quarta edici\u00f3 amb 25 concerts de llarg a llarg de les nostres comarques, protagonitzats per societats musicals en llocs emblem\u00e0tics dels municipis seleccionats. <a href=\"https:\/\/fsmcv.org\/noticias-campanas\/musics-amb-d-o\/musicos-con-denominacion-de-origen-circuito-de-conciertos-para-el-fomento-del-turismo-en-la-comunidad-valenciana\/\">Consulta el calendari<\/a>, segur que trobes algun a prop!<\/p>\n\n\n\n<p><strong>Les Activitats Comarcals: <\/strong>La campanya d&#8217;Activitats Comarcals de la FSMCV compleix 25 anys vertebrant amb m\u00fasica la Comunitat Valenciana. Enguany, trobar\u00e0s m\u00e9s de cinquanta propostes com tallers, concerts, seminaris i concursos que involucren a les agrupacions de centenars de municipis i s\u00f3n obertes al p\u00fablic. Tens al teu abast un <a href=\"https:\/\/fsmcv.org\/vl\/campanyes\/activitats-comarcals\/\">calendari complet<\/a> d\u2019activitats!<\/p>\n\n\n\n<figure class=\"wp-block-image size-full\"><img loading=\"lazy\" decoding=\"async\" width=\"1024\" height=\"576\" src=\"https:\/\/alcompasrevista.com\/wp-content\/uploads\/2023\/07\/WhatsApp-Image-2023-05-13-at-13.53.36-1.jpeg\" alt=\"\" class=\"wp-image-15620\" srcset=\"https:\/\/alcompasrevista.com\/wp-content\/uploads\/2023\/07\/WhatsApp-Image-2023-05-13-at-13.53.36-1.jpeg 1024w, https:\/\/alcompasrevista.com\/wp-content\/uploads\/2023\/07\/WhatsApp-Image-2023-05-13-at-13.53.36-1-300x169.jpeg 300w, https:\/\/alcompasrevista.com\/wp-content\/uploads\/2023\/07\/WhatsApp-Image-2023-05-13-at-13.53.36-1-768x432.jpeg 768w\" sizes=\"auto, (max-width: 1024px) 100vw, 1024px\" \/><\/figure>\n\n\n\n<p><strong>Els concerts de la Campanya d&#8217;Intercanvis<\/strong>: La XX edici\u00f3 d&#8217;esta iniciativa recorre tota la geografia valenciana durant m\u00e9s de quatre mesos. El format ser\u00e0 el que ha consagrat l&#8217;\u00e8xit d\u2019este model: una societat musical organitza un concert en el qual convida a una altra agrupaci\u00f3. El concert conjunt t\u00e9 una r\u00e8plica <em>a casa<\/em> de l&#8217;organitzaci\u00f3 que va ser convidada en primer terme. Vaja, <a href=\"https:\/\/fsmcv.org\/noticias-campanas\/campana-de-intercambios-musicales\/arranca-la-xx-campana-de-conciertos-de-intercambios-musicales\/\">concerts d&#8217;anada i tornada<\/a> que enguany superaran el miler.<\/p>\n\n\n\n<p><strong>La Jove Orquestra Simf\u00f2nica de la FSMCV: <\/strong>Cal esperar fins a final de l&#8217;estiu (per\u00f2 l&#8217;espera pagar\u00e0 la pena!) per a veure en acci\u00f3 a la Jove Orquestra Simf\u00f2nica, la qual encetar\u00e0 la seua gira nacional a setembre amb un concert a la Comunitat Valenciana. Estigues atent als nostres canals i t&#8217;informarem amb detall.<\/p>\n\n\n\n<figure class=\"wp-block-image size-large\"><img loading=\"lazy\" decoding=\"async\" width=\"1024\" height=\"576\" src=\"https:\/\/alcompasrevista.com\/wp-content\/uploads\/2023\/07\/jos-1024x576.jpg\" alt=\"\" class=\"wp-image-15618\" srcset=\"https:\/\/alcompasrevista.com\/wp-content\/uploads\/2023\/07\/jos-1024x576.jpg 1024w, https:\/\/alcompasrevista.com\/wp-content\/uploads\/2023\/07\/jos-300x169.jpg 300w, https:\/\/alcompasrevista.com\/wp-content\/uploads\/2023\/07\/jos-768x432.jpg 768w, https:\/\/alcompasrevista.com\/wp-content\/uploads\/2023\/07\/jos-1536x864.jpg 1536w, https:\/\/alcompasrevista.com\/wp-content\/uploads\/2023\/07\/jos.jpg 1920w\" sizes=\"auto, (max-width: 1024px) 100vw, 1024px\" \/><\/figure>\n\n\n\n<p><strong><strong>Disfruta de les festes amb la banda del teu municipi:<\/strong> <\/strong>El millor pla de tots els plans. Ix al carrer i deixa&#8217;t portar per desfilades, concerts i cert\u00e0mens que totes les societats musicals han planejat per a este estiu. Eixa banda, ja ho advertim, \u00e9s en realitat la banda sonora de les nostres vides. En la nostra <a href=\"https:\/\/alcompasrevista.com\/agenda\/\">agenda<\/a>, a m\u00e9s, et tirem un cable perqu\u00e8 estigues informat de com sona l&#8217;estiu en la teua localitat.<\/p>\n","protected":false},"excerpt":{"rendered":"<p>Per molt que et bombardegen totes les plataformes de streaming, la teua millor amiga i les discom\u00f2bils amb les can\u00e7ons que has d&#8217;escoltar este estiu, hi ha una playlist atemporal [&hellip;]<\/p>\n","protected":false},"author":860002,"featured_media":15633,"comment_status":"closed","ping_status":"closed","sticky":false,"template":"","format":"standard","meta":{"footnotes":""},"categories":[28],"tags":[],"portada":[],"class_list":["post-15629","post","type-post","status-publish","format-standard","has-post-thumbnail","hentry","category-laterreta-va"],"yoast_head":"<!-- This site is optimized with the Yoast SEO plugin v27.4 - https:\/\/yoast.com\/product\/yoast-seo-wordpress\/ -->\n<title>Cinc plans amb les nostres societats musicals que no et pots perdre este estiu\u00a0 - Revista Al Comp\u00e0s<\/title>\n<meta name=\"robots\" content=\"index, follow, max-snippet:-1, max-image-preview:large, max-video-preview:-1\" \/>\n<link rel=\"canonical\" href=\"https:\/\/alcompasrevista.com\/archivos\/15613\" \/>\n<meta property=\"og:locale\" content=\"en_US\" \/>\n<meta property=\"og:type\" content=\"article\" \/>\n<meta property=\"og:title\" content=\"Cinc plans amb les nostres societats musicals que no et pots perdre este estiu\u00a0 - Revista Al Comp\u00e0s\" \/>\n<meta property=\"og:description\" content=\"Per molt que et bombardegen totes les plataformes de streaming, la teua millor amiga i les discom\u00f2bils amb les can\u00e7ons que has d&#8217;escoltar este estiu, hi ha una playlist atemporal [&hellip;]\" \/>\n<meta property=\"og:url\" content=\"https:\/\/alcompasrevista.com\/archivos\/15613\" \/>\n<meta property=\"og:site_name\" content=\"Revista Al Comp\u00e0s\" \/>\n<meta property=\"article:published_time\" content=\"2023-07-12T14:03:17+00:00\" \/>\n<meta property=\"article:modified_time\" content=\"2023-07-12T14:12:33+00:00\" \/>\n<meta property=\"og:image\" content=\"https:\/\/alcompasrevista.com\/wp-content\/uploads\/2023\/07\/hits.jpg\" \/>\n\t<meta property=\"og:image:width\" content=\"1920\" \/>\n\t<meta property=\"og:image:height\" content=\"1080\" \/>\n\t<meta property=\"og:image:type\" content=\"image\/jpeg\" \/>\n<meta name=\"author\" content=\"Redacci\u00f3n\" \/>\n<meta name=\"twitter:card\" content=\"summary_large_image\" \/>\n<meta name=\"twitter:label1\" content=\"Written by\" \/>\n\t<meta name=\"twitter:data1\" content=\"Redacci\u00f3\" \/>\n\t<meta name=\"twitter:label2\" content=\"Est. reading time\" \/>\n\t<meta name=\"twitter:data2\" content=\"3 minutes\" \/>\n<script type=\"application\/ld+json\" class=\"yoast-schema-graph\">{\"@context\":\"https:\\\/\\\/schema.org\",\"@graph\":[{\"@type\":\"Article\",\"@id\":\"https:\\\/\\\/alcompasrevista.com\\\/archivos\\\/15613#article\",\"isPartOf\":{\"@id\":\"https:\\\/\\\/alcompasrevista.com\\\/archivos\\\/15613\"},\"author\":{\"name\":\"Redacci\u00f3n\",\"@id\":\"https:\\\/\\\/alcompasrevista.com\\\/#\\\/schema\\\/person\\\/c10652a34fa01d238ecd498d150347fc\"},\"headline\":\"Cinc plans amb les nostres societats musicals que no et pots perdre este estiu\u00a0\",\"datePublished\":\"2023-07-12T14:03:17+00:00\",\"dateModified\":\"2023-07-12T14:12:33+00:00\",\"mainEntityOfPage\":{\"@id\":\"https:\\\/\\\/alcompasrevista.com\\\/archivos\\\/15613\"},\"wordCount\":431,\"publisher\":{\"@id\":\"https:\\\/\\\/alcompasrevista.com\\\/#organization\"},\"image\":{\"@id\":\"https:\\\/\\\/alcompasrevista.com\\\/archivos\\\/15613#primaryimage\"},\"thumbnailUrl\":\"https:\\\/\\\/alcompasrevista.com\\\/wp-content\\\/uploads\\\/2023\\\/07\\\/hits.jpg\",\"articleSection\":[\"#Laterreta\"],\"inLanguage\":\"va\"},{\"@type\":\"WebPage\",\"@id\":\"https:\\\/\\\/alcompasrevista.com\\\/archivos\\\/15613\",\"url\":\"https:\\\/\\\/alcompasrevista.com\\\/archivos\\\/15613\",\"name\":\"Cinc plans amb les nostres societats musicals que no et pots perdre este estiu\u00a0 - Revista Al Comp\u00e0s\",\"isPartOf\":{\"@id\":\"https:\\\/\\\/alcompasrevista.com\\\/#website\"},\"primaryImageOfPage\":{\"@id\":\"https:\\\/\\\/alcompasrevista.com\\\/archivos\\\/15613#primaryimage\"},\"image\":{\"@id\":\"https:\\\/\\\/alcompasrevista.com\\\/archivos\\\/15613#primaryimage\"},\"thumbnailUrl\":\"https:\\\/\\\/alcompasrevista.com\\\/wp-content\\\/uploads\\\/2023\\\/07\\\/hits.jpg\",\"datePublished\":\"2023-07-12T14:03:17+00:00\",\"dateModified\":\"2023-07-12T14:12:33+00:00\",\"breadcrumb\":{\"@id\":\"https:\\\/\\\/alcompasrevista.com\\\/archivos\\\/15613#breadcrumb\"},\"inLanguage\":\"va\",\"potentialAction\":[{\"@type\":\"ReadAction\",\"target\":[\"https:\\\/\\\/alcompasrevista.com\\\/archivos\\\/15613\"]}]},{\"@type\":\"ImageObject\",\"inLanguage\":\"va\",\"@id\":\"https:\\\/\\\/alcompasrevista.com\\\/archivos\\\/15613#primaryimage\",\"url\":\"https:\\\/\\\/alcompasrevista.com\\\/wp-content\\\/uploads\\\/2023\\\/07\\\/hits.jpg\",\"contentUrl\":\"https:\\\/\\\/alcompasrevista.com\\\/wp-content\\\/uploads\\\/2023\\\/07\\\/hits.jpg\",\"width\":1920,\"height\":1080},{\"@type\":\"BreadcrumbList\",\"@id\":\"https:\\\/\\\/alcompasrevista.com\\\/archivos\\\/15613#breadcrumb\",\"itemListElement\":[{\"@type\":\"ListItem\",\"position\":1,\"name\":\"Portada\",\"item\":\"https:\\\/\\\/alcompasrevista.com\\\/va\"},{\"@type\":\"ListItem\",\"position\":2,\"name\":\"Cinc plans amb les nostres societats musicals que no et pots perdre este estiu\u00a0\"}]},{\"@type\":\"WebSite\",\"@id\":\"https:\\\/\\\/alcompasrevista.com\\\/#website\",\"url\":\"https:\\\/\\\/alcompasrevista.com\\\/\",\"name\":\"Revista Al Comp\u00e0s\",\"description\":\"Un proyecto de la Federaci\u00f3n de Sociedades Musicales de la Comunidad Valenciana\",\"publisher\":{\"@id\":\"https:\\\/\\\/alcompasrevista.com\\\/#organization\"},\"potentialAction\":[{\"@type\":\"SearchAction\",\"target\":{\"@type\":\"EntryPoint\",\"urlTemplate\":\"https:\\\/\\\/alcompasrevista.com\\\/?s={search_term_string}\"},\"query-input\":{\"@type\":\"PropertyValueSpecification\",\"valueRequired\":true,\"valueName\":\"search_term_string\"}}],\"inLanguage\":\"va\"},{\"@type\":\"Organization\",\"@id\":\"https:\\\/\\\/alcompasrevista.com\\\/#organization\",\"name\":\"Revista Al Comp\u00e0s\",\"url\":\"https:\\\/\\\/alcompasrevista.com\\\/\",\"logo\":{\"@type\":\"ImageObject\",\"inLanguage\":\"va\",\"@id\":\"https:\\\/\\\/alcompasrevista.com\\\/#\\\/schema\\\/logo\\\/image\\\/\",\"url\":\"https:\\\/\\\/alcompasrevista.com\\\/wp-content\\\/uploads\\\/2022\\\/04\\\/cropped-loog_blanco.png\",\"contentUrl\":\"https:\\\/\\\/alcompasrevista.com\\\/wp-content\\\/uploads\\\/2022\\\/04\\\/cropped-loog_blanco.png\",\"width\":1612,\"height\":724,\"caption\":\"Revista Al Comp\u00e0s\"},\"image\":{\"@id\":\"https:\\\/\\\/alcompasrevista.com\\\/#\\\/schema\\\/logo\\\/image\\\/\"}},{\"@type\":\"Person\",\"@id\":\"https:\\\/\\\/alcompasrevista.com\\\/#\\\/schema\\\/person\\\/c10652a34fa01d238ecd498d150347fc\",\"name\":\"Redacci\u00f3n\",\"image\":{\"@type\":\"ImageObject\",\"inLanguage\":\"va\",\"@id\":\"https:\\\/\\\/secure.gravatar.com\\\/avatar\\\/e6a6d0cd2ddec22e0ca7d21b7e49d4a0099fbdc1d476e5412893210bce942ce9?s=96&d=mm&r=g\",\"url\":\"https:\\\/\\\/secure.gravatar.com\\\/avatar\\\/e6a6d0cd2ddec22e0ca7d21b7e49d4a0099fbdc1d476e5412893210bce942ce9?s=96&d=mm&r=g\",\"contentUrl\":\"https:\\\/\\\/secure.gravatar.com\\\/avatar\\\/e6a6d0cd2ddec22e0ca7d21b7e49d4a0099fbdc1d476e5412893210bce942ce9?s=96&d=mm&r=g\",\"caption\":\"Redacci\u00f3n\"},\"url\":\"https:\\\/\\\/alcompasrevista.com\\\/va\\\/archivos\\\/author\\\/vhj_webmaster\"}]}<\/script>\n<!-- \/ Yoast SEO plugin. -->","yoast_head_json":{"title":"Cinc plans amb les nostres societats musicals que no et pots perdre este estiu\u00a0 - Revista Al Comp\u00e0s","robots":{"index":"index","follow":"follow","max-snippet":"max-snippet:-1","max-image-preview":"max-image-preview:large","max-video-preview":"max-video-preview:-1"},"canonical":"https:\/\/alcompasrevista.com\/archivos\/15613","og_locale":"en_US","og_type":"article","og_title":"Cinc plans amb les nostres societats musicals que no et pots perdre este estiu\u00a0 - Revista Al Comp\u00e0s","og_description":"Per molt que et bombardegen totes les plataformes de streaming, la teua millor amiga i les discom\u00f2bils amb les can\u00e7ons que has d&#8217;escoltar este estiu, hi ha una playlist atemporal [&hellip;]","og_url":"https:\/\/alcompasrevista.com\/archivos\/15613","og_site_name":"Revista Al Comp\u00e0s","article_published_time":"2023-07-12T14:03:17+00:00","article_modified_time":"2023-07-12T14:12:33+00:00","og_image":[{"width":1920,"height":1080,"url":"https:\/\/alcompasrevista.com\/wp-content\/uploads\/2023\/07\/hits.jpg","type":"image\/jpeg"}],"author":"Redacci\u00f3n","twitter_card":"summary_large_image","twitter_misc":{"Written by":"Redacci\u00f3","Est. reading time":"3 minutes"},"schema":{"@context":"https:\/\/schema.org","@graph":[{"@type":"Article","@id":"https:\/\/alcompasrevista.com\/archivos\/15613#article","isPartOf":{"@id":"https:\/\/alcompasrevista.com\/archivos\/15613"},"author":{"name":"Redacci\u00f3n","@id":"https:\/\/alcompasrevista.com\/#\/schema\/person\/c10652a34fa01d238ecd498d150347fc"},"headline":"Cinc plans amb les nostres societats musicals que no et pots perdre este estiu\u00a0","datePublished":"2023-07-12T14:03:17+00:00","dateModified":"2023-07-12T14:12:33+00:00","mainEntityOfPage":{"@id":"https:\/\/alcompasrevista.com\/archivos\/15613"},"wordCount":431,"publisher":{"@id":"https:\/\/alcompasrevista.com\/#organization"},"image":{"@id":"https:\/\/alcompasrevista.com\/archivos\/15613#primaryimage"},"thumbnailUrl":"https:\/\/alcompasrevista.com\/wp-content\/uploads\/2023\/07\/hits.jpg","articleSection":["#Laterreta"],"inLanguage":"va"},{"@type":"WebPage","@id":"https:\/\/alcompasrevista.com\/archivos\/15613","url":"https:\/\/alcompasrevista.com\/archivos\/15613","name":"Cinc plans amb les nostres societats musicals que no et pots perdre este estiu\u00a0 - Revista Al Comp\u00e0s","isPartOf":{"@id":"https:\/\/alcompasrevista.com\/#website"},"primaryImageOfPage":{"@id":"https:\/\/alcompasrevista.com\/archivos\/15613#primaryimage"},"image":{"@id":"https:\/\/alcompasrevista.com\/archivos\/15613#primaryimage"},"thumbnailUrl":"https:\/\/alcompasrevista.com\/wp-content\/uploads\/2023\/07\/hits.jpg","datePublished":"2023-07-12T14:03:17+00:00","dateModified":"2023-07-12T14:12:33+00:00","breadcrumb":{"@id":"https:\/\/alcompasrevista.com\/archivos\/15613#breadcrumb"},"inLanguage":"va","potentialAction":[{"@type":"ReadAction","target":["https:\/\/alcompasrevista.com\/archivos\/15613"]}]},{"@type":"ImageObject","inLanguage":"va","@id":"https:\/\/alcompasrevista.com\/archivos\/15613#primaryimage","url":"https:\/\/alcompasrevista.com\/wp-content\/uploads\/2023\/07\/hits.jpg","contentUrl":"https:\/\/alcompasrevista.com\/wp-content\/uploads\/2023\/07\/hits.jpg","width":1920,"height":1080},{"@type":"BreadcrumbList","@id":"https:\/\/alcompasrevista.com\/archivos\/15613#breadcrumb","itemListElement":[{"@type":"ListItem","position":1,"name":"Portada","item":"https:\/\/alcompasrevista.com\/va"},{"@type":"ListItem","position":2,"name":"Cinc plans amb les nostres societats musicals que no et pots perdre este estiu\u00a0"}]},{"@type":"WebSite","@id":"https:\/\/alcompasrevista.com\/#website","url":"https:\/\/alcompasrevista.com\/","name":"Revista Al Comp\u00e0s","description":"Un proyecto de la Federaci\u00f3n de Sociedades Musicales de la Comunidad Valenciana","publisher":{"@id":"https:\/\/alcompasrevista.com\/#organization"},"potentialAction":[{"@type":"SearchAction","target":{"@type":"EntryPoint","urlTemplate":"https:\/\/alcompasrevista.com\/?s={search_term_string}"},"query-input":{"@type":"PropertyValueSpecification","valueRequired":true,"valueName":"search_term_string"}}],"inLanguage":"va"},{"@type":"Organization","@id":"https:\/\/alcompasrevista.com\/#organization","name":"Revista Al Comp\u00e0s","url":"https:\/\/alcompasrevista.com\/","logo":{"@type":"ImageObject","inLanguage":"va","@id":"https:\/\/alcompasrevista.com\/#\/schema\/logo\/image\/","url":"https:\/\/alcompasrevista.com\/wp-content\/uploads\/2022\/04\/cropped-loog_blanco.png","contentUrl":"https:\/\/alcompasrevista.com\/wp-content\/uploads\/2022\/04\/cropped-loog_blanco.png","width":1612,"height":724,"caption":"Revista Al Comp\u00e0s"},"image":{"@id":"https:\/\/alcompasrevista.com\/#\/schema\/logo\/image\/"}},{"@type":"Person","@id":"https:\/\/alcompasrevista.com\/#\/schema\/person\/c10652a34fa01d238ecd498d150347fc","name":"Redacci\u00f3n","image":{"@type":"ImageObject","inLanguage":"va","@id":"https:\/\/secure.gravatar.com\/avatar\/e6a6d0cd2ddec22e0ca7d21b7e49d4a0099fbdc1d476e5412893210bce942ce9?s=96&d=mm&r=g","url":"https:\/\/secure.gravatar.com\/avatar\/e6a6d0cd2ddec22e0ca7d21b7e49d4a0099fbdc1d476e5412893210bce942ce9?s=96&d=mm&r=g","contentUrl":"https:\/\/secure.gravatar.com\/avatar\/e6a6d0cd2ddec22e0ca7d21b7e49d4a0099fbdc1d476e5412893210bce942ce9?s=96&d=mm&r=g","caption":"Redacci\u00f3n"},"url":"https:\/\/alcompasrevista.com\/va\/archivos\/author\/vhj_webmaster"}]}},"_links":{"self":[{"href":"https:\/\/alcompasrevista.com\/va\/wp-json\/wp\/v2\/posts\/15629","targetHints":{"allow":["GET"]}}],"collection":[{"href":"https:\/\/alcompasrevista.com\/va\/wp-json\/wp\/v2\/posts"}],"about":[{"href":"https:\/\/alcompasrevista.com\/va\/wp-json\/wp\/v2\/types\/post"}],"author":[{"embeddable":true,"href":"https:\/\/alcompasrevista.com\/va\/wp-json\/wp\/v2\/users\/860002"}],"replies":[{"embeddable":true,"href":"https:\/\/alcompasrevista.com\/va\/wp-json\/wp\/v2\/comments?post=15629"}],"version-history":[{"count":0,"href":"https:\/\/alcompasrevista.com\/va\/wp-json\/wp\/v2\/posts\/15629\/revisions"}],"wp:featuredmedia":[{"embeddable":true,"href":"https:\/\/alcompasrevista.com\/va\/wp-json\/wp\/v2\/media\/15633"}],"wp:attachment":[{"href":"https:\/\/alcompasrevista.com\/va\/wp-json\/wp\/v2\/media?parent=15629"}],"wp:term":[{"taxonomy":"category","embeddable":true,"href":"https:\/\/alcompasrevista.com\/va\/wp-json\/wp\/v2\/categories?post=15629"},{"taxonomy":"post_tag","embeddable":true,"href":"https:\/\/alcompasrevista.com\/va\/wp-json\/wp\/v2\/tags?post=15629"},{"taxonomy":"portada","embeddable":true,"href":"https:\/\/alcompasrevista.com\/va\/wp-json\/wp\/v2\/portada?post=15629"}],"curies":[{"name":"wp","href":"https:\/\/api.w.org\/{rel}","templated":true}]}}