{"id":15471,"date":"2023-07-03T17:31:12","date_gmt":"2023-07-03T15:31:12","guid":{"rendered":"https:\/\/alcompasrevista.com\/rafa-grau-antes-de-dirigirla-he-sido-musico-de-la-joven-banda-sinfonica-de-la-fsmcv-y-es-una-experiencia-fabulosa\/"},"modified":"2023-07-03T18:09:39","modified_gmt":"2023-07-03T16:09:39","slug":"rafa-grau-antes-de-dirigirla-he-sido-musico-de-la-joven-banda-sinfonica-de-la-fsmcv-y-es-una-experiencia-fabulosa","status":"publish","type":"post","link":"https:\/\/alcompasrevista.com\/va\/archivos\/15471","title":{"rendered":"Rafa Grau: \u00abAbans de dirigir-la he sigut m\u00fasic de la Jove Banda Simf\u00f2nica de la FSMCV i \u00e9s una experi\u00e8ncia fabulosa\u00bb"},"content":{"rendered":"\n<p>Rafa Grau Vilar (Castell\u00f3, 1990) \u00e9s en 2023 l&#8217;encarregat de portar la batuta de la Jove Banda Simf\u00f2nica de la FSMCV. Amb una prometedora carrera per davant com a director, ens conta la seua traject\u00f2ria i els secrets de l&#8217;actual temporada de la formaci\u00f3, que se celebra els dies 7, 8 i 9 de juliol a l&#8217;Auditori Rex de Castell\u00f3, la Pla\u00e7a de Bous de Val\u00e8ncia i l&#8217;Auditori de Teulada Moraira.\u00a0Les entrades als recitals s\u00f3n lliures fins a completar l&#8217;aforament.<\/p>\n\n\n\n<p><strong>Al Comp\u00e0s. Vas iniciar els teus estudis en la Lira Castellonera. Qu\u00e8 recordes del teu primer contacte amb la teua societat musical?<\/strong><\/p>\n\n\n\n<p>Rafa Grau. Recorde sentir la societat musical com un lloc de confort des del primer dia. La Lira Castellonera \u00e9s transcendental en la meua vida, m&#8217;ha donat una formaci\u00f3 com a m\u00fasic i persona, m&#8217;ha perm\u00e9s viure experi\u00e8ncies meravelloses, con\u00e9ixer als meus millors amics, a la meua companya de vida\u2026 A\u00e7\u00f2 pot semblar extraordinari per a aquells que no coneixen les nostres bandes de m\u00fasica, per\u00f2 en canvi \u00e9s una cosa molt comuna entre els m\u00fasics valencians i, per tant, nosaltres mateixos hem de valorar i conservar com es mereix este incre\u00efble moviment cultural que s\u00f3n les nostres societats musicals.<\/p>\n\n\n\n<p><strong>AC. Quin instrument tocaves en un primer moment?<\/strong><\/p>\n\n\n\n<p>RG. La trompeta.<\/p>\n\n\n\n<p><strong>AC. Quan vas decidir que volies orientar la teua carrera cap a la direcci\u00f3?<\/strong><\/p>\n\n\n\n<p>RG. No hi ha un moment en concret, hi ha una evoluci\u00f3 en els meus estudis musicals que em porta a pensar a estudiar direcci\u00f3.&nbsp;<\/p>\n\n\n\n<p><strong>AC. Qu\u00e8 significa per a tu formar part d&#8217;una societat musical?<\/strong>RG. Per a mi \u00e9s un privilegi formar part de l&#8217;entitat cultural m\u00e9s important que t\u00e9 el meu poble. Quan penses que hi ha m\u00e9s de 550 societats musicals en la Comunitat Valenciana, a m\u00e9s moltes d&#8217;elles centen\u00e0ries i fins i tot fins a bicenten\u00e0ries, t&#8217;impregnes d&#8217;un respecte absolut cap a elles. Les bandes de m\u00fasica han sigut i s\u00f3n el senyal d&#8217;identitat de la nostra societat al llarg del temps i haur\u00edem d&#8217;apostar m\u00e9s encara per elles i portar-les com a distintiu de la nostra societat per tot el m\u00f3n.<\/p>\n\n\n\n<figure class=\"wp-block-image size-large\"><img loading=\"lazy\" decoding=\"async\" width=\"1024\" height=\"640\" src=\"https:\/\/alcompasrevista.com\/wp-content\/uploads\/2023\/07\/2-1024x640.png\" alt=\"\" class=\"wp-image-15463\" srcset=\"https:\/\/alcompasrevista.com\/wp-content\/uploads\/2023\/07\/2-1024x640.png 1024w, https:\/\/alcompasrevista.com\/wp-content\/uploads\/2023\/07\/2-300x188.png 300w, https:\/\/alcompasrevista.com\/wp-content\/uploads\/2023\/07\/2-768x480.png 768w, https:\/\/alcompasrevista.com\/wp-content\/uploads\/2023\/07\/2-1536x960.png 1536w, https:\/\/alcompasrevista.com\/wp-content\/uploads\/2023\/07\/2-2048x1280.png 2048w\" sizes=\"auto, (max-width: 1024px) 100vw, 1024px\" \/><\/figure>\n\n\n\n<h2 class=\"wp-block-heading\"><em><mark style=\"background-color:rgba(0, 0, 0, 0)\" class=\"has-inline-color has-vivid-cyan-blue-color\">\u00ab<\/mark><\/em><i><mark style=\"background-color:rgba(0, 0, 0, 0)\" class=\"has-inline-color has-vivid-cyan-blue-color\">Quan penses que hi ha m\u00e9s de 550 societats musicals en la Comunitat Valenciana, a m\u00e9s moltes d&#8217;elles centen\u00e0ries i fins i tot fins a bicenten\u00e0ries, t&#8217;impregnes d&#8217;un respecte absolut cap a elles<\/mark><\/i><mark style=\"background-color:rgba(0, 0, 0, 0)\" class=\"has-inline-color has-vivid-cyan-blue-color\"><i>\u00bb<\/i><\/mark><\/h2>\n\n\n\n<p><strong>AC. Has dirigit a un bon nombre de formacions, has recorregut molts cert\u00e0mens, aconseguint diferents guardons. Quina ha sigut la teua experi\u00e8ncia m\u00e9s intensa fins al moment com a director?<\/strong><\/p>\n\n\n\n<p>RG. Encara que les actuacions dels cert\u00e0mens van ser especials i intenses, no poden igualar el primer concert com a director que vaig realitzar amb l\u2019Agrupaci\u00f3 Musical Enovense. Va ser un concert de Santa Cecilia, diumenge a la vesprada, i vaig experimentar unes sensacions extraordin\u00e0ries, que em van tindre tota la nit posterior al concert sense poder dormir. Em sent molt afortunat d&#8217;haver dirigit en L\u2019\u00c9nova, la banda que em va donar l&#8217;oportunitat de comen\u00e7ar, de cr\u00e9ixer amb la SM de La Llosa de Ranes i d&#8217;actualment poder compartir la m\u00fasica amb una de les bandes m\u00e9s importants de la Comunitat Valenciana com \u00e9s l\u2019Ateneu Musical Schola Cantorum de La Vall d&#8217;Uix\u00f3.<\/p>\n\n\n\n<p><strong>AC. A comen\u00e7aments de 2023 es va con\u00e9ixer el teu nomenament al capdavant de la Jove Banda Simf\u00f2nica de la FSMCV. Com afrontes el repte?<\/strong><\/p>\n\n\n\n<p>RG. Amb molta il\u00b7lusi\u00f3 i ganes de poder compartir la m\u00fasica amb totes i tots els m\u00fasics que integren la formaci\u00f3.<\/p>\n\n\n\n<p><strong>AC. Arriba el gran moment de l&#8217;any per a esta unitat: qu\u00e8 esperes de la temporada?<\/strong><\/p>\n\n\n\n<p>RG. La veritat \u00e9s que tenim un gran repte amb el repertori escollit, que segur durem a terme de la millor manera gr\u00e0cies al treball i a la qualitat art\u00edstica dels m\u00fasics perqu\u00e8 la gent gaudisca dels concerts de la forrmaci\u00f3.<\/p>\n\n\n\n<p><strong>AC. Abans de la gira es du a terme la concentraci\u00f3 a Navajas. Explica&#8217;ns com seran eixos dies per a tu i els m\u00fasics, i qu\u00e8 aporta esta conviv\u00e8ncia pr\u00e8via als concerts.<\/strong><\/p>\n\n\n\n<p>RG. Esta concentraci\u00f3 simula la vida real i professional d&#8217;una banda municipal que prepara els concerts del cap de setmana durant quatre o cinc dies d&#8217;assajos. Com deia anteriorment, el repertori ens exigir\u00e0 treballar intensament i, a m\u00e9s, traure la millor versi\u00f3 de tots nosaltres. Conviure durant una setmana a Navajas ens garantix un grup cohesionat i motivat que facilita aconseguir el repte art\u00edstic.&nbsp;<\/p>\n\n\n\n<p><strong>AC. Qu\u00e8 ens pots comptar sobre el repertori triat?<\/strong><\/p>\n\n\n\n<p>RG. Tenim un repertori diferenciat en dos parts, la primera dedicada a compositors actius i referents valencians com s\u00f3n Manuel Morales i Jos\u00e9 Su\u00f1er-Oriola. Concretament s&#8217;interpreten el pasdoble simf\u00f2nic <em>So\u00f1ad el mar<\/em>, del mestre Morales i <em>Soulful Stones<\/em> del mestre Su\u00f1er, que va ser obra obligada en l&#8217;edici\u00f3 del 2019 del CIBM de Val\u00e8ncia en la seua secci\u00f3 d&#8217;honor. Aix\u00ed mateix, en la segona part es ret homenatge al mestre Francisco Asenjo Barbieri per a commemorar el bicentenari del seu naixement, interpretant la seua magn\u00edfica <em>Sinfon\u00eda sobre motivos de zarzuela<\/em>; i tamb\u00e9 al mestre Jos\u00e9 Serrano, commemorant els 150 anys del seu naixement amb la interpretaci\u00f3 d\u2019<em>El motete<\/em>. Finalment, el concert es culmina amb l&#8217;homenatge al pintor Joaqu\u00edn Sorolla en commemoraci\u00f3 al centenari de la seua mort, interpretant una de les obres m\u00e9s importants del repertori band\u00edstic del mestre Bernardo Adam Ferrero, que va morir l&#8217;any passat: <em>Homenatge a Joaqu\u00edn Sorolla<\/em>.<\/p>\n\n\n\n<p><strong>AC. La Jove Banda Simf\u00f2nica \u00e9s una formaci\u00f3 amb una traject\u00f2ria consolidada. Quin creus que pot ser el teu segell en ella com a director?<\/strong><\/p>\n\n\n\n<p>RG. Tot director t\u00e9 una idea de treball, una manera de projectar les seues idees musicals i sobretot, un concepte de com ha de sonar la seua formaci\u00f3. Este \u00e9s el meu objectiu durant la primera setmana de juliol perqu\u00e8 es puga apreciar en els concerts.<\/p>\n\n\n\n<p><strong>AC. I qu\u00e8 suposa per a un m\u00fasic o m\u00fasica formar part d&#8217;esta formaci\u00f3?<\/strong><\/p>\n\n\n\n<p>RG. Jo he sigut m\u00fasic de la Jove Banda Simf\u00f2nica i \u00e9s una experi\u00e8ncia musical i social fabulosa. Est\u00e0s una setmana fent el que t&#8217;apassiona, coneixes a nous companys, aprens nous conceptes, t&#8217;enfrontes a un repertori molt exigent, compartixes menjars, festes\u2026 En fi, \u00e9s una setmana molt intensa i apassionant que he tingut la sort de viure durant diverses temporades.<\/p>\n\n\n\n<figure class=\"wp-block-image size-large\"><img loading=\"lazy\" decoding=\"async\" width=\"1024\" height=\"576\" src=\"https:\/\/alcompasrevista.com\/wp-content\/uploads\/2023\/07\/3_Foto-JBS_Miguel-Angel-Calvo-1024x576.jpg\" alt=\"\" class=\"wp-image-15465\" srcset=\"https:\/\/alcompasrevista.com\/wp-content\/uploads\/2023\/07\/3_Foto-JBS_Miguel-Angel-Calvo-1024x576.jpg 1024w, https:\/\/alcompasrevista.com\/wp-content\/uploads\/2023\/07\/3_Foto-JBS_Miguel-Angel-Calvo-300x169.jpg 300w, https:\/\/alcompasrevista.com\/wp-content\/uploads\/2023\/07\/3_Foto-JBS_Miguel-Angel-Calvo-768x432.jpg 768w, https:\/\/alcompasrevista.com\/wp-content\/uploads\/2023\/07\/3_Foto-JBS_Miguel-Angel-Calvo-1536x864.jpg 1536w, https:\/\/alcompasrevista.com\/wp-content\/uploads\/2023\/07\/3_Foto-JBS_Miguel-Angel-Calvo.jpg 1920w\" sizes=\"auto, (max-width: 1024px) 100vw, 1024px\" \/><\/figure>\n\n\n\n<p><em>Imatge de la Jove Banda Simf\u00f2nica. Miguel \u00c1ngel Calvo \/ FSMCV<\/em><\/p>\n","protected":false},"excerpt":{"rendered":"<p>Rafa Grau Vilar (Castell\u00f3, 1990) \u00e9s en 2023 l&#8217;encarregat de portar la batuta de la Jove Banda Simf\u00f2nica de la FSMCV. Amb una prometedora carrera per davant com a director, [&hellip;]<\/p>\n","protected":false},"author":860002,"featured_media":15468,"comment_status":"closed","ping_status":"closed","sticky":false,"template":"","format":"standard","meta":{"footnotes":""},"categories":[30],"tags":[933,35],"portada":[932,40],"class_list":["post-15471","post","type-post","status-publish","format-standard","has-post-thumbnail","hentry","category-qui-es-qui","tag-portada-va-2","tag-portada-va","portada-portada-3","portada-portada"],"yoast_head":"<!-- This site is optimized with the Yoast SEO plugin v27.4 - https:\/\/yoast.com\/product\/yoast-seo-wordpress\/ -->\n<title>Rafa Grau: \u00abAbans de dirigir-la he sigut m\u00fasic de la Jove Banda Simf\u00f2nica de la FSMCV i \u00e9s una experi\u00e8ncia fabulosa\u00bb - Revista Al Comp\u00e0s<\/title>\n<meta name=\"robots\" content=\"index, follow, max-snippet:-1, max-image-preview:large, max-video-preview:-1\" \/>\n<link rel=\"canonical\" href=\"https:\/\/alcompasrevista.com\/va\/archivos\/15471\" \/>\n<meta property=\"og:locale\" content=\"en_US\" \/>\n<meta property=\"og:type\" content=\"article\" \/>\n<meta property=\"og:title\" content=\"Rafa Grau: \u00abAbans de dirigir-la he sigut m\u00fasic de la Jove Banda Simf\u00f2nica de la FSMCV i \u00e9s una experi\u00e8ncia fabulosa\u00bb - Revista Al Comp\u00e0s\" \/>\n<meta property=\"og:description\" content=\"Rafa Grau Vilar (Castell\u00f3, 1990) \u00e9s en 2023 l&#8217;encarregat de portar la batuta de la Jove Banda Simf\u00f2nica de la FSMCV. Amb una prometedora carrera per davant com a director, [&hellip;]\" \/>\n<meta property=\"og:url\" content=\"https:\/\/alcompasrevista.com\/va\/archivos\/15471\" \/>\n<meta property=\"og:site_name\" content=\"Revista Al Comp\u00e0s\" \/>\n<meta property=\"article:published_time\" content=\"2023-07-03T15:31:12+00:00\" \/>\n<meta property=\"article:modified_time\" content=\"2023-07-03T16:09:39+00:00\" \/>\n<meta property=\"og:image\" content=\"https:\/\/alcompasrevista.com\/wp-content\/uploads\/2023\/07\/Grau1.jpg\" \/>\n\t<meta property=\"og:image:width\" content=\"1920\" \/>\n\t<meta property=\"og:image:height\" content=\"1080\" \/>\n\t<meta property=\"og:image:type\" content=\"image\/jpeg\" \/>\n<meta name=\"author\" content=\"Redacci\u00f3n\" \/>\n<meta name=\"twitter:card\" content=\"summary_large_image\" \/>\n<meta name=\"twitter:label1\" content=\"Written by\" \/>\n\t<meta name=\"twitter:data1\" content=\"Redacci\u00f3\" \/>\n\t<meta name=\"twitter:label2\" content=\"Est. reading time\" \/>\n\t<meta name=\"twitter:data2\" content=\"6 minutes\" \/>\n<script type=\"application\/ld+json\" class=\"yoast-schema-graph\">{\"@context\":\"https:\\\/\\\/schema.org\",\"@graph\":[{\"@type\":\"Article\",\"@id\":\"https:\\\/\\\/alcompasrevista.com\\\/va\\\/archivos\\\/15471#article\",\"isPartOf\":{\"@id\":\"https:\\\/\\\/alcompasrevista.com\\\/va\\\/archivos\\\/15471\"},\"author\":{\"name\":\"Redacci\u00f3n\",\"@id\":\"https:\\\/\\\/alcompasrevista.com\\\/#\\\/schema\\\/person\\\/c10652a34fa01d238ecd498d150347fc\"},\"headline\":\"Rafa Grau: \u00abAbans de dirigir-la he sigut m\u00fasic de la Jove Banda Simf\u00f2nica de la FSMCV i \u00e9s una experi\u00e8ncia fabulosa\u00bb\",\"datePublished\":\"2023-07-03T15:31:12+00:00\",\"dateModified\":\"2023-07-03T16:09:39+00:00\",\"mainEntityOfPage\":{\"@id\":\"https:\\\/\\\/alcompasrevista.com\\\/va\\\/archivos\\\/15471\"},\"wordCount\":1169,\"publisher\":{\"@id\":\"https:\\\/\\\/alcompasrevista.com\\\/#organization\"},\"image\":{\"@id\":\"https:\\\/\\\/alcompasrevista.com\\\/va\\\/archivos\\\/15471#primaryimage\"},\"thumbnailUrl\":\"https:\\\/\\\/alcompasrevista.com\\\/wp-content\\\/uploads\\\/2023\\\/07\\\/Grau1.jpg\",\"keywords\":[\"#Portada\",\"Portada\"],\"articleSection\":[\"#Qui\u00e9squi\"],\"inLanguage\":\"va\"},{\"@type\":\"WebPage\",\"@id\":\"https:\\\/\\\/alcompasrevista.com\\\/va\\\/archivos\\\/15471\",\"url\":\"https:\\\/\\\/alcompasrevista.com\\\/va\\\/archivos\\\/15471\",\"name\":\"Rafa Grau: \u00abAbans de dirigir-la he sigut m\u00fasic de la Jove Banda Simf\u00f2nica de la FSMCV i \u00e9s una experi\u00e8ncia fabulosa\u00bb - Revista Al Comp\u00e0s\",\"isPartOf\":{\"@id\":\"https:\\\/\\\/alcompasrevista.com\\\/#website\"},\"primaryImageOfPage\":{\"@id\":\"https:\\\/\\\/alcompasrevista.com\\\/va\\\/archivos\\\/15471#primaryimage\"},\"image\":{\"@id\":\"https:\\\/\\\/alcompasrevista.com\\\/va\\\/archivos\\\/15471#primaryimage\"},\"thumbnailUrl\":\"https:\\\/\\\/alcompasrevista.com\\\/wp-content\\\/uploads\\\/2023\\\/07\\\/Grau1.jpg\",\"datePublished\":\"2023-07-03T15:31:12+00:00\",\"dateModified\":\"2023-07-03T16:09:39+00:00\",\"breadcrumb\":{\"@id\":\"https:\\\/\\\/alcompasrevista.com\\\/va\\\/archivos\\\/15471#breadcrumb\"},\"inLanguage\":\"va\",\"potentialAction\":[{\"@type\":\"ReadAction\",\"target\":[\"https:\\\/\\\/alcompasrevista.com\\\/va\\\/archivos\\\/15471\"]}]},{\"@type\":\"ImageObject\",\"inLanguage\":\"va\",\"@id\":\"https:\\\/\\\/alcompasrevista.com\\\/va\\\/archivos\\\/15471#primaryimage\",\"url\":\"https:\\\/\\\/alcompasrevista.com\\\/wp-content\\\/uploads\\\/2023\\\/07\\\/Grau1.jpg\",\"contentUrl\":\"https:\\\/\\\/alcompasrevista.com\\\/wp-content\\\/uploads\\\/2023\\\/07\\\/Grau1.jpg\",\"width\":1920,\"height\":1080},{\"@type\":\"BreadcrumbList\",\"@id\":\"https:\\\/\\\/alcompasrevista.com\\\/va\\\/archivos\\\/15471#breadcrumb\",\"itemListElement\":[{\"@type\":\"ListItem\",\"position\":1,\"name\":\"Portada\",\"item\":\"https:\\\/\\\/alcompasrevista.com\\\/va\"},{\"@type\":\"ListItem\",\"position\":2,\"name\":\"Rafa Grau: \u00abAbans de dirigir-la he sigut m\u00fasic de la Jove Banda Simf\u00f2nica de la FSMCV i \u00e9s una experi\u00e8ncia fabulosa\u00bb\"}]},{\"@type\":\"WebSite\",\"@id\":\"https:\\\/\\\/alcompasrevista.com\\\/#website\",\"url\":\"https:\\\/\\\/alcompasrevista.com\\\/\",\"name\":\"Revista Al Comp\u00e0s\",\"description\":\"Un proyecto de la Federaci\u00f3n de Sociedades Musicales de la Comunidad Valenciana\",\"publisher\":{\"@id\":\"https:\\\/\\\/alcompasrevista.com\\\/#organization\"},\"potentialAction\":[{\"@type\":\"SearchAction\",\"target\":{\"@type\":\"EntryPoint\",\"urlTemplate\":\"https:\\\/\\\/alcompasrevista.com\\\/?s={search_term_string}\"},\"query-input\":{\"@type\":\"PropertyValueSpecification\",\"valueRequired\":true,\"valueName\":\"search_term_string\"}}],\"inLanguage\":\"va\"},{\"@type\":\"Organization\",\"@id\":\"https:\\\/\\\/alcompasrevista.com\\\/#organization\",\"name\":\"Revista Al Comp\u00e0s\",\"url\":\"https:\\\/\\\/alcompasrevista.com\\\/\",\"logo\":{\"@type\":\"ImageObject\",\"inLanguage\":\"va\",\"@id\":\"https:\\\/\\\/alcompasrevista.com\\\/#\\\/schema\\\/logo\\\/image\\\/\",\"url\":\"https:\\\/\\\/alcompasrevista.com\\\/wp-content\\\/uploads\\\/2022\\\/04\\\/cropped-loog_blanco.png\",\"contentUrl\":\"https:\\\/\\\/alcompasrevista.com\\\/wp-content\\\/uploads\\\/2022\\\/04\\\/cropped-loog_blanco.png\",\"width\":1612,\"height\":724,\"caption\":\"Revista Al Comp\u00e0s\"},\"image\":{\"@id\":\"https:\\\/\\\/alcompasrevista.com\\\/#\\\/schema\\\/logo\\\/image\\\/\"}},{\"@type\":\"Person\",\"@id\":\"https:\\\/\\\/alcompasrevista.com\\\/#\\\/schema\\\/person\\\/c10652a34fa01d238ecd498d150347fc\",\"name\":\"Redacci\u00f3n\",\"image\":{\"@type\":\"ImageObject\",\"inLanguage\":\"va\",\"@id\":\"https:\\\/\\\/secure.gravatar.com\\\/avatar\\\/e6a6d0cd2ddec22e0ca7d21b7e49d4a0099fbdc1d476e5412893210bce942ce9?s=96&d=mm&r=g\",\"url\":\"https:\\\/\\\/secure.gravatar.com\\\/avatar\\\/e6a6d0cd2ddec22e0ca7d21b7e49d4a0099fbdc1d476e5412893210bce942ce9?s=96&d=mm&r=g\",\"contentUrl\":\"https:\\\/\\\/secure.gravatar.com\\\/avatar\\\/e6a6d0cd2ddec22e0ca7d21b7e49d4a0099fbdc1d476e5412893210bce942ce9?s=96&d=mm&r=g\",\"caption\":\"Redacci\u00f3n\"},\"url\":\"https:\\\/\\\/alcompasrevista.com\\\/va\\\/archivos\\\/author\\\/vhj_webmaster\"}]}<\/script>\n<!-- \/ Yoast SEO plugin. -->","yoast_head_json":{"title":"Rafa Grau: \u00abAbans de dirigir-la he sigut m\u00fasic de la Jove Banda Simf\u00f2nica de la FSMCV i \u00e9s una experi\u00e8ncia fabulosa\u00bb - Revista Al Comp\u00e0s","robots":{"index":"index","follow":"follow","max-snippet":"max-snippet:-1","max-image-preview":"max-image-preview:large","max-video-preview":"max-video-preview:-1"},"canonical":"https:\/\/alcompasrevista.com\/va\/archivos\/15471","og_locale":"en_US","og_type":"article","og_title":"Rafa Grau: \u00abAbans de dirigir-la he sigut m\u00fasic de la Jove Banda Simf\u00f2nica de la FSMCV i \u00e9s una experi\u00e8ncia fabulosa\u00bb - Revista Al Comp\u00e0s","og_description":"Rafa Grau Vilar (Castell\u00f3, 1990) \u00e9s en 2023 l&#8217;encarregat de portar la batuta de la Jove Banda Simf\u00f2nica de la FSMCV. Amb una prometedora carrera per davant com a director, [&hellip;]","og_url":"https:\/\/alcompasrevista.com\/va\/archivos\/15471","og_site_name":"Revista Al Comp\u00e0s","article_published_time":"2023-07-03T15:31:12+00:00","article_modified_time":"2023-07-03T16:09:39+00:00","og_image":[{"width":1920,"height":1080,"url":"https:\/\/alcompasrevista.com\/wp-content\/uploads\/2023\/07\/Grau1.jpg","type":"image\/jpeg"}],"author":"Redacci\u00f3n","twitter_card":"summary_large_image","twitter_misc":{"Written by":"Redacci\u00f3","Est. reading time":"6 minutes"},"schema":{"@context":"https:\/\/schema.org","@graph":[{"@type":"Article","@id":"https:\/\/alcompasrevista.com\/va\/archivos\/15471#article","isPartOf":{"@id":"https:\/\/alcompasrevista.com\/va\/archivos\/15471"},"author":{"name":"Redacci\u00f3n","@id":"https:\/\/alcompasrevista.com\/#\/schema\/person\/c10652a34fa01d238ecd498d150347fc"},"headline":"Rafa Grau: \u00abAbans de dirigir-la he sigut m\u00fasic de la Jove Banda Simf\u00f2nica de la FSMCV i \u00e9s una experi\u00e8ncia fabulosa\u00bb","datePublished":"2023-07-03T15:31:12+00:00","dateModified":"2023-07-03T16:09:39+00:00","mainEntityOfPage":{"@id":"https:\/\/alcompasrevista.com\/va\/archivos\/15471"},"wordCount":1169,"publisher":{"@id":"https:\/\/alcompasrevista.com\/#organization"},"image":{"@id":"https:\/\/alcompasrevista.com\/va\/archivos\/15471#primaryimage"},"thumbnailUrl":"https:\/\/alcompasrevista.com\/wp-content\/uploads\/2023\/07\/Grau1.jpg","keywords":["#Portada","Portada"],"articleSection":["#Qui\u00e9squi"],"inLanguage":"va"},{"@type":"WebPage","@id":"https:\/\/alcompasrevista.com\/va\/archivos\/15471","url":"https:\/\/alcompasrevista.com\/va\/archivos\/15471","name":"Rafa Grau: \u00abAbans de dirigir-la he sigut m\u00fasic de la Jove Banda Simf\u00f2nica de la FSMCV i \u00e9s una experi\u00e8ncia fabulosa\u00bb - Revista Al Comp\u00e0s","isPartOf":{"@id":"https:\/\/alcompasrevista.com\/#website"},"primaryImageOfPage":{"@id":"https:\/\/alcompasrevista.com\/va\/archivos\/15471#primaryimage"},"image":{"@id":"https:\/\/alcompasrevista.com\/va\/archivos\/15471#primaryimage"},"thumbnailUrl":"https:\/\/alcompasrevista.com\/wp-content\/uploads\/2023\/07\/Grau1.jpg","datePublished":"2023-07-03T15:31:12+00:00","dateModified":"2023-07-03T16:09:39+00:00","breadcrumb":{"@id":"https:\/\/alcompasrevista.com\/va\/archivos\/15471#breadcrumb"},"inLanguage":"va","potentialAction":[{"@type":"ReadAction","target":["https:\/\/alcompasrevista.com\/va\/archivos\/15471"]}]},{"@type":"ImageObject","inLanguage":"va","@id":"https:\/\/alcompasrevista.com\/va\/archivos\/15471#primaryimage","url":"https:\/\/alcompasrevista.com\/wp-content\/uploads\/2023\/07\/Grau1.jpg","contentUrl":"https:\/\/alcompasrevista.com\/wp-content\/uploads\/2023\/07\/Grau1.jpg","width":1920,"height":1080},{"@type":"BreadcrumbList","@id":"https:\/\/alcompasrevista.com\/va\/archivos\/15471#breadcrumb","itemListElement":[{"@type":"ListItem","position":1,"name":"Portada","item":"https:\/\/alcompasrevista.com\/va"},{"@type":"ListItem","position":2,"name":"Rafa Grau: \u00abAbans de dirigir-la he sigut m\u00fasic de la Jove Banda Simf\u00f2nica de la FSMCV i \u00e9s una experi\u00e8ncia fabulosa\u00bb"}]},{"@type":"WebSite","@id":"https:\/\/alcompasrevista.com\/#website","url":"https:\/\/alcompasrevista.com\/","name":"Revista Al Comp\u00e0s","description":"Un proyecto de la Federaci\u00f3n de Sociedades Musicales de la Comunidad Valenciana","publisher":{"@id":"https:\/\/alcompasrevista.com\/#organization"},"potentialAction":[{"@type":"SearchAction","target":{"@type":"EntryPoint","urlTemplate":"https:\/\/alcompasrevista.com\/?s={search_term_string}"},"query-input":{"@type":"PropertyValueSpecification","valueRequired":true,"valueName":"search_term_string"}}],"inLanguage":"va"},{"@type":"Organization","@id":"https:\/\/alcompasrevista.com\/#organization","name":"Revista Al Comp\u00e0s","url":"https:\/\/alcompasrevista.com\/","logo":{"@type":"ImageObject","inLanguage":"va","@id":"https:\/\/alcompasrevista.com\/#\/schema\/logo\/image\/","url":"https:\/\/alcompasrevista.com\/wp-content\/uploads\/2022\/04\/cropped-loog_blanco.png","contentUrl":"https:\/\/alcompasrevista.com\/wp-content\/uploads\/2022\/04\/cropped-loog_blanco.png","width":1612,"height":724,"caption":"Revista Al Comp\u00e0s"},"image":{"@id":"https:\/\/alcompasrevista.com\/#\/schema\/logo\/image\/"}},{"@type":"Person","@id":"https:\/\/alcompasrevista.com\/#\/schema\/person\/c10652a34fa01d238ecd498d150347fc","name":"Redacci\u00f3n","image":{"@type":"ImageObject","inLanguage":"va","@id":"https:\/\/secure.gravatar.com\/avatar\/e6a6d0cd2ddec22e0ca7d21b7e49d4a0099fbdc1d476e5412893210bce942ce9?s=96&d=mm&r=g","url":"https:\/\/secure.gravatar.com\/avatar\/e6a6d0cd2ddec22e0ca7d21b7e49d4a0099fbdc1d476e5412893210bce942ce9?s=96&d=mm&r=g","contentUrl":"https:\/\/secure.gravatar.com\/avatar\/e6a6d0cd2ddec22e0ca7d21b7e49d4a0099fbdc1d476e5412893210bce942ce9?s=96&d=mm&r=g","caption":"Redacci\u00f3n"},"url":"https:\/\/alcompasrevista.com\/va\/archivos\/author\/vhj_webmaster"}]}},"_links":{"self":[{"href":"https:\/\/alcompasrevista.com\/va\/wp-json\/wp\/v2\/posts\/15471","targetHints":{"allow":["GET"]}}],"collection":[{"href":"https:\/\/alcompasrevista.com\/va\/wp-json\/wp\/v2\/posts"}],"about":[{"href":"https:\/\/alcompasrevista.com\/va\/wp-json\/wp\/v2\/types\/post"}],"author":[{"embeddable":true,"href":"https:\/\/alcompasrevista.com\/va\/wp-json\/wp\/v2\/users\/860002"}],"replies":[{"embeddable":true,"href":"https:\/\/alcompasrevista.com\/va\/wp-json\/wp\/v2\/comments?post=15471"}],"version-history":[{"count":0,"href":"https:\/\/alcompasrevista.com\/va\/wp-json\/wp\/v2\/posts\/15471\/revisions"}],"wp:featuredmedia":[{"embeddable":true,"href":"https:\/\/alcompasrevista.com\/va\/wp-json\/wp\/v2\/media\/15468"}],"wp:attachment":[{"href":"https:\/\/alcompasrevista.com\/va\/wp-json\/wp\/v2\/media?parent=15471"}],"wp:term":[{"taxonomy":"category","embeddable":true,"href":"https:\/\/alcompasrevista.com\/va\/wp-json\/wp\/v2\/categories?post=15471"},{"taxonomy":"post_tag","embeddable":true,"href":"https:\/\/alcompasrevista.com\/va\/wp-json\/wp\/v2\/tags?post=15471"},{"taxonomy":"portada","embeddable":true,"href":"https:\/\/alcompasrevista.com\/va\/wp-json\/wp\/v2\/portada?post=15471"}],"curies":[{"name":"wp","href":"https:\/\/api.w.org\/{rel}","templated":true}]}}