{"id":15436,"date":"2023-06-29T12:32:43","date_gmt":"2023-06-29T10:32:43","guid":{"rendered":"https:\/\/alcompasrevista.com\/la-orquesta-sinfonica-de-la-lita-saguntina-participa-en-el-festival-de-guitarra-mestre-joaquin-rodrigo-de-quartell\/"},"modified":"2023-06-29T12:37:50","modified_gmt":"2023-06-29T10:37:50","slug":"la-orquesta-sinfonica-de-la-lita-saguntina-participa-en-el-festival-de-guitarra-mestre-joaquin-rodrigo-de-quartell","status":"publish","type":"post","link":"https:\/\/alcompasrevista.com\/va\/archivos\/15436","title":{"rendered":"La Lira Saguntina participa en el Festival de Guitarra Mestre Joaqu\u00edn Rodrigo de Quartell"},"content":{"rendered":"\n<p>El porxim divendres, 30 de juny, a les 20h a l&#8217;Auditori de Quartell, dins del Festival de Guitarra de Quartell, se celebra el concert de l&#8217;Orquestra Simf\u00f2nica Lira Saguntina acompanyant als guitarristes Thu Li i Jonathan Parkin, amb la direcci\u00f3 de Ram\u00f3n Zacar\u00edas Cerd\u00e0 Ram\u00f3n.<\/p>\n\n\n\n<p>El Festival de guitarra de Quartell Mestre Joaqu\u00edn Rodrigo se celebra des de 2015 per iniciativa d&#8217;Alfred Feenstra amb el prop\u00f2sit d&#8217;homenatjar la figura de Joaquin Rodrigo, amb arrels a La Vall de Seg\u00f3, i m\u00e9s concretament a Quartell. Ja consolidat, enguany se celebra la seua novena edici\u00f3, i s&#8217;ha convertit en un referent cultural del Camp de Morvedre.<\/p>\n\n\n\n<p>El programa estar\u00e0 integrat per tres obres del propi director del festival, Alfred Feenstra, orquestrades per Enrique Roel: <em>Romance en Lima<\/em>,\u00a0<em>Deseo volar contigo<\/em>\u00a0y<em>\u00a0En el esp\u00edritu\u00a0del maestro Rodrigo<\/em>, amb la participaci\u00f3 solista de\u00a0Thu Li i Jonathan Parkin. El concert continuar\u00e0 amb la interpretaci\u00f3 en solitari de l&#8217;Orquestra Simf\u00f2nica Lira Saguntina de la\u00a0<em>Simfonia en Re Major Op. 18. N\u00fam 4 de\u00a0<\/em>Johann Christian Bach. Per a finalitzar el concert, i al costat de la guitarrista Thu Li, es podr\u00e0 gaudir del<em> Concert\u00a0 per a guitarra i orquestra Op. 56<\/em> de\u00a0Francesco Molino.<\/p>\n","protected":false},"excerpt":{"rendered":"<p>El porxim divendres, 30 de juny, a les 20h a l&#8217;Auditori de Quartell, dins del Festival de Guitarra de Quartell, se celebra el concert de l&#8217;Orquestra Simf\u00f2nica Lira Saguntina acompanyant [&hellip;]<\/p>\n","protected":false},"author":860002,"featured_media":15434,"comment_status":"closed","ping_status":"closed","sticky":false,"template":"","format":"standard","meta":{"footnotes":""},"categories":[29],"tags":[286],"portada":[750],"class_list":["post-15436","post","type-post","status-publish","format-standard","has-post-thumbnail","hentry","category-noticies-va","tag-concert","portada-concierto"],"yoast_head":"<!-- This site is optimized with the Yoast SEO plugin v27.4 - https:\/\/yoast.com\/product\/yoast-seo-wordpress\/ -->\n<title>La Lira Saguntina participa en el Festival de Guitarra Mestre Joaqu\u00edn Rodrigo de Quartell - Revista Al Comp\u00e0s<\/title>\n<meta name=\"robots\" content=\"index, follow, max-snippet:-1, max-image-preview:large, max-video-preview:-1\" \/>\n<link rel=\"canonical\" href=\"https:\/\/alcompasrevista.com\/archivos\/15432\" \/>\n<meta property=\"og:locale\" content=\"en_US\" \/>\n<meta property=\"og:type\" content=\"article\" \/>\n<meta property=\"og:title\" content=\"La Lira Saguntina participa en el Festival de Guitarra Mestre Joaqu\u00edn Rodrigo de Quartell - Revista Al Comp\u00e0s\" \/>\n<meta property=\"og:description\" content=\"El porxim divendres, 30 de juny, a les 20h a l&#8217;Auditori de Quartell, dins del Festival de Guitarra de Quartell, se celebra el concert de l&#8217;Orquestra Simf\u00f2nica Lira Saguntina acompanyant [&hellip;]\" \/>\n<meta property=\"og:url\" content=\"https:\/\/alcompasrevista.com\/archivos\/15432\" \/>\n<meta property=\"og:site_name\" content=\"Revista Al Comp\u00e0s\" \/>\n<meta property=\"article:published_time\" content=\"2023-06-29T10:32:43+00:00\" \/>\n<meta property=\"article:modified_time\" content=\"2023-06-29T10:37:50+00:00\" \/>\n<meta property=\"og:image\" content=\"https:\/\/alcompasrevista.com\/wp-content\/uploads\/2023\/06\/rodrigo.jpg\" \/>\n\t<meta property=\"og:image:width\" content=\"1920\" \/>\n\t<meta property=\"og:image:height\" content=\"1080\" \/>\n\t<meta property=\"og:image:type\" content=\"image\/jpeg\" \/>\n<meta name=\"author\" content=\"Redacci\u00f3n\" \/>\n<meta name=\"twitter:card\" content=\"summary_large_image\" \/>\n<meta name=\"twitter:label1\" content=\"Written by\" \/>\n\t<meta name=\"twitter:data1\" content=\"Redacci\u00f3\" \/>\n\t<meta name=\"twitter:label2\" content=\"Est. reading time\" \/>\n\t<meta name=\"twitter:data2\" content=\"1 minute\" \/>\n<script type=\"application\/ld+json\" class=\"yoast-schema-graph\">{\"@context\":\"https:\\\/\\\/schema.org\",\"@graph\":[{\"@type\":\"Article\",\"@id\":\"https:\\\/\\\/alcompasrevista.com\\\/archivos\\\/15432#article\",\"isPartOf\":{\"@id\":\"https:\\\/\\\/alcompasrevista.com\\\/archivos\\\/15432\"},\"author\":{\"name\":\"Redacci\u00f3n\",\"@id\":\"https:\\\/\\\/alcompasrevista.com\\\/#\\\/schema\\\/person\\\/c10652a34fa01d238ecd498d150347fc\"},\"headline\":\"La Lira Saguntina participa en el Festival de Guitarra Mestre Joaqu\u00edn Rodrigo de Quartell\",\"datePublished\":\"2023-06-29T10:32:43+00:00\",\"dateModified\":\"2023-06-29T10:37:50+00:00\",\"mainEntityOfPage\":{\"@id\":\"https:\\\/\\\/alcompasrevista.com\\\/archivos\\\/15432\"},\"wordCount\":226,\"publisher\":{\"@id\":\"https:\\\/\\\/alcompasrevista.com\\\/#organization\"},\"image\":{\"@id\":\"https:\\\/\\\/alcompasrevista.com\\\/archivos\\\/15432#primaryimage\"},\"thumbnailUrl\":\"https:\\\/\\\/alcompasrevista.com\\\/wp-content\\\/uploads\\\/2023\\\/06\\\/rodrigo.jpg\",\"keywords\":[\"concert\"],\"articleSection\":[\"#Not\u00edcies\"],\"inLanguage\":\"va\"},{\"@type\":\"WebPage\",\"@id\":\"https:\\\/\\\/alcompasrevista.com\\\/archivos\\\/15432\",\"url\":\"https:\\\/\\\/alcompasrevista.com\\\/archivos\\\/15432\",\"name\":\"La Lira Saguntina participa en el Festival de Guitarra Mestre Joaqu\u00edn Rodrigo de Quartell - Revista Al Comp\u00e0s\",\"isPartOf\":{\"@id\":\"https:\\\/\\\/alcompasrevista.com\\\/#website\"},\"primaryImageOfPage\":{\"@id\":\"https:\\\/\\\/alcompasrevista.com\\\/archivos\\\/15432#primaryimage\"},\"image\":{\"@id\":\"https:\\\/\\\/alcompasrevista.com\\\/archivos\\\/15432#primaryimage\"},\"thumbnailUrl\":\"https:\\\/\\\/alcompasrevista.com\\\/wp-content\\\/uploads\\\/2023\\\/06\\\/rodrigo.jpg\",\"datePublished\":\"2023-06-29T10:32:43+00:00\",\"dateModified\":\"2023-06-29T10:37:50+00:00\",\"breadcrumb\":{\"@id\":\"https:\\\/\\\/alcompasrevista.com\\\/archivos\\\/15432#breadcrumb\"},\"inLanguage\":\"va\",\"potentialAction\":[{\"@type\":\"ReadAction\",\"target\":[\"https:\\\/\\\/alcompasrevista.com\\\/archivos\\\/15432\"]}]},{\"@type\":\"ImageObject\",\"inLanguage\":\"va\",\"@id\":\"https:\\\/\\\/alcompasrevista.com\\\/archivos\\\/15432#primaryimage\",\"url\":\"https:\\\/\\\/alcompasrevista.com\\\/wp-content\\\/uploads\\\/2023\\\/06\\\/rodrigo.jpg\",\"contentUrl\":\"https:\\\/\\\/alcompasrevista.com\\\/wp-content\\\/uploads\\\/2023\\\/06\\\/rodrigo.jpg\",\"width\":1920,\"height\":1080},{\"@type\":\"BreadcrumbList\",\"@id\":\"https:\\\/\\\/alcompasrevista.com\\\/archivos\\\/15432#breadcrumb\",\"itemListElement\":[{\"@type\":\"ListItem\",\"position\":1,\"name\":\"Portada\",\"item\":\"https:\\\/\\\/alcompasrevista.com\\\/va\"},{\"@type\":\"ListItem\",\"position\":2,\"name\":\"La Lira Saguntina participa en el Festival de Guitarra Mestre Joaqu\u00edn Rodrigo de Quartell\"}]},{\"@type\":\"WebSite\",\"@id\":\"https:\\\/\\\/alcompasrevista.com\\\/#website\",\"url\":\"https:\\\/\\\/alcompasrevista.com\\\/\",\"name\":\"Revista Al Comp\u00e0s\",\"description\":\"Un proyecto de la Federaci\u00f3n de Sociedades Musicales de la Comunidad Valenciana\",\"publisher\":{\"@id\":\"https:\\\/\\\/alcompasrevista.com\\\/#organization\"},\"potentialAction\":[{\"@type\":\"SearchAction\",\"target\":{\"@type\":\"EntryPoint\",\"urlTemplate\":\"https:\\\/\\\/alcompasrevista.com\\\/?s={search_term_string}\"},\"query-input\":{\"@type\":\"PropertyValueSpecification\",\"valueRequired\":true,\"valueName\":\"search_term_string\"}}],\"inLanguage\":\"va\"},{\"@type\":\"Organization\",\"@id\":\"https:\\\/\\\/alcompasrevista.com\\\/#organization\",\"name\":\"Revista Al Comp\u00e0s\",\"url\":\"https:\\\/\\\/alcompasrevista.com\\\/\",\"logo\":{\"@type\":\"ImageObject\",\"inLanguage\":\"va\",\"@id\":\"https:\\\/\\\/alcompasrevista.com\\\/#\\\/schema\\\/logo\\\/image\\\/\",\"url\":\"https:\\\/\\\/alcompasrevista.com\\\/wp-content\\\/uploads\\\/2022\\\/04\\\/cropped-loog_blanco.png\",\"contentUrl\":\"https:\\\/\\\/alcompasrevista.com\\\/wp-content\\\/uploads\\\/2022\\\/04\\\/cropped-loog_blanco.png\",\"width\":1612,\"height\":724,\"caption\":\"Revista Al Comp\u00e0s\"},\"image\":{\"@id\":\"https:\\\/\\\/alcompasrevista.com\\\/#\\\/schema\\\/logo\\\/image\\\/\"}},{\"@type\":\"Person\",\"@id\":\"https:\\\/\\\/alcompasrevista.com\\\/#\\\/schema\\\/person\\\/c10652a34fa01d238ecd498d150347fc\",\"name\":\"Redacci\u00f3n\",\"image\":{\"@type\":\"ImageObject\",\"inLanguage\":\"va\",\"@id\":\"https:\\\/\\\/secure.gravatar.com\\\/avatar\\\/e6a6d0cd2ddec22e0ca7d21b7e49d4a0099fbdc1d476e5412893210bce942ce9?s=96&d=mm&r=g\",\"url\":\"https:\\\/\\\/secure.gravatar.com\\\/avatar\\\/e6a6d0cd2ddec22e0ca7d21b7e49d4a0099fbdc1d476e5412893210bce942ce9?s=96&d=mm&r=g\",\"contentUrl\":\"https:\\\/\\\/secure.gravatar.com\\\/avatar\\\/e6a6d0cd2ddec22e0ca7d21b7e49d4a0099fbdc1d476e5412893210bce942ce9?s=96&d=mm&r=g\",\"caption\":\"Redacci\u00f3n\"},\"url\":\"https:\\\/\\\/alcompasrevista.com\\\/va\\\/archivos\\\/author\\\/vhj_webmaster\"}]}<\/script>\n<!-- \/ Yoast SEO plugin. -->","yoast_head_json":{"title":"La Lira Saguntina participa en el Festival de Guitarra Mestre Joaqu\u00edn Rodrigo de Quartell - Revista Al Comp\u00e0s","robots":{"index":"index","follow":"follow","max-snippet":"max-snippet:-1","max-image-preview":"max-image-preview:large","max-video-preview":"max-video-preview:-1"},"canonical":"https:\/\/alcompasrevista.com\/archivos\/15432","og_locale":"en_US","og_type":"article","og_title":"La Lira Saguntina participa en el Festival de Guitarra Mestre Joaqu\u00edn Rodrigo de Quartell - Revista Al Comp\u00e0s","og_description":"El porxim divendres, 30 de juny, a les 20h a l&#8217;Auditori de Quartell, dins del Festival de Guitarra de Quartell, se celebra el concert de l&#8217;Orquestra Simf\u00f2nica Lira Saguntina acompanyant [&hellip;]","og_url":"https:\/\/alcompasrevista.com\/archivos\/15432","og_site_name":"Revista Al Comp\u00e0s","article_published_time":"2023-06-29T10:32:43+00:00","article_modified_time":"2023-06-29T10:37:50+00:00","og_image":[{"width":1920,"height":1080,"url":"https:\/\/alcompasrevista.com\/wp-content\/uploads\/2023\/06\/rodrigo.jpg","type":"image\/jpeg"}],"author":"Redacci\u00f3n","twitter_card":"summary_large_image","twitter_misc":{"Written by":"Redacci\u00f3","Est. reading time":"1 minute"},"schema":{"@context":"https:\/\/schema.org","@graph":[{"@type":"Article","@id":"https:\/\/alcompasrevista.com\/archivos\/15432#article","isPartOf":{"@id":"https:\/\/alcompasrevista.com\/archivos\/15432"},"author":{"name":"Redacci\u00f3n","@id":"https:\/\/alcompasrevista.com\/#\/schema\/person\/c10652a34fa01d238ecd498d150347fc"},"headline":"La Lira Saguntina participa en el Festival de Guitarra Mestre Joaqu\u00edn Rodrigo de Quartell","datePublished":"2023-06-29T10:32:43+00:00","dateModified":"2023-06-29T10:37:50+00:00","mainEntityOfPage":{"@id":"https:\/\/alcompasrevista.com\/archivos\/15432"},"wordCount":226,"publisher":{"@id":"https:\/\/alcompasrevista.com\/#organization"},"image":{"@id":"https:\/\/alcompasrevista.com\/archivos\/15432#primaryimage"},"thumbnailUrl":"https:\/\/alcompasrevista.com\/wp-content\/uploads\/2023\/06\/rodrigo.jpg","keywords":["concert"],"articleSection":["#Not\u00edcies"],"inLanguage":"va"},{"@type":"WebPage","@id":"https:\/\/alcompasrevista.com\/archivos\/15432","url":"https:\/\/alcompasrevista.com\/archivos\/15432","name":"La Lira Saguntina participa en el Festival de Guitarra Mestre Joaqu\u00edn Rodrigo de Quartell - Revista Al Comp\u00e0s","isPartOf":{"@id":"https:\/\/alcompasrevista.com\/#website"},"primaryImageOfPage":{"@id":"https:\/\/alcompasrevista.com\/archivos\/15432#primaryimage"},"image":{"@id":"https:\/\/alcompasrevista.com\/archivos\/15432#primaryimage"},"thumbnailUrl":"https:\/\/alcompasrevista.com\/wp-content\/uploads\/2023\/06\/rodrigo.jpg","datePublished":"2023-06-29T10:32:43+00:00","dateModified":"2023-06-29T10:37:50+00:00","breadcrumb":{"@id":"https:\/\/alcompasrevista.com\/archivos\/15432#breadcrumb"},"inLanguage":"va","potentialAction":[{"@type":"ReadAction","target":["https:\/\/alcompasrevista.com\/archivos\/15432"]}]},{"@type":"ImageObject","inLanguage":"va","@id":"https:\/\/alcompasrevista.com\/archivos\/15432#primaryimage","url":"https:\/\/alcompasrevista.com\/wp-content\/uploads\/2023\/06\/rodrigo.jpg","contentUrl":"https:\/\/alcompasrevista.com\/wp-content\/uploads\/2023\/06\/rodrigo.jpg","width":1920,"height":1080},{"@type":"BreadcrumbList","@id":"https:\/\/alcompasrevista.com\/archivos\/15432#breadcrumb","itemListElement":[{"@type":"ListItem","position":1,"name":"Portada","item":"https:\/\/alcompasrevista.com\/va"},{"@type":"ListItem","position":2,"name":"La Lira Saguntina participa en el Festival de Guitarra Mestre Joaqu\u00edn Rodrigo de Quartell"}]},{"@type":"WebSite","@id":"https:\/\/alcompasrevista.com\/#website","url":"https:\/\/alcompasrevista.com\/","name":"Revista Al Comp\u00e0s","description":"Un proyecto de la Federaci\u00f3n de Sociedades Musicales de la Comunidad Valenciana","publisher":{"@id":"https:\/\/alcompasrevista.com\/#organization"},"potentialAction":[{"@type":"SearchAction","target":{"@type":"EntryPoint","urlTemplate":"https:\/\/alcompasrevista.com\/?s={search_term_string}"},"query-input":{"@type":"PropertyValueSpecification","valueRequired":true,"valueName":"search_term_string"}}],"inLanguage":"va"},{"@type":"Organization","@id":"https:\/\/alcompasrevista.com\/#organization","name":"Revista Al Comp\u00e0s","url":"https:\/\/alcompasrevista.com\/","logo":{"@type":"ImageObject","inLanguage":"va","@id":"https:\/\/alcompasrevista.com\/#\/schema\/logo\/image\/","url":"https:\/\/alcompasrevista.com\/wp-content\/uploads\/2022\/04\/cropped-loog_blanco.png","contentUrl":"https:\/\/alcompasrevista.com\/wp-content\/uploads\/2022\/04\/cropped-loog_blanco.png","width":1612,"height":724,"caption":"Revista Al Comp\u00e0s"},"image":{"@id":"https:\/\/alcompasrevista.com\/#\/schema\/logo\/image\/"}},{"@type":"Person","@id":"https:\/\/alcompasrevista.com\/#\/schema\/person\/c10652a34fa01d238ecd498d150347fc","name":"Redacci\u00f3n","image":{"@type":"ImageObject","inLanguage":"va","@id":"https:\/\/secure.gravatar.com\/avatar\/e6a6d0cd2ddec22e0ca7d21b7e49d4a0099fbdc1d476e5412893210bce942ce9?s=96&d=mm&r=g","url":"https:\/\/secure.gravatar.com\/avatar\/e6a6d0cd2ddec22e0ca7d21b7e49d4a0099fbdc1d476e5412893210bce942ce9?s=96&d=mm&r=g","contentUrl":"https:\/\/secure.gravatar.com\/avatar\/e6a6d0cd2ddec22e0ca7d21b7e49d4a0099fbdc1d476e5412893210bce942ce9?s=96&d=mm&r=g","caption":"Redacci\u00f3n"},"url":"https:\/\/alcompasrevista.com\/va\/archivos\/author\/vhj_webmaster"}]}},"_links":{"self":[{"href":"https:\/\/alcompasrevista.com\/va\/wp-json\/wp\/v2\/posts\/15436","targetHints":{"allow":["GET"]}}],"collection":[{"href":"https:\/\/alcompasrevista.com\/va\/wp-json\/wp\/v2\/posts"}],"about":[{"href":"https:\/\/alcompasrevista.com\/va\/wp-json\/wp\/v2\/types\/post"}],"author":[{"embeddable":true,"href":"https:\/\/alcompasrevista.com\/va\/wp-json\/wp\/v2\/users\/860002"}],"replies":[{"embeddable":true,"href":"https:\/\/alcompasrevista.com\/va\/wp-json\/wp\/v2\/comments?post=15436"}],"version-history":[{"count":0,"href":"https:\/\/alcompasrevista.com\/va\/wp-json\/wp\/v2\/posts\/15436\/revisions"}],"wp:featuredmedia":[{"embeddable":true,"href":"https:\/\/alcompasrevista.com\/va\/wp-json\/wp\/v2\/media\/15434"}],"wp:attachment":[{"href":"https:\/\/alcompasrevista.com\/va\/wp-json\/wp\/v2\/media?parent=15436"}],"wp:term":[{"taxonomy":"category","embeddable":true,"href":"https:\/\/alcompasrevista.com\/va\/wp-json\/wp\/v2\/categories?post=15436"},{"taxonomy":"post_tag","embeddable":true,"href":"https:\/\/alcompasrevista.com\/va\/wp-json\/wp\/v2\/tags?post=15436"},{"taxonomy":"portada","embeddable":true,"href":"https:\/\/alcompasrevista.com\/va\/wp-json\/wp\/v2\/portada?post=15436"}],"curies":[{"name":"wp","href":"https:\/\/api.w.org\/{rel}","templated":true}]}}