{"id":14987,"date":"2023-06-06T16:27:55","date_gmt":"2023-06-06T14:27:55","guid":{"rendered":"https:\/\/alcompasrevista.com\/cinco-formas-con-las-que-las-sociedades-musicales-pueden-luchar-contra-la-despoblacion\/"},"modified":"2023-06-06T16:33:47","modified_gmt":"2023-06-06T14:33:47","slug":"cinco-formas-con-las-que-las-sociedades-musicales-pueden-luchar-contra-la-despoblacion","status":"publish","type":"post","link":"https:\/\/alcompasrevista.com\/va\/archivos\/14987","title":{"rendered":"Cinc maneres amb les quals les societats musicals poden lluitar contra el despoblament"},"content":{"rendered":"\n<p>En el moment de l&#8217;Espanya Buida (o era Buidada?) en els \u00faltims anys les nostres societats musicals estan demostrant que poden formar part de la lluita contra el despoblament, contribuint amb el seu xicotet granet d&#8217;arena.<\/p>\n\n\n\n<p>Eixe objectiu \u2013el que zones rurals i xicotetes poblacions es mantinguen amb vida\u2013 forma part de l&#8217;agenda estrat\u00e8gica de la FSMCV, de fet al desembre passat va tindre lloc la &#8216;Trobada d&#8217;Escoles de M\u00fasica front el Despoblament, amb la participaci\u00f3 de 400 joves en les poblacions de Sempere i Benissuera. El passat mes de mar\u00e7 la iniciativa es va repetir a Castellnovo, a l&#8217;Alt Pal\u00e0ncia.<\/p>\n\n\n\n<p>Per\u00f2 com, amb els nostres instruments, podem formar part d&#8217;esta lluita? T&#8217;ho expliquem a trav\u00e9s de cinc claus:<\/p>\n\n\n\n<ol class=\"wp-block-list\">\n<li><strong>Fixaci\u00f3 social<\/strong>: La formaci\u00f3 \u00e9s clau per a fomentar l&#8217;arrelament de la poblaci\u00f3 en les zones rurals. Per aix\u00f2 proposem acostar els cursos del Centre d&#8217;Estudis de la Federaci\u00f3 a les comarques de l&#8217;interior, i establir un model d&#8217;escola de m\u00fasica comarcal o supramunicipal per a compartir recursos i oferir una educaci\u00f3 musical de qualitat adaptada a les necessitats de cada zona.<\/li>\n\n\n\n<li><strong>Cursos de formaci\u00f3 musical per a majors de 55 anys<\/strong>: Tot un al\u00b7licient musical per a fomentar la formaci\u00f3, ocupaci\u00f3 i motivaci\u00f3 entre les persones majors, en l\u00ednia amb els valors que transmeten les societats musicals.<\/li>\n\n\n\n<li><strong>Creaci\u00f3 d&#8217;itineraris formatius especialitzats en m\u00fasica per a aturats<\/strong>: Amb cursos oficials a les comarques de l&#8217;interior amb temes que disc\u00f3rreguen des de la gesti\u00f3 cultural, gesti\u00f3 de lideratge en les societats musicals, propietat intel\u00b7lectual, utilitat p\u00fablica, reparaci\u00f3 d&#8217;instruments o arxiv\u00edstica, entre altres.<\/li>\n\n\n\n<li><strong>Millora de la qualitat de vida a trav\u00e9s de l&#8217;acc\u00e9s a la cultura<\/strong>: Un impuls similar al model art\u00edstic que en 2019 va donar lloc a la creaci\u00f3 de Bandes Juvenils Comarcals, amb grans resultats. Estes unitats art\u00edstiques compostes per m\u00fasics de la mateixa comarca dinamitzen el territori en crear fluxos de persones en \u00e0rees rurals que es reuneixen per a assajar i oferir concerts.<\/li>\n\n\n\n<li><strong>Conservaci\u00f3 del patrimoni musical<\/strong>: Les societats musicals valencianes tenen un patrimoni musical que \u00e9s part de la cultura i identitat de la Comunitat Valenciana. Treballar en la seua conservaci\u00f3 i difusi\u00f3, i en la formaci\u00f3 de noves generacions de m\u00fasics, contribueix a mantindre amb vida la identitat dels territoris interiors.\u00a0<\/li>\n<\/ol>\n\n\n\n<p>La formaci\u00f3, la creaci\u00f3 d&#8217;ocupaci\u00f3, l&#8217;acc\u00e9s a la cultura, la dinamitzaci\u00f3 del territori i la conservaci\u00f3 del patrimoni musical formen part del dia a dia de les nostres societats musicals. \u00c9s la nostra aportaci\u00f3 enfront d&#8217;un problema que amena\u00e7a les poblacions rurals.<\/p>\n\n\n\n<figure class=\"wp-block-image size-large\"><img loading=\"lazy\" decoding=\"async\" width=\"1024\" height=\"684\" src=\"https:\/\/alcompasrevista.com\/wp-content\/uploads\/2023\/06\/DSC01744-1-1024x684.jpg\" alt=\"\" class=\"wp-image-14984\" srcset=\"https:\/\/alcompasrevista.com\/wp-content\/uploads\/2023\/06\/DSC01744-1-1024x684.jpg 1024w, https:\/\/alcompasrevista.com\/wp-content\/uploads\/2023\/06\/DSC01744-1-300x200.jpg 300w, https:\/\/alcompasrevista.com\/wp-content\/uploads\/2023\/06\/DSC01744-1-768x513.jpg 768w, https:\/\/alcompasrevista.com\/wp-content\/uploads\/2023\/06\/DSC01744-1-1536x1027.jpg 1536w, https:\/\/alcompasrevista.com\/wp-content\/uploads\/2023\/06\/DSC01744-1.jpg 1616w\" sizes=\"auto, (max-width: 1024px) 100vw, 1024px\" \/><\/figure>\n\n\n\n<p><strong>Fotos de Miguel \u00c1ngel Calvo \/ FSMCV.<\/strong><\/p>\n","protected":false},"excerpt":{"rendered":"<p>En el moment de l&#8217;Espanya Buida (o era Buidada?) en els \u00faltims anys les nostres societats musicals estan demostrant que poden formar part de la lluita contra el despoblament, contribuint [&hellip;]<\/p>\n","protected":false},"author":860002,"featured_media":14981,"comment_status":"closed","ping_status":"closed","sticky":false,"template":"","format":"standard","meta":{"footnotes":""},"categories":[28],"tags":[917],"portada":[916],"class_list":["post-14987","post","type-post","status-publish","format-standard","has-post-thumbnail","hentry","category-laterreta-va","tag-despoblacion-va","portada-despoblacion"],"yoast_head":"<!-- This site is optimized with the Yoast SEO plugin v27.4 - https:\/\/yoast.com\/product\/yoast-seo-wordpress\/ -->\n<title>Cinc maneres amb les quals les societats musicals poden lluitar contra el despoblament - Revista Al Comp\u00e0s<\/title>\n<meta name=\"robots\" content=\"index, follow, max-snippet:-1, max-image-preview:large, max-video-preview:-1\" \/>\n<link rel=\"canonical\" href=\"https:\/\/alcompasrevista.com\/va\/archivos\/14987\" \/>\n<meta property=\"og:locale\" content=\"en_US\" \/>\n<meta property=\"og:type\" content=\"article\" \/>\n<meta property=\"og:title\" content=\"Cinc maneres amb les quals les societats musicals poden lluitar contra el despoblament - Revista Al Comp\u00e0s\" \/>\n<meta property=\"og:description\" content=\"En el moment de l&#8217;Espanya Buida (o era Buidada?) en els \u00faltims anys les nostres societats musicals estan demostrant que poden formar part de la lluita contra el despoblament, contribuint [&hellip;]\" \/>\n<meta property=\"og:url\" content=\"https:\/\/alcompasrevista.com\/va\/archivos\/14987\" \/>\n<meta property=\"og:site_name\" content=\"Revista Al Comp\u00e0s\" \/>\n<meta property=\"article:published_time\" content=\"2023-06-06T14:27:55+00:00\" \/>\n<meta property=\"article:modified_time\" content=\"2023-06-06T14:33:47+00:00\" \/>\n<meta property=\"og:image\" content=\"https:\/\/alcompasrevista.com\/wp-content\/uploads\/2023\/06\/DSC01556.jpg\" \/>\n\t<meta property=\"og:image:width\" content=\"1616\" \/>\n\t<meta property=\"og:image:height\" content=\"1080\" \/>\n\t<meta property=\"og:image:type\" content=\"image\/jpeg\" \/>\n<meta name=\"author\" content=\"Redacci\u00f3n\" \/>\n<meta name=\"twitter:card\" content=\"summary_large_image\" \/>\n<meta name=\"twitter:label1\" content=\"Written by\" \/>\n\t<meta name=\"twitter:data1\" content=\"Redacci\u00f3\" \/>\n\t<meta name=\"twitter:label2\" content=\"Est. reading time\" \/>\n\t<meta name=\"twitter:data2\" content=\"3 minutes\" \/>\n<script type=\"application\/ld+json\" class=\"yoast-schema-graph\">{\"@context\":\"https:\\\/\\\/schema.org\",\"@graph\":[{\"@type\":\"Article\",\"@id\":\"https:\\\/\\\/alcompasrevista.com\\\/va\\\/archivos\\\/14987#article\",\"isPartOf\":{\"@id\":\"https:\\\/\\\/alcompasrevista.com\\\/va\\\/archivos\\\/14987\"},\"author\":{\"name\":\"Redacci\u00f3n\",\"@id\":\"https:\\\/\\\/alcompasrevista.com\\\/#\\\/schema\\\/person\\\/c10652a34fa01d238ecd498d150347fc\"},\"headline\":\"Cinc maneres amb les quals les societats musicals poden lluitar contra el despoblament\",\"datePublished\":\"2023-06-06T14:27:55+00:00\",\"dateModified\":\"2023-06-06T14:33:47+00:00\",\"mainEntityOfPage\":{\"@id\":\"https:\\\/\\\/alcompasrevista.com\\\/va\\\/archivos\\\/14987\"},\"wordCount\":471,\"publisher\":{\"@id\":\"https:\\\/\\\/alcompasrevista.com\\\/#organization\"},\"image\":{\"@id\":\"https:\\\/\\\/alcompasrevista.com\\\/va\\\/archivos\\\/14987#primaryimage\"},\"thumbnailUrl\":\"https:\\\/\\\/alcompasrevista.com\\\/wp-content\\\/uploads\\\/2023\\\/06\\\/DSC01556.jpg\",\"keywords\":[\"#Despoblaci\u00f3n\"],\"articleSection\":[\"#Laterreta\"],\"inLanguage\":\"va\"},{\"@type\":\"WebPage\",\"@id\":\"https:\\\/\\\/alcompasrevista.com\\\/va\\\/archivos\\\/14987\",\"url\":\"https:\\\/\\\/alcompasrevista.com\\\/va\\\/archivos\\\/14987\",\"name\":\"Cinc maneres amb les quals les societats musicals poden lluitar contra el despoblament - Revista Al Comp\u00e0s\",\"isPartOf\":{\"@id\":\"https:\\\/\\\/alcompasrevista.com\\\/#website\"},\"primaryImageOfPage\":{\"@id\":\"https:\\\/\\\/alcompasrevista.com\\\/va\\\/archivos\\\/14987#primaryimage\"},\"image\":{\"@id\":\"https:\\\/\\\/alcompasrevista.com\\\/va\\\/archivos\\\/14987#primaryimage\"},\"thumbnailUrl\":\"https:\\\/\\\/alcompasrevista.com\\\/wp-content\\\/uploads\\\/2023\\\/06\\\/DSC01556.jpg\",\"datePublished\":\"2023-06-06T14:27:55+00:00\",\"dateModified\":\"2023-06-06T14:33:47+00:00\",\"breadcrumb\":{\"@id\":\"https:\\\/\\\/alcompasrevista.com\\\/va\\\/archivos\\\/14987#breadcrumb\"},\"inLanguage\":\"va\",\"potentialAction\":[{\"@type\":\"ReadAction\",\"target\":[\"https:\\\/\\\/alcompasrevista.com\\\/va\\\/archivos\\\/14987\"]}]},{\"@type\":\"ImageObject\",\"inLanguage\":\"va\",\"@id\":\"https:\\\/\\\/alcompasrevista.com\\\/va\\\/archivos\\\/14987#primaryimage\",\"url\":\"https:\\\/\\\/alcompasrevista.com\\\/wp-content\\\/uploads\\\/2023\\\/06\\\/DSC01556.jpg\",\"contentUrl\":\"https:\\\/\\\/alcompasrevista.com\\\/wp-content\\\/uploads\\\/2023\\\/06\\\/DSC01556.jpg\",\"width\":1616,\"height\":1080},{\"@type\":\"BreadcrumbList\",\"@id\":\"https:\\\/\\\/alcompasrevista.com\\\/va\\\/archivos\\\/14987#breadcrumb\",\"itemListElement\":[{\"@type\":\"ListItem\",\"position\":1,\"name\":\"Portada\",\"item\":\"https:\\\/\\\/alcompasrevista.com\\\/va\"},{\"@type\":\"ListItem\",\"position\":2,\"name\":\"Cinc maneres amb les quals les societats musicals poden lluitar contra el despoblament\"}]},{\"@type\":\"WebSite\",\"@id\":\"https:\\\/\\\/alcompasrevista.com\\\/#website\",\"url\":\"https:\\\/\\\/alcompasrevista.com\\\/\",\"name\":\"Revista Al Comp\u00e0s\",\"description\":\"Un proyecto de la Federaci\u00f3n de Sociedades Musicales de la Comunidad Valenciana\",\"publisher\":{\"@id\":\"https:\\\/\\\/alcompasrevista.com\\\/#organization\"},\"potentialAction\":[{\"@type\":\"SearchAction\",\"target\":{\"@type\":\"EntryPoint\",\"urlTemplate\":\"https:\\\/\\\/alcompasrevista.com\\\/?s={search_term_string}\"},\"query-input\":{\"@type\":\"PropertyValueSpecification\",\"valueRequired\":true,\"valueName\":\"search_term_string\"}}],\"inLanguage\":\"va\"},{\"@type\":\"Organization\",\"@id\":\"https:\\\/\\\/alcompasrevista.com\\\/#organization\",\"name\":\"Revista Al Comp\u00e0s\",\"url\":\"https:\\\/\\\/alcompasrevista.com\\\/\",\"logo\":{\"@type\":\"ImageObject\",\"inLanguage\":\"va\",\"@id\":\"https:\\\/\\\/alcompasrevista.com\\\/#\\\/schema\\\/logo\\\/image\\\/\",\"url\":\"https:\\\/\\\/alcompasrevista.com\\\/wp-content\\\/uploads\\\/2022\\\/04\\\/cropped-loog_blanco.png\",\"contentUrl\":\"https:\\\/\\\/alcompasrevista.com\\\/wp-content\\\/uploads\\\/2022\\\/04\\\/cropped-loog_blanco.png\",\"width\":1612,\"height\":724,\"caption\":\"Revista Al Comp\u00e0s\"},\"image\":{\"@id\":\"https:\\\/\\\/alcompasrevista.com\\\/#\\\/schema\\\/logo\\\/image\\\/\"}},{\"@type\":\"Person\",\"@id\":\"https:\\\/\\\/alcompasrevista.com\\\/#\\\/schema\\\/person\\\/c10652a34fa01d238ecd498d150347fc\",\"name\":\"Redacci\u00f3n\",\"image\":{\"@type\":\"ImageObject\",\"inLanguage\":\"va\",\"@id\":\"https:\\\/\\\/secure.gravatar.com\\\/avatar\\\/e6a6d0cd2ddec22e0ca7d21b7e49d4a0099fbdc1d476e5412893210bce942ce9?s=96&d=mm&r=g\",\"url\":\"https:\\\/\\\/secure.gravatar.com\\\/avatar\\\/e6a6d0cd2ddec22e0ca7d21b7e49d4a0099fbdc1d476e5412893210bce942ce9?s=96&d=mm&r=g\",\"contentUrl\":\"https:\\\/\\\/secure.gravatar.com\\\/avatar\\\/e6a6d0cd2ddec22e0ca7d21b7e49d4a0099fbdc1d476e5412893210bce942ce9?s=96&d=mm&r=g\",\"caption\":\"Redacci\u00f3n\"},\"url\":\"https:\\\/\\\/alcompasrevista.com\\\/va\\\/archivos\\\/author\\\/vhj_webmaster\"}]}<\/script>\n<!-- \/ Yoast SEO plugin. -->","yoast_head_json":{"title":"Cinc maneres amb les quals les societats musicals poden lluitar contra el despoblament - Revista Al Comp\u00e0s","robots":{"index":"index","follow":"follow","max-snippet":"max-snippet:-1","max-image-preview":"max-image-preview:large","max-video-preview":"max-video-preview:-1"},"canonical":"https:\/\/alcompasrevista.com\/va\/archivos\/14987","og_locale":"en_US","og_type":"article","og_title":"Cinc maneres amb les quals les societats musicals poden lluitar contra el despoblament - Revista Al Comp\u00e0s","og_description":"En el moment de l&#8217;Espanya Buida (o era Buidada?) en els \u00faltims anys les nostres societats musicals estan demostrant que poden formar part de la lluita contra el despoblament, contribuint [&hellip;]","og_url":"https:\/\/alcompasrevista.com\/va\/archivos\/14987","og_site_name":"Revista Al Comp\u00e0s","article_published_time":"2023-06-06T14:27:55+00:00","article_modified_time":"2023-06-06T14:33:47+00:00","og_image":[{"width":1616,"height":1080,"url":"https:\/\/alcompasrevista.com\/wp-content\/uploads\/2023\/06\/DSC01556.jpg","type":"image\/jpeg"}],"author":"Redacci\u00f3n","twitter_card":"summary_large_image","twitter_misc":{"Written by":"Redacci\u00f3","Est. reading time":"3 minutes"},"schema":{"@context":"https:\/\/schema.org","@graph":[{"@type":"Article","@id":"https:\/\/alcompasrevista.com\/va\/archivos\/14987#article","isPartOf":{"@id":"https:\/\/alcompasrevista.com\/va\/archivos\/14987"},"author":{"name":"Redacci\u00f3n","@id":"https:\/\/alcompasrevista.com\/#\/schema\/person\/c10652a34fa01d238ecd498d150347fc"},"headline":"Cinc maneres amb les quals les societats musicals poden lluitar contra el despoblament","datePublished":"2023-06-06T14:27:55+00:00","dateModified":"2023-06-06T14:33:47+00:00","mainEntityOfPage":{"@id":"https:\/\/alcompasrevista.com\/va\/archivos\/14987"},"wordCount":471,"publisher":{"@id":"https:\/\/alcompasrevista.com\/#organization"},"image":{"@id":"https:\/\/alcompasrevista.com\/va\/archivos\/14987#primaryimage"},"thumbnailUrl":"https:\/\/alcompasrevista.com\/wp-content\/uploads\/2023\/06\/DSC01556.jpg","keywords":["#Despoblaci\u00f3n"],"articleSection":["#Laterreta"],"inLanguage":"va"},{"@type":"WebPage","@id":"https:\/\/alcompasrevista.com\/va\/archivos\/14987","url":"https:\/\/alcompasrevista.com\/va\/archivos\/14987","name":"Cinc maneres amb les quals les societats musicals poden lluitar contra el despoblament - Revista Al Comp\u00e0s","isPartOf":{"@id":"https:\/\/alcompasrevista.com\/#website"},"primaryImageOfPage":{"@id":"https:\/\/alcompasrevista.com\/va\/archivos\/14987#primaryimage"},"image":{"@id":"https:\/\/alcompasrevista.com\/va\/archivos\/14987#primaryimage"},"thumbnailUrl":"https:\/\/alcompasrevista.com\/wp-content\/uploads\/2023\/06\/DSC01556.jpg","datePublished":"2023-06-06T14:27:55+00:00","dateModified":"2023-06-06T14:33:47+00:00","breadcrumb":{"@id":"https:\/\/alcompasrevista.com\/va\/archivos\/14987#breadcrumb"},"inLanguage":"va","potentialAction":[{"@type":"ReadAction","target":["https:\/\/alcompasrevista.com\/va\/archivos\/14987"]}]},{"@type":"ImageObject","inLanguage":"va","@id":"https:\/\/alcompasrevista.com\/va\/archivos\/14987#primaryimage","url":"https:\/\/alcompasrevista.com\/wp-content\/uploads\/2023\/06\/DSC01556.jpg","contentUrl":"https:\/\/alcompasrevista.com\/wp-content\/uploads\/2023\/06\/DSC01556.jpg","width":1616,"height":1080},{"@type":"BreadcrumbList","@id":"https:\/\/alcompasrevista.com\/va\/archivos\/14987#breadcrumb","itemListElement":[{"@type":"ListItem","position":1,"name":"Portada","item":"https:\/\/alcompasrevista.com\/va"},{"@type":"ListItem","position":2,"name":"Cinc maneres amb les quals les societats musicals poden lluitar contra el despoblament"}]},{"@type":"WebSite","@id":"https:\/\/alcompasrevista.com\/#website","url":"https:\/\/alcompasrevista.com\/","name":"Revista Al Comp\u00e0s","description":"Un proyecto de la Federaci\u00f3n de Sociedades Musicales de la Comunidad Valenciana","publisher":{"@id":"https:\/\/alcompasrevista.com\/#organization"},"potentialAction":[{"@type":"SearchAction","target":{"@type":"EntryPoint","urlTemplate":"https:\/\/alcompasrevista.com\/?s={search_term_string}"},"query-input":{"@type":"PropertyValueSpecification","valueRequired":true,"valueName":"search_term_string"}}],"inLanguage":"va"},{"@type":"Organization","@id":"https:\/\/alcompasrevista.com\/#organization","name":"Revista Al Comp\u00e0s","url":"https:\/\/alcompasrevista.com\/","logo":{"@type":"ImageObject","inLanguage":"va","@id":"https:\/\/alcompasrevista.com\/#\/schema\/logo\/image\/","url":"https:\/\/alcompasrevista.com\/wp-content\/uploads\/2022\/04\/cropped-loog_blanco.png","contentUrl":"https:\/\/alcompasrevista.com\/wp-content\/uploads\/2022\/04\/cropped-loog_blanco.png","width":1612,"height":724,"caption":"Revista Al Comp\u00e0s"},"image":{"@id":"https:\/\/alcompasrevista.com\/#\/schema\/logo\/image\/"}},{"@type":"Person","@id":"https:\/\/alcompasrevista.com\/#\/schema\/person\/c10652a34fa01d238ecd498d150347fc","name":"Redacci\u00f3n","image":{"@type":"ImageObject","inLanguage":"va","@id":"https:\/\/secure.gravatar.com\/avatar\/e6a6d0cd2ddec22e0ca7d21b7e49d4a0099fbdc1d476e5412893210bce942ce9?s=96&d=mm&r=g","url":"https:\/\/secure.gravatar.com\/avatar\/e6a6d0cd2ddec22e0ca7d21b7e49d4a0099fbdc1d476e5412893210bce942ce9?s=96&d=mm&r=g","contentUrl":"https:\/\/secure.gravatar.com\/avatar\/e6a6d0cd2ddec22e0ca7d21b7e49d4a0099fbdc1d476e5412893210bce942ce9?s=96&d=mm&r=g","caption":"Redacci\u00f3n"},"url":"https:\/\/alcompasrevista.com\/va\/archivos\/author\/vhj_webmaster"}]}},"_links":{"self":[{"href":"https:\/\/alcompasrevista.com\/va\/wp-json\/wp\/v2\/posts\/14987","targetHints":{"allow":["GET"]}}],"collection":[{"href":"https:\/\/alcompasrevista.com\/va\/wp-json\/wp\/v2\/posts"}],"about":[{"href":"https:\/\/alcompasrevista.com\/va\/wp-json\/wp\/v2\/types\/post"}],"author":[{"embeddable":true,"href":"https:\/\/alcompasrevista.com\/va\/wp-json\/wp\/v2\/users\/860002"}],"replies":[{"embeddable":true,"href":"https:\/\/alcompasrevista.com\/va\/wp-json\/wp\/v2\/comments?post=14987"}],"version-history":[{"count":0,"href":"https:\/\/alcompasrevista.com\/va\/wp-json\/wp\/v2\/posts\/14987\/revisions"}],"wp:featuredmedia":[{"embeddable":true,"href":"https:\/\/alcompasrevista.com\/va\/wp-json\/wp\/v2\/media\/14981"}],"wp:attachment":[{"href":"https:\/\/alcompasrevista.com\/va\/wp-json\/wp\/v2\/media?parent=14987"}],"wp:term":[{"taxonomy":"category","embeddable":true,"href":"https:\/\/alcompasrevista.com\/va\/wp-json\/wp\/v2\/categories?post=14987"},{"taxonomy":"post_tag","embeddable":true,"href":"https:\/\/alcompasrevista.com\/va\/wp-json\/wp\/v2\/tags?post=14987"},{"taxonomy":"portada","embeddable":true,"href":"https:\/\/alcompasrevista.com\/va\/wp-json\/wp\/v2\/portada?post=14987"}],"curies":[{"name":"wp","href":"https:\/\/api.w.org\/{rel}","templated":true}]}}