{"id":13233,"date":"2023-03-22T10:45:58","date_gmt":"2023-03-22T09:45:58","guid":{"rendered":"https:\/\/alcompasrevista.com\/?p=13233"},"modified":"2023-03-22T16:47:06","modified_gmt":"2023-03-22T15:47:06","slug":"oberta-la-convocatoria-del-xiii-certamen-nacional-de-bandes-de-musica-de-cinema-ciutat-de-cullera","status":"publish","type":"post","link":"https:\/\/alcompasrevista.com\/va\/archivos\/13233","title":{"rendered":"Oberta la convocat\u00f2ria del Certamen Nacional de Bandes de M\u00fasica de Cinema de Cullera"},"content":{"rendered":"\n<p>Obert el termini de participaci\u00f3 en  la convocat\u00f2ria del XIII Certamen Nacional de Bandes de M\u00fasica de Cinema &#8220;Ciutat de Cullera&#8221; &#8211; &#8220;Memorial Rafael Talens Pell\u00f3&#8221; que es celebrar\u00e0 el 29 de juliol de 2023 als Jardins del Mercat Municipal de Cullera.<\/p>\n\n\n\n<p>Tota la informaci\u00f3 es pot consultar <a href=\"https:\/\/www.infosubvenciones.es\/bdnstrans\/GE\/es\/convocatoria\/680532\" target=\"_blank\" rel=\"noreferrer noopener\">ac\u00ed<\/a>.<\/p>\n\n\n\n<div data-wp-interactive=\"core\/file\" class=\"wp-block-file\"><object data-wp-bind--hidden=\"!state.hasPdfPreview\" hidden class=\"wp-block-file__embed\" data=\"https:\/\/alcompasrevista.com\/wp-content\/uploads\/2023\/03\/Ayto.-Cullera-Bases.pdf\" type=\"application\/pdf\" style=\"width:100%;height:600px\" aria-label=\"Embed of Ayto.-Cullera-Bases.\"><\/object><a id=\"wp-block-file--media-9470968e-0e37-47ae-99e6-bd3d8e8094d1\" href=\"https:\/\/alcompasrevista.com\/wp-content\/uploads\/2023\/03\/Ayto.-Cullera-Bases.pdf\">Ayto.-Cullera-Bases<\/a><a href=\"https:\/\/alcompasrevista.com\/wp-content\/uploads\/2023\/03\/Ayto.-Cullera-Bases.pdf\" class=\"wp-block-file__button wp-element-button\" download aria-describedby=\"wp-block-file--media-9470968e-0e37-47ae-99e6-bd3d8e8094d1\">Descarga<\/a><\/div>\n\n\n\n<div data-wp-interactive=\"core\/file\" class=\"wp-block-file\"><object data-wp-bind--hidden=\"!state.hasPdfPreview\" hidden class=\"wp-block-file__embed\" data=\"https:\/\/alcompasrevista.com\/wp-content\/uploads\/2023\/03\/BOP-V-Ayto.-Cullera.pdf\" type=\"application\/pdf\" style=\"width:100%;height:600px\" aria-label=\"Embed of BOP-V-Ayto.-Cullera.\"><\/object><a id=\"wp-block-file--media-831c53b7-d8b0-4e7c-a54d-6d0c7871fb8b\" href=\"https:\/\/alcompasrevista.com\/wp-content\/uploads\/2023\/03\/BOP-V-Ayto.-Cullera.pdf\">BOP-V-Ayto.-Cullera<\/a><a href=\"https:\/\/alcompasrevista.com\/wp-content\/uploads\/2023\/03\/BOP-V-Ayto.-Cullera.pdf\" class=\"wp-block-file__button wp-element-button\" download aria-describedby=\"wp-block-file--media-831c53b7-d8b0-4e7c-a54d-6d0c7871fb8b\">Descarga<\/a><\/div>\n\n\n\n<p><br><\/p>\n","protected":false},"excerpt":{"rendered":"<p>XIII Certamen Nacional de Bandes de M\u00fasica de Cinema &#8220;Ciutat de Cullera&#8221;<\/p>\n","protected":false},"author":860004,"featured_media":13238,"comment_status":"closed","ping_status":"closed","sticky":false,"template":"","format":"standard","meta":{"footnotes":""},"categories":[29],"tags":[829,830],"portada":[827,828],"class_list":["post-13233","post","type-post","status-publish","format-standard","has-post-thumbnail","hentry","category-noticies-va","tag-subvencions","tag-xiii-certamen-nacional-de-bandes-de-musica-de-cinema-ciutat-de-cullera","portada-subvencions","portada-xiii-certamen-nacional-de-bandes-de-musica-de-cinema-ciutat-de-cullera"],"yoast_head":"<!-- This site is optimized with the Yoast SEO plugin v27.4 - https:\/\/yoast.com\/product\/yoast-seo-wordpress\/ -->\n<title>Oberta la convocat\u00f2ria del Certamen Nacional de Bandes de M\u00fasica de Cinema de Cullera - Revista Al Comp\u00e0s<\/title>\n<meta name=\"robots\" content=\"index, follow, max-snippet:-1, max-image-preview:large, max-video-preview:-1\" \/>\n<link rel=\"canonical\" href=\"https:\/\/alcompasrevista.com\/archivos\/13242\" \/>\n<meta property=\"og:locale\" content=\"en_US\" \/>\n<meta property=\"og:type\" content=\"article\" \/>\n<meta property=\"og:title\" content=\"Oberta la convocat\u00f2ria del Certamen Nacional de Bandes de M\u00fasica de Cinema de Cullera - Revista Al Comp\u00e0s\" \/>\n<meta property=\"og:description\" content=\"XIII Certamen Nacional de Bandes de M\u00fasica de Cinema &quot;Ciutat de Cullera&quot;\" \/>\n<meta property=\"og:url\" content=\"https:\/\/alcompasrevista.com\/archivos\/13242\" \/>\n<meta property=\"og:site_name\" content=\"Revista Al Comp\u00e0s\" \/>\n<meta property=\"article:published_time\" content=\"2023-03-22T09:45:58+00:00\" \/>\n<meta property=\"article:modified_time\" content=\"2023-03-22T15:47:06+00:00\" \/>\n<meta property=\"og:image\" content=\"https:\/\/alcompasrevista.com\/wp-content\/uploads\/2023\/03\/Cullera.jpg\" \/>\n\t<meta property=\"og:image:width\" content=\"1920\" \/>\n\t<meta property=\"og:image:height\" content=\"700\" \/>\n\t<meta property=\"og:image:type\" content=\"image\/jpeg\" \/>\n<meta name=\"author\" content=\"Redacci\u00f3n\" \/>\n<meta name=\"twitter:card\" content=\"summary_large_image\" \/>\n<meta name=\"twitter:label1\" content=\"Written by\" \/>\n\t<meta name=\"twitter:data1\" content=\"Redacci\u00f3\" \/>\n\t<meta name=\"twitter:label2\" content=\"Est. reading time\" \/>\n\t<meta name=\"twitter:data2\" content=\"1 minute\" \/>\n<script type=\"application\/ld+json\" class=\"yoast-schema-graph\">{\"@context\":\"https:\\\/\\\/schema.org\",\"@graph\":[{\"@type\":\"Article\",\"@id\":\"https:\\\/\\\/alcompasrevista.com\\\/archivos\\\/13242#article\",\"isPartOf\":{\"@id\":\"https:\\\/\\\/alcompasrevista.com\\\/archivos\\\/13242\"},\"author\":{\"name\":\"Redacci\u00f3n\",\"@id\":\"https:\\\/\\\/alcompasrevista.com\\\/#\\\/schema\\\/person\\\/0f092e7196386afa42171db0d19a38ff\"},\"headline\":\"Oberta la convocat\u00f2ria del Certamen Nacional de Bandes de M\u00fasica de Cinema de Cullera\",\"datePublished\":\"2023-03-22T09:45:58+00:00\",\"dateModified\":\"2023-03-22T15:47:06+00:00\",\"mainEntityOfPage\":{\"@id\":\"https:\\\/\\\/alcompasrevista.com\\\/archivos\\\/13242\"},\"wordCount\":71,\"publisher\":{\"@id\":\"https:\\\/\\\/alcompasrevista.com\\\/#organization\"},\"image\":{\"@id\":\"https:\\\/\\\/alcompasrevista.com\\\/archivos\\\/13242#primaryimage\"},\"thumbnailUrl\":\"https:\\\/\\\/alcompasrevista.com\\\/wp-content\\\/uploads\\\/2023\\\/03\\\/Cullera.jpg\",\"keywords\":[\"subvencions\",\"XIII Certamen Nacional de Bandes de M\u00fasica de Cinema &quot;Ciutat de Cullera&quot;\"],\"articleSection\":[\"#Not\u00edcies\"],\"inLanguage\":\"va\"},{\"@type\":\"WebPage\",\"@id\":\"https:\\\/\\\/alcompasrevista.com\\\/archivos\\\/13242\",\"url\":\"https:\\\/\\\/alcompasrevista.com\\\/archivos\\\/13242\",\"name\":\"Oberta la convocat\u00f2ria del Certamen Nacional de Bandes de M\u00fasica de Cinema de Cullera - Revista Al Comp\u00e0s\",\"isPartOf\":{\"@id\":\"https:\\\/\\\/alcompasrevista.com\\\/#website\"},\"primaryImageOfPage\":{\"@id\":\"https:\\\/\\\/alcompasrevista.com\\\/archivos\\\/13242#primaryimage\"},\"image\":{\"@id\":\"https:\\\/\\\/alcompasrevista.com\\\/archivos\\\/13242#primaryimage\"},\"thumbnailUrl\":\"https:\\\/\\\/alcompasrevista.com\\\/wp-content\\\/uploads\\\/2023\\\/03\\\/Cullera.jpg\",\"datePublished\":\"2023-03-22T09:45:58+00:00\",\"dateModified\":\"2023-03-22T15:47:06+00:00\",\"breadcrumb\":{\"@id\":\"https:\\\/\\\/alcompasrevista.com\\\/archivos\\\/13242#breadcrumb\"},\"inLanguage\":\"va\",\"potentialAction\":[{\"@type\":\"ReadAction\",\"target\":[\"https:\\\/\\\/alcompasrevista.com\\\/archivos\\\/13242\"]}]},{\"@type\":\"ImageObject\",\"inLanguage\":\"va\",\"@id\":\"https:\\\/\\\/alcompasrevista.com\\\/archivos\\\/13242#primaryimage\",\"url\":\"https:\\\/\\\/alcompasrevista.com\\\/wp-content\\\/uploads\\\/2023\\\/03\\\/Cullera.jpg\",\"contentUrl\":\"https:\\\/\\\/alcompasrevista.com\\\/wp-content\\\/uploads\\\/2023\\\/03\\\/Cullera.jpg\",\"width\":1920,\"height\":700,\"caption\":\"XIII Certamen Nacional de Bandes de M\u00fasica de Cinema \\\"Ciutat de Cullera\\\"\"},{\"@type\":\"BreadcrumbList\",\"@id\":\"https:\\\/\\\/alcompasrevista.com\\\/archivos\\\/13242#breadcrumb\",\"itemListElement\":[{\"@type\":\"ListItem\",\"position\":1,\"name\":\"Portada\",\"item\":\"https:\\\/\\\/alcompasrevista.com\\\/va\"},{\"@type\":\"ListItem\",\"position\":2,\"name\":\"Oberta la convocat\u00f2ria del Certamen Nacional de Bandes de M\u00fasica de Cinema de Cullera\"}]},{\"@type\":\"WebSite\",\"@id\":\"https:\\\/\\\/alcompasrevista.com\\\/#website\",\"url\":\"https:\\\/\\\/alcompasrevista.com\\\/\",\"name\":\"Revista Al Comp\u00e0s\",\"description\":\"Un proyecto de la Federaci\u00f3n de Sociedades Musicales de la Comunidad Valenciana\",\"publisher\":{\"@id\":\"https:\\\/\\\/alcompasrevista.com\\\/#organization\"},\"potentialAction\":[{\"@type\":\"SearchAction\",\"target\":{\"@type\":\"EntryPoint\",\"urlTemplate\":\"https:\\\/\\\/alcompasrevista.com\\\/?s={search_term_string}\"},\"query-input\":{\"@type\":\"PropertyValueSpecification\",\"valueRequired\":true,\"valueName\":\"search_term_string\"}}],\"inLanguage\":\"va\"},{\"@type\":\"Organization\",\"@id\":\"https:\\\/\\\/alcompasrevista.com\\\/#organization\",\"name\":\"Revista Al Comp\u00e0s\",\"url\":\"https:\\\/\\\/alcompasrevista.com\\\/\",\"logo\":{\"@type\":\"ImageObject\",\"inLanguage\":\"va\",\"@id\":\"https:\\\/\\\/alcompasrevista.com\\\/#\\\/schema\\\/logo\\\/image\\\/\",\"url\":\"https:\\\/\\\/alcompasrevista.com\\\/wp-content\\\/uploads\\\/2022\\\/04\\\/cropped-loog_blanco.png\",\"contentUrl\":\"https:\\\/\\\/alcompasrevista.com\\\/wp-content\\\/uploads\\\/2022\\\/04\\\/cropped-loog_blanco.png\",\"width\":1612,\"height\":724,\"caption\":\"Revista Al Comp\u00e0s\"},\"image\":{\"@id\":\"https:\\\/\\\/alcompasrevista.com\\\/#\\\/schema\\\/logo\\\/image\\\/\"}},{\"@type\":\"Person\",\"@id\":\"https:\\\/\\\/alcompasrevista.com\\\/#\\\/schema\\\/person\\\/0f092e7196386afa42171db0d19a38ff\",\"name\":\"Redacci\u00f3n\",\"image\":{\"@type\":\"ImageObject\",\"inLanguage\":\"va\",\"@id\":\"https:\\\/\\\/secure.gravatar.com\\\/avatar\\\/e2831619d4dae93995d3da450c50013d912e0b8bdf34d9ea00126d97c2b7702e?s=96&d=mm&r=g\",\"url\":\"https:\\\/\\\/secure.gravatar.com\\\/avatar\\\/e2831619d4dae93995d3da450c50013d912e0b8bdf34d9ea00126d97c2b7702e?s=96&d=mm&r=g\",\"contentUrl\":\"https:\\\/\\\/secure.gravatar.com\\\/avatar\\\/e2831619d4dae93995d3da450c50013d912e0b8bdf34d9ea00126d97c2b7702e?s=96&d=mm&r=g\",\"caption\":\"Redacci\u00f3n\"},\"url\":\"https:\\\/\\\/alcompasrevista.com\\\/va\\\/archivos\\\/author\\\/257_webmaster\"}]}<\/script>\n<!-- \/ Yoast SEO plugin. -->","yoast_head_json":{"title":"Oberta la convocat\u00f2ria del Certamen Nacional de Bandes de M\u00fasica de Cinema de Cullera - Revista Al Comp\u00e0s","robots":{"index":"index","follow":"follow","max-snippet":"max-snippet:-1","max-image-preview":"max-image-preview:large","max-video-preview":"max-video-preview:-1"},"canonical":"https:\/\/alcompasrevista.com\/archivos\/13242","og_locale":"en_US","og_type":"article","og_title":"Oberta la convocat\u00f2ria del Certamen Nacional de Bandes de M\u00fasica de Cinema de Cullera - Revista Al Comp\u00e0s","og_description":"XIII Certamen Nacional de Bandes de M\u00fasica de Cinema \"Ciutat de Cullera\"","og_url":"https:\/\/alcompasrevista.com\/archivos\/13242","og_site_name":"Revista Al Comp\u00e0s","article_published_time":"2023-03-22T09:45:58+00:00","article_modified_time":"2023-03-22T15:47:06+00:00","og_image":[{"width":1920,"height":700,"url":"https:\/\/alcompasrevista.com\/wp-content\/uploads\/2023\/03\/Cullera.jpg","type":"image\/jpeg"}],"author":"Redacci\u00f3n","twitter_card":"summary_large_image","twitter_misc":{"Written by":"Redacci\u00f3","Est. reading time":"1 minute"},"schema":{"@context":"https:\/\/schema.org","@graph":[{"@type":"Article","@id":"https:\/\/alcompasrevista.com\/archivos\/13242#article","isPartOf":{"@id":"https:\/\/alcompasrevista.com\/archivos\/13242"},"author":{"name":"Redacci\u00f3n","@id":"https:\/\/alcompasrevista.com\/#\/schema\/person\/0f092e7196386afa42171db0d19a38ff"},"headline":"Oberta la convocat\u00f2ria del Certamen Nacional de Bandes de M\u00fasica de Cinema de Cullera","datePublished":"2023-03-22T09:45:58+00:00","dateModified":"2023-03-22T15:47:06+00:00","mainEntityOfPage":{"@id":"https:\/\/alcompasrevista.com\/archivos\/13242"},"wordCount":71,"publisher":{"@id":"https:\/\/alcompasrevista.com\/#organization"},"image":{"@id":"https:\/\/alcompasrevista.com\/archivos\/13242#primaryimage"},"thumbnailUrl":"https:\/\/alcompasrevista.com\/wp-content\/uploads\/2023\/03\/Cullera.jpg","keywords":["subvencions","XIII Certamen Nacional de Bandes de M\u00fasica de Cinema &quot;Ciutat de Cullera&quot;"],"articleSection":["#Not\u00edcies"],"inLanguage":"va"},{"@type":"WebPage","@id":"https:\/\/alcompasrevista.com\/archivos\/13242","url":"https:\/\/alcompasrevista.com\/archivos\/13242","name":"Oberta la convocat\u00f2ria del Certamen Nacional de Bandes de M\u00fasica de Cinema de Cullera - Revista Al Comp\u00e0s","isPartOf":{"@id":"https:\/\/alcompasrevista.com\/#website"},"primaryImageOfPage":{"@id":"https:\/\/alcompasrevista.com\/archivos\/13242#primaryimage"},"image":{"@id":"https:\/\/alcompasrevista.com\/archivos\/13242#primaryimage"},"thumbnailUrl":"https:\/\/alcompasrevista.com\/wp-content\/uploads\/2023\/03\/Cullera.jpg","datePublished":"2023-03-22T09:45:58+00:00","dateModified":"2023-03-22T15:47:06+00:00","breadcrumb":{"@id":"https:\/\/alcompasrevista.com\/archivos\/13242#breadcrumb"},"inLanguage":"va","potentialAction":[{"@type":"ReadAction","target":["https:\/\/alcompasrevista.com\/archivos\/13242"]}]},{"@type":"ImageObject","inLanguage":"va","@id":"https:\/\/alcompasrevista.com\/archivos\/13242#primaryimage","url":"https:\/\/alcompasrevista.com\/wp-content\/uploads\/2023\/03\/Cullera.jpg","contentUrl":"https:\/\/alcompasrevista.com\/wp-content\/uploads\/2023\/03\/Cullera.jpg","width":1920,"height":700,"caption":"XIII Certamen Nacional de Bandes de M\u00fasica de Cinema \"Ciutat de Cullera\""},{"@type":"BreadcrumbList","@id":"https:\/\/alcompasrevista.com\/archivos\/13242#breadcrumb","itemListElement":[{"@type":"ListItem","position":1,"name":"Portada","item":"https:\/\/alcompasrevista.com\/va"},{"@type":"ListItem","position":2,"name":"Oberta la convocat\u00f2ria del Certamen Nacional de Bandes de M\u00fasica de Cinema de Cullera"}]},{"@type":"WebSite","@id":"https:\/\/alcompasrevista.com\/#website","url":"https:\/\/alcompasrevista.com\/","name":"Revista Al Comp\u00e0s","description":"Un proyecto de la Federaci\u00f3n de Sociedades Musicales de la Comunidad Valenciana","publisher":{"@id":"https:\/\/alcompasrevista.com\/#organization"},"potentialAction":[{"@type":"SearchAction","target":{"@type":"EntryPoint","urlTemplate":"https:\/\/alcompasrevista.com\/?s={search_term_string}"},"query-input":{"@type":"PropertyValueSpecification","valueRequired":true,"valueName":"search_term_string"}}],"inLanguage":"va"},{"@type":"Organization","@id":"https:\/\/alcompasrevista.com\/#organization","name":"Revista Al Comp\u00e0s","url":"https:\/\/alcompasrevista.com\/","logo":{"@type":"ImageObject","inLanguage":"va","@id":"https:\/\/alcompasrevista.com\/#\/schema\/logo\/image\/","url":"https:\/\/alcompasrevista.com\/wp-content\/uploads\/2022\/04\/cropped-loog_blanco.png","contentUrl":"https:\/\/alcompasrevista.com\/wp-content\/uploads\/2022\/04\/cropped-loog_blanco.png","width":1612,"height":724,"caption":"Revista Al Comp\u00e0s"},"image":{"@id":"https:\/\/alcompasrevista.com\/#\/schema\/logo\/image\/"}},{"@type":"Person","@id":"https:\/\/alcompasrevista.com\/#\/schema\/person\/0f092e7196386afa42171db0d19a38ff","name":"Redacci\u00f3n","image":{"@type":"ImageObject","inLanguage":"va","@id":"https:\/\/secure.gravatar.com\/avatar\/e2831619d4dae93995d3da450c50013d912e0b8bdf34d9ea00126d97c2b7702e?s=96&d=mm&r=g","url":"https:\/\/secure.gravatar.com\/avatar\/e2831619d4dae93995d3da450c50013d912e0b8bdf34d9ea00126d97c2b7702e?s=96&d=mm&r=g","contentUrl":"https:\/\/secure.gravatar.com\/avatar\/e2831619d4dae93995d3da450c50013d912e0b8bdf34d9ea00126d97c2b7702e?s=96&d=mm&r=g","caption":"Redacci\u00f3n"},"url":"https:\/\/alcompasrevista.com\/va\/archivos\/author\/257_webmaster"}]}},"_links":{"self":[{"href":"https:\/\/alcompasrevista.com\/va\/wp-json\/wp\/v2\/posts\/13233","targetHints":{"allow":["GET"]}}],"collection":[{"href":"https:\/\/alcompasrevista.com\/va\/wp-json\/wp\/v2\/posts"}],"about":[{"href":"https:\/\/alcompasrevista.com\/va\/wp-json\/wp\/v2\/types\/post"}],"author":[{"embeddable":true,"href":"https:\/\/alcompasrevista.com\/va\/wp-json\/wp\/v2\/users\/860004"}],"replies":[{"embeddable":true,"href":"https:\/\/alcompasrevista.com\/va\/wp-json\/wp\/v2\/comments?post=13233"}],"version-history":[{"count":0,"href":"https:\/\/alcompasrevista.com\/va\/wp-json\/wp\/v2\/posts\/13233\/revisions"}],"wp:featuredmedia":[{"embeddable":true,"href":"https:\/\/alcompasrevista.com\/va\/wp-json\/wp\/v2\/media\/13238"}],"wp:attachment":[{"href":"https:\/\/alcompasrevista.com\/va\/wp-json\/wp\/v2\/media?parent=13233"}],"wp:term":[{"taxonomy":"category","embeddable":true,"href":"https:\/\/alcompasrevista.com\/va\/wp-json\/wp\/v2\/categories?post=13233"},{"taxonomy":"post_tag","embeddable":true,"href":"https:\/\/alcompasrevista.com\/va\/wp-json\/wp\/v2\/tags?post=13233"},{"taxonomy":"portada","embeddable":true,"href":"https:\/\/alcompasrevista.com\/va\/wp-json\/wp\/v2\/portada?post=13233"}],"curies":[{"name":"wp","href":"https:\/\/api.w.org\/{rel}","templated":true}]}}