{"id":13210,"date":"2023-03-21T11:21:55","date_gmt":"2023-03-21T10:21:55","guid":{"rendered":"https:\/\/alcompasrevista.com\/miles-de-personas-vuelven-a-cantar-por-la-paz-el-domingo-26-de-marzo-a-mediodia\/"},"modified":"2023-03-21T11:33:13","modified_gmt":"2023-03-21T10:33:13","slug":"miles-de-personas-vuelven-a-cantar-por-la-paz-el-domingo-26-de-marzo-a-mediodia","status":"publish","type":"post","link":"https:\/\/alcompasrevista.com\/va\/archivos\/13210","title":{"rendered":"Milers de persones tornen a cantar per la pau"},"content":{"rendered":"\n<p>Centenars de cors de tota Espanya es coordinen per xarxes socials, en una nova convocat\u00f2ria de Cors per la Pau que pret\u00e9n repetir l&#8217;\u00e8xit de 2022. La cita ser\u00e0 el diumenge 26 de mar\u00e7 a les 12 del mat\u00ed.<br>A Cullera, l&#8217;acte se celebrar\u00e0 en l&#8217;edifici de l&#8217;Ateneu Musical (C\/ Ateneu Musical, 15).<br>Cors per la Pau va sorgir en 2022 en la Fam\u00edlia Coral Santiago Ap\u00f2stol de Gri\u00f1\u00f3n (Madrid), que l&#8217;any passat va aconseguir mobilitzar a m\u00e9s de 25.000 cantants a Espanya, Portugal, It\u00e0lia, el Regne Unit i diversos pa\u00efsos de Sud-am\u00e8rica, als quals enguany s&#8217;han sumant cors d&#8217;Ucra\u00efna, Alemanya, Dinamarca i el Brasil, entre altres.<\/p>\n\n\n\n<p>Centenars de cors i escoles de m\u00fasica de tota Espanya s&#8217;estan sumant a la crida de la iniciativa Cors per la Pau, impulsada per la Fam\u00edlia Coral Santiago Ap\u00f2stol de Gri\u00f1\u00f3n (Madrid) per a cantar per la pau el diumenge 26 de mar\u00e7 al migdia. La cita musical se celebrar\u00e0 en places i carrers c\u00e8ntrics o emblem\u00e0tics de les ciutats i pobles de tota Espanya on hi haja un cor que se sume a aquesta iniciativa. A Cullera, l&#8217;acte se celebrar\u00e0 en l&#8217;edifici de l&#8217;Ateneu Musical (C\/ Ateneu Musical, 15).<br>Tots els cantants interpretaran alhora l&#8217;obra popular &#8220;Dona Nobis Pacem&#8221;, una pe\u00e7a en llat\u00ed que significa \u201cdona&#8217;ns la pau&#8221;, i estrenaran el tema \u201cCanta un Himne per la Pau\u201d, compost pel m\u00fasic estatunidenc Jim Papoulis.<br>Segons Mariano Garc\u00eda, coordinador general de Cors Per la Pau i director de la Fam\u00edlia Coral Santiago Ap\u00f2stol, \u201c\u00e9s ins\u00f2lita la generositat de <em>Jim Papoulis, <\/em>un compositor i productor musical consagrat a nivell mundial, que no obstant aix\u00f2 s&#8217;ha fixat en la nostra iniciativa i ens ha regalat la seua obra. Li estem molt agra\u00efts per haver creat aquesta can\u00e7\u00f3, que estrenarem com a himne de Cors per la Pau el pr\u00f2xim 26 de mar\u00e7\u201d, assegura. Els participants en aquesta iniciativa s&#8217;estan inscrivint a trav\u00e9s de la p\u00e0gina web www.corosporlapaz.org per a facilitar el treball dels m\u00e9s de 50 coordinadors locals en la cerca de cors, difusi\u00f3, direcci\u00f3 musical i altres aspectes t\u00e8cnics i log\u00edstics. Fins al moment, ja s&#8217;han inscrit per a participar m\u00e9s de 200 cors de tota Espanya, la qual cosa garanteix l&#8217;\u00e8xit de la convocat\u00f2ria. En la citada web pot consultar-se en temps real els cors inscrits i els llocs confirmats per a la celebraci\u00f3 dels esdeveniments. La plataforma tamb\u00e9 ha llan\u00e7at la seua versi\u00f3 internacional, a trav\u00e9s de la p\u00e0gina www.choirsforpeace.org i est\u00e0 cridant a l&#8217;acci\u00f3 a cors i federacions nacionals d&#8217;altres pa\u00efsos. Enguany, de nou se sumen a l&#8217;acci\u00f3 cors de Portugal i It\u00e0lia, tal com van fer en 2022, per\u00f2 a m\u00e9s tamb\u00e9 s&#8217;han sumat quasi 50 agrupacions corals d&#8217;Ucra\u00efna, Dinamarca, Alemanya, Col\u00f2mbia i el Brasil, i s&#8217;espera que en els pr\u00f2xims dies nous pa\u00efsos s&#8217;adherisquen a aquesta gran jornada mundial de cant coral per la pau. Com va n\u00e0ixer Cors per la Pau? <em>L&#8217;any passat, la Fam\u00edlia Coral Santiago Ap\u00f2stol (<\/em>FCSA) va mobilitzar a un miler de persones a trav\u00e9s de les xarxes socials per a cantar per la pau al costat del Museu Reina Sofia. La cita va coincidir amb un concert de la CSA a Madrid el 5 de mar\u00e7 de 2022 \u201ci en absolut esper\u00e0vem que vinguera tant\u00edssima gent a cantar amb nosaltres, una humil agrupaci\u00f3 coral d&#8217;un poble de Madrid, per la qual cosa decidim que all\u00f2 no podia caure en sac foradat i vam estendre la convocat\u00f2ria a tota Espanya, i es van acabar sumant m\u00e9s de 25.000 persones el diumenge 26 de mar\u00e7 de 2022, un dia hist\u00f2ric per al moviment coral a Espanya\u201d, assegura Mariano Garc\u00eda, coordinador general de Cors per la Pau.<br>Es tracta d&#8217;una iniciativa \u00fanica pel seu car\u00e0cter massiu i solidari. De fet, recentment ha sigut reconeguda amb el Premi Axunt\u00e1bense, que la Federaci\u00f3 Asturiana de Cors ha atorgat a Mariano Garc\u00eda, en representaci\u00f3 del col\u00b7lectiu Cors per la Pau, \u201cper fer visible a la comunitat coral com a element social que promou el sentiment d&#8217;unitat en la diversitat\u201d, segons la decisi\u00f3 del Jurat dels premis. El lliurament del guard\u00f3 tindr\u00e0 lloc a l&#8217;Auditori Pr\u00edncep Felip d&#8217;Oviedo, el diumenge 19 de mar\u00e7 a les 19 hores, amb pres\u00e8ncia de les m\u00e9s altes autoritats del Principat.<br>L&#8217;objectiu de Cors per la Pau \u00e9s \u00fanicament de car\u00e0cter social. \u201cLa nostra mobilitzaci\u00f3 busca contraposar la bellesa i la senzillesa de la m\u00fasica a l&#8217;horror de la guerra, per a cridar l&#8217;atenci\u00f3 del m\u00f3n sobre l&#8217;absurd que \u00e9s lluitar els uns contra els altres quan tots podem conviure feli\u00e7os i en pau\u201d, assegura Mariano Garc\u00eda, qui subratlla que \u201cper descomptat la nostra mirada est\u00e0 a Ucra\u00efna, per\u00f2 tamb\u00e9 en totes aquelles altres guerres oblidades, a les quals ja no parem atenci\u00f3, per\u00f2 que segueixen ac\u00ed per desenes\u201d.<\/p>\n","protected":false},"excerpt":{"rendered":"<p>Cientos de coros de toda Espa\u00f1a se coordinan por redes sociales, en una nueva convocatoria de Coros por la Paz que pretende repetir el \u00e9xito de 2022. La cita ser\u00e1 el domingo 26 de marzo a las 12 de la ma\u00f1ana.<\/p>\n","protected":false},"author":860004,"featured_media":13207,"comment_status":"closed","ping_status":"closed","sticky":false,"template":"","format":"standard","meta":{"footnotes":""},"categories":[29],"tags":[371,821,820],"portada":[639,819,818],"class_list":["post-13210","post","type-post","status-publish","format-standard","has-post-thumbnail","hentry","category-noticies-va","tag-ateneo-musical-de-cullera-va","tag-coros-va","tag-cullera-va","portada-ateneo-musical-de-cullera","portada-coros","portada-cullera"],"yoast_head":"<!-- This site is optimized with the Yoast SEO plugin v27.4 - https:\/\/yoast.com\/product\/yoast-seo-wordpress\/ -->\n<title>Milers de persones tornen a cantar per la pau - Revista Al Comp\u00e0s<\/title>\n<meta name=\"robots\" content=\"index, follow, max-snippet:-1, max-image-preview:large, max-video-preview:-1\" \/>\n<link rel=\"canonical\" href=\"https:\/\/alcompasrevista.com\/archivos\/13205\" \/>\n<meta property=\"og:locale\" content=\"en_US\" \/>\n<meta property=\"og:type\" content=\"article\" \/>\n<meta property=\"og:title\" content=\"Milers de persones tornen a cantar per la pau - Revista Al Comp\u00e0s\" \/>\n<meta property=\"og:description\" content=\"Cientos de coros de toda Espa\u00f1a se coordinan por redes sociales, en una nueva convocatoria de Coros por la Paz que pretende repetir el \u00e9xito de 2022. La cita ser\u00e1 el domingo 26 de marzo a las 12 de la ma\u00f1ana.\" \/>\n<meta property=\"og:url\" content=\"https:\/\/alcompasrevista.com\/archivos\/13205\" \/>\n<meta property=\"og:site_name\" content=\"Revista Al Comp\u00e0s\" \/>\n<meta property=\"article:published_time\" content=\"2023-03-21T10:21:55+00:00\" \/>\n<meta property=\"article:modified_time\" content=\"2023-03-21T10:33:13+00:00\" \/>\n<meta property=\"og:image\" content=\"https:\/\/alcompasrevista.com\/wp-content\/uploads\/2023\/03\/Pablo-Morales-1.jpg\" \/>\n\t<meta property=\"og:image:width\" content=\"1920\" \/>\n\t<meta property=\"og:image:height\" content=\"700\" \/>\n\t<meta property=\"og:image:type\" content=\"image\/jpeg\" \/>\n<meta name=\"author\" content=\"Redacci\u00f3n\" \/>\n<meta name=\"twitter:card\" content=\"summary_large_image\" \/>\n<meta name=\"twitter:label1\" content=\"Written by\" \/>\n\t<meta name=\"twitter:data1\" content=\"Redacci\u00f3\" \/>\n\t<meta name=\"twitter:label2\" content=\"Est. reading time\" \/>\n\t<meta name=\"twitter:data2\" content=\"4 minutes\" \/>\n<script type=\"application\/ld+json\" class=\"yoast-schema-graph\">{\"@context\":\"https:\\\/\\\/schema.org\",\"@graph\":[{\"@type\":\"Article\",\"@id\":\"https:\\\/\\\/alcompasrevista.com\\\/archivos\\\/13205#article\",\"isPartOf\":{\"@id\":\"https:\\\/\\\/alcompasrevista.com\\\/archivos\\\/13205\"},\"author\":{\"name\":\"Redacci\u00f3n\",\"@id\":\"https:\\\/\\\/alcompasrevista.com\\\/#\\\/schema\\\/person\\\/0f092e7196386afa42171db0d19a38ff\"},\"headline\":\"Milers de persones tornen a cantar per la pau\",\"datePublished\":\"2023-03-21T10:21:55+00:00\",\"dateModified\":\"2023-03-21T10:33:13+00:00\",\"mainEntityOfPage\":{\"@id\":\"https:\\\/\\\/alcompasrevista.com\\\/archivos\\\/13205\"},\"wordCount\":884,\"publisher\":{\"@id\":\"https:\\\/\\\/alcompasrevista.com\\\/#organization\"},\"image\":{\"@id\":\"https:\\\/\\\/alcompasrevista.com\\\/archivos\\\/13205#primaryimage\"},\"thumbnailUrl\":\"https:\\\/\\\/alcompasrevista.com\\\/wp-content\\\/uploads\\\/2023\\\/03\\\/Pablo-Morales-1.jpg\",\"keywords\":[\"Ateneo musical de Cullera\",\"coros\",\"cullera\"],\"articleSection\":[\"#Not\u00edcies\"],\"inLanguage\":\"va\"},{\"@type\":\"WebPage\",\"@id\":\"https:\\\/\\\/alcompasrevista.com\\\/archivos\\\/13205\",\"url\":\"https:\\\/\\\/alcompasrevista.com\\\/archivos\\\/13205\",\"name\":\"Milers de persones tornen a cantar per la pau - Revista Al Comp\u00e0s\",\"isPartOf\":{\"@id\":\"https:\\\/\\\/alcompasrevista.com\\\/#website\"},\"primaryImageOfPage\":{\"@id\":\"https:\\\/\\\/alcompasrevista.com\\\/archivos\\\/13205#primaryimage\"},\"image\":{\"@id\":\"https:\\\/\\\/alcompasrevista.com\\\/archivos\\\/13205#primaryimage\"},\"thumbnailUrl\":\"https:\\\/\\\/alcompasrevista.com\\\/wp-content\\\/uploads\\\/2023\\\/03\\\/Pablo-Morales-1.jpg\",\"datePublished\":\"2023-03-21T10:21:55+00:00\",\"dateModified\":\"2023-03-21T10:33:13+00:00\",\"breadcrumb\":{\"@id\":\"https:\\\/\\\/alcompasrevista.com\\\/archivos\\\/13205#breadcrumb\"},\"inLanguage\":\"va\",\"potentialAction\":[{\"@type\":\"ReadAction\",\"target\":[\"https:\\\/\\\/alcompasrevista.com\\\/archivos\\\/13205\"]}]},{\"@type\":\"ImageObject\",\"inLanguage\":\"va\",\"@id\":\"https:\\\/\\\/alcompasrevista.com\\\/archivos\\\/13205#primaryimage\",\"url\":\"https:\\\/\\\/alcompasrevista.com\\\/wp-content\\\/uploads\\\/2023\\\/03\\\/Pablo-Morales-1.jpg\",\"contentUrl\":\"https:\\\/\\\/alcompasrevista.com\\\/wp-content\\\/uploads\\\/2023\\\/03\\\/Pablo-Morales-1.jpg\",\"width\":1920,\"height\":700},{\"@type\":\"BreadcrumbList\",\"@id\":\"https:\\\/\\\/alcompasrevista.com\\\/archivos\\\/13205#breadcrumb\",\"itemListElement\":[{\"@type\":\"ListItem\",\"position\":1,\"name\":\"Portada\",\"item\":\"https:\\\/\\\/alcompasrevista.com\\\/va\"},{\"@type\":\"ListItem\",\"position\":2,\"name\":\"Milers de persones tornen a cantar per la pau\"}]},{\"@type\":\"WebSite\",\"@id\":\"https:\\\/\\\/alcompasrevista.com\\\/#website\",\"url\":\"https:\\\/\\\/alcompasrevista.com\\\/\",\"name\":\"Revista Al Comp\u00e0s\",\"description\":\"Un proyecto de la Federaci\u00f3n de Sociedades Musicales de la Comunidad Valenciana\",\"publisher\":{\"@id\":\"https:\\\/\\\/alcompasrevista.com\\\/#organization\"},\"potentialAction\":[{\"@type\":\"SearchAction\",\"target\":{\"@type\":\"EntryPoint\",\"urlTemplate\":\"https:\\\/\\\/alcompasrevista.com\\\/?s={search_term_string}\"},\"query-input\":{\"@type\":\"PropertyValueSpecification\",\"valueRequired\":true,\"valueName\":\"search_term_string\"}}],\"inLanguage\":\"va\"},{\"@type\":\"Organization\",\"@id\":\"https:\\\/\\\/alcompasrevista.com\\\/#organization\",\"name\":\"Revista Al Comp\u00e0s\",\"url\":\"https:\\\/\\\/alcompasrevista.com\\\/\",\"logo\":{\"@type\":\"ImageObject\",\"inLanguage\":\"va\",\"@id\":\"https:\\\/\\\/alcompasrevista.com\\\/#\\\/schema\\\/logo\\\/image\\\/\",\"url\":\"https:\\\/\\\/alcompasrevista.com\\\/wp-content\\\/uploads\\\/2022\\\/04\\\/cropped-loog_blanco.png\",\"contentUrl\":\"https:\\\/\\\/alcompasrevista.com\\\/wp-content\\\/uploads\\\/2022\\\/04\\\/cropped-loog_blanco.png\",\"width\":1612,\"height\":724,\"caption\":\"Revista Al Comp\u00e0s\"},\"image\":{\"@id\":\"https:\\\/\\\/alcompasrevista.com\\\/#\\\/schema\\\/logo\\\/image\\\/\"}},{\"@type\":\"Person\",\"@id\":\"https:\\\/\\\/alcompasrevista.com\\\/#\\\/schema\\\/person\\\/0f092e7196386afa42171db0d19a38ff\",\"name\":\"Redacci\u00f3n\",\"image\":{\"@type\":\"ImageObject\",\"inLanguage\":\"va\",\"@id\":\"https:\\\/\\\/secure.gravatar.com\\\/avatar\\\/e2831619d4dae93995d3da450c50013d912e0b8bdf34d9ea00126d97c2b7702e?s=96&d=mm&r=g\",\"url\":\"https:\\\/\\\/secure.gravatar.com\\\/avatar\\\/e2831619d4dae93995d3da450c50013d912e0b8bdf34d9ea00126d97c2b7702e?s=96&d=mm&r=g\",\"contentUrl\":\"https:\\\/\\\/secure.gravatar.com\\\/avatar\\\/e2831619d4dae93995d3da450c50013d912e0b8bdf34d9ea00126d97c2b7702e?s=96&d=mm&r=g\",\"caption\":\"Redacci\u00f3n\"},\"url\":\"https:\\\/\\\/alcompasrevista.com\\\/va\\\/archivos\\\/author\\\/257_webmaster\"}]}<\/script>\n<!-- \/ Yoast SEO plugin. -->","yoast_head_json":{"title":"Milers de persones tornen a cantar per la pau - Revista Al Comp\u00e0s","robots":{"index":"index","follow":"follow","max-snippet":"max-snippet:-1","max-image-preview":"max-image-preview:large","max-video-preview":"max-video-preview:-1"},"canonical":"https:\/\/alcompasrevista.com\/archivos\/13205","og_locale":"en_US","og_type":"article","og_title":"Milers de persones tornen a cantar per la pau - Revista Al Comp\u00e0s","og_description":"Cientos de coros de toda Espa\u00f1a se coordinan por redes sociales, en una nueva convocatoria de Coros por la Paz que pretende repetir el \u00e9xito de 2022. La cita ser\u00e1 el domingo 26 de marzo a las 12 de la ma\u00f1ana.","og_url":"https:\/\/alcompasrevista.com\/archivos\/13205","og_site_name":"Revista Al Comp\u00e0s","article_published_time":"2023-03-21T10:21:55+00:00","article_modified_time":"2023-03-21T10:33:13+00:00","og_image":[{"width":1920,"height":700,"url":"https:\/\/alcompasrevista.com\/wp-content\/uploads\/2023\/03\/Pablo-Morales-1.jpg","type":"image\/jpeg"}],"author":"Redacci\u00f3n","twitter_card":"summary_large_image","twitter_misc":{"Written by":"Redacci\u00f3","Est. reading time":"4 minutes"},"schema":{"@context":"https:\/\/schema.org","@graph":[{"@type":"Article","@id":"https:\/\/alcompasrevista.com\/archivos\/13205#article","isPartOf":{"@id":"https:\/\/alcompasrevista.com\/archivos\/13205"},"author":{"name":"Redacci\u00f3n","@id":"https:\/\/alcompasrevista.com\/#\/schema\/person\/0f092e7196386afa42171db0d19a38ff"},"headline":"Milers de persones tornen a cantar per la pau","datePublished":"2023-03-21T10:21:55+00:00","dateModified":"2023-03-21T10:33:13+00:00","mainEntityOfPage":{"@id":"https:\/\/alcompasrevista.com\/archivos\/13205"},"wordCount":884,"publisher":{"@id":"https:\/\/alcompasrevista.com\/#organization"},"image":{"@id":"https:\/\/alcompasrevista.com\/archivos\/13205#primaryimage"},"thumbnailUrl":"https:\/\/alcompasrevista.com\/wp-content\/uploads\/2023\/03\/Pablo-Morales-1.jpg","keywords":["Ateneo musical de Cullera","coros","cullera"],"articleSection":["#Not\u00edcies"],"inLanguage":"va"},{"@type":"WebPage","@id":"https:\/\/alcompasrevista.com\/archivos\/13205","url":"https:\/\/alcompasrevista.com\/archivos\/13205","name":"Milers de persones tornen a cantar per la pau - Revista Al Comp\u00e0s","isPartOf":{"@id":"https:\/\/alcompasrevista.com\/#website"},"primaryImageOfPage":{"@id":"https:\/\/alcompasrevista.com\/archivos\/13205#primaryimage"},"image":{"@id":"https:\/\/alcompasrevista.com\/archivos\/13205#primaryimage"},"thumbnailUrl":"https:\/\/alcompasrevista.com\/wp-content\/uploads\/2023\/03\/Pablo-Morales-1.jpg","datePublished":"2023-03-21T10:21:55+00:00","dateModified":"2023-03-21T10:33:13+00:00","breadcrumb":{"@id":"https:\/\/alcompasrevista.com\/archivos\/13205#breadcrumb"},"inLanguage":"va","potentialAction":[{"@type":"ReadAction","target":["https:\/\/alcompasrevista.com\/archivos\/13205"]}]},{"@type":"ImageObject","inLanguage":"va","@id":"https:\/\/alcompasrevista.com\/archivos\/13205#primaryimage","url":"https:\/\/alcompasrevista.com\/wp-content\/uploads\/2023\/03\/Pablo-Morales-1.jpg","contentUrl":"https:\/\/alcompasrevista.com\/wp-content\/uploads\/2023\/03\/Pablo-Morales-1.jpg","width":1920,"height":700},{"@type":"BreadcrumbList","@id":"https:\/\/alcompasrevista.com\/archivos\/13205#breadcrumb","itemListElement":[{"@type":"ListItem","position":1,"name":"Portada","item":"https:\/\/alcompasrevista.com\/va"},{"@type":"ListItem","position":2,"name":"Milers de persones tornen a cantar per la pau"}]},{"@type":"WebSite","@id":"https:\/\/alcompasrevista.com\/#website","url":"https:\/\/alcompasrevista.com\/","name":"Revista Al Comp\u00e0s","description":"Un proyecto de la Federaci\u00f3n de Sociedades Musicales de la Comunidad Valenciana","publisher":{"@id":"https:\/\/alcompasrevista.com\/#organization"},"potentialAction":[{"@type":"SearchAction","target":{"@type":"EntryPoint","urlTemplate":"https:\/\/alcompasrevista.com\/?s={search_term_string}"},"query-input":{"@type":"PropertyValueSpecification","valueRequired":true,"valueName":"search_term_string"}}],"inLanguage":"va"},{"@type":"Organization","@id":"https:\/\/alcompasrevista.com\/#organization","name":"Revista Al Comp\u00e0s","url":"https:\/\/alcompasrevista.com\/","logo":{"@type":"ImageObject","inLanguage":"va","@id":"https:\/\/alcompasrevista.com\/#\/schema\/logo\/image\/","url":"https:\/\/alcompasrevista.com\/wp-content\/uploads\/2022\/04\/cropped-loog_blanco.png","contentUrl":"https:\/\/alcompasrevista.com\/wp-content\/uploads\/2022\/04\/cropped-loog_blanco.png","width":1612,"height":724,"caption":"Revista Al Comp\u00e0s"},"image":{"@id":"https:\/\/alcompasrevista.com\/#\/schema\/logo\/image\/"}},{"@type":"Person","@id":"https:\/\/alcompasrevista.com\/#\/schema\/person\/0f092e7196386afa42171db0d19a38ff","name":"Redacci\u00f3n","image":{"@type":"ImageObject","inLanguage":"va","@id":"https:\/\/secure.gravatar.com\/avatar\/e2831619d4dae93995d3da450c50013d912e0b8bdf34d9ea00126d97c2b7702e?s=96&d=mm&r=g","url":"https:\/\/secure.gravatar.com\/avatar\/e2831619d4dae93995d3da450c50013d912e0b8bdf34d9ea00126d97c2b7702e?s=96&d=mm&r=g","contentUrl":"https:\/\/secure.gravatar.com\/avatar\/e2831619d4dae93995d3da450c50013d912e0b8bdf34d9ea00126d97c2b7702e?s=96&d=mm&r=g","caption":"Redacci\u00f3n"},"url":"https:\/\/alcompasrevista.com\/va\/archivos\/author\/257_webmaster"}]}},"_links":{"self":[{"href":"https:\/\/alcompasrevista.com\/va\/wp-json\/wp\/v2\/posts\/13210","targetHints":{"allow":["GET"]}}],"collection":[{"href":"https:\/\/alcompasrevista.com\/va\/wp-json\/wp\/v2\/posts"}],"about":[{"href":"https:\/\/alcompasrevista.com\/va\/wp-json\/wp\/v2\/types\/post"}],"author":[{"embeddable":true,"href":"https:\/\/alcompasrevista.com\/va\/wp-json\/wp\/v2\/users\/860004"}],"replies":[{"embeddable":true,"href":"https:\/\/alcompasrevista.com\/va\/wp-json\/wp\/v2\/comments?post=13210"}],"version-history":[{"count":0,"href":"https:\/\/alcompasrevista.com\/va\/wp-json\/wp\/v2\/posts\/13210\/revisions"}],"wp:featuredmedia":[{"embeddable":true,"href":"https:\/\/alcompasrevista.com\/va\/wp-json\/wp\/v2\/media\/13207"}],"wp:attachment":[{"href":"https:\/\/alcompasrevista.com\/va\/wp-json\/wp\/v2\/media?parent=13210"}],"wp:term":[{"taxonomy":"category","embeddable":true,"href":"https:\/\/alcompasrevista.com\/va\/wp-json\/wp\/v2\/categories?post=13210"},{"taxonomy":"post_tag","embeddable":true,"href":"https:\/\/alcompasrevista.com\/va\/wp-json\/wp\/v2\/tags?post=13210"},{"taxonomy":"portada","embeddable":true,"href":"https:\/\/alcompasrevista.com\/va\/wp-json\/wp\/v2\/portada?post=13210"}],"curies":[{"name":"wp","href":"https:\/\/api.w.org\/{rel}","templated":true}]}}