{"id":13156,"date":"2023-03-15T11:15:32","date_gmt":"2023-03-15T10:15:32","guid":{"rendered":"https:\/\/alcompasrevista.com\/?p=13156"},"modified":"2023-03-15T11:24:55","modified_gmt":"2023-03-15T10:24:55","slug":"la-unio-musical-santa-cecilia-de-lalqueria-comtessa-reivindica-la-musica-historica-de-banda","status":"publish","type":"post","link":"https:\/\/alcompasrevista.com\/va\/archivos\/13156","title":{"rendered":"La Uni\u00f3 Musical Santa Cecilia de l&#8217;Alquer\u00eda de la Comtessa reivindica la m\u00fasica hist\u00f2rica de banda"},"content":{"rendered":"\n<p>La Uni\u00f3 Musical Santa Cecilia de L&#8217;Alqueria de la Comtessa al costat de \u00abEn clau de vents: registre sonors\u00bb han recuperat \u00abVal\u00e8ncia oriental\u00bb una serenata del valenci\u00e0 Juan Benlloch Mestre, composici\u00f3 publicada en 1919 per la revista Harmonia.<br>Actualment, la investigaci\u00f3 musicol\u00f2gica que reivindica el repertori hist\u00f2ric de les bandes, va guanyant adeptes m\u00e9s enll\u00e0 de les universitats i els projectes dirigits per institucions p\u00fabliques. Aquest ha sigut el cas de la Uni\u00f3 Musical Santa Cecilia de L&#8217;Alqueria de la Comtessa, societat musical de la Safor, que sota<br>la direcci\u00f3 de Jaume Moscard\u00f3 Tudela, han decidit dur a terme l&#8217;enregistrament de la serenata \u00abVal\u00e8ncia oriental\u00bb de Juan Benlloch Mestre (1873-1945).<br>El director i compositor Juan Benlloch \u00e9s un clar exemple de m\u00fasic oblidat. Natural de la ciutat de  Val\u00e8ncia va fer carrera professional en l&#8217;Ex\u00e8rcit com a m\u00fasic major, \u00e9s a dir, director de bandes militars, ocupant entre altres la direcci\u00f3 de la m\u00fasica del regiment Mallorca amb seu a Val\u00e8ncia o la del Biscaia a Alcoi.<br>Al costat d&#8217;aix\u00f2 va tindre un gran reconeixement degut a la seua participaci\u00f3 en els conflictes colonials en el Protectorat espanyol del Marroc, fets que li van valdre diferents condecoracions militars.<br>Quant a \u00abVal\u00e8ncia oriental\u00bb es tracta d&#8217;una serenata de curta duraci\u00f3 i delicada interpretaci\u00f3. La premsa del moment li va elogiar el fet de realitzar composicions concertants originals per a banda en un moment de clar predomini de les transcripcions procedents de l&#8217;\u00f2pera, la sarsuela i els musicals. D&#8217;ella es va assenyalar que \u00ab\u00e9s una obra senzilla de proporcions, d&#8217;inspiraci\u00f3 f\u00e0cil i d&#8217;agradable execuci\u00f3\u00bb.<br>Aquesta composici\u00f3 va ser una de tantes de les quals es van editar en Harmonia revista musical, la principal revista de repertori per a banda del passat segle XX. Una publicaci\u00f3 peri\u00f2dica que va estar en actiu entre 1916 i 1962, que va donar a la llum m\u00e9s de 900 composicions entre m\u00fasica original i transcripcions. En concret, \u00abVal\u00e8ncia oriental: serenata\u00bb, va eixir en 1919 dins de la seua primera secci\u00f3 amb el n\u00famero de s\u00e8rie de 41 La pe\u00e7a ha sigut gravada pel t\u00e8cnic Arnau M\u00faria el passat 12 de febrer de 2023 per a \u00abEn clau de vents: registre sonors\u00bb a fi dedeixar cons t\u00e0ncia de la import\u00e0ncia del repertori hist\u00f2ric generat pels compositors amb les nostres societats musicals.<br>El projecte \u00abEn  clau de  vents: registres sonors\u00bb \u00e9s una iniciativa sense \u00e0nim de lucre desenvolupada en Youtube i Instagram. Es tracta d&#8217;una proposta de musicologia aplicada dedicada a la recuperaci\u00f3 de la m\u00fasica de banda composta abans de 1975. Va n\u00e0ixer en 2020 i est\u00e0 coordinat per l&#8217;historiador Frederic Oriola Vell\u00f3 (Quatretonda, 1978) i la music\u00f2loga Mari \u00c1ngels Faus Mascarell (R\u00f3tova, 1977).<br>La iniciativa compta amb la col\u00b7laboraci\u00f3 de diferents  investigadors, t\u00e8cnics de so, directors de banda i<br>music\u00f2legs, tant valencians com de la resta de l&#8217;estat espanyol, que col\u00b7laboren en la recuperaci\u00f3 del patrimoni musical de les bandes de m\u00fasica.<br>Link: <a href=\"https:\/\/www.youtube.com\/watch?v=59p9hUjlgtQ\" target=\"_blank\" rel=\"noreferrer noopener\">\u00abVal\u00e8ncia oriental: serenata\u00bb<\/a> (1919)<\/p>\n","protected":false},"excerpt":{"rendered":"<p>En clau de vents<\/p>\n","protected":false},"author":860004,"featured_media":11847,"comment_status":"closed","ping_status":"closed","sticky":false,"template":"","format":"standard","meta":{"footnotes":""},"categories":[29],"tags":[609,239,814],"portada":[],"class_list":["post-13156","post","type-post","status-publish","format-standard","has-post-thumbnail","hentry","category-noticies-va","tag-en-clau-de-vents","tag-fsmcv","tag-registre-sonors"],"yoast_head":"<!-- This site is optimized with the Yoast SEO plugin v27.4 - https:\/\/yoast.com\/product\/yoast-seo-wordpress\/ -->\n<title>La Uni\u00f3 Musical Santa Cecilia de l&#039;Alquer\u00eda de la Comtessa reivindica la m\u00fasica hist\u00f2rica de banda - Revista Al Comp\u00e0s<\/title>\n<meta name=\"robots\" content=\"index, follow, max-snippet:-1, max-image-preview:large, max-video-preview:-1\" \/>\n<link rel=\"canonical\" href=\"https:\/\/alcompasrevista.com\/archivos\/13159\" \/>\n<meta property=\"og:locale\" content=\"en_US\" \/>\n<meta property=\"og:type\" content=\"article\" \/>\n<meta property=\"og:title\" content=\"La Uni\u00f3 Musical Santa Cecilia de l&#039;Alquer\u00eda de la Comtessa reivindica la m\u00fasica hist\u00f2rica de banda - Revista Al Comp\u00e0s\" \/>\n<meta property=\"og:description\" content=\"En clau de vents\" \/>\n<meta property=\"og:url\" content=\"https:\/\/alcompasrevista.com\/archivos\/13159\" \/>\n<meta property=\"og:site_name\" content=\"Revista Al Comp\u00e0s\" \/>\n<meta property=\"article:published_time\" content=\"2023-03-15T10:15:32+00:00\" \/>\n<meta property=\"article:modified_time\" content=\"2023-03-15T10:24:55+00:00\" \/>\n<meta property=\"og:image\" content=\"https:\/\/alcompasrevista.com\/wp-content\/uploads\/2022\/12\/Diseno-sin-titulo-2022-12-30T102516.772.jpg\" \/>\n\t<meta property=\"og:image:width\" content=\"760\" \/>\n\t<meta property=\"og:image:height\" content=\"430\" \/>\n\t<meta property=\"og:image:type\" content=\"image\/jpeg\" \/>\n<meta name=\"author\" content=\"Redacci\u00f3n\" \/>\n<meta name=\"twitter:card\" content=\"summary_large_image\" \/>\n<meta name=\"twitter:label1\" content=\"Written by\" \/>\n\t<meta name=\"twitter:data1\" content=\"Redacci\u00f3\" \/>\n\t<meta name=\"twitter:label2\" content=\"Est. reading time\" \/>\n\t<meta name=\"twitter:data2\" content=\"3 minutes\" \/>\n<script type=\"application\/ld+json\" class=\"yoast-schema-graph\">{\"@context\":\"https:\\\/\\\/schema.org\",\"@graph\":[{\"@type\":\"Article\",\"@id\":\"https:\\\/\\\/alcompasrevista.com\\\/archivos\\\/13159#article\",\"isPartOf\":{\"@id\":\"https:\\\/\\\/alcompasrevista.com\\\/archivos\\\/13159\"},\"author\":{\"name\":\"Redacci\u00f3n\",\"@id\":\"https:\\\/\\\/alcompasrevista.com\\\/#\\\/schema\\\/person\\\/0f092e7196386afa42171db0d19a38ff\"},\"headline\":\"La Uni\u00f3 Musical Santa Cecilia de l&#8217;Alquer\u00eda de la Comtessa reivindica la m\u00fasica hist\u00f2rica de banda\",\"datePublished\":\"2023-03-15T10:15:32+00:00\",\"dateModified\":\"2023-03-15T10:24:55+00:00\",\"mainEntityOfPage\":{\"@id\":\"https:\\\/\\\/alcompasrevista.com\\\/archivos\\\/13159\"},\"wordCount\":544,\"publisher\":{\"@id\":\"https:\\\/\\\/alcompasrevista.com\\\/#organization\"},\"image\":{\"@id\":\"https:\\\/\\\/alcompasrevista.com\\\/archivos\\\/13159#primaryimage\"},\"thumbnailUrl\":\"https:\\\/\\\/alcompasrevista.com\\\/wp-content\\\/uploads\\\/2022\\\/12\\\/Diseno-sin-titulo-2022-12-30T102516.772.jpg\",\"keywords\":[\"En clau de vents\",\"FSMCV\",\"registre sonors\"],\"articleSection\":[\"#Not\u00edcies\"],\"inLanguage\":\"va\"},{\"@type\":\"WebPage\",\"@id\":\"https:\\\/\\\/alcompasrevista.com\\\/archivos\\\/13159\",\"url\":\"https:\\\/\\\/alcompasrevista.com\\\/archivos\\\/13159\",\"name\":\"La Uni\u00f3 Musical Santa Cecilia de l'Alquer\u00eda de la Comtessa reivindica la m\u00fasica hist\u00f2rica de banda - Revista Al Comp\u00e0s\",\"isPartOf\":{\"@id\":\"https:\\\/\\\/alcompasrevista.com\\\/#website\"},\"primaryImageOfPage\":{\"@id\":\"https:\\\/\\\/alcompasrevista.com\\\/archivos\\\/13159#primaryimage\"},\"image\":{\"@id\":\"https:\\\/\\\/alcompasrevista.com\\\/archivos\\\/13159#primaryimage\"},\"thumbnailUrl\":\"https:\\\/\\\/alcompasrevista.com\\\/wp-content\\\/uploads\\\/2022\\\/12\\\/Diseno-sin-titulo-2022-12-30T102516.772.jpg\",\"datePublished\":\"2023-03-15T10:15:32+00:00\",\"dateModified\":\"2023-03-15T10:24:55+00:00\",\"breadcrumb\":{\"@id\":\"https:\\\/\\\/alcompasrevista.com\\\/archivos\\\/13159#breadcrumb\"},\"inLanguage\":\"va\",\"potentialAction\":[{\"@type\":\"ReadAction\",\"target\":[\"https:\\\/\\\/alcompasrevista.com\\\/archivos\\\/13159\"]}]},{\"@type\":\"ImageObject\",\"inLanguage\":\"va\",\"@id\":\"https:\\\/\\\/alcompasrevista.com\\\/archivos\\\/13159#primaryimage\",\"url\":\"https:\\\/\\\/alcompasrevista.com\\\/wp-content\\\/uploads\\\/2022\\\/12\\\/Diseno-sin-titulo-2022-12-30T102516.772.jpg\",\"contentUrl\":\"https:\\\/\\\/alcompasrevista.com\\\/wp-content\\\/uploads\\\/2022\\\/12\\\/Diseno-sin-titulo-2022-12-30T102516.772.jpg\",\"width\":760,\"height\":430},{\"@type\":\"BreadcrumbList\",\"@id\":\"https:\\\/\\\/alcompasrevista.com\\\/archivos\\\/13159#breadcrumb\",\"itemListElement\":[{\"@type\":\"ListItem\",\"position\":1,\"name\":\"Portada\",\"item\":\"https:\\\/\\\/alcompasrevista.com\\\/va\"},{\"@type\":\"ListItem\",\"position\":2,\"name\":\"La Uni\u00f3 Musical Santa Cecilia de l&#8217;Alquer\u00eda de la Comtessa reivindica la m\u00fasica hist\u00f2rica de banda\"}]},{\"@type\":\"WebSite\",\"@id\":\"https:\\\/\\\/alcompasrevista.com\\\/#website\",\"url\":\"https:\\\/\\\/alcompasrevista.com\\\/\",\"name\":\"Revista Al Comp\u00e0s\",\"description\":\"Un proyecto de la Federaci\u00f3n de Sociedades Musicales de la Comunidad Valenciana\",\"publisher\":{\"@id\":\"https:\\\/\\\/alcompasrevista.com\\\/#organization\"},\"potentialAction\":[{\"@type\":\"SearchAction\",\"target\":{\"@type\":\"EntryPoint\",\"urlTemplate\":\"https:\\\/\\\/alcompasrevista.com\\\/?s={search_term_string}\"},\"query-input\":{\"@type\":\"PropertyValueSpecification\",\"valueRequired\":true,\"valueName\":\"search_term_string\"}}],\"inLanguage\":\"va\"},{\"@type\":\"Organization\",\"@id\":\"https:\\\/\\\/alcompasrevista.com\\\/#organization\",\"name\":\"Revista Al Comp\u00e0s\",\"url\":\"https:\\\/\\\/alcompasrevista.com\\\/\",\"logo\":{\"@type\":\"ImageObject\",\"inLanguage\":\"va\",\"@id\":\"https:\\\/\\\/alcompasrevista.com\\\/#\\\/schema\\\/logo\\\/image\\\/\",\"url\":\"https:\\\/\\\/alcompasrevista.com\\\/wp-content\\\/uploads\\\/2022\\\/04\\\/cropped-loog_blanco.png\",\"contentUrl\":\"https:\\\/\\\/alcompasrevista.com\\\/wp-content\\\/uploads\\\/2022\\\/04\\\/cropped-loog_blanco.png\",\"width\":1612,\"height\":724,\"caption\":\"Revista Al Comp\u00e0s\"},\"image\":{\"@id\":\"https:\\\/\\\/alcompasrevista.com\\\/#\\\/schema\\\/logo\\\/image\\\/\"}},{\"@type\":\"Person\",\"@id\":\"https:\\\/\\\/alcompasrevista.com\\\/#\\\/schema\\\/person\\\/0f092e7196386afa42171db0d19a38ff\",\"name\":\"Redacci\u00f3n\",\"image\":{\"@type\":\"ImageObject\",\"inLanguage\":\"va\",\"@id\":\"https:\\\/\\\/secure.gravatar.com\\\/avatar\\\/e2831619d4dae93995d3da450c50013d912e0b8bdf34d9ea00126d97c2b7702e?s=96&d=mm&r=g\",\"url\":\"https:\\\/\\\/secure.gravatar.com\\\/avatar\\\/e2831619d4dae93995d3da450c50013d912e0b8bdf34d9ea00126d97c2b7702e?s=96&d=mm&r=g\",\"contentUrl\":\"https:\\\/\\\/secure.gravatar.com\\\/avatar\\\/e2831619d4dae93995d3da450c50013d912e0b8bdf34d9ea00126d97c2b7702e?s=96&d=mm&r=g\",\"caption\":\"Redacci\u00f3n\"},\"url\":\"https:\\\/\\\/alcompasrevista.com\\\/va\\\/archivos\\\/author\\\/257_webmaster\"}]}<\/script>\n<!-- \/ Yoast SEO plugin. -->","yoast_head_json":{"title":"La Uni\u00f3 Musical Santa Cecilia de l'Alquer\u00eda de la Comtessa reivindica la m\u00fasica hist\u00f2rica de banda - Revista Al Comp\u00e0s","robots":{"index":"index","follow":"follow","max-snippet":"max-snippet:-1","max-image-preview":"max-image-preview:large","max-video-preview":"max-video-preview:-1"},"canonical":"https:\/\/alcompasrevista.com\/archivos\/13159","og_locale":"en_US","og_type":"article","og_title":"La Uni\u00f3 Musical Santa Cecilia de l'Alquer\u00eda de la Comtessa reivindica la m\u00fasica hist\u00f2rica de banda - Revista Al Comp\u00e0s","og_description":"En clau de vents","og_url":"https:\/\/alcompasrevista.com\/archivos\/13159","og_site_name":"Revista Al Comp\u00e0s","article_published_time":"2023-03-15T10:15:32+00:00","article_modified_time":"2023-03-15T10:24:55+00:00","og_image":[{"width":760,"height":430,"url":"https:\/\/alcompasrevista.com\/wp-content\/uploads\/2022\/12\/Diseno-sin-titulo-2022-12-30T102516.772.jpg","type":"image\/jpeg"}],"author":"Redacci\u00f3n","twitter_card":"summary_large_image","twitter_misc":{"Written by":"Redacci\u00f3","Est. reading time":"3 minutes"},"schema":{"@context":"https:\/\/schema.org","@graph":[{"@type":"Article","@id":"https:\/\/alcompasrevista.com\/archivos\/13159#article","isPartOf":{"@id":"https:\/\/alcompasrevista.com\/archivos\/13159"},"author":{"name":"Redacci\u00f3n","@id":"https:\/\/alcompasrevista.com\/#\/schema\/person\/0f092e7196386afa42171db0d19a38ff"},"headline":"La Uni\u00f3 Musical Santa Cecilia de l&#8217;Alquer\u00eda de la Comtessa reivindica la m\u00fasica hist\u00f2rica de banda","datePublished":"2023-03-15T10:15:32+00:00","dateModified":"2023-03-15T10:24:55+00:00","mainEntityOfPage":{"@id":"https:\/\/alcompasrevista.com\/archivos\/13159"},"wordCount":544,"publisher":{"@id":"https:\/\/alcompasrevista.com\/#organization"},"image":{"@id":"https:\/\/alcompasrevista.com\/archivos\/13159#primaryimage"},"thumbnailUrl":"https:\/\/alcompasrevista.com\/wp-content\/uploads\/2022\/12\/Diseno-sin-titulo-2022-12-30T102516.772.jpg","keywords":["En clau de vents","FSMCV","registre sonors"],"articleSection":["#Not\u00edcies"],"inLanguage":"va"},{"@type":"WebPage","@id":"https:\/\/alcompasrevista.com\/archivos\/13159","url":"https:\/\/alcompasrevista.com\/archivos\/13159","name":"La Uni\u00f3 Musical Santa Cecilia de l'Alquer\u00eda de la Comtessa reivindica la m\u00fasica hist\u00f2rica de banda - Revista Al Comp\u00e0s","isPartOf":{"@id":"https:\/\/alcompasrevista.com\/#website"},"primaryImageOfPage":{"@id":"https:\/\/alcompasrevista.com\/archivos\/13159#primaryimage"},"image":{"@id":"https:\/\/alcompasrevista.com\/archivos\/13159#primaryimage"},"thumbnailUrl":"https:\/\/alcompasrevista.com\/wp-content\/uploads\/2022\/12\/Diseno-sin-titulo-2022-12-30T102516.772.jpg","datePublished":"2023-03-15T10:15:32+00:00","dateModified":"2023-03-15T10:24:55+00:00","breadcrumb":{"@id":"https:\/\/alcompasrevista.com\/archivos\/13159#breadcrumb"},"inLanguage":"va","potentialAction":[{"@type":"ReadAction","target":["https:\/\/alcompasrevista.com\/archivos\/13159"]}]},{"@type":"ImageObject","inLanguage":"va","@id":"https:\/\/alcompasrevista.com\/archivos\/13159#primaryimage","url":"https:\/\/alcompasrevista.com\/wp-content\/uploads\/2022\/12\/Diseno-sin-titulo-2022-12-30T102516.772.jpg","contentUrl":"https:\/\/alcompasrevista.com\/wp-content\/uploads\/2022\/12\/Diseno-sin-titulo-2022-12-30T102516.772.jpg","width":760,"height":430},{"@type":"BreadcrumbList","@id":"https:\/\/alcompasrevista.com\/archivos\/13159#breadcrumb","itemListElement":[{"@type":"ListItem","position":1,"name":"Portada","item":"https:\/\/alcompasrevista.com\/va"},{"@type":"ListItem","position":2,"name":"La Uni\u00f3 Musical Santa Cecilia de l&#8217;Alquer\u00eda de la Comtessa reivindica la m\u00fasica hist\u00f2rica de banda"}]},{"@type":"WebSite","@id":"https:\/\/alcompasrevista.com\/#website","url":"https:\/\/alcompasrevista.com\/","name":"Revista Al Comp\u00e0s","description":"Un proyecto de la Federaci\u00f3n de Sociedades Musicales de la Comunidad Valenciana","publisher":{"@id":"https:\/\/alcompasrevista.com\/#organization"},"potentialAction":[{"@type":"SearchAction","target":{"@type":"EntryPoint","urlTemplate":"https:\/\/alcompasrevista.com\/?s={search_term_string}"},"query-input":{"@type":"PropertyValueSpecification","valueRequired":true,"valueName":"search_term_string"}}],"inLanguage":"va"},{"@type":"Organization","@id":"https:\/\/alcompasrevista.com\/#organization","name":"Revista Al Comp\u00e0s","url":"https:\/\/alcompasrevista.com\/","logo":{"@type":"ImageObject","inLanguage":"va","@id":"https:\/\/alcompasrevista.com\/#\/schema\/logo\/image\/","url":"https:\/\/alcompasrevista.com\/wp-content\/uploads\/2022\/04\/cropped-loog_blanco.png","contentUrl":"https:\/\/alcompasrevista.com\/wp-content\/uploads\/2022\/04\/cropped-loog_blanco.png","width":1612,"height":724,"caption":"Revista Al Comp\u00e0s"},"image":{"@id":"https:\/\/alcompasrevista.com\/#\/schema\/logo\/image\/"}},{"@type":"Person","@id":"https:\/\/alcompasrevista.com\/#\/schema\/person\/0f092e7196386afa42171db0d19a38ff","name":"Redacci\u00f3n","image":{"@type":"ImageObject","inLanguage":"va","@id":"https:\/\/secure.gravatar.com\/avatar\/e2831619d4dae93995d3da450c50013d912e0b8bdf34d9ea00126d97c2b7702e?s=96&d=mm&r=g","url":"https:\/\/secure.gravatar.com\/avatar\/e2831619d4dae93995d3da450c50013d912e0b8bdf34d9ea00126d97c2b7702e?s=96&d=mm&r=g","contentUrl":"https:\/\/secure.gravatar.com\/avatar\/e2831619d4dae93995d3da450c50013d912e0b8bdf34d9ea00126d97c2b7702e?s=96&d=mm&r=g","caption":"Redacci\u00f3n"},"url":"https:\/\/alcompasrevista.com\/va\/archivos\/author\/257_webmaster"}]}},"_links":{"self":[{"href":"https:\/\/alcompasrevista.com\/va\/wp-json\/wp\/v2\/posts\/13156","targetHints":{"allow":["GET"]}}],"collection":[{"href":"https:\/\/alcompasrevista.com\/va\/wp-json\/wp\/v2\/posts"}],"about":[{"href":"https:\/\/alcompasrevista.com\/va\/wp-json\/wp\/v2\/types\/post"}],"author":[{"embeddable":true,"href":"https:\/\/alcompasrevista.com\/va\/wp-json\/wp\/v2\/users\/860004"}],"replies":[{"embeddable":true,"href":"https:\/\/alcompasrevista.com\/va\/wp-json\/wp\/v2\/comments?post=13156"}],"version-history":[{"count":0,"href":"https:\/\/alcompasrevista.com\/va\/wp-json\/wp\/v2\/posts\/13156\/revisions"}],"wp:featuredmedia":[{"embeddable":true,"href":"https:\/\/alcompasrevista.com\/va\/wp-json\/wp\/v2\/media\/11847"}],"wp:attachment":[{"href":"https:\/\/alcompasrevista.com\/va\/wp-json\/wp\/v2\/media?parent=13156"}],"wp:term":[{"taxonomy":"category","embeddable":true,"href":"https:\/\/alcompasrevista.com\/va\/wp-json\/wp\/v2\/categories?post=13156"},{"taxonomy":"post_tag","embeddable":true,"href":"https:\/\/alcompasrevista.com\/va\/wp-json\/wp\/v2\/tags?post=13156"},{"taxonomy":"portada","embeddable":true,"href":"https:\/\/alcompasrevista.com\/va\/wp-json\/wp\/v2\/portada?post=13156"}],"curies":[{"name":"wp","href":"https:\/\/api.w.org\/{rel}","templated":true}]}}