{"id":13096,"date":"2023-03-08T09:47:45","date_gmt":"2023-03-08T08:47:45","guid":{"rendered":"https:\/\/alcompasrevista.com\/?p=13096"},"modified":"2023-03-08T09:48:44","modified_gmt":"2023-03-08T08:48:44","slug":"la-banda-simfonica-de-dones-de-la-fsmcv-actua-a-la-marina-de-valencia-amb-un-homenatge-a-totes-les-dones-artistes","status":"publish","type":"post","link":"https:\/\/alcompasrevista.com\/va\/archivos\/13096","title":{"rendered":"La Banda Simf\u00f2nica de Dones de la FSMCV actua a La Marina de Val\u00e8ncia amb un homenatge a totes les dones artistes"},"content":{"rendered":"\n<p><em>El concert ser\u00e0 el pr\u00f2xim diumenge, 12 de mar\u00e7, i estar\u00e0 acompanyat d&#8217;una flashmob, cercaviles i la realitzaci\u00f3 d&#8217;un mural en directe<\/em>.<\/p>\n\n\n\n<p><em>La directora <a href=\"https:\/\/alcompasrevista.com\/celia-tora-mateo-assumix-la-batuta-de-la-banda-simfonica-de-dones-de-la-fsmcv-durant-2023\/\" target=\"_blank\" rel=\"noreferrer noopener\">Celia Tor\u00e1 Mateo<\/a> debutar\u00e0 al capdavant de la unitat<\/em>.<\/p>\n\n\n\n<p>La Banda Simf\u00f2nica de Dones de la Federaci\u00f3 de Societats Musicals de la Comunitat Valenciana (FSMCV) actuar\u00e0 el pr\u00f2xim diumenge, 12 de mar\u00e7, a La Marina de Val\u00e8ncia. El concert estar\u00e0 obert a tot el p\u00fablic i ser\u00e0 el nucli d&#8217;una s\u00e8rie d&#8217;accions art\u00edstiques que posaran el colof\u00f3 als actes programats per la Federaci\u00f3 al voltant del Dia Internacional de la Dona.<\/p>\n\n\n\n<p>La jornada a l&#8217;ic\u00f2nic indret de la ciutat s&#8217;iniciar\u00e0 a les 12.00 del migdia en el Tinglado 2. All\u00ed, les m\u00e9s de 60 int\u00e8rprets que formen la Banda Simf\u00f2nica de Dones faran part\u00edcip al p\u00fablic en una <em>flashmob<\/em>, abans de partir en cercaviles fins al lloc on es realitzar\u00e0 el recital: La Base, epicentre de la cultura a La Marina.<\/p>\n\n\n\n<p>En el programa musical predominaran obres creades per compositores valencianes de diferents \u00e8poques, a m\u00e9s de peces creades per homes en homenatge a la dona. S&#8217;interpretaran el &#8216;Bolero de l&#8217;Alc\u00fadia&#8217; amb arranjament d&#8217;\u00c1ngel Garc\u00eda Mart\u00ednez, &#8216;Femme for\u00e7a&#8217; de Merche Femen\u00eda, &#8216;Delirio, ch\u00e9&#8217; de Mar\u00eda Teresa Andr\u00e9s, &#8216;Stachel&#8217; d&#8217;Amparo Edo, &#8216;Cien a\u00f1os de suspiros&#8217; de Santiago Quinto, &#8216;Puerta grande&#8217; d&#8217;Elvira Checa, &#8216;Encarnita la de Llusian&#8217; de Jos\u00e9 Vicente Egea, &#8216;Tota una vida&#8217; de Mar\u00eda Jos\u00e9 Belenguer i &#8216;La Marina&#8217; de Vicent Mengual.<\/p>\n\n\n\n<p>En esta cita, la Banda Simf\u00f2nica de Dones comptar\u00e0 amb una integrant especial: es tracta de l&#8217;artista urbana valenciana Alba Garc\u00eda, qui realitzar\u00e0 un mural en directe. \u00abAmb totes estes accions volem fondre disciplines i rendir tribut a la dona com a artista\u00bb, explica Lourdes Gavil\u00e0, secret\u00e0ria general de la FSMCV i coordinadora de la jornada. \u00abA m\u00e9s, volem acostar-nos m\u00e9s al p\u00fablic amb este nou format de concert\u00bb, argumenta Gavil\u00e0.<\/p>\n\n\n\n<p>L&#8217;actuaci\u00f3 tamb\u00e9 servir\u00e0 com a presentaci\u00f3 de la nova directora de la unitat. Celia Tor\u00e1 Mateo (Abanilla, M\u00farcia, 1990) debutar\u00e0 al capdavant d&#8217;una formaci\u00f3 en actiu des de 2015 i que situa en el primer pla de l&#8217;escena a int\u00e8rprets de tota la Comunitat Valenciana i de totes les edats.<\/p>\n\n\n\n<p>\u00abCreiem que esta jornada \u00e9s una acci\u00f3 necess\u00e0ria per a visibilitzar a la dona com a m\u00fasica i com a part fonamental del col\u00b7lectiu de les nostres societats musicals\u00bb, expressa la secret\u00e0ria general de FSMCV. El concert culmina la programaci\u00f3 dedicada per part de la FSMCV a l&#8217;acci\u00f3 i la reflexi\u00f3 al voltant del 8M. La setmana va comen\u00e7ar amb la taula redona &#8216;M\u00fasica en Femen\u00ed&#8217;, que va reunir importants dones de l&#8217;escena musical valenciana per a reflexionar sobre les seues traject\u00f2ries i el cam\u00ed cap a la igualtat.<\/p>\n\n\n\n<figure class=\"wp-block-image size-full\"><img loading=\"lazy\" decoding=\"async\" width=\"760\" height=\"430\" src=\"https:\/\/alcompasrevista.com\/wp-content\/uploads\/2023\/01\/Celia-Bodi-en-la-banda-1.jpg\" alt=\"\" class=\"wp-image-13094\" srcset=\"https:\/\/alcompasrevista.com\/wp-content\/uploads\/2023\/01\/Celia-Bodi-en-la-banda-1.jpg 760w, https:\/\/alcompasrevista.com\/wp-content\/uploads\/2023\/01\/Celia-Bodi-en-la-banda-1-300x170.jpg 300w\" sizes=\"auto, (max-width: 760px) 100vw, 760px\" \/><\/figure>\n","protected":false},"excerpt":{"rendered":"<p>La Banda Simf\u00f2nica de Dones de la FSMCV actua a La Marina de Val\u00e8ncia amb un homenatge a totes les dones artistes<\/p>\n","protected":false},"author":860004,"featured_media":13097,"comment_status":"closed","ping_status":"closed","sticky":false,"template":"","format":"standard","meta":{"footnotes":""},"categories":[29],"tags":[801,239],"portada":[802,241],"class_list":["post-13096","post","type-post","status-publish","format-standard","has-post-thumbnail","hentry","category-noticies-va","tag-banda-simfonica-de-dones","tag-fsmcv","portada-banda-de-dones","portada-fsmcv"],"yoast_head":"<!-- This site is optimized with the Yoast SEO plugin v27.4 - https:\/\/yoast.com\/product\/yoast-seo-wordpress\/ -->\n<title>La Banda Simf\u00f2nica de Dones de la FSMCV actua a La Marina de Val\u00e8ncia amb un homenatge a totes les dones artistes - Revista Al Comp\u00e0s<\/title>\n<meta name=\"robots\" content=\"index, follow, max-snippet:-1, max-image-preview:large, max-video-preview:-1\" \/>\n<link rel=\"canonical\" href=\"https:\/\/alcompasrevista.com\/archivos\/13101\" \/>\n<meta property=\"og:locale\" content=\"en_US\" \/>\n<meta property=\"og:type\" content=\"article\" \/>\n<meta property=\"og:title\" content=\"La Banda Simf\u00f2nica de Dones de la FSMCV actua a La Marina de Val\u00e8ncia amb un homenatge a totes les dones artistes - Revista Al Comp\u00e0s\" \/>\n<meta property=\"og:description\" content=\"La Banda Simf\u00f2nica de Dones de la FSMCV actua a La Marina de Val\u00e8ncia amb un homenatge a totes les dones artistes\" \/>\n<meta property=\"og:url\" content=\"https:\/\/alcompasrevista.com\/archivos\/13101\" \/>\n<meta property=\"og:site_name\" content=\"Revista Al Comp\u00e0s\" \/>\n<meta property=\"article:published_time\" content=\"2023-03-08T08:47:45+00:00\" \/>\n<meta property=\"article:modified_time\" content=\"2023-03-08T08:48:44+00:00\" \/>\n<meta property=\"og:image\" content=\"https:\/\/alcompasrevista.com\/wp-content\/uploads\/2023\/03\/banda-de-dones-Marina.jpg\" \/>\n\t<meta property=\"og:image:width\" content=\"1920\" \/>\n\t<meta property=\"og:image:height\" content=\"700\" \/>\n\t<meta property=\"og:image:type\" content=\"image\/jpeg\" \/>\n<meta name=\"author\" content=\"Redacci\u00f3n\" \/>\n<meta name=\"twitter:card\" content=\"summary_large_image\" \/>\n<meta name=\"twitter:label1\" content=\"Written by\" \/>\n\t<meta name=\"twitter:data1\" content=\"Redacci\u00f3\" \/>\n\t<meta name=\"twitter:label2\" content=\"Est. reading time\" \/>\n\t<meta name=\"twitter:data2\" content=\"3 minutes\" \/>\n<script type=\"application\/ld+json\" class=\"yoast-schema-graph\">{\"@context\":\"https:\\\/\\\/schema.org\",\"@graph\":[{\"@type\":\"Article\",\"@id\":\"https:\\\/\\\/alcompasrevista.com\\\/archivos\\\/13101#article\",\"isPartOf\":{\"@id\":\"https:\\\/\\\/alcompasrevista.com\\\/archivos\\\/13101\"},\"author\":{\"name\":\"Redacci\u00f3n\",\"@id\":\"https:\\\/\\\/alcompasrevista.com\\\/#\\\/schema\\\/person\\\/0f092e7196386afa42171db0d19a38ff\"},\"headline\":\"La Banda Simf\u00f2nica de Dones de la FSMCV actua a La Marina de Val\u00e8ncia amb un homenatge a totes les dones artistes\",\"datePublished\":\"2023-03-08T08:47:45+00:00\",\"dateModified\":\"2023-03-08T08:48:44+00:00\",\"mainEntityOfPage\":{\"@id\":\"https:\\\/\\\/alcompasrevista.com\\\/archivos\\\/13101\"},\"wordCount\":518,\"publisher\":{\"@id\":\"https:\\\/\\\/alcompasrevista.com\\\/#organization\"},\"image\":{\"@id\":\"https:\\\/\\\/alcompasrevista.com\\\/archivos\\\/13101#primaryimage\"},\"thumbnailUrl\":\"https:\\\/\\\/alcompasrevista.com\\\/wp-content\\\/uploads\\\/2023\\\/03\\\/banda-de-dones-Marina.jpg\",\"keywords\":[\"banda simf\u00f2nica de dones\",\"FSMCV\"],\"articleSection\":[\"#Not\u00edcies\"],\"inLanguage\":\"va\"},{\"@type\":\"WebPage\",\"@id\":\"https:\\\/\\\/alcompasrevista.com\\\/archivos\\\/13101\",\"url\":\"https:\\\/\\\/alcompasrevista.com\\\/archivos\\\/13101\",\"name\":\"La Banda Simf\u00f2nica de Dones de la FSMCV actua a La Marina de Val\u00e8ncia amb un homenatge a totes les dones artistes - Revista Al Comp\u00e0s\",\"isPartOf\":{\"@id\":\"https:\\\/\\\/alcompasrevista.com\\\/#website\"},\"primaryImageOfPage\":{\"@id\":\"https:\\\/\\\/alcompasrevista.com\\\/archivos\\\/13101#primaryimage\"},\"image\":{\"@id\":\"https:\\\/\\\/alcompasrevista.com\\\/archivos\\\/13101#primaryimage\"},\"thumbnailUrl\":\"https:\\\/\\\/alcompasrevista.com\\\/wp-content\\\/uploads\\\/2023\\\/03\\\/banda-de-dones-Marina.jpg\",\"datePublished\":\"2023-03-08T08:47:45+00:00\",\"dateModified\":\"2023-03-08T08:48:44+00:00\",\"breadcrumb\":{\"@id\":\"https:\\\/\\\/alcompasrevista.com\\\/archivos\\\/13101#breadcrumb\"},\"inLanguage\":\"va\",\"potentialAction\":[{\"@type\":\"ReadAction\",\"target\":[\"https:\\\/\\\/alcompasrevista.com\\\/archivos\\\/13101\"]}]},{\"@type\":\"ImageObject\",\"inLanguage\":\"va\",\"@id\":\"https:\\\/\\\/alcompasrevista.com\\\/archivos\\\/13101#primaryimage\",\"url\":\"https:\\\/\\\/alcompasrevista.com\\\/wp-content\\\/uploads\\\/2023\\\/03\\\/banda-de-dones-Marina.jpg\",\"contentUrl\":\"https:\\\/\\\/alcompasrevista.com\\\/wp-content\\\/uploads\\\/2023\\\/03\\\/banda-de-dones-Marina.jpg\",\"width\":1920,\"height\":700,\"caption\":\"banda de dones Marina\"},{\"@type\":\"BreadcrumbList\",\"@id\":\"https:\\\/\\\/alcompasrevista.com\\\/archivos\\\/13101#breadcrumb\",\"itemListElement\":[{\"@type\":\"ListItem\",\"position\":1,\"name\":\"Portada\",\"item\":\"https:\\\/\\\/alcompasrevista.com\\\/va\"},{\"@type\":\"ListItem\",\"position\":2,\"name\":\"La Banda Simf\u00f2nica de Dones de la FSMCV actua a La Marina de Val\u00e8ncia amb un homenatge a totes les dones artistes\"}]},{\"@type\":\"WebSite\",\"@id\":\"https:\\\/\\\/alcompasrevista.com\\\/#website\",\"url\":\"https:\\\/\\\/alcompasrevista.com\\\/\",\"name\":\"Revista Al Comp\u00e0s\",\"description\":\"Un proyecto de la Federaci\u00f3n de Sociedades Musicales de la Comunidad Valenciana\",\"publisher\":{\"@id\":\"https:\\\/\\\/alcompasrevista.com\\\/#organization\"},\"potentialAction\":[{\"@type\":\"SearchAction\",\"target\":{\"@type\":\"EntryPoint\",\"urlTemplate\":\"https:\\\/\\\/alcompasrevista.com\\\/?s={search_term_string}\"},\"query-input\":{\"@type\":\"PropertyValueSpecification\",\"valueRequired\":true,\"valueName\":\"search_term_string\"}}],\"inLanguage\":\"va\"},{\"@type\":\"Organization\",\"@id\":\"https:\\\/\\\/alcompasrevista.com\\\/#organization\",\"name\":\"Revista Al Comp\u00e0s\",\"url\":\"https:\\\/\\\/alcompasrevista.com\\\/\",\"logo\":{\"@type\":\"ImageObject\",\"inLanguage\":\"va\",\"@id\":\"https:\\\/\\\/alcompasrevista.com\\\/#\\\/schema\\\/logo\\\/image\\\/\",\"url\":\"https:\\\/\\\/alcompasrevista.com\\\/wp-content\\\/uploads\\\/2022\\\/04\\\/cropped-loog_blanco.png\",\"contentUrl\":\"https:\\\/\\\/alcompasrevista.com\\\/wp-content\\\/uploads\\\/2022\\\/04\\\/cropped-loog_blanco.png\",\"width\":1612,\"height\":724,\"caption\":\"Revista Al Comp\u00e0s\"},\"image\":{\"@id\":\"https:\\\/\\\/alcompasrevista.com\\\/#\\\/schema\\\/logo\\\/image\\\/\"}},{\"@type\":\"Person\",\"@id\":\"https:\\\/\\\/alcompasrevista.com\\\/#\\\/schema\\\/person\\\/0f092e7196386afa42171db0d19a38ff\",\"name\":\"Redacci\u00f3n\",\"image\":{\"@type\":\"ImageObject\",\"inLanguage\":\"va\",\"@id\":\"https:\\\/\\\/secure.gravatar.com\\\/avatar\\\/e2831619d4dae93995d3da450c50013d912e0b8bdf34d9ea00126d97c2b7702e?s=96&d=mm&r=g\",\"url\":\"https:\\\/\\\/secure.gravatar.com\\\/avatar\\\/e2831619d4dae93995d3da450c50013d912e0b8bdf34d9ea00126d97c2b7702e?s=96&d=mm&r=g\",\"contentUrl\":\"https:\\\/\\\/secure.gravatar.com\\\/avatar\\\/e2831619d4dae93995d3da450c50013d912e0b8bdf34d9ea00126d97c2b7702e?s=96&d=mm&r=g\",\"caption\":\"Redacci\u00f3n\"},\"url\":\"https:\\\/\\\/alcompasrevista.com\\\/va\\\/archivos\\\/author\\\/257_webmaster\"}]}<\/script>\n<!-- \/ Yoast SEO plugin. -->","yoast_head_json":{"title":"La Banda Simf\u00f2nica de Dones de la FSMCV actua a La Marina de Val\u00e8ncia amb un homenatge a totes les dones artistes - Revista Al Comp\u00e0s","robots":{"index":"index","follow":"follow","max-snippet":"max-snippet:-1","max-image-preview":"max-image-preview:large","max-video-preview":"max-video-preview:-1"},"canonical":"https:\/\/alcompasrevista.com\/archivos\/13101","og_locale":"en_US","og_type":"article","og_title":"La Banda Simf\u00f2nica de Dones de la FSMCV actua a La Marina de Val\u00e8ncia amb un homenatge a totes les dones artistes - Revista Al Comp\u00e0s","og_description":"La Banda Simf\u00f2nica de Dones de la FSMCV actua a La Marina de Val\u00e8ncia amb un homenatge a totes les dones artistes","og_url":"https:\/\/alcompasrevista.com\/archivos\/13101","og_site_name":"Revista Al Comp\u00e0s","article_published_time":"2023-03-08T08:47:45+00:00","article_modified_time":"2023-03-08T08:48:44+00:00","og_image":[{"width":1920,"height":700,"url":"https:\/\/alcompasrevista.com\/wp-content\/uploads\/2023\/03\/banda-de-dones-Marina.jpg","type":"image\/jpeg"}],"author":"Redacci\u00f3n","twitter_card":"summary_large_image","twitter_misc":{"Written by":"Redacci\u00f3","Est. reading time":"3 minutes"},"schema":{"@context":"https:\/\/schema.org","@graph":[{"@type":"Article","@id":"https:\/\/alcompasrevista.com\/archivos\/13101#article","isPartOf":{"@id":"https:\/\/alcompasrevista.com\/archivos\/13101"},"author":{"name":"Redacci\u00f3n","@id":"https:\/\/alcompasrevista.com\/#\/schema\/person\/0f092e7196386afa42171db0d19a38ff"},"headline":"La Banda Simf\u00f2nica de Dones de la FSMCV actua a La Marina de Val\u00e8ncia amb un homenatge a totes les dones artistes","datePublished":"2023-03-08T08:47:45+00:00","dateModified":"2023-03-08T08:48:44+00:00","mainEntityOfPage":{"@id":"https:\/\/alcompasrevista.com\/archivos\/13101"},"wordCount":518,"publisher":{"@id":"https:\/\/alcompasrevista.com\/#organization"},"image":{"@id":"https:\/\/alcompasrevista.com\/archivos\/13101#primaryimage"},"thumbnailUrl":"https:\/\/alcompasrevista.com\/wp-content\/uploads\/2023\/03\/banda-de-dones-Marina.jpg","keywords":["banda simf\u00f2nica de dones","FSMCV"],"articleSection":["#Not\u00edcies"],"inLanguage":"va"},{"@type":"WebPage","@id":"https:\/\/alcompasrevista.com\/archivos\/13101","url":"https:\/\/alcompasrevista.com\/archivos\/13101","name":"La Banda Simf\u00f2nica de Dones de la FSMCV actua a La Marina de Val\u00e8ncia amb un homenatge a totes les dones artistes - Revista Al Comp\u00e0s","isPartOf":{"@id":"https:\/\/alcompasrevista.com\/#website"},"primaryImageOfPage":{"@id":"https:\/\/alcompasrevista.com\/archivos\/13101#primaryimage"},"image":{"@id":"https:\/\/alcompasrevista.com\/archivos\/13101#primaryimage"},"thumbnailUrl":"https:\/\/alcompasrevista.com\/wp-content\/uploads\/2023\/03\/banda-de-dones-Marina.jpg","datePublished":"2023-03-08T08:47:45+00:00","dateModified":"2023-03-08T08:48:44+00:00","breadcrumb":{"@id":"https:\/\/alcompasrevista.com\/archivos\/13101#breadcrumb"},"inLanguage":"va","potentialAction":[{"@type":"ReadAction","target":["https:\/\/alcompasrevista.com\/archivos\/13101"]}]},{"@type":"ImageObject","inLanguage":"va","@id":"https:\/\/alcompasrevista.com\/archivos\/13101#primaryimage","url":"https:\/\/alcompasrevista.com\/wp-content\/uploads\/2023\/03\/banda-de-dones-Marina.jpg","contentUrl":"https:\/\/alcompasrevista.com\/wp-content\/uploads\/2023\/03\/banda-de-dones-Marina.jpg","width":1920,"height":700,"caption":"banda de dones Marina"},{"@type":"BreadcrumbList","@id":"https:\/\/alcompasrevista.com\/archivos\/13101#breadcrumb","itemListElement":[{"@type":"ListItem","position":1,"name":"Portada","item":"https:\/\/alcompasrevista.com\/va"},{"@type":"ListItem","position":2,"name":"La Banda Simf\u00f2nica de Dones de la FSMCV actua a La Marina de Val\u00e8ncia amb un homenatge a totes les dones artistes"}]},{"@type":"WebSite","@id":"https:\/\/alcompasrevista.com\/#website","url":"https:\/\/alcompasrevista.com\/","name":"Revista Al Comp\u00e0s","description":"Un proyecto de la Federaci\u00f3n de Sociedades Musicales de la Comunidad Valenciana","publisher":{"@id":"https:\/\/alcompasrevista.com\/#organization"},"potentialAction":[{"@type":"SearchAction","target":{"@type":"EntryPoint","urlTemplate":"https:\/\/alcompasrevista.com\/?s={search_term_string}"},"query-input":{"@type":"PropertyValueSpecification","valueRequired":true,"valueName":"search_term_string"}}],"inLanguage":"va"},{"@type":"Organization","@id":"https:\/\/alcompasrevista.com\/#organization","name":"Revista Al Comp\u00e0s","url":"https:\/\/alcompasrevista.com\/","logo":{"@type":"ImageObject","inLanguage":"va","@id":"https:\/\/alcompasrevista.com\/#\/schema\/logo\/image\/","url":"https:\/\/alcompasrevista.com\/wp-content\/uploads\/2022\/04\/cropped-loog_blanco.png","contentUrl":"https:\/\/alcompasrevista.com\/wp-content\/uploads\/2022\/04\/cropped-loog_blanco.png","width":1612,"height":724,"caption":"Revista Al Comp\u00e0s"},"image":{"@id":"https:\/\/alcompasrevista.com\/#\/schema\/logo\/image\/"}},{"@type":"Person","@id":"https:\/\/alcompasrevista.com\/#\/schema\/person\/0f092e7196386afa42171db0d19a38ff","name":"Redacci\u00f3n","image":{"@type":"ImageObject","inLanguage":"va","@id":"https:\/\/secure.gravatar.com\/avatar\/e2831619d4dae93995d3da450c50013d912e0b8bdf34d9ea00126d97c2b7702e?s=96&d=mm&r=g","url":"https:\/\/secure.gravatar.com\/avatar\/e2831619d4dae93995d3da450c50013d912e0b8bdf34d9ea00126d97c2b7702e?s=96&d=mm&r=g","contentUrl":"https:\/\/secure.gravatar.com\/avatar\/e2831619d4dae93995d3da450c50013d912e0b8bdf34d9ea00126d97c2b7702e?s=96&d=mm&r=g","caption":"Redacci\u00f3n"},"url":"https:\/\/alcompasrevista.com\/va\/archivos\/author\/257_webmaster"}]}},"_links":{"self":[{"href":"https:\/\/alcompasrevista.com\/va\/wp-json\/wp\/v2\/posts\/13096","targetHints":{"allow":["GET"]}}],"collection":[{"href":"https:\/\/alcompasrevista.com\/va\/wp-json\/wp\/v2\/posts"}],"about":[{"href":"https:\/\/alcompasrevista.com\/va\/wp-json\/wp\/v2\/types\/post"}],"author":[{"embeddable":true,"href":"https:\/\/alcompasrevista.com\/va\/wp-json\/wp\/v2\/users\/860004"}],"replies":[{"embeddable":true,"href":"https:\/\/alcompasrevista.com\/va\/wp-json\/wp\/v2\/comments?post=13096"}],"version-history":[{"count":0,"href":"https:\/\/alcompasrevista.com\/va\/wp-json\/wp\/v2\/posts\/13096\/revisions"}],"wp:featuredmedia":[{"embeddable":true,"href":"https:\/\/alcompasrevista.com\/va\/wp-json\/wp\/v2\/media\/13097"}],"wp:attachment":[{"href":"https:\/\/alcompasrevista.com\/va\/wp-json\/wp\/v2\/media?parent=13096"}],"wp:term":[{"taxonomy":"category","embeddable":true,"href":"https:\/\/alcompasrevista.com\/va\/wp-json\/wp\/v2\/categories?post=13096"},{"taxonomy":"post_tag","embeddable":true,"href":"https:\/\/alcompasrevista.com\/va\/wp-json\/wp\/v2\/tags?post=13096"},{"taxonomy":"portada","embeddable":true,"href":"https:\/\/alcompasrevista.com\/va\/wp-json\/wp\/v2\/portada?post=13096"}],"curies":[{"name":"wp","href":"https:\/\/api.w.org\/{rel}","templated":true}]}}