{"id":13068,"date":"2023-03-07T11:56:37","date_gmt":"2023-03-07T10:56:37","guid":{"rendered":"https:\/\/alcompasrevista.com\/?p=13068"},"modified":"2023-03-07T15:42:39","modified_gmt":"2023-03-07T14:42:39","slug":"lateneo-musical-de-cullera-acollira-lexposicio-dones-pioneres-en-les-bandes-valencianes","status":"publish","type":"post","link":"https:\/\/alcompasrevista.com\/va\/archivos\/13068","title":{"rendered":"L\u2019Ateneu Musical de Cullera acollir\u00e0 l\u2019exposici\u00f3 \u2018Dones pioneres en les bandes valencianes\u2019"},"content":{"rendered":"\n<p>L\u2019Ateneu Musical de Cullera acollir\u00e0 durant tota la setmana l\u2019exposici\u00f3 \u201cDones pioneres en les bandes valencianes\u201d, de la Federaci\u00f3 de Societats Musicals de la Comunitat Valenciana, en qu\u00e8 es poden trobar les fotografies i hist\u00f2ries de les primeres dones que formaren part de les diverses societats musicals valencianes.<br>Esta exposici\u00f3 t\u00e9 com a finalitat mostrar la lluita de les dones per fer m\u00fasica a lesbandes de la Comunitat Valenciana. Esta setmana, l\u2019exposici\u00f3 es trobar\u00e0 a l\u2019AteneoMusical, on estar\u00e0 oberta al p\u00fablic a partir del 8 de mar\u00e7, coincidint amb la commemoraci\u00f3 del dia de la dona.<br>L\u2019Ateneu, a m\u00e9s, destacar\u00e0 la figura de Celia Palomares, la primera dona en participar en un passacarrer de la Banda Simf\u00f2nica. L\u2019any 1950, amb nom\u00e9s 14 anys, Celia va ser la primera dona en desfilar amb l\u2019Ateneu.<\/p>\n\n\n\n<figure class=\"wp-block-gallery has-nested-images columns-default is-cropped wp-block-gallery-1 is-layout-flex wp-block-gallery-is-layout-flex\">\n<figure class=\"wp-block-image size-large\"><img loading=\"lazy\" decoding=\"async\" width=\"760\" height=\"430\" data-id=\"13073\" src=\"https:\/\/alcompasrevista.com\/wp-content\/uploads\/2023\/03\/Celia-Palomares.jpg\" alt=\"\" class=\"wp-image-13073\" srcset=\"https:\/\/alcompasrevista.com\/wp-content\/uploads\/2023\/03\/Celia-Palomares.jpg 760w, https:\/\/alcompasrevista.com\/wp-content\/uploads\/2023\/03\/Celia-Palomares-300x170.jpg 300w\" sizes=\"auto, (max-width: 760px) 100vw, 760px\" \/><figcaption class=\"wp-element-caption\">Celia Palomares<\/figcaption><\/figure>\n<\/figure>\n\n\n\n<p><br><\/p>\n\n\n\n<p>Va haver de resistir tots els comentaris negatius que li feien per gaudir del seu obo\u00e8, que l\u2019acompany\u00e0 els seg\u00fcents cinc anys. El 1955, per diversos motius, Celia deix\u00e0 d\u2019acudir a la banda, per\u00f2 el cam\u00ed per a que la dona de l\u2019\u00e8poca participara a la m\u00fasica del poble ja havia comen\u00e7at.<br>Este cam\u00ed, anys despr\u00e9s seria continuat per Celia Bod\u00ed, actual membre de la Junta Directiva, qui passaria a ser la segona dona m\u00fasic de l\u2019Ateneo en desfilar amb el requint a finals dels anys 60. Gr\u00e0cies a elles, hui, el 31% dels m\u00fasics de l\u2019Ateneu s\u00f3n dones i, per aix\u00f2, esta setmana es far\u00e0 homenatge a les dues dones pioneres a l\u2019Ateneu.<\/p>\n\n\n\n<figure class=\"wp-block-gallery has-nested-images columns-default is-cropped wp-block-gallery-2 is-layout-flex wp-block-gallery-is-layout-flex\">\n<figure class=\"wp-block-image size-large\"><img loading=\"lazy\" decoding=\"async\" width=\"760\" height=\"430\" data-id=\"13077\" src=\"https:\/\/alcompasrevista.com\/wp-content\/uploads\/2023\/03\/Celia-Bodi-en-la-banda-1.jpg\" alt=\"\" class=\"wp-image-13077\" srcset=\"https:\/\/alcompasrevista.com\/wp-content\/uploads\/2023\/03\/Celia-Bodi-en-la-banda-1.jpg 760w, https:\/\/alcompasrevista.com\/wp-content\/uploads\/2023\/03\/Celia-Bodi-en-la-banda-1-300x170.jpg 300w\" sizes=\"auto, (max-width: 760px) 100vw, 760px\" \/><figcaption class=\"wp-element-caption\">Celia Bod\u00ed en la banda<\/figcaption><\/figure>\n\n\n\n<figure class=\"wp-block-image size-large\"><img loading=\"lazy\" decoding=\"async\" width=\"760\" height=\"430\" data-id=\"13079\" src=\"https:\/\/alcompasrevista.com\/wp-content\/uploads\/2023\/03\/Celia-Bodi-1.jpg\" alt=\"\" class=\"wp-image-13079\" srcset=\"https:\/\/alcompasrevista.com\/wp-content\/uploads\/2023\/03\/Celia-Bodi-1.jpg 760w, https:\/\/alcompasrevista.com\/wp-content\/uploads\/2023\/03\/Celia-Bodi-1-300x170.jpg 300w\" sizes=\"auto, (max-width: 760px) 100vw, 760px\" \/><figcaption class=\"wp-element-caption\">Celia Bod\u00ed <\/figcaption><\/figure>\n<\/figure>\n","protected":false},"excerpt":{"rendered":"<p>L\u2019Ateneo Musical de Cullera acollir\u00e0 l\u2019exposici\u00f3 \u2018Dones pioneres en les bandes valencianes\u2019<\/p>\n","protected":false},"author":860004,"featured_media":13075,"comment_status":"closed","ping_status":"closed","sticky":false,"template":"","format":"standard","meta":{"footnotes":""},"categories":[29],"tags":[798,239],"portada":[799,241],"class_list":["post-13068","post","type-post","status-publish","format-standard","has-post-thumbnail","hentry","category-noticies-va","tag-exposicio","tag-fsmcv","portada-exposicio","portada-fsmcv"],"yoast_head":"<!-- This site is optimized with the Yoast SEO plugin v27.4 - https:\/\/yoast.com\/product\/yoast-seo-wordpress\/ -->\n<title>L\u2019Ateneu Musical de Cullera acollir\u00e0 l\u2019exposici\u00f3 \u2018Dones pioneres en les bandes valencianes\u2019 - Revista Al Comp\u00e0s<\/title>\n<meta name=\"robots\" content=\"index, follow, max-snippet:-1, max-image-preview:large, max-video-preview:-1\" \/>\n<link rel=\"canonical\" href=\"https:\/\/alcompasrevista.com\/archivos\/13083\" \/>\n<meta property=\"og:locale\" content=\"en_US\" \/>\n<meta property=\"og:type\" content=\"article\" \/>\n<meta property=\"og:title\" content=\"L\u2019Ateneu Musical de Cullera acollir\u00e0 l\u2019exposici\u00f3 \u2018Dones pioneres en les bandes valencianes\u2019 - Revista Al Comp\u00e0s\" \/>\n<meta property=\"og:description\" content=\"L\u2019Ateneo Musical de Cullera acollir\u00e0 l\u2019exposici\u00f3 \u2018Dones pioneres en les bandes valencianes\u2019\" \/>\n<meta property=\"og:url\" content=\"https:\/\/alcompasrevista.com\/archivos\/13083\" \/>\n<meta property=\"og:site_name\" content=\"Revista Al Comp\u00e0s\" \/>\n<meta property=\"article:published_time\" content=\"2023-03-07T10:56:37+00:00\" \/>\n<meta property=\"article:modified_time\" content=\"2023-03-07T14:42:39+00:00\" \/>\n<meta property=\"og:image\" content=\"https:\/\/alcompasrevista.com\/wp-content\/uploads\/2023\/03\/exposicio-societat-ateneo-musical-pioneres-de-la-musica.jpg\" \/>\n\t<meta property=\"og:image:width\" content=\"1920\" \/>\n\t<meta property=\"og:image:height\" content=\"700\" \/>\n\t<meta property=\"og:image:type\" content=\"image\/jpeg\" \/>\n<meta name=\"author\" content=\"Redacci\u00f3n\" \/>\n<meta name=\"twitter:card\" content=\"summary_large_image\" \/>\n<meta name=\"twitter:label1\" content=\"Written by\" \/>\n\t<meta name=\"twitter:data1\" content=\"Redacci\u00f3\" \/>\n\t<meta name=\"twitter:label2\" content=\"Est. reading time\" \/>\n\t<meta name=\"twitter:data2\" content=\"2 minutes\" \/>\n<script type=\"application\/ld+json\" class=\"yoast-schema-graph\">{\"@context\":\"https:\\\/\\\/schema.org\",\"@graph\":[{\"@type\":\"Article\",\"@id\":\"https:\\\/\\\/alcompasrevista.com\\\/archivos\\\/13083#article\",\"isPartOf\":{\"@id\":\"https:\\\/\\\/alcompasrevista.com\\\/archivos\\\/13083\"},\"author\":{\"name\":\"Redacci\u00f3n\",\"@id\":\"https:\\\/\\\/alcompasrevista.com\\\/#\\\/schema\\\/person\\\/0f092e7196386afa42171db0d19a38ff\"},\"headline\":\"L\u2019Ateneu Musical de Cullera acollir\u00e0 l\u2019exposici\u00f3 \u2018Dones pioneres en les bandes valencianes\u2019\",\"datePublished\":\"2023-03-07T10:56:37+00:00\",\"dateModified\":\"2023-03-07T14:42:39+00:00\",\"mainEntityOfPage\":{\"@id\":\"https:\\\/\\\/alcompasrevista.com\\\/archivos\\\/13083\"},\"wordCount\":291,\"publisher\":{\"@id\":\"https:\\\/\\\/alcompasrevista.com\\\/#organization\"},\"image\":{\"@id\":\"https:\\\/\\\/alcompasrevista.com\\\/archivos\\\/13083#primaryimage\"},\"thumbnailUrl\":\"https:\\\/\\\/alcompasrevista.com\\\/wp-content\\\/uploads\\\/2023\\\/03\\\/exposicio-societat-ateneo-musical-pioneres-de-la-musica.jpg\",\"keywords\":[\"exposici\u00f3\",\"FSMCV\"],\"articleSection\":[\"#Not\u00edcies\"],\"inLanguage\":\"va\"},{\"@type\":\"WebPage\",\"@id\":\"https:\\\/\\\/alcompasrevista.com\\\/archivos\\\/13083\",\"url\":\"https:\\\/\\\/alcompasrevista.com\\\/archivos\\\/13083\",\"name\":\"L\u2019Ateneu Musical de Cullera acollir\u00e0 l\u2019exposici\u00f3 \u2018Dones pioneres en les bandes valencianes\u2019 - Revista Al Comp\u00e0s\",\"isPartOf\":{\"@id\":\"https:\\\/\\\/alcompasrevista.com\\\/#website\"},\"primaryImageOfPage\":{\"@id\":\"https:\\\/\\\/alcompasrevista.com\\\/archivos\\\/13083#primaryimage\"},\"image\":{\"@id\":\"https:\\\/\\\/alcompasrevista.com\\\/archivos\\\/13083#primaryimage\"},\"thumbnailUrl\":\"https:\\\/\\\/alcompasrevista.com\\\/wp-content\\\/uploads\\\/2023\\\/03\\\/exposicio-societat-ateneo-musical-pioneres-de-la-musica.jpg\",\"datePublished\":\"2023-03-07T10:56:37+00:00\",\"dateModified\":\"2023-03-07T14:42:39+00:00\",\"breadcrumb\":{\"@id\":\"https:\\\/\\\/alcompasrevista.com\\\/archivos\\\/13083#breadcrumb\"},\"inLanguage\":\"va\",\"potentialAction\":[{\"@type\":\"ReadAction\",\"target\":[\"https:\\\/\\\/alcompasrevista.com\\\/archivos\\\/13083\"]}]},{\"@type\":\"ImageObject\",\"inLanguage\":\"va\",\"@id\":\"https:\\\/\\\/alcompasrevista.com\\\/archivos\\\/13083#primaryimage\",\"url\":\"https:\\\/\\\/alcompasrevista.com\\\/wp-content\\\/uploads\\\/2023\\\/03\\\/exposicio-societat-ateneo-musical-pioneres-de-la-musica.jpg\",\"contentUrl\":\"https:\\\/\\\/alcompasrevista.com\\\/wp-content\\\/uploads\\\/2023\\\/03\\\/exposicio-societat-ateneo-musical-pioneres-de-la-musica.jpg\",\"width\":1920,\"height\":700,\"caption\":\"Cartel exposici\u00f3\"},{\"@type\":\"BreadcrumbList\",\"@id\":\"https:\\\/\\\/alcompasrevista.com\\\/archivos\\\/13083#breadcrumb\",\"itemListElement\":[{\"@type\":\"ListItem\",\"position\":1,\"name\":\"Portada\",\"item\":\"https:\\\/\\\/alcompasrevista.com\\\/va\"},{\"@type\":\"ListItem\",\"position\":2,\"name\":\"L\u2019Ateneu Musical de Cullera acollir\u00e0 l\u2019exposici\u00f3 \u2018Dones pioneres en les bandes valencianes\u2019\"}]},{\"@type\":\"WebSite\",\"@id\":\"https:\\\/\\\/alcompasrevista.com\\\/#website\",\"url\":\"https:\\\/\\\/alcompasrevista.com\\\/\",\"name\":\"Revista Al Comp\u00e0s\",\"description\":\"Un proyecto de la Federaci\u00f3n de Sociedades Musicales de la Comunidad Valenciana\",\"publisher\":{\"@id\":\"https:\\\/\\\/alcompasrevista.com\\\/#organization\"},\"potentialAction\":[{\"@type\":\"SearchAction\",\"target\":{\"@type\":\"EntryPoint\",\"urlTemplate\":\"https:\\\/\\\/alcompasrevista.com\\\/?s={search_term_string}\"},\"query-input\":{\"@type\":\"PropertyValueSpecification\",\"valueRequired\":true,\"valueName\":\"search_term_string\"}}],\"inLanguage\":\"va\"},{\"@type\":\"Organization\",\"@id\":\"https:\\\/\\\/alcompasrevista.com\\\/#organization\",\"name\":\"Revista Al Comp\u00e0s\",\"url\":\"https:\\\/\\\/alcompasrevista.com\\\/\",\"logo\":{\"@type\":\"ImageObject\",\"inLanguage\":\"va\",\"@id\":\"https:\\\/\\\/alcompasrevista.com\\\/#\\\/schema\\\/logo\\\/image\\\/\",\"url\":\"https:\\\/\\\/alcompasrevista.com\\\/wp-content\\\/uploads\\\/2022\\\/04\\\/cropped-loog_blanco.png\",\"contentUrl\":\"https:\\\/\\\/alcompasrevista.com\\\/wp-content\\\/uploads\\\/2022\\\/04\\\/cropped-loog_blanco.png\",\"width\":1612,\"height\":724,\"caption\":\"Revista Al Comp\u00e0s\"},\"image\":{\"@id\":\"https:\\\/\\\/alcompasrevista.com\\\/#\\\/schema\\\/logo\\\/image\\\/\"}},{\"@type\":\"Person\",\"@id\":\"https:\\\/\\\/alcompasrevista.com\\\/#\\\/schema\\\/person\\\/0f092e7196386afa42171db0d19a38ff\",\"name\":\"Redacci\u00f3n\",\"image\":{\"@type\":\"ImageObject\",\"inLanguage\":\"va\",\"@id\":\"https:\\\/\\\/secure.gravatar.com\\\/avatar\\\/e2831619d4dae93995d3da450c50013d912e0b8bdf34d9ea00126d97c2b7702e?s=96&d=mm&r=g\",\"url\":\"https:\\\/\\\/secure.gravatar.com\\\/avatar\\\/e2831619d4dae93995d3da450c50013d912e0b8bdf34d9ea00126d97c2b7702e?s=96&d=mm&r=g\",\"contentUrl\":\"https:\\\/\\\/secure.gravatar.com\\\/avatar\\\/e2831619d4dae93995d3da450c50013d912e0b8bdf34d9ea00126d97c2b7702e?s=96&d=mm&r=g\",\"caption\":\"Redacci\u00f3n\"},\"url\":\"https:\\\/\\\/alcompasrevista.com\\\/va\\\/archivos\\\/author\\\/257_webmaster\"}]}<\/script>\n<!-- \/ Yoast SEO plugin. -->","yoast_head_json":{"title":"L\u2019Ateneu Musical de Cullera acollir\u00e0 l\u2019exposici\u00f3 \u2018Dones pioneres en les bandes valencianes\u2019 - Revista Al Comp\u00e0s","robots":{"index":"index","follow":"follow","max-snippet":"max-snippet:-1","max-image-preview":"max-image-preview:large","max-video-preview":"max-video-preview:-1"},"canonical":"https:\/\/alcompasrevista.com\/archivos\/13083","og_locale":"en_US","og_type":"article","og_title":"L\u2019Ateneu Musical de Cullera acollir\u00e0 l\u2019exposici\u00f3 \u2018Dones pioneres en les bandes valencianes\u2019 - Revista Al Comp\u00e0s","og_description":"L\u2019Ateneo Musical de Cullera acollir\u00e0 l\u2019exposici\u00f3 \u2018Dones pioneres en les bandes valencianes\u2019","og_url":"https:\/\/alcompasrevista.com\/archivos\/13083","og_site_name":"Revista Al Comp\u00e0s","article_published_time":"2023-03-07T10:56:37+00:00","article_modified_time":"2023-03-07T14:42:39+00:00","og_image":[{"width":1920,"height":700,"url":"https:\/\/alcompasrevista.com\/wp-content\/uploads\/2023\/03\/exposicio-societat-ateneo-musical-pioneres-de-la-musica.jpg","type":"image\/jpeg"}],"author":"Redacci\u00f3n","twitter_card":"summary_large_image","twitter_misc":{"Written by":"Redacci\u00f3","Est. reading time":"2 minutes"},"schema":{"@context":"https:\/\/schema.org","@graph":[{"@type":"Article","@id":"https:\/\/alcompasrevista.com\/archivos\/13083#article","isPartOf":{"@id":"https:\/\/alcompasrevista.com\/archivos\/13083"},"author":{"name":"Redacci\u00f3n","@id":"https:\/\/alcompasrevista.com\/#\/schema\/person\/0f092e7196386afa42171db0d19a38ff"},"headline":"L\u2019Ateneu Musical de Cullera acollir\u00e0 l\u2019exposici\u00f3 \u2018Dones pioneres en les bandes valencianes\u2019","datePublished":"2023-03-07T10:56:37+00:00","dateModified":"2023-03-07T14:42:39+00:00","mainEntityOfPage":{"@id":"https:\/\/alcompasrevista.com\/archivos\/13083"},"wordCount":291,"publisher":{"@id":"https:\/\/alcompasrevista.com\/#organization"},"image":{"@id":"https:\/\/alcompasrevista.com\/archivos\/13083#primaryimage"},"thumbnailUrl":"https:\/\/alcompasrevista.com\/wp-content\/uploads\/2023\/03\/exposicio-societat-ateneo-musical-pioneres-de-la-musica.jpg","keywords":["exposici\u00f3","FSMCV"],"articleSection":["#Not\u00edcies"],"inLanguage":"va"},{"@type":"WebPage","@id":"https:\/\/alcompasrevista.com\/archivos\/13083","url":"https:\/\/alcompasrevista.com\/archivos\/13083","name":"L\u2019Ateneu Musical de Cullera acollir\u00e0 l\u2019exposici\u00f3 \u2018Dones pioneres en les bandes valencianes\u2019 - Revista Al Comp\u00e0s","isPartOf":{"@id":"https:\/\/alcompasrevista.com\/#website"},"primaryImageOfPage":{"@id":"https:\/\/alcompasrevista.com\/archivos\/13083#primaryimage"},"image":{"@id":"https:\/\/alcompasrevista.com\/archivos\/13083#primaryimage"},"thumbnailUrl":"https:\/\/alcompasrevista.com\/wp-content\/uploads\/2023\/03\/exposicio-societat-ateneo-musical-pioneres-de-la-musica.jpg","datePublished":"2023-03-07T10:56:37+00:00","dateModified":"2023-03-07T14:42:39+00:00","breadcrumb":{"@id":"https:\/\/alcompasrevista.com\/archivos\/13083#breadcrumb"},"inLanguage":"va","potentialAction":[{"@type":"ReadAction","target":["https:\/\/alcompasrevista.com\/archivos\/13083"]}]},{"@type":"ImageObject","inLanguage":"va","@id":"https:\/\/alcompasrevista.com\/archivos\/13083#primaryimage","url":"https:\/\/alcompasrevista.com\/wp-content\/uploads\/2023\/03\/exposicio-societat-ateneo-musical-pioneres-de-la-musica.jpg","contentUrl":"https:\/\/alcompasrevista.com\/wp-content\/uploads\/2023\/03\/exposicio-societat-ateneo-musical-pioneres-de-la-musica.jpg","width":1920,"height":700,"caption":"Cartel exposici\u00f3"},{"@type":"BreadcrumbList","@id":"https:\/\/alcompasrevista.com\/archivos\/13083#breadcrumb","itemListElement":[{"@type":"ListItem","position":1,"name":"Portada","item":"https:\/\/alcompasrevista.com\/va"},{"@type":"ListItem","position":2,"name":"L\u2019Ateneu Musical de Cullera acollir\u00e0 l\u2019exposici\u00f3 \u2018Dones pioneres en les bandes valencianes\u2019"}]},{"@type":"WebSite","@id":"https:\/\/alcompasrevista.com\/#website","url":"https:\/\/alcompasrevista.com\/","name":"Revista Al Comp\u00e0s","description":"Un proyecto de la Federaci\u00f3n de Sociedades Musicales de la Comunidad Valenciana","publisher":{"@id":"https:\/\/alcompasrevista.com\/#organization"},"potentialAction":[{"@type":"SearchAction","target":{"@type":"EntryPoint","urlTemplate":"https:\/\/alcompasrevista.com\/?s={search_term_string}"},"query-input":{"@type":"PropertyValueSpecification","valueRequired":true,"valueName":"search_term_string"}}],"inLanguage":"va"},{"@type":"Organization","@id":"https:\/\/alcompasrevista.com\/#organization","name":"Revista Al Comp\u00e0s","url":"https:\/\/alcompasrevista.com\/","logo":{"@type":"ImageObject","inLanguage":"va","@id":"https:\/\/alcompasrevista.com\/#\/schema\/logo\/image\/","url":"https:\/\/alcompasrevista.com\/wp-content\/uploads\/2022\/04\/cropped-loog_blanco.png","contentUrl":"https:\/\/alcompasrevista.com\/wp-content\/uploads\/2022\/04\/cropped-loog_blanco.png","width":1612,"height":724,"caption":"Revista Al Comp\u00e0s"},"image":{"@id":"https:\/\/alcompasrevista.com\/#\/schema\/logo\/image\/"}},{"@type":"Person","@id":"https:\/\/alcompasrevista.com\/#\/schema\/person\/0f092e7196386afa42171db0d19a38ff","name":"Redacci\u00f3n","image":{"@type":"ImageObject","inLanguage":"va","@id":"https:\/\/secure.gravatar.com\/avatar\/e2831619d4dae93995d3da450c50013d912e0b8bdf34d9ea00126d97c2b7702e?s=96&d=mm&r=g","url":"https:\/\/secure.gravatar.com\/avatar\/e2831619d4dae93995d3da450c50013d912e0b8bdf34d9ea00126d97c2b7702e?s=96&d=mm&r=g","contentUrl":"https:\/\/secure.gravatar.com\/avatar\/e2831619d4dae93995d3da450c50013d912e0b8bdf34d9ea00126d97c2b7702e?s=96&d=mm&r=g","caption":"Redacci\u00f3n"},"url":"https:\/\/alcompasrevista.com\/va\/archivos\/author\/257_webmaster"}]}},"_links":{"self":[{"href":"https:\/\/alcompasrevista.com\/va\/wp-json\/wp\/v2\/posts\/13068","targetHints":{"allow":["GET"]}}],"collection":[{"href":"https:\/\/alcompasrevista.com\/va\/wp-json\/wp\/v2\/posts"}],"about":[{"href":"https:\/\/alcompasrevista.com\/va\/wp-json\/wp\/v2\/types\/post"}],"author":[{"embeddable":true,"href":"https:\/\/alcompasrevista.com\/va\/wp-json\/wp\/v2\/users\/860004"}],"replies":[{"embeddable":true,"href":"https:\/\/alcompasrevista.com\/va\/wp-json\/wp\/v2\/comments?post=13068"}],"version-history":[{"count":0,"href":"https:\/\/alcompasrevista.com\/va\/wp-json\/wp\/v2\/posts\/13068\/revisions"}],"wp:featuredmedia":[{"embeddable":true,"href":"https:\/\/alcompasrevista.com\/va\/wp-json\/wp\/v2\/media\/13075"}],"wp:attachment":[{"href":"https:\/\/alcompasrevista.com\/va\/wp-json\/wp\/v2\/media?parent=13068"}],"wp:term":[{"taxonomy":"category","embeddable":true,"href":"https:\/\/alcompasrevista.com\/va\/wp-json\/wp\/v2\/categories?post=13068"},{"taxonomy":"post_tag","embeddable":true,"href":"https:\/\/alcompasrevista.com\/va\/wp-json\/wp\/v2\/tags?post=13068"},{"taxonomy":"portada","embeddable":true,"href":"https:\/\/alcompasrevista.com\/va\/wp-json\/wp\/v2\/portada?post=13068"}],"curies":[{"name":"wp","href":"https:\/\/api.w.org\/{rel}","templated":true}]}}