{"id":12644,"date":"2023-02-22T10:00:00","date_gmt":"2023-02-22T09:00:00","guid":{"rendered":"https:\/\/alcompasrevista.com\/?p=12644"},"modified":"2023-02-15T11:35:05","modified_gmt":"2023-02-15T10:35:05","slug":"concierto-taller-musica-clasica-y-tecnologia-una-nueva-perspectiva","status":"publish","type":"post","link":"https:\/\/alcompasrevista.com\/va\/archivos\/12644","title":{"rendered":"Concert-taller &#8220;M\u00fasica Cl\u00e0ssica i Tecnologia: Una Nova Perspectiva&#8221;"},"content":{"rendered":"\n<p>El pr\u00f2xim 12 de mar\u00e7, l&#8217;Auditori de Teulada es prepara per a rebre un concert \u00fanic i emocionant que reunir\u00e0 els alumnes dels conservatoris professionals de D\u00e9nia, X\u00e0bia, Teulada i Benidorm. Aquest esdeveniment \u00e9s una oportunitat per als joves d&#8217;acostar-se a les \u00faltimes tend\u00e8ncies i avan\u00e7os tecnol\u00f2gics en el m\u00f3n de la m\u00fasica, i explorar la m\u00fasica des d&#8217;una visi\u00f3 cultural, social i art\u00edstica innovadora alhora que actual al costat de Pere Vicalet, director, compositor i artista digital, catedr\u00e0tic i professor de Tecnologia Musical en el Conservatori Superior de M\u00fasica de Val\u00e8ncia.<br>M\u00fasica, v\u00eddeo, al costat de llums i tecnologia cobren un nou significat en aquesta era actual multidisciplin\u00e0ria. Diferents arts, artistes i disciplines s&#8217;uneixen en la cerca de noves formes d&#8217;expressi\u00f3 art\u00edstica i aqueixa \u00e9s una de les missions m\u00e9s importants que ve desenvolupant Vicalet, una de les joves promeses espanyoles en l&#8217;\u00e0mbit tecnol\u00f2gic-musical. De Pere Vicalet, destaca en la seua traject\u00f2ria el premi Jove Talent Comunitat Valenciana en l&#8217;\u00e0rea de Cultura, com a director haver sigut director el 2017 de la Jove Banda de la FSMCV, aix\u00ed com la direcci\u00f3 musical de l&#8217;\u00f2pera amb electr\u00f2nica \u201cLa mare dels peixos\u201d en el Palau de les Arts, i com a compositor, destaquen recentment l&#8217;enc\u00e0rrec de la FSMCV per a celebrar el 50 Aniversari, i l&#8217;estrena de l&#8217;obra Peak in Tanz, realitzada enguany per ORTVE al costat de Ra\u00fal Benavent com a percussi\u00f3 solista, i ell mateix com a artista digital solista.<br>El concert-taller presentar\u00e0 un repertori innovador que combinar\u00e0 electr\u00f2nica i v\u00eddeo amb l&#8217;orquestra cl\u00e0ssica, a m\u00e9s improvisacions. S&#8217;interpretaran des dels autors m\u00e9s cl\u00e0ssics com Georges Bizet i John Williams, fins als m\u00e9s moderns com Panayiotis Kokoras, Carl Bergstr\u00f8m Nielsen i Miguel \u00c1ngel Berbis. Aquest concert promet ser una experi\u00e8ncia \u00fanica per als amants de la m\u00fasica, aix\u00ed com per als nous talents musicals de la Marina, ja que actuar\u00e0 la solista de viol\u00ed Eleanor Alman, guanyadora de l&#8217;XI Concurs Intercentres.<br>Un dels objectius m\u00e9s importants d&#8217;aquest concert \u00e9s acostar la nova m\u00fasica, especialment als m\u00e9s joves. A m\u00e9s, el concert ser\u00e0 comentat permetent als espectadors connectar-se emocionalment amb la m\u00fasica i els artistes.<br>En resum, es tracta d&#8217;una oportunitat per a experimentar una cosa nova i emocionant en el m\u00f3n de la m\u00fasica. Amb la direcci\u00f3 art\u00edstica i innovadora de Pere Vicalet, el concert promet ser una experi\u00e8ncia \u00fanica i inoblidable per als amants de la m\u00fasica.<\/p>\n\n\n\n<figure class=\"wp-block-embed is-type-video is-provider-youtube wp-block-embed-youtube wp-embed-aspect-16-9 wp-has-aspect-ratio\"><div class=\"wp-block-embed__wrapper\">\n<iframe loading=\"lazy\" title=\"Pere Vicalet conducts Rite of Spring Part 1 (live)\" width=\"800\" height=\"450\" src=\"https:\/\/www.youtube.com\/embed\/yBavfMJiAs4?start=9&#038;feature=oembed\" frameborder=\"0\" allow=\"accelerometer; autoplay; clipboard-write; encrypted-media; gyroscope; picture-in-picture; web-share\" allowfullscreen><\/iframe>\n<\/div><\/figure>\n","protected":false},"excerpt":{"rendered":"<p>Concierto-taller &#8220;M\u00fasica Cl\u00e1sica y Tecnolog\u00eda: Una Nueva Perspectiva&#8221;<\/p>\n","protected":false},"author":860004,"featured_media":12640,"comment_status":"closed","ping_status":"closed","sticky":false,"template":"","format":"standard","meta":{"footnotes":""},"categories":[29],"tags":[],"portada":[749,750,241,748],"class_list":["post-12644","post","type-post","status-publish","format-standard","has-post-thumbnail","hentry","category-noticies-va","portada-auditorio-de-teulada","portada-concierto","portada-fsmcv","portada-pere-vicalet"],"yoast_head":"<!-- This site is optimized with the Yoast SEO plugin v27.4 - https:\/\/yoast.com\/product\/yoast-seo-wordpress\/ -->\n<title>Concert-taller &quot;M\u00fasica Cl\u00e0ssica i Tecnologia: Una Nova Perspectiva&quot; - Revista Al Comp\u00e0s<\/title>\n<meta name=\"robots\" content=\"index, follow, max-snippet:-1, max-image-preview:large, max-video-preview:-1\" \/>\n<link rel=\"canonical\" href=\"https:\/\/alcompasrevista.com\/archivos\/12638\" \/>\n<meta property=\"og:locale\" content=\"en_US\" \/>\n<meta property=\"og:type\" content=\"article\" \/>\n<meta property=\"og:title\" content=\"Concert-taller &quot;M\u00fasica Cl\u00e0ssica i Tecnologia: Una Nova Perspectiva&quot; - Revista Al Comp\u00e0s\" \/>\n<meta property=\"og:description\" content=\"Concierto-taller &quot;M\u00fasica Cl\u00e1sica y Tecnolog\u00eda: Una Nueva Perspectiva&quot;\" \/>\n<meta property=\"og:url\" content=\"https:\/\/alcompasrevista.com\/archivos\/12638\" \/>\n<meta property=\"og:site_name\" content=\"Revista Al Comp\u00e0s\" \/>\n<meta property=\"article:published_time\" content=\"2023-02-22T09:00:00+00:00\" \/>\n<meta property=\"og:image\" content=\"https:\/\/alcompasrevista.com\/wp-content\/uploads\/2023\/02\/314412205_1063852884460642_6851040914181960556_n.jpg\" \/>\n\t<meta property=\"og:image:width\" content=\"1440\" \/>\n\t<meta property=\"og:image:height\" content=\"960\" \/>\n\t<meta property=\"og:image:type\" content=\"image\/jpeg\" \/>\n<meta name=\"author\" content=\"Redacci\u00f3n\" \/>\n<meta name=\"twitter:card\" content=\"summary_large_image\" \/>\n<meta name=\"twitter:label1\" content=\"Written by\" \/>\n\t<meta name=\"twitter:data1\" content=\"Redacci\u00f3\" \/>\n\t<meta name=\"twitter:label2\" content=\"Est. reading time\" \/>\n\t<meta name=\"twitter:data2\" content=\"2 minutes\" \/>\n<script type=\"application\/ld+json\" class=\"yoast-schema-graph\">{\"@context\":\"https:\\\/\\\/schema.org\",\"@graph\":[{\"@type\":\"Article\",\"@id\":\"https:\\\/\\\/alcompasrevista.com\\\/archivos\\\/12638#article\",\"isPartOf\":{\"@id\":\"https:\\\/\\\/alcompasrevista.com\\\/archivos\\\/12638\"},\"author\":{\"name\":\"Redacci\u00f3n\",\"@id\":\"https:\\\/\\\/alcompasrevista.com\\\/#\\\/schema\\\/person\\\/0f092e7196386afa42171db0d19a38ff\"},\"headline\":\"Concert-taller &#8220;M\u00fasica Cl\u00e0ssica i Tecnologia: Una Nova Perspectiva&#8221;\",\"datePublished\":\"2023-02-22T09:00:00+00:00\",\"mainEntityOfPage\":{\"@id\":\"https:\\\/\\\/alcompasrevista.com\\\/archivos\\\/12638\"},\"wordCount\":474,\"publisher\":{\"@id\":\"https:\\\/\\\/alcompasrevista.com\\\/#organization\"},\"image\":{\"@id\":\"https:\\\/\\\/alcompasrevista.com\\\/archivos\\\/12638#primaryimage\"},\"thumbnailUrl\":\"https:\\\/\\\/alcompasrevista.com\\\/wp-content\\\/uploads\\\/2023\\\/02\\\/314412205_1063852884460642_6851040914181960556_n.jpg\",\"articleSection\":[\"#Not\u00edcies\"],\"inLanguage\":\"va\"},{\"@type\":\"WebPage\",\"@id\":\"https:\\\/\\\/alcompasrevista.com\\\/archivos\\\/12638\",\"url\":\"https:\\\/\\\/alcompasrevista.com\\\/archivos\\\/12638\",\"name\":\"Concert-taller \\\"M\u00fasica Cl\u00e0ssica i Tecnologia: Una Nova Perspectiva\\\" - Revista Al Comp\u00e0s\",\"isPartOf\":{\"@id\":\"https:\\\/\\\/alcompasrevista.com\\\/#website\"},\"primaryImageOfPage\":{\"@id\":\"https:\\\/\\\/alcompasrevista.com\\\/archivos\\\/12638#primaryimage\"},\"image\":{\"@id\":\"https:\\\/\\\/alcompasrevista.com\\\/archivos\\\/12638#primaryimage\"},\"thumbnailUrl\":\"https:\\\/\\\/alcompasrevista.com\\\/wp-content\\\/uploads\\\/2023\\\/02\\\/314412205_1063852884460642_6851040914181960556_n.jpg\",\"datePublished\":\"2023-02-22T09:00:00+00:00\",\"breadcrumb\":{\"@id\":\"https:\\\/\\\/alcompasrevista.com\\\/archivos\\\/12638#breadcrumb\"},\"inLanguage\":\"va\",\"potentialAction\":[{\"@type\":\"ReadAction\",\"target\":[\"https:\\\/\\\/alcompasrevista.com\\\/archivos\\\/12638\"]}]},{\"@type\":\"ImageObject\",\"inLanguage\":\"va\",\"@id\":\"https:\\\/\\\/alcompasrevista.com\\\/archivos\\\/12638#primaryimage\",\"url\":\"https:\\\/\\\/alcompasrevista.com\\\/wp-content\\\/uploads\\\/2023\\\/02\\\/314412205_1063852884460642_6851040914181960556_n.jpg\",\"contentUrl\":\"https:\\\/\\\/alcompasrevista.com\\\/wp-content\\\/uploads\\\/2023\\\/02\\\/314412205_1063852884460642_6851040914181960556_n.jpg\",\"width\":1440,\"height\":960,\"caption\":\"Pere Vicalet, director, compositor y artista digital\"},{\"@type\":\"BreadcrumbList\",\"@id\":\"https:\\\/\\\/alcompasrevista.com\\\/archivos\\\/12638#breadcrumb\",\"itemListElement\":[{\"@type\":\"ListItem\",\"position\":1,\"name\":\"Portada\",\"item\":\"https:\\\/\\\/alcompasrevista.com\\\/va\"},{\"@type\":\"ListItem\",\"position\":2,\"name\":\"Concert-taller \u00abM\u00fasica Cl\u00e0ssica i Tecnologia: Una Nova Perspectiva\u00bb\"}]},{\"@type\":\"WebSite\",\"@id\":\"https:\\\/\\\/alcompasrevista.com\\\/#website\",\"url\":\"https:\\\/\\\/alcompasrevista.com\\\/\",\"name\":\"Revista Al Comp\u00e0s\",\"description\":\"Un proyecto de la Federaci\u00f3n de Sociedades Musicales de la Comunidad Valenciana\",\"publisher\":{\"@id\":\"https:\\\/\\\/alcompasrevista.com\\\/#organization\"},\"potentialAction\":[{\"@type\":\"SearchAction\",\"target\":{\"@type\":\"EntryPoint\",\"urlTemplate\":\"https:\\\/\\\/alcompasrevista.com\\\/?s={search_term_string}\"},\"query-input\":{\"@type\":\"PropertyValueSpecification\",\"valueRequired\":true,\"valueName\":\"search_term_string\"}}],\"inLanguage\":\"va\"},{\"@type\":\"Organization\",\"@id\":\"https:\\\/\\\/alcompasrevista.com\\\/#organization\",\"name\":\"Revista Al Comp\u00e0s\",\"url\":\"https:\\\/\\\/alcompasrevista.com\\\/\",\"logo\":{\"@type\":\"ImageObject\",\"inLanguage\":\"va\",\"@id\":\"https:\\\/\\\/alcompasrevista.com\\\/#\\\/schema\\\/logo\\\/image\\\/\",\"url\":\"https:\\\/\\\/alcompasrevista.com\\\/wp-content\\\/uploads\\\/2022\\\/04\\\/cropped-loog_blanco.png\",\"contentUrl\":\"https:\\\/\\\/alcompasrevista.com\\\/wp-content\\\/uploads\\\/2022\\\/04\\\/cropped-loog_blanco.png\",\"width\":1612,\"height\":724,\"caption\":\"Revista Al Comp\u00e0s\"},\"image\":{\"@id\":\"https:\\\/\\\/alcompasrevista.com\\\/#\\\/schema\\\/logo\\\/image\\\/\"}},{\"@type\":\"Person\",\"@id\":\"https:\\\/\\\/alcompasrevista.com\\\/#\\\/schema\\\/person\\\/0f092e7196386afa42171db0d19a38ff\",\"name\":\"Redacci\u00f3n\",\"image\":{\"@type\":\"ImageObject\",\"inLanguage\":\"va\",\"@id\":\"https:\\\/\\\/secure.gravatar.com\\\/avatar\\\/e2831619d4dae93995d3da450c50013d912e0b8bdf34d9ea00126d97c2b7702e?s=96&d=mm&r=g\",\"url\":\"https:\\\/\\\/secure.gravatar.com\\\/avatar\\\/e2831619d4dae93995d3da450c50013d912e0b8bdf34d9ea00126d97c2b7702e?s=96&d=mm&r=g\",\"contentUrl\":\"https:\\\/\\\/secure.gravatar.com\\\/avatar\\\/e2831619d4dae93995d3da450c50013d912e0b8bdf34d9ea00126d97c2b7702e?s=96&d=mm&r=g\",\"caption\":\"Redacci\u00f3n\"},\"url\":\"https:\\\/\\\/alcompasrevista.com\\\/va\\\/archivos\\\/author\\\/257_webmaster\"}]}<\/script>\n<!-- \/ Yoast SEO plugin. -->","yoast_head_json":{"title":"Concert-taller \"M\u00fasica Cl\u00e0ssica i Tecnologia: Una Nova Perspectiva\" - Revista Al Comp\u00e0s","robots":{"index":"index","follow":"follow","max-snippet":"max-snippet:-1","max-image-preview":"max-image-preview:large","max-video-preview":"max-video-preview:-1"},"canonical":"https:\/\/alcompasrevista.com\/archivos\/12638","og_locale":"en_US","og_type":"article","og_title":"Concert-taller \"M\u00fasica Cl\u00e0ssica i Tecnologia: Una Nova Perspectiva\" - Revista Al Comp\u00e0s","og_description":"Concierto-taller \"M\u00fasica Cl\u00e1sica y Tecnolog\u00eda: Una Nueva Perspectiva\"","og_url":"https:\/\/alcompasrevista.com\/archivos\/12638","og_site_name":"Revista Al Comp\u00e0s","article_published_time":"2023-02-22T09:00:00+00:00","og_image":[{"width":1440,"height":960,"url":"https:\/\/alcompasrevista.com\/wp-content\/uploads\/2023\/02\/314412205_1063852884460642_6851040914181960556_n.jpg","type":"image\/jpeg"}],"author":"Redacci\u00f3n","twitter_card":"summary_large_image","twitter_misc":{"Written by":"Redacci\u00f3","Est. reading time":"2 minutes"},"schema":{"@context":"https:\/\/schema.org","@graph":[{"@type":"Article","@id":"https:\/\/alcompasrevista.com\/archivos\/12638#article","isPartOf":{"@id":"https:\/\/alcompasrevista.com\/archivos\/12638"},"author":{"name":"Redacci\u00f3n","@id":"https:\/\/alcompasrevista.com\/#\/schema\/person\/0f092e7196386afa42171db0d19a38ff"},"headline":"Concert-taller &#8220;M\u00fasica Cl\u00e0ssica i Tecnologia: Una Nova Perspectiva&#8221;","datePublished":"2023-02-22T09:00:00+00:00","mainEntityOfPage":{"@id":"https:\/\/alcompasrevista.com\/archivos\/12638"},"wordCount":474,"publisher":{"@id":"https:\/\/alcompasrevista.com\/#organization"},"image":{"@id":"https:\/\/alcompasrevista.com\/archivos\/12638#primaryimage"},"thumbnailUrl":"https:\/\/alcompasrevista.com\/wp-content\/uploads\/2023\/02\/314412205_1063852884460642_6851040914181960556_n.jpg","articleSection":["#Not\u00edcies"],"inLanguage":"va"},{"@type":"WebPage","@id":"https:\/\/alcompasrevista.com\/archivos\/12638","url":"https:\/\/alcompasrevista.com\/archivos\/12638","name":"Concert-taller \"M\u00fasica Cl\u00e0ssica i Tecnologia: Una Nova Perspectiva\" - Revista Al Comp\u00e0s","isPartOf":{"@id":"https:\/\/alcompasrevista.com\/#website"},"primaryImageOfPage":{"@id":"https:\/\/alcompasrevista.com\/archivos\/12638#primaryimage"},"image":{"@id":"https:\/\/alcompasrevista.com\/archivos\/12638#primaryimage"},"thumbnailUrl":"https:\/\/alcompasrevista.com\/wp-content\/uploads\/2023\/02\/314412205_1063852884460642_6851040914181960556_n.jpg","datePublished":"2023-02-22T09:00:00+00:00","breadcrumb":{"@id":"https:\/\/alcompasrevista.com\/archivos\/12638#breadcrumb"},"inLanguage":"va","potentialAction":[{"@type":"ReadAction","target":["https:\/\/alcompasrevista.com\/archivos\/12638"]}]},{"@type":"ImageObject","inLanguage":"va","@id":"https:\/\/alcompasrevista.com\/archivos\/12638#primaryimage","url":"https:\/\/alcompasrevista.com\/wp-content\/uploads\/2023\/02\/314412205_1063852884460642_6851040914181960556_n.jpg","contentUrl":"https:\/\/alcompasrevista.com\/wp-content\/uploads\/2023\/02\/314412205_1063852884460642_6851040914181960556_n.jpg","width":1440,"height":960,"caption":"Pere Vicalet, director, compositor y artista digital"},{"@type":"BreadcrumbList","@id":"https:\/\/alcompasrevista.com\/archivos\/12638#breadcrumb","itemListElement":[{"@type":"ListItem","position":1,"name":"Portada","item":"https:\/\/alcompasrevista.com\/va"},{"@type":"ListItem","position":2,"name":"Concert-taller \u00abM\u00fasica Cl\u00e0ssica i Tecnologia: Una Nova Perspectiva\u00bb"}]},{"@type":"WebSite","@id":"https:\/\/alcompasrevista.com\/#website","url":"https:\/\/alcompasrevista.com\/","name":"Revista Al Comp\u00e0s","description":"Un proyecto de la Federaci\u00f3n de Sociedades Musicales de la Comunidad Valenciana","publisher":{"@id":"https:\/\/alcompasrevista.com\/#organization"},"potentialAction":[{"@type":"SearchAction","target":{"@type":"EntryPoint","urlTemplate":"https:\/\/alcompasrevista.com\/?s={search_term_string}"},"query-input":{"@type":"PropertyValueSpecification","valueRequired":true,"valueName":"search_term_string"}}],"inLanguage":"va"},{"@type":"Organization","@id":"https:\/\/alcompasrevista.com\/#organization","name":"Revista Al Comp\u00e0s","url":"https:\/\/alcompasrevista.com\/","logo":{"@type":"ImageObject","inLanguage":"va","@id":"https:\/\/alcompasrevista.com\/#\/schema\/logo\/image\/","url":"https:\/\/alcompasrevista.com\/wp-content\/uploads\/2022\/04\/cropped-loog_blanco.png","contentUrl":"https:\/\/alcompasrevista.com\/wp-content\/uploads\/2022\/04\/cropped-loog_blanco.png","width":1612,"height":724,"caption":"Revista Al Comp\u00e0s"},"image":{"@id":"https:\/\/alcompasrevista.com\/#\/schema\/logo\/image\/"}},{"@type":"Person","@id":"https:\/\/alcompasrevista.com\/#\/schema\/person\/0f092e7196386afa42171db0d19a38ff","name":"Redacci\u00f3n","image":{"@type":"ImageObject","inLanguage":"va","@id":"https:\/\/secure.gravatar.com\/avatar\/e2831619d4dae93995d3da450c50013d912e0b8bdf34d9ea00126d97c2b7702e?s=96&d=mm&r=g","url":"https:\/\/secure.gravatar.com\/avatar\/e2831619d4dae93995d3da450c50013d912e0b8bdf34d9ea00126d97c2b7702e?s=96&d=mm&r=g","contentUrl":"https:\/\/secure.gravatar.com\/avatar\/e2831619d4dae93995d3da450c50013d912e0b8bdf34d9ea00126d97c2b7702e?s=96&d=mm&r=g","caption":"Redacci\u00f3n"},"url":"https:\/\/alcompasrevista.com\/va\/archivos\/author\/257_webmaster"}]}},"_links":{"self":[{"href":"https:\/\/alcompasrevista.com\/va\/wp-json\/wp\/v2\/posts\/12644","targetHints":{"allow":["GET"]}}],"collection":[{"href":"https:\/\/alcompasrevista.com\/va\/wp-json\/wp\/v2\/posts"}],"about":[{"href":"https:\/\/alcompasrevista.com\/va\/wp-json\/wp\/v2\/types\/post"}],"author":[{"embeddable":true,"href":"https:\/\/alcompasrevista.com\/va\/wp-json\/wp\/v2\/users\/860004"}],"replies":[{"embeddable":true,"href":"https:\/\/alcompasrevista.com\/va\/wp-json\/wp\/v2\/comments?post=12644"}],"version-history":[{"count":0,"href":"https:\/\/alcompasrevista.com\/va\/wp-json\/wp\/v2\/posts\/12644\/revisions"}],"wp:featuredmedia":[{"embeddable":true,"href":"https:\/\/alcompasrevista.com\/va\/wp-json\/wp\/v2\/media\/12640"}],"wp:attachment":[{"href":"https:\/\/alcompasrevista.com\/va\/wp-json\/wp\/v2\/media?parent=12644"}],"wp:term":[{"taxonomy":"category","embeddable":true,"href":"https:\/\/alcompasrevista.com\/va\/wp-json\/wp\/v2\/categories?post=12644"},{"taxonomy":"post_tag","embeddable":true,"href":"https:\/\/alcompasrevista.com\/va\/wp-json\/wp\/v2\/tags?post=12644"},{"taxonomy":"portada","embeddable":true,"href":"https:\/\/alcompasrevista.com\/va\/wp-json\/wp\/v2\/portada?post=12644"}],"curies":[{"name":"wp","href":"https:\/\/api.w.org\/{rel}","templated":true}]}}