{"id":12617,"date":"2023-02-14T08:49:46","date_gmt":"2023-02-14T07:49:46","guid":{"rendered":"https:\/\/alcompasrevista.com\/?p=12617"},"modified":"2023-02-14T08:49:48","modified_gmt":"2023-02-14T07:49:48","slug":"maria-del-pilar-bailen-presidenta-de-la-comarca-vega-baixa-baix-vinalopo","status":"publish","type":"post","link":"https:\/\/alcompasrevista.com\/va\/archivos\/12617","title":{"rendered":"Mar\u00eda del Pilar Bail\u00e9n, presidenta de la comarca Vega Baixa-Baix Vinalop\u00f3"},"content":{"rendered":"\n<p>Mar\u00eda del Pilar Bail\u00e9n \u00e9s la nova presidenta de la comarca Vega Baixa- Baix Vinalop\u00f3 des del mes de desembre passat.<\/p>\n\n\n\n<p>Pertany a la banda del Centre Art\u00edstic Uni\u00f3 Musical de Benej\u00fazar, on va formar part de la directiva anterior i on actualment, tamb\u00e9 ostenta el c\u00e0rrec de presidenta.<\/p>\n\n\n\n<p>Com tants m\u00fasics, la seua dedicaci\u00f3 a la m\u00fasica no \u00e9s exclusiva d&#8217;una banda \u201ctamb\u00e9 toque, sempre que no tinga actuaci\u00f3 la meua banda, amb la Uni\u00f3 Musical de Jacarilla. \u00c9s el poble de la meua fam\u00edlia materna i des de xicoteta compagine les actuacions de les dos bandes\u201d.<\/p>\n\n\n\n<p>Lloa l&#8217;actual estructura federal alhora que va coneixent el seu funcionament: \u201ccom sempre ocorre, quan comences a participar des de dins en una associaci\u00f3, t&#8217;adones de la quantitat de treball que di\u00e0riament es gestiona per a continuar mantenint el funcionament de les nostres societats musicals\u201d.<\/p>\n\n\n\n<p>Quant a la figura d&#8217;un president comarcal destaca que \u201cjust aquest \u00e9s el paper m\u00e9s important. La majoria de les societats musicals tenim un funcionament m\u00e9s o menys constant al llarg dels anys. No obstant aix\u00f2, el treball conjunt entre \u201cbandes\u201d de la mateixa comarca pot marcar-nos altres reptes o activitats que, si b\u00e9 podr\u00edem fer de manera independent, sempre seran m\u00e9s boniques si col.laborem amb altres companyes i companys que comparteixen el que m\u00e9s ens agrada: la nostra passi\u00f3 per la m\u00fasica\u201d.<\/p>\n\n\n\n<p>Els seus objectius per a aquesta legislatura s\u00f3n \u201cde moment aterrar i poder aportar tot el que a la meua m\u00e0 estiga. Aprendre des de dins perqu\u00e8 la nostra comarca continue sent una de les referents a nivell band\u00edstic\u201d.<\/p>\n\n\n\n<p>I entre els seus reptes destaca que t\u00e9 intenci\u00f3 que tot funcione almenys tan b\u00e9 com ho ha fet amb Leandro Vilat\u00f3, l&#8217;anterior president, al qual considera un gran exemple a seguir i un grand\u00edssim suport per a aquest inici.<\/p>\n\n\n\n<p>Aquest c\u00e0rrec per a Mar\u00eda del Pilar significa un repte en si mateix, una meta i un honor \u201cla m\u00fasica \u00e9s el nostre b\u00e9 cultural m\u00e9s preuat i com valenciana, formar part d&#8217;aquesta estructura federal \u00e9s una grand\u00edssima responsabilitat\u201d, afig.<\/p>\n\n\n\n<p>Com la majoria de presidentes comarcals compagina aquesta faceta de la seua vida dormint poc i intentant espr\u00e9mer al m\u00e0xim el temps disponible. \u201cLa veritat \u00e9s que crec que encara tinc molt a aprendre i aportar. Necessite un poc m\u00e9s de temps per a continuar coneixent i aprenent tots els engranatges\u201d conclou.<\/p>\n","protected":false},"excerpt":{"rendered":"<p>Mar\u00eda del Pilar Bail\u00e9n, presidenta de la comarca Vega Baixa-Baix Vinalop\u00f3<\/p>\n","protected":false},"author":860004,"featured_media":12555,"comment_status":"closed","ping_status":"closed","sticky":false,"template":"","format":"standard","meta":{"footnotes":""},"categories":[30],"tags":[],"portada":[746,747],"class_list":["post-12617","post","type-post","status-publish","format-standard","has-post-thumbnail","hentry","category-qui-es-qui","portada-maria-del-pilar-bailen","portada-vega-baixa-baix-vinalopo"],"yoast_head":"<!-- This site is optimized with the Yoast SEO plugin v27.4 - https:\/\/yoast.com\/product\/yoast-seo-wordpress\/ -->\n<title>Mar\u00eda del Pilar Bail\u00e9n, presidenta de la comarca Vega Baixa-Baix Vinalop\u00f3 - Revista Al Comp\u00e0s<\/title>\n<meta name=\"robots\" content=\"index, follow, max-snippet:-1, max-image-preview:large, max-video-preview:-1\" \/>\n<link rel=\"canonical\" href=\"https:\/\/alcompasrevista.com\/va\/archivos\/12617\" \/>\n<meta property=\"og:locale\" content=\"en_US\" \/>\n<meta property=\"og:type\" content=\"article\" \/>\n<meta property=\"og:title\" content=\"Mar\u00eda del Pilar Bail\u00e9n, presidenta de la comarca Vega Baixa-Baix Vinalop\u00f3 - Revista Al Comp\u00e0s\" \/>\n<meta property=\"og:description\" content=\"Mar\u00eda del Pilar Bail\u00e9n, presidenta de la comarca Vega Baixa-Baix Vinalop\u00f3\" \/>\n<meta property=\"og:url\" content=\"https:\/\/alcompasrevista.com\/va\/archivos\/12617\" \/>\n<meta property=\"og:site_name\" content=\"Revista Al Comp\u00e0s\" \/>\n<meta property=\"article:published_time\" content=\"2023-02-14T07:49:46+00:00\" \/>\n<meta property=\"article:modified_time\" content=\"2023-02-14T07:49:48+00:00\" \/>\n<meta property=\"og:image\" content=\"https:\/\/alcompasrevista.com\/wp-content\/uploads\/2023\/02\/Concert-4.jpg\" \/>\n\t<meta property=\"og:image:width\" content=\"760\" \/>\n\t<meta property=\"og:image:height\" content=\"430\" \/>\n\t<meta property=\"og:image:type\" content=\"image\/jpeg\" \/>\n<meta name=\"author\" content=\"Redacci\u00f3n\" \/>\n<meta name=\"twitter:card\" content=\"summary_large_image\" \/>\n<meta name=\"twitter:label1\" content=\"Written by\" \/>\n\t<meta name=\"twitter:data1\" content=\"Redacci\u00f3\" \/>\n\t<meta name=\"twitter:label2\" content=\"Est. reading time\" \/>\n\t<meta name=\"twitter:data2\" content=\"2 minutes\" \/>\n<script type=\"application\/ld+json\" class=\"yoast-schema-graph\">{\"@context\":\"https:\\\/\\\/schema.org\",\"@graph\":[{\"@type\":\"Article\",\"@id\":\"https:\\\/\\\/alcompasrevista.com\\\/va\\\/archivos\\\/12617#article\",\"isPartOf\":{\"@id\":\"https:\\\/\\\/alcompasrevista.com\\\/va\\\/archivos\\\/12617\"},\"author\":{\"name\":\"Redacci\u00f3n\",\"@id\":\"https:\\\/\\\/alcompasrevista.com\\\/#\\\/schema\\\/person\\\/0f092e7196386afa42171db0d19a38ff\"},\"headline\":\"Mar\u00eda del Pilar Bail\u00e9n, presidenta de la comarca Vega Baixa-Baix Vinalop\u00f3\",\"datePublished\":\"2023-02-14T07:49:46+00:00\",\"dateModified\":\"2023-02-14T07:49:48+00:00\",\"mainEntityOfPage\":{\"@id\":\"https:\\\/\\\/alcompasrevista.com\\\/va\\\/archivos\\\/12617\"},\"wordCount\":443,\"publisher\":{\"@id\":\"https:\\\/\\\/alcompasrevista.com\\\/#organization\"},\"image\":{\"@id\":\"https:\\\/\\\/alcompasrevista.com\\\/va\\\/archivos\\\/12617#primaryimage\"},\"thumbnailUrl\":\"https:\\\/\\\/alcompasrevista.com\\\/wp-content\\\/uploads\\\/2023\\\/02\\\/Concert-4.jpg\",\"articleSection\":[\"#Qui\u00e9squi\"],\"inLanguage\":\"va\"},{\"@type\":\"WebPage\",\"@id\":\"https:\\\/\\\/alcompasrevista.com\\\/va\\\/archivos\\\/12617\",\"url\":\"https:\\\/\\\/alcompasrevista.com\\\/va\\\/archivos\\\/12617\",\"name\":\"Mar\u00eda del Pilar Bail\u00e9n, presidenta de la comarca Vega Baixa-Baix Vinalop\u00f3 - Revista Al Comp\u00e0s\",\"isPartOf\":{\"@id\":\"https:\\\/\\\/alcompasrevista.com\\\/#website\"},\"primaryImageOfPage\":{\"@id\":\"https:\\\/\\\/alcompasrevista.com\\\/va\\\/archivos\\\/12617#primaryimage\"},\"image\":{\"@id\":\"https:\\\/\\\/alcompasrevista.com\\\/va\\\/archivos\\\/12617#primaryimage\"},\"thumbnailUrl\":\"https:\\\/\\\/alcompasrevista.com\\\/wp-content\\\/uploads\\\/2023\\\/02\\\/Concert-4.jpg\",\"datePublished\":\"2023-02-14T07:49:46+00:00\",\"dateModified\":\"2023-02-14T07:49:48+00:00\",\"breadcrumb\":{\"@id\":\"https:\\\/\\\/alcompasrevista.com\\\/va\\\/archivos\\\/12617#breadcrumb\"},\"inLanguage\":\"va\",\"potentialAction\":[{\"@type\":\"ReadAction\",\"target\":[\"https:\\\/\\\/alcompasrevista.com\\\/va\\\/archivos\\\/12617\"]}]},{\"@type\":\"ImageObject\",\"inLanguage\":\"va\",\"@id\":\"https:\\\/\\\/alcompasrevista.com\\\/va\\\/archivos\\\/12617#primaryimage\",\"url\":\"https:\\\/\\\/alcompasrevista.com\\\/wp-content\\\/uploads\\\/2023\\\/02\\\/Concert-4.jpg\",\"contentUrl\":\"https:\\\/\\\/alcompasrevista.com\\\/wp-content\\\/uploads\\\/2023\\\/02\\\/Concert-4.jpg\",\"width\":760,\"height\":430,\"caption\":\"Mar\u00eda del Pilar Bail\u00e9n\"},{\"@type\":\"BreadcrumbList\",\"@id\":\"https:\\\/\\\/alcompasrevista.com\\\/va\\\/archivos\\\/12617#breadcrumb\",\"itemListElement\":[{\"@type\":\"ListItem\",\"position\":1,\"name\":\"Portada\",\"item\":\"https:\\\/\\\/alcompasrevista.com\\\/va\"},{\"@type\":\"ListItem\",\"position\":2,\"name\":\"Mar\u00eda del Pilar Bail\u00e9n, presidenta de la comarca Vega Baixa-Baix Vinalop\u00f3\"}]},{\"@type\":\"WebSite\",\"@id\":\"https:\\\/\\\/alcompasrevista.com\\\/#website\",\"url\":\"https:\\\/\\\/alcompasrevista.com\\\/\",\"name\":\"Revista Al Comp\u00e0s\",\"description\":\"Un proyecto de la Federaci\u00f3n de Sociedades Musicales de la Comunidad Valenciana\",\"publisher\":{\"@id\":\"https:\\\/\\\/alcompasrevista.com\\\/#organization\"},\"potentialAction\":[{\"@type\":\"SearchAction\",\"target\":{\"@type\":\"EntryPoint\",\"urlTemplate\":\"https:\\\/\\\/alcompasrevista.com\\\/?s={search_term_string}\"},\"query-input\":{\"@type\":\"PropertyValueSpecification\",\"valueRequired\":true,\"valueName\":\"search_term_string\"}}],\"inLanguage\":\"va\"},{\"@type\":\"Organization\",\"@id\":\"https:\\\/\\\/alcompasrevista.com\\\/#organization\",\"name\":\"Revista Al Comp\u00e0s\",\"url\":\"https:\\\/\\\/alcompasrevista.com\\\/\",\"logo\":{\"@type\":\"ImageObject\",\"inLanguage\":\"va\",\"@id\":\"https:\\\/\\\/alcompasrevista.com\\\/#\\\/schema\\\/logo\\\/image\\\/\",\"url\":\"https:\\\/\\\/alcompasrevista.com\\\/wp-content\\\/uploads\\\/2022\\\/04\\\/cropped-loog_blanco.png\",\"contentUrl\":\"https:\\\/\\\/alcompasrevista.com\\\/wp-content\\\/uploads\\\/2022\\\/04\\\/cropped-loog_blanco.png\",\"width\":1612,\"height\":724,\"caption\":\"Revista Al Comp\u00e0s\"},\"image\":{\"@id\":\"https:\\\/\\\/alcompasrevista.com\\\/#\\\/schema\\\/logo\\\/image\\\/\"}},{\"@type\":\"Person\",\"@id\":\"https:\\\/\\\/alcompasrevista.com\\\/#\\\/schema\\\/person\\\/0f092e7196386afa42171db0d19a38ff\",\"name\":\"Redacci\u00f3n\",\"image\":{\"@type\":\"ImageObject\",\"inLanguage\":\"va\",\"@id\":\"https:\\\/\\\/secure.gravatar.com\\\/avatar\\\/e2831619d4dae93995d3da450c50013d912e0b8bdf34d9ea00126d97c2b7702e?s=96&d=mm&r=g\",\"url\":\"https:\\\/\\\/secure.gravatar.com\\\/avatar\\\/e2831619d4dae93995d3da450c50013d912e0b8bdf34d9ea00126d97c2b7702e?s=96&d=mm&r=g\",\"contentUrl\":\"https:\\\/\\\/secure.gravatar.com\\\/avatar\\\/e2831619d4dae93995d3da450c50013d912e0b8bdf34d9ea00126d97c2b7702e?s=96&d=mm&r=g\",\"caption\":\"Redacci\u00f3n\"},\"url\":\"https:\\\/\\\/alcompasrevista.com\\\/va\\\/archivos\\\/author\\\/257_webmaster\"}]}<\/script>\n<!-- \/ Yoast SEO plugin. -->","yoast_head_json":{"title":"Mar\u00eda del Pilar Bail\u00e9n, presidenta de la comarca Vega Baixa-Baix Vinalop\u00f3 - Revista Al Comp\u00e0s","robots":{"index":"index","follow":"follow","max-snippet":"max-snippet:-1","max-image-preview":"max-image-preview:large","max-video-preview":"max-video-preview:-1"},"canonical":"https:\/\/alcompasrevista.com\/va\/archivos\/12617","og_locale":"en_US","og_type":"article","og_title":"Mar\u00eda del Pilar Bail\u00e9n, presidenta de la comarca Vega Baixa-Baix Vinalop\u00f3 - Revista Al Comp\u00e0s","og_description":"Mar\u00eda del Pilar Bail\u00e9n, presidenta de la comarca Vega Baixa-Baix Vinalop\u00f3","og_url":"https:\/\/alcompasrevista.com\/va\/archivos\/12617","og_site_name":"Revista Al Comp\u00e0s","article_published_time":"2023-02-14T07:49:46+00:00","article_modified_time":"2023-02-14T07:49:48+00:00","og_image":[{"width":760,"height":430,"url":"https:\/\/alcompasrevista.com\/wp-content\/uploads\/2023\/02\/Concert-4.jpg","type":"image\/jpeg"}],"author":"Redacci\u00f3n","twitter_card":"summary_large_image","twitter_misc":{"Written by":"Redacci\u00f3","Est. reading time":"2 minutes"},"schema":{"@context":"https:\/\/schema.org","@graph":[{"@type":"Article","@id":"https:\/\/alcompasrevista.com\/va\/archivos\/12617#article","isPartOf":{"@id":"https:\/\/alcompasrevista.com\/va\/archivos\/12617"},"author":{"name":"Redacci\u00f3n","@id":"https:\/\/alcompasrevista.com\/#\/schema\/person\/0f092e7196386afa42171db0d19a38ff"},"headline":"Mar\u00eda del Pilar Bail\u00e9n, presidenta de la comarca Vega Baixa-Baix Vinalop\u00f3","datePublished":"2023-02-14T07:49:46+00:00","dateModified":"2023-02-14T07:49:48+00:00","mainEntityOfPage":{"@id":"https:\/\/alcompasrevista.com\/va\/archivos\/12617"},"wordCount":443,"publisher":{"@id":"https:\/\/alcompasrevista.com\/#organization"},"image":{"@id":"https:\/\/alcompasrevista.com\/va\/archivos\/12617#primaryimage"},"thumbnailUrl":"https:\/\/alcompasrevista.com\/wp-content\/uploads\/2023\/02\/Concert-4.jpg","articleSection":["#Qui\u00e9squi"],"inLanguage":"va"},{"@type":"WebPage","@id":"https:\/\/alcompasrevista.com\/va\/archivos\/12617","url":"https:\/\/alcompasrevista.com\/va\/archivos\/12617","name":"Mar\u00eda del Pilar Bail\u00e9n, presidenta de la comarca Vega Baixa-Baix Vinalop\u00f3 - Revista Al Comp\u00e0s","isPartOf":{"@id":"https:\/\/alcompasrevista.com\/#website"},"primaryImageOfPage":{"@id":"https:\/\/alcompasrevista.com\/va\/archivos\/12617#primaryimage"},"image":{"@id":"https:\/\/alcompasrevista.com\/va\/archivos\/12617#primaryimage"},"thumbnailUrl":"https:\/\/alcompasrevista.com\/wp-content\/uploads\/2023\/02\/Concert-4.jpg","datePublished":"2023-02-14T07:49:46+00:00","dateModified":"2023-02-14T07:49:48+00:00","breadcrumb":{"@id":"https:\/\/alcompasrevista.com\/va\/archivos\/12617#breadcrumb"},"inLanguage":"va","potentialAction":[{"@type":"ReadAction","target":["https:\/\/alcompasrevista.com\/va\/archivos\/12617"]}]},{"@type":"ImageObject","inLanguage":"va","@id":"https:\/\/alcompasrevista.com\/va\/archivos\/12617#primaryimage","url":"https:\/\/alcompasrevista.com\/wp-content\/uploads\/2023\/02\/Concert-4.jpg","contentUrl":"https:\/\/alcompasrevista.com\/wp-content\/uploads\/2023\/02\/Concert-4.jpg","width":760,"height":430,"caption":"Mar\u00eda del Pilar Bail\u00e9n"},{"@type":"BreadcrumbList","@id":"https:\/\/alcompasrevista.com\/va\/archivos\/12617#breadcrumb","itemListElement":[{"@type":"ListItem","position":1,"name":"Portada","item":"https:\/\/alcompasrevista.com\/va"},{"@type":"ListItem","position":2,"name":"Mar\u00eda del Pilar Bail\u00e9n, presidenta de la comarca Vega Baixa-Baix Vinalop\u00f3"}]},{"@type":"WebSite","@id":"https:\/\/alcompasrevista.com\/#website","url":"https:\/\/alcompasrevista.com\/","name":"Revista Al Comp\u00e0s","description":"Un proyecto de la Federaci\u00f3n de Sociedades Musicales de la Comunidad Valenciana","publisher":{"@id":"https:\/\/alcompasrevista.com\/#organization"},"potentialAction":[{"@type":"SearchAction","target":{"@type":"EntryPoint","urlTemplate":"https:\/\/alcompasrevista.com\/?s={search_term_string}"},"query-input":{"@type":"PropertyValueSpecification","valueRequired":true,"valueName":"search_term_string"}}],"inLanguage":"va"},{"@type":"Organization","@id":"https:\/\/alcompasrevista.com\/#organization","name":"Revista Al Comp\u00e0s","url":"https:\/\/alcompasrevista.com\/","logo":{"@type":"ImageObject","inLanguage":"va","@id":"https:\/\/alcompasrevista.com\/#\/schema\/logo\/image\/","url":"https:\/\/alcompasrevista.com\/wp-content\/uploads\/2022\/04\/cropped-loog_blanco.png","contentUrl":"https:\/\/alcompasrevista.com\/wp-content\/uploads\/2022\/04\/cropped-loog_blanco.png","width":1612,"height":724,"caption":"Revista Al Comp\u00e0s"},"image":{"@id":"https:\/\/alcompasrevista.com\/#\/schema\/logo\/image\/"}},{"@type":"Person","@id":"https:\/\/alcompasrevista.com\/#\/schema\/person\/0f092e7196386afa42171db0d19a38ff","name":"Redacci\u00f3n","image":{"@type":"ImageObject","inLanguage":"va","@id":"https:\/\/secure.gravatar.com\/avatar\/e2831619d4dae93995d3da450c50013d912e0b8bdf34d9ea00126d97c2b7702e?s=96&d=mm&r=g","url":"https:\/\/secure.gravatar.com\/avatar\/e2831619d4dae93995d3da450c50013d912e0b8bdf34d9ea00126d97c2b7702e?s=96&d=mm&r=g","contentUrl":"https:\/\/secure.gravatar.com\/avatar\/e2831619d4dae93995d3da450c50013d912e0b8bdf34d9ea00126d97c2b7702e?s=96&d=mm&r=g","caption":"Redacci\u00f3n"},"url":"https:\/\/alcompasrevista.com\/va\/archivos\/author\/257_webmaster"}]}},"_links":{"self":[{"href":"https:\/\/alcompasrevista.com\/va\/wp-json\/wp\/v2\/posts\/12617","targetHints":{"allow":["GET"]}}],"collection":[{"href":"https:\/\/alcompasrevista.com\/va\/wp-json\/wp\/v2\/posts"}],"about":[{"href":"https:\/\/alcompasrevista.com\/va\/wp-json\/wp\/v2\/types\/post"}],"author":[{"embeddable":true,"href":"https:\/\/alcompasrevista.com\/va\/wp-json\/wp\/v2\/users\/860004"}],"replies":[{"embeddable":true,"href":"https:\/\/alcompasrevista.com\/va\/wp-json\/wp\/v2\/comments?post=12617"}],"version-history":[{"count":0,"href":"https:\/\/alcompasrevista.com\/va\/wp-json\/wp\/v2\/posts\/12617\/revisions"}],"wp:featuredmedia":[{"embeddable":true,"href":"https:\/\/alcompasrevista.com\/va\/wp-json\/wp\/v2\/media\/12555"}],"wp:attachment":[{"href":"https:\/\/alcompasrevista.com\/va\/wp-json\/wp\/v2\/media?parent=12617"}],"wp:term":[{"taxonomy":"category","embeddable":true,"href":"https:\/\/alcompasrevista.com\/va\/wp-json\/wp\/v2\/categories?post=12617"},{"taxonomy":"post_tag","embeddable":true,"href":"https:\/\/alcompasrevista.com\/va\/wp-json\/wp\/v2\/tags?post=12617"},{"taxonomy":"portada","embeddable":true,"href":"https:\/\/alcompasrevista.com\/va\/wp-json\/wp\/v2\/portada?post=12617"}],"curies":[{"name":"wp","href":"https:\/\/api.w.org\/{rel}","templated":true}]}}