{"id":12588,"date":"2023-02-13T11:25:42","date_gmt":"2023-02-13T10:25:42","guid":{"rendered":"https:\/\/alcompasrevista.com\/?p=12588"},"modified":"2023-02-13T11:27:07","modified_gmt":"2023-02-13T10:27:07","slug":"la-banda-jove-de-lateneo-musical-de-cullera-interpreta-sis-primers-premis-del-i-concurs-de-composicio-internacional-emili-gimenez-bou","status":"publish","type":"post","link":"https:\/\/alcompasrevista.com\/va\/archivos\/12588","title":{"rendered":"La Banda Jove de l&#8217;Ateneo Musical de Cullera interpreta sis primers premis del I Concurs de Composici\u00f3 Internacional Emili Gim\u00e9nez Bou"},"content":{"rendered":"\n<p>La Banda Jove de la Societat Ateneo Musical de Cullera va interpretar el diumenge 12 de febrer fins a sis primers premis de la categoria &#8220;Obra per a Banda Juvenil&#8221; del I Concurs de Composici\u00f3 Internacional Emili Gim\u00e9nez Bou.<br>Les sis obres premiades s\u00f3n La ciudad eterna (Carlos Vall\u00e9s Donate), Diantre, el duende (David Rivas), Da Vinci (Felipe Vicente Manresa), Roma invicta (Ra\u00fal Dom\u00e9nech Rubio), La torre mora de Moixent (Jos\u00e9 Lu\u00eds Peir\u00f3 Roig) i Galiana (\u00c1ngel L. Fern\u00e1ndez). Les dues \u00faltimes, a m\u00e9s, van ser guardonades amb una menci\u00f3 d\u2019honor.<br>Per completar el concert, la banda interpretar\u00e0 The Happy Cyclist (Ted Huggens), Pepito Grillo (Ferrer Ferran), amb Candela Cort\u00e9s Ponce com a clarinet solista.<br>Despr\u00e9s del descans entre les dues parts del concert, el president de l\u2019Ateneo, Armand Calatayud, va fer entrega d\u2019una placa commemorativa a Jos\u00e9 Salmer\u00f3n Alemany, director de la Banda Jove entre els anys 2019 i 2022, pels seus anys de dedicaci\u00f3 a c\u00e0rrec de l\u2019agrupaci\u00f3.<br>Este concert entra dins la programaci\u00f3 del Cicle de Concerts d\u2019Hivern de l\u2019Ajuntament de Cullera, on l\u2019Ateneo ha estrenat fins a 13 de les obres premiades al I Concurs de Composici\u00f3 Internacional Emili Gim\u00e9nez Bou.<\/p>\n\n\n\n<figure class=\"wp-block-image size-full\"><img loading=\"lazy\" decoding=\"async\" width=\"760\" height=\"430\" src=\"https:\/\/alcompasrevista.com\/wp-content\/uploads\/2023\/02\/Diseno-sin-titulo-24.jpg\" alt=\"\" class=\"wp-image-12593\" srcset=\"https:\/\/alcompasrevista.com\/wp-content\/uploads\/2023\/02\/Diseno-sin-titulo-24.jpg 760w, https:\/\/alcompasrevista.com\/wp-content\/uploads\/2023\/02\/Diseno-sin-titulo-24-300x170.jpg 300w\" sizes=\"auto, (max-width: 760px) 100vw, 760px\" \/><figcaption class=\"wp-element-caption\">Compositors<\/figcaption><\/figure>\n","protected":false},"excerpt":{"rendered":"<p>Concurs de Composici\u00f3 Internacional Emili Gim\u00e9nez Bou<\/p>\n","protected":false},"author":860004,"featured_media":12589,"comment_status":"closed","ping_status":"closed","sticky":false,"template":"","format":"standard","meta":{"footnotes":""},"categories":[29],"tags":[],"portada":[744,743],"class_list":["post-12588","post","type-post","status-publish","format-standard","has-post-thumbnail","hentry","category-noticies-va","portada-concurs-de-composicio-internacional-emili-gimenez-bou","portada-lateneo-musical-de-cullera-3"],"yoast_head":"<!-- This site is optimized with the Yoast SEO plugin v27.4 - https:\/\/yoast.com\/product\/yoast-seo-wordpress\/ -->\n<title>La Banda Jove de l&#039;Ateneo Musical de Cullera interpreta sis primers premis del I Concurs de Composici\u00f3 Internacional Emili Gim\u00e9nez Bou - Revista Al Comp\u00e0s<\/title>\n<meta name=\"robots\" content=\"index, follow, max-snippet:-1, max-image-preview:large, max-video-preview:-1\" \/>\n<link rel=\"canonical\" href=\"https:\/\/alcompasrevista.com\/archivos\/12597\" \/>\n<meta property=\"og:locale\" content=\"en_US\" \/>\n<meta property=\"og:type\" content=\"article\" \/>\n<meta property=\"og:title\" content=\"La Banda Jove de l&#039;Ateneo Musical de Cullera interpreta sis primers premis del I Concurs de Composici\u00f3 Internacional Emili Gim\u00e9nez Bou - Revista Al Comp\u00e0s\" \/>\n<meta property=\"og:description\" content=\"Concurs de Composici\u00f3 Internacional Emili Gim\u00e9nez Bou\" \/>\n<meta property=\"og:url\" content=\"https:\/\/alcompasrevista.com\/archivos\/12597\" \/>\n<meta property=\"og:site_name\" content=\"Revista Al Comp\u00e0s\" \/>\n<meta property=\"article:published_time\" content=\"2023-02-13T10:25:42+00:00\" \/>\n<meta property=\"article:modified_time\" content=\"2023-02-13T10:27:07+00:00\" \/>\n<meta property=\"og:image\" content=\"https:\/\/alcompasrevista.com\/wp-content\/uploads\/2023\/02\/Diseno-sin-titulo-29.jpg\" \/>\n\t<meta property=\"og:image:width\" content=\"760\" \/>\n\t<meta property=\"og:image:height\" content=\"430\" \/>\n\t<meta property=\"og:image:type\" content=\"image\/jpeg\" \/>\n<meta name=\"author\" content=\"Redacci\u00f3n\" \/>\n<meta name=\"twitter:card\" content=\"summary_large_image\" \/>\n<meta name=\"twitter:label1\" content=\"Written by\" \/>\n\t<meta name=\"twitter:data1\" content=\"Redacci\u00f3\" \/>\n\t<meta name=\"twitter:label2\" content=\"Est. reading time\" \/>\n\t<meta name=\"twitter:data2\" content=\"2 minutes\" \/>\n<script type=\"application\/ld+json\" class=\"yoast-schema-graph\">{\"@context\":\"https:\\\/\\\/schema.org\",\"@graph\":[{\"@type\":\"Article\",\"@id\":\"https:\\\/\\\/alcompasrevista.com\\\/archivos\\\/12597#article\",\"isPartOf\":{\"@id\":\"https:\\\/\\\/alcompasrevista.com\\\/archivos\\\/12597\"},\"author\":{\"name\":\"Redacci\u00f3n\",\"@id\":\"https:\\\/\\\/alcompasrevista.com\\\/#\\\/schema\\\/person\\\/0f092e7196386afa42171db0d19a38ff\"},\"headline\":\"La Banda Jove de l&#8217;Ateneo Musical de Cullera interpreta sis primers premis del I Concurs de Composici\u00f3 Internacional Emili Gim\u00e9nez Bou\",\"datePublished\":\"2023-02-13T10:25:42+00:00\",\"dateModified\":\"2023-02-13T10:27:07+00:00\",\"mainEntityOfPage\":{\"@id\":\"https:\\\/\\\/alcompasrevista.com\\\/archivos\\\/12597\"},\"wordCount\":235,\"publisher\":{\"@id\":\"https:\\\/\\\/alcompasrevista.com\\\/#organization\"},\"image\":{\"@id\":\"https:\\\/\\\/alcompasrevista.com\\\/archivos\\\/12597#primaryimage\"},\"thumbnailUrl\":\"https:\\\/\\\/alcompasrevista.com\\\/wp-content\\\/uploads\\\/2023\\\/02\\\/Diseno-sin-titulo-29.jpg\",\"articleSection\":[\"#Not\u00edcies\"],\"inLanguage\":\"va\"},{\"@type\":\"WebPage\",\"@id\":\"https:\\\/\\\/alcompasrevista.com\\\/archivos\\\/12597\",\"url\":\"https:\\\/\\\/alcompasrevista.com\\\/archivos\\\/12597\",\"name\":\"La Banda Jove de l'Ateneo Musical de Cullera interpreta sis primers premis del I Concurs de Composici\u00f3 Internacional Emili Gim\u00e9nez Bou - Revista Al Comp\u00e0s\",\"isPartOf\":{\"@id\":\"https:\\\/\\\/alcompasrevista.com\\\/#website\"},\"primaryImageOfPage\":{\"@id\":\"https:\\\/\\\/alcompasrevista.com\\\/archivos\\\/12597#primaryimage\"},\"image\":{\"@id\":\"https:\\\/\\\/alcompasrevista.com\\\/archivos\\\/12597#primaryimage\"},\"thumbnailUrl\":\"https:\\\/\\\/alcompasrevista.com\\\/wp-content\\\/uploads\\\/2023\\\/02\\\/Diseno-sin-titulo-29.jpg\",\"datePublished\":\"2023-02-13T10:25:42+00:00\",\"dateModified\":\"2023-02-13T10:27:07+00:00\",\"breadcrumb\":{\"@id\":\"https:\\\/\\\/alcompasrevista.com\\\/archivos\\\/12597#breadcrumb\"},\"inLanguage\":\"va\",\"potentialAction\":[{\"@type\":\"ReadAction\",\"target\":[\"https:\\\/\\\/alcompasrevista.com\\\/archivos\\\/12597\"]}]},{\"@type\":\"ImageObject\",\"inLanguage\":\"va\",\"@id\":\"https:\\\/\\\/alcompasrevista.com\\\/archivos\\\/12597#primaryimage\",\"url\":\"https:\\\/\\\/alcompasrevista.com\\\/wp-content\\\/uploads\\\/2023\\\/02\\\/Diseno-sin-titulo-29.jpg\",\"contentUrl\":\"https:\\\/\\\/alcompasrevista.com\\\/wp-content\\\/uploads\\\/2023\\\/02\\\/Diseno-sin-titulo-29.jpg\",\"width\":760,\"height\":430},{\"@type\":\"BreadcrumbList\",\"@id\":\"https:\\\/\\\/alcompasrevista.com\\\/archivos\\\/12597#breadcrumb\",\"itemListElement\":[{\"@type\":\"ListItem\",\"position\":1,\"name\":\"Portada\",\"item\":\"https:\\\/\\\/alcompasrevista.com\\\/va\"},{\"@type\":\"ListItem\",\"position\":2,\"name\":\"La Banda Jove de l&#8217;Ateneo Musical de Cullera interpreta sis primers premis del I Concurs de Composici\u00f3 Internacional Emili Gim\u00e9nez Bou\"}]},{\"@type\":\"WebSite\",\"@id\":\"https:\\\/\\\/alcompasrevista.com\\\/#website\",\"url\":\"https:\\\/\\\/alcompasrevista.com\\\/\",\"name\":\"Revista Al Comp\u00e0s\",\"description\":\"Un proyecto de la Federaci\u00f3n de Sociedades Musicales de la Comunidad Valenciana\",\"publisher\":{\"@id\":\"https:\\\/\\\/alcompasrevista.com\\\/#organization\"},\"potentialAction\":[{\"@type\":\"SearchAction\",\"target\":{\"@type\":\"EntryPoint\",\"urlTemplate\":\"https:\\\/\\\/alcompasrevista.com\\\/?s={search_term_string}\"},\"query-input\":{\"@type\":\"PropertyValueSpecification\",\"valueRequired\":true,\"valueName\":\"search_term_string\"}}],\"inLanguage\":\"va\"},{\"@type\":\"Organization\",\"@id\":\"https:\\\/\\\/alcompasrevista.com\\\/#organization\",\"name\":\"Revista Al Comp\u00e0s\",\"url\":\"https:\\\/\\\/alcompasrevista.com\\\/\",\"logo\":{\"@type\":\"ImageObject\",\"inLanguage\":\"va\",\"@id\":\"https:\\\/\\\/alcompasrevista.com\\\/#\\\/schema\\\/logo\\\/image\\\/\",\"url\":\"https:\\\/\\\/alcompasrevista.com\\\/wp-content\\\/uploads\\\/2022\\\/04\\\/cropped-loog_blanco.png\",\"contentUrl\":\"https:\\\/\\\/alcompasrevista.com\\\/wp-content\\\/uploads\\\/2022\\\/04\\\/cropped-loog_blanco.png\",\"width\":1612,\"height\":724,\"caption\":\"Revista Al Comp\u00e0s\"},\"image\":{\"@id\":\"https:\\\/\\\/alcompasrevista.com\\\/#\\\/schema\\\/logo\\\/image\\\/\"}},{\"@type\":\"Person\",\"@id\":\"https:\\\/\\\/alcompasrevista.com\\\/#\\\/schema\\\/person\\\/0f092e7196386afa42171db0d19a38ff\",\"name\":\"Redacci\u00f3n\",\"image\":{\"@type\":\"ImageObject\",\"inLanguage\":\"va\",\"@id\":\"https:\\\/\\\/secure.gravatar.com\\\/avatar\\\/e2831619d4dae93995d3da450c50013d912e0b8bdf34d9ea00126d97c2b7702e?s=96&d=mm&r=g\",\"url\":\"https:\\\/\\\/secure.gravatar.com\\\/avatar\\\/e2831619d4dae93995d3da450c50013d912e0b8bdf34d9ea00126d97c2b7702e?s=96&d=mm&r=g\",\"contentUrl\":\"https:\\\/\\\/secure.gravatar.com\\\/avatar\\\/e2831619d4dae93995d3da450c50013d912e0b8bdf34d9ea00126d97c2b7702e?s=96&d=mm&r=g\",\"caption\":\"Redacci\u00f3n\"},\"url\":\"https:\\\/\\\/alcompasrevista.com\\\/va\\\/archivos\\\/author\\\/257_webmaster\"}]}<\/script>\n<!-- \/ Yoast SEO plugin. -->","yoast_head_json":{"title":"La Banda Jove de l'Ateneo Musical de Cullera interpreta sis primers premis del I Concurs de Composici\u00f3 Internacional Emili Gim\u00e9nez Bou - Revista Al Comp\u00e0s","robots":{"index":"index","follow":"follow","max-snippet":"max-snippet:-1","max-image-preview":"max-image-preview:large","max-video-preview":"max-video-preview:-1"},"canonical":"https:\/\/alcompasrevista.com\/archivos\/12597","og_locale":"en_US","og_type":"article","og_title":"La Banda Jove de l'Ateneo Musical de Cullera interpreta sis primers premis del I Concurs de Composici\u00f3 Internacional Emili Gim\u00e9nez Bou - Revista Al Comp\u00e0s","og_description":"Concurs de Composici\u00f3 Internacional Emili Gim\u00e9nez Bou","og_url":"https:\/\/alcompasrevista.com\/archivos\/12597","og_site_name":"Revista Al Comp\u00e0s","article_published_time":"2023-02-13T10:25:42+00:00","article_modified_time":"2023-02-13T10:27:07+00:00","og_image":[{"width":760,"height":430,"url":"https:\/\/alcompasrevista.com\/wp-content\/uploads\/2023\/02\/Diseno-sin-titulo-29.jpg","type":"image\/jpeg"}],"author":"Redacci\u00f3n","twitter_card":"summary_large_image","twitter_misc":{"Written by":"Redacci\u00f3","Est. reading time":"2 minutes"},"schema":{"@context":"https:\/\/schema.org","@graph":[{"@type":"Article","@id":"https:\/\/alcompasrevista.com\/archivos\/12597#article","isPartOf":{"@id":"https:\/\/alcompasrevista.com\/archivos\/12597"},"author":{"name":"Redacci\u00f3n","@id":"https:\/\/alcompasrevista.com\/#\/schema\/person\/0f092e7196386afa42171db0d19a38ff"},"headline":"La Banda Jove de l&#8217;Ateneo Musical de Cullera interpreta sis primers premis del I Concurs de Composici\u00f3 Internacional Emili Gim\u00e9nez Bou","datePublished":"2023-02-13T10:25:42+00:00","dateModified":"2023-02-13T10:27:07+00:00","mainEntityOfPage":{"@id":"https:\/\/alcompasrevista.com\/archivos\/12597"},"wordCount":235,"publisher":{"@id":"https:\/\/alcompasrevista.com\/#organization"},"image":{"@id":"https:\/\/alcompasrevista.com\/archivos\/12597#primaryimage"},"thumbnailUrl":"https:\/\/alcompasrevista.com\/wp-content\/uploads\/2023\/02\/Diseno-sin-titulo-29.jpg","articleSection":["#Not\u00edcies"],"inLanguage":"va"},{"@type":"WebPage","@id":"https:\/\/alcompasrevista.com\/archivos\/12597","url":"https:\/\/alcompasrevista.com\/archivos\/12597","name":"La Banda Jove de l'Ateneo Musical de Cullera interpreta sis primers premis del I Concurs de Composici\u00f3 Internacional Emili Gim\u00e9nez Bou - Revista Al Comp\u00e0s","isPartOf":{"@id":"https:\/\/alcompasrevista.com\/#website"},"primaryImageOfPage":{"@id":"https:\/\/alcompasrevista.com\/archivos\/12597#primaryimage"},"image":{"@id":"https:\/\/alcompasrevista.com\/archivos\/12597#primaryimage"},"thumbnailUrl":"https:\/\/alcompasrevista.com\/wp-content\/uploads\/2023\/02\/Diseno-sin-titulo-29.jpg","datePublished":"2023-02-13T10:25:42+00:00","dateModified":"2023-02-13T10:27:07+00:00","breadcrumb":{"@id":"https:\/\/alcompasrevista.com\/archivos\/12597#breadcrumb"},"inLanguage":"va","potentialAction":[{"@type":"ReadAction","target":["https:\/\/alcompasrevista.com\/archivos\/12597"]}]},{"@type":"ImageObject","inLanguage":"va","@id":"https:\/\/alcompasrevista.com\/archivos\/12597#primaryimage","url":"https:\/\/alcompasrevista.com\/wp-content\/uploads\/2023\/02\/Diseno-sin-titulo-29.jpg","contentUrl":"https:\/\/alcompasrevista.com\/wp-content\/uploads\/2023\/02\/Diseno-sin-titulo-29.jpg","width":760,"height":430},{"@type":"BreadcrumbList","@id":"https:\/\/alcompasrevista.com\/archivos\/12597#breadcrumb","itemListElement":[{"@type":"ListItem","position":1,"name":"Portada","item":"https:\/\/alcompasrevista.com\/va"},{"@type":"ListItem","position":2,"name":"La Banda Jove de l&#8217;Ateneo Musical de Cullera interpreta sis primers premis del I Concurs de Composici\u00f3 Internacional Emili Gim\u00e9nez Bou"}]},{"@type":"WebSite","@id":"https:\/\/alcompasrevista.com\/#website","url":"https:\/\/alcompasrevista.com\/","name":"Revista Al Comp\u00e0s","description":"Un proyecto de la Federaci\u00f3n de Sociedades Musicales de la Comunidad Valenciana","publisher":{"@id":"https:\/\/alcompasrevista.com\/#organization"},"potentialAction":[{"@type":"SearchAction","target":{"@type":"EntryPoint","urlTemplate":"https:\/\/alcompasrevista.com\/?s={search_term_string}"},"query-input":{"@type":"PropertyValueSpecification","valueRequired":true,"valueName":"search_term_string"}}],"inLanguage":"va"},{"@type":"Organization","@id":"https:\/\/alcompasrevista.com\/#organization","name":"Revista Al Comp\u00e0s","url":"https:\/\/alcompasrevista.com\/","logo":{"@type":"ImageObject","inLanguage":"va","@id":"https:\/\/alcompasrevista.com\/#\/schema\/logo\/image\/","url":"https:\/\/alcompasrevista.com\/wp-content\/uploads\/2022\/04\/cropped-loog_blanco.png","contentUrl":"https:\/\/alcompasrevista.com\/wp-content\/uploads\/2022\/04\/cropped-loog_blanco.png","width":1612,"height":724,"caption":"Revista Al Comp\u00e0s"},"image":{"@id":"https:\/\/alcompasrevista.com\/#\/schema\/logo\/image\/"}},{"@type":"Person","@id":"https:\/\/alcompasrevista.com\/#\/schema\/person\/0f092e7196386afa42171db0d19a38ff","name":"Redacci\u00f3n","image":{"@type":"ImageObject","inLanguage":"va","@id":"https:\/\/secure.gravatar.com\/avatar\/e2831619d4dae93995d3da450c50013d912e0b8bdf34d9ea00126d97c2b7702e?s=96&d=mm&r=g","url":"https:\/\/secure.gravatar.com\/avatar\/e2831619d4dae93995d3da450c50013d912e0b8bdf34d9ea00126d97c2b7702e?s=96&d=mm&r=g","contentUrl":"https:\/\/secure.gravatar.com\/avatar\/e2831619d4dae93995d3da450c50013d912e0b8bdf34d9ea00126d97c2b7702e?s=96&d=mm&r=g","caption":"Redacci\u00f3n"},"url":"https:\/\/alcompasrevista.com\/va\/archivos\/author\/257_webmaster"}]}},"_links":{"self":[{"href":"https:\/\/alcompasrevista.com\/va\/wp-json\/wp\/v2\/posts\/12588","targetHints":{"allow":["GET"]}}],"collection":[{"href":"https:\/\/alcompasrevista.com\/va\/wp-json\/wp\/v2\/posts"}],"about":[{"href":"https:\/\/alcompasrevista.com\/va\/wp-json\/wp\/v2\/types\/post"}],"author":[{"embeddable":true,"href":"https:\/\/alcompasrevista.com\/va\/wp-json\/wp\/v2\/users\/860004"}],"replies":[{"embeddable":true,"href":"https:\/\/alcompasrevista.com\/va\/wp-json\/wp\/v2\/comments?post=12588"}],"version-history":[{"count":0,"href":"https:\/\/alcompasrevista.com\/va\/wp-json\/wp\/v2\/posts\/12588\/revisions"}],"wp:featuredmedia":[{"embeddable":true,"href":"https:\/\/alcompasrevista.com\/va\/wp-json\/wp\/v2\/media\/12589"}],"wp:attachment":[{"href":"https:\/\/alcompasrevista.com\/va\/wp-json\/wp\/v2\/media?parent=12588"}],"wp:term":[{"taxonomy":"category","embeddable":true,"href":"https:\/\/alcompasrevista.com\/va\/wp-json\/wp\/v2\/categories?post=12588"},{"taxonomy":"post_tag","embeddable":true,"href":"https:\/\/alcompasrevista.com\/va\/wp-json\/wp\/v2\/tags?post=12588"},{"taxonomy":"portada","embeddable":true,"href":"https:\/\/alcompasrevista.com\/va\/wp-json\/wp\/v2\/portada?post=12588"}],"curies":[{"name":"wp","href":"https:\/\/api.w.org\/{rel}","templated":true}]}}