{"id":12361,"date":"2023-02-03T08:07:16","date_gmt":"2023-02-03T07:07:16","guid":{"rendered":"https:\/\/alcompasrevista.com\/?p=12361"},"modified":"2023-02-03T08:07:56","modified_gmt":"2023-02-03T07:07:56","slug":"celia-tora-mateo-assumix-la-batuta-de-la-banda-simfonica-de-dones-de-la-fsmcv-durant-2023","status":"publish","type":"post","link":"https:\/\/alcompasrevista.com\/va\/archivos\/12361","title":{"rendered":"Celia Tor\u00e1 Mateo assumix la batuta de la Banda Simf\u00f2nica de Dones de la FSMCV durant 2023"},"content":{"rendered":"\n<p><em>L&#8217;escollida per l&#8217;entitat \u00e9s l&#8217;actual titular de la Uni\u00f3n Musical Hond\u00f3n de los Frailes d&#8217;Alacant i acumula diversos premis com a directora<\/em>.<\/p>\n\n\n\n<p><em>Agafa el testimoni de Norma Comes en un c\u00e0rrec que es renova anualment<\/em>.<\/p>\n\n\n\n<p><strong>Celia Tor\u00e1 Mateo <\/strong>(Abanilla, M\u00farcia, 1990) ser\u00e0 la nova directora de la Banda Simf\u00f2nica de Dones de la Federaci\u00f3 de Societats Musicals de la Comunitat Valenciana (FSMCV). Aix\u00ed ho ha decidit la junta directiva de l&#8217;entitat per a un c\u00e0rrec que es renova anualment. Afaga la batuta de Norma Comes Vidal, titular de la formaci\u00f3 durant l&#8217;\u00faltim any natural.<\/p>\n\n\n\n<p>La flamant directora de la unitat de la Federaci\u00f3 \u00e9s actualment titular de la Uni\u00f3n Musical Hond\u00f3n de los Frailes, a Alacant, i en la seua ascendent traject\u00f2ria ha aconseguit distincions al capdavant de diferents formacions. Per exemple, en l&#8217;\u00faltim any ha sigut guanyadora del concurs internacional de direcci\u00f3 de bandes Bartolom\u00e9 P\u00e9rez Casas i finalista en el certamen internacional de direcci\u00f3 de bandes Vila de B\u00e9tera.<\/p>\n\n\n\n<p>En la seua experi\u00e8ncia amb la batuta acumula recitals amb la Banda Municipal de a Coru\u00f1a, la banda de la Uni\u00f3 Musical de Bocairent, l&#8217;Orquesta Sinf\u00f3nica de la Regi\u00f3n de Murcia o la Banda Simf\u00f2nica Ciutat de Val\u00e8ncia, entre altres.<\/p>\n\n\n\n<p>La seua educaci\u00f3 com a m\u00fasica ha estat unida al fagot, instrument amb el qual es va llicenciar en el conservatori superior Manuel Massotti Littel de M\u00farcia. All\u00ed mateix va obtindre el t\u00edtol de Direcci\u00f3 d&#8217;Orquestra, carrera en la qual va continuar la seua formaci\u00f3 amb mestres com Jos\u00e9 Rafael Pascual Vilaplana, Robert Trevi\u00f1o o Crist\u00f3bal Soler. Al mateix temps, ha sigut primer fagot en diferents formacions de M\u00farcia, Almeria, Alacant i Val\u00e8ncia, acumulant distincions en m\u00e9s d&#8217;una vintena de cert\u00e0mens.<\/p>\n\n\n\n<figure class=\"wp-block-image size-full\"><img loading=\"lazy\" decoding=\"async\" width=\"760\" height=\"430\" src=\"https:\/\/alcompasrevista.com\/wp-content\/uploads\/2023\/02\/directora-1.jpg\" alt=\"Celia Tor\u00e1 Mateo, durant un concert amb la Banda Ciutat de Val\u00e8ncia. \" class=\"wp-image-12362\" srcset=\"https:\/\/alcompasrevista.com\/wp-content\/uploads\/2023\/02\/directora-1.jpg 760w, https:\/\/alcompasrevista.com\/wp-content\/uploads\/2023\/02\/directora-1-300x170.jpg 300w\" sizes=\"auto, (max-width: 760px) 100vw, 760px\" \/><figcaption class=\"wp-element-caption\">Celia Tor\u00e1 Mateo, durant un concert amb la Banda Ciutat de Val\u00e8ncia. <\/figcaption><\/figure>\n\n\n\n<p><strong>La Banda Simf\u00f2nica de Dones de la FSMCV<\/strong><\/p>\n\n\n\n<p>El nou dest\u00ed de Celia Tor\u00e0 Mateo, la Banda Simf\u00f2nica de Dones de la FSMCV va ser creada en 2015 per a situar en el primer pla de l&#8217;escena musical una formaci\u00f3 \u00edntegrament de dones, com a reconeixement al treball de tantes int\u00e8rprets, directores, compositores i gestores culturals silenciades durant segles. La plantilla es compon de prop de 70 m\u00fasiques procedents de societats de la Comunitat Valenciana, amb edats compreses entre els 18 i els 60 anys. Aproximadament de la meitat de la unitat est\u00e0 formada per estudiants, fet que posa en relleu el valor formatiu d&#8217;este projecte.<\/p>\n","protected":false},"excerpt":{"rendered":"<p>Celia Tor\u00e1 Mateo, durant un concert amb la Banda Ciutat de Val\u00e8ncia. <\/p>\n","protected":false},"author":860004,"featured_media":12364,"comment_status":"closed","ping_status":"closed","sticky":false,"template":"","format":"standard","meta":{"footnotes":""},"categories":[29],"tags":[],"portada":[723,722,241],"class_list":["post-12361","post","type-post","status-publish","format-standard","has-post-thumbnail","hentry","category-noticies-va","portada-banda-simfonica-de-dones-de-la-fsmcv","portada-celia-tora-mateo","portada-fsmcv"],"yoast_head":"<!-- This site is optimized with the Yoast SEO plugin v27.4 - https:\/\/yoast.com\/product\/yoast-seo-wordpress\/ -->\n<title>Celia Tor\u00e1 Mateo assumix la batuta de la Banda Simf\u00f2nica de Dones de la FSMCV durant 2023 - Revista Al Comp\u00e0s<\/title>\n<meta name=\"robots\" content=\"index, follow, max-snippet:-1, max-image-preview:large, max-video-preview:-1\" \/>\n<link rel=\"canonical\" href=\"https:\/\/alcompasrevista.com\/archivos\/12369\" \/>\n<meta property=\"og:locale\" content=\"en_US\" \/>\n<meta property=\"og:type\" content=\"article\" \/>\n<meta property=\"og:title\" content=\"Celia Tor\u00e1 Mateo assumix la batuta de la Banda Simf\u00f2nica de Dones de la FSMCV durant 2023 - Revista Al Comp\u00e0s\" \/>\n<meta property=\"og:description\" content=\"Celia Tor\u00e1 Mateo, durant un concert amb la Banda Ciutat de Val\u00e8ncia.\" \/>\n<meta property=\"og:url\" content=\"https:\/\/alcompasrevista.com\/archivos\/12369\" \/>\n<meta property=\"og:site_name\" content=\"Revista Al Comp\u00e0s\" \/>\n<meta property=\"article:published_time\" content=\"2023-02-03T07:07:16+00:00\" \/>\n<meta property=\"article:modified_time\" content=\"2023-02-03T07:07:56+00:00\" \/>\n<meta property=\"og:image\" content=\"https:\/\/alcompasrevista.com\/wp-content\/uploads\/2023\/02\/directora-.jpg\" \/>\n\t<meta property=\"og:image:width\" content=\"760\" \/>\n\t<meta property=\"og:image:height\" content=\"430\" \/>\n\t<meta property=\"og:image:type\" content=\"image\/jpeg\" \/>\n<meta name=\"author\" content=\"Redacci\u00f3n\" \/>\n<meta name=\"twitter:card\" content=\"summary_large_image\" \/>\n<meta name=\"twitter:label1\" content=\"Written by\" \/>\n\t<meta name=\"twitter:data1\" content=\"Redacci\u00f3\" \/>\n\t<meta name=\"twitter:label2\" content=\"Est. reading time\" \/>\n\t<meta name=\"twitter:data2\" content=\"3 minutes\" \/>\n<script type=\"application\/ld+json\" class=\"yoast-schema-graph\">{\"@context\":\"https:\\\/\\\/schema.org\",\"@graph\":[{\"@type\":\"Article\",\"@id\":\"https:\\\/\\\/alcompasrevista.com\\\/archivos\\\/12369#article\",\"isPartOf\":{\"@id\":\"https:\\\/\\\/alcompasrevista.com\\\/archivos\\\/12369\"},\"author\":{\"name\":\"Redacci\u00f3n\",\"@id\":\"https:\\\/\\\/alcompasrevista.com\\\/#\\\/schema\\\/person\\\/0f092e7196386afa42171db0d19a38ff\"},\"headline\":\"Celia Tor\u00e1 Mateo assumix la batuta de la Banda Simf\u00f2nica de Dones de la FSMCV durant 2023\",\"datePublished\":\"2023-02-03T07:07:16+00:00\",\"dateModified\":\"2023-02-03T07:07:56+00:00\",\"mainEntityOfPage\":{\"@id\":\"https:\\\/\\\/alcompasrevista.com\\\/archivos\\\/12369\"},\"wordCount\":455,\"publisher\":{\"@id\":\"https:\\\/\\\/alcompasrevista.com\\\/#organization\"},\"image\":{\"@id\":\"https:\\\/\\\/alcompasrevista.com\\\/archivos\\\/12369#primaryimage\"},\"thumbnailUrl\":\"https:\\\/\\\/alcompasrevista.com\\\/wp-content\\\/uploads\\\/2023\\\/02\\\/directora-.jpg\",\"articleSection\":[\"#Not\u00edcies\"],\"inLanguage\":\"va\"},{\"@type\":\"WebPage\",\"@id\":\"https:\\\/\\\/alcompasrevista.com\\\/archivos\\\/12369\",\"url\":\"https:\\\/\\\/alcompasrevista.com\\\/archivos\\\/12369\",\"name\":\"Celia Tor\u00e1 Mateo assumix la batuta de la Banda Simf\u00f2nica de Dones de la FSMCV durant 2023 - Revista Al Comp\u00e0s\",\"isPartOf\":{\"@id\":\"https:\\\/\\\/alcompasrevista.com\\\/#website\"},\"primaryImageOfPage\":{\"@id\":\"https:\\\/\\\/alcompasrevista.com\\\/archivos\\\/12369#primaryimage\"},\"image\":{\"@id\":\"https:\\\/\\\/alcompasrevista.com\\\/archivos\\\/12369#primaryimage\"},\"thumbnailUrl\":\"https:\\\/\\\/alcompasrevista.com\\\/wp-content\\\/uploads\\\/2023\\\/02\\\/directora-.jpg\",\"datePublished\":\"2023-02-03T07:07:16+00:00\",\"dateModified\":\"2023-02-03T07:07:56+00:00\",\"breadcrumb\":{\"@id\":\"https:\\\/\\\/alcompasrevista.com\\\/archivos\\\/12369#breadcrumb\"},\"inLanguage\":\"va\",\"potentialAction\":[{\"@type\":\"ReadAction\",\"target\":[\"https:\\\/\\\/alcompasrevista.com\\\/archivos\\\/12369\"]}]},{\"@type\":\"ImageObject\",\"inLanguage\":\"va\",\"@id\":\"https:\\\/\\\/alcompasrevista.com\\\/archivos\\\/12369#primaryimage\",\"url\":\"https:\\\/\\\/alcompasrevista.com\\\/wp-content\\\/uploads\\\/2023\\\/02\\\/directora-.jpg\",\"contentUrl\":\"https:\\\/\\\/alcompasrevista.com\\\/wp-content\\\/uploads\\\/2023\\\/02\\\/directora-.jpg\",\"width\":760,\"height\":430,\"caption\":\"Celia Tor\u00e1 Mateo, durant un concert amb la Banda Ciutat de Val\u00e8ncia.\"},{\"@type\":\"BreadcrumbList\",\"@id\":\"https:\\\/\\\/alcompasrevista.com\\\/archivos\\\/12369#breadcrumb\",\"itemListElement\":[{\"@type\":\"ListItem\",\"position\":1,\"name\":\"Portada\",\"item\":\"https:\\\/\\\/alcompasrevista.com\\\/va\"},{\"@type\":\"ListItem\",\"position\":2,\"name\":\"Celia Tor\u00e1 Mateo assumix la batuta de la Banda Simf\u00f2nica de Dones de la FSMCV durant 2023\"}]},{\"@type\":\"WebSite\",\"@id\":\"https:\\\/\\\/alcompasrevista.com\\\/#website\",\"url\":\"https:\\\/\\\/alcompasrevista.com\\\/\",\"name\":\"Revista Al Comp\u00e0s\",\"description\":\"Un proyecto de la Federaci\u00f3n de Sociedades Musicales de la Comunidad Valenciana\",\"publisher\":{\"@id\":\"https:\\\/\\\/alcompasrevista.com\\\/#organization\"},\"potentialAction\":[{\"@type\":\"SearchAction\",\"target\":{\"@type\":\"EntryPoint\",\"urlTemplate\":\"https:\\\/\\\/alcompasrevista.com\\\/?s={search_term_string}\"},\"query-input\":{\"@type\":\"PropertyValueSpecification\",\"valueRequired\":true,\"valueName\":\"search_term_string\"}}],\"inLanguage\":\"va\"},{\"@type\":\"Organization\",\"@id\":\"https:\\\/\\\/alcompasrevista.com\\\/#organization\",\"name\":\"Revista Al Comp\u00e0s\",\"url\":\"https:\\\/\\\/alcompasrevista.com\\\/\",\"logo\":{\"@type\":\"ImageObject\",\"inLanguage\":\"va\",\"@id\":\"https:\\\/\\\/alcompasrevista.com\\\/#\\\/schema\\\/logo\\\/image\\\/\",\"url\":\"https:\\\/\\\/alcompasrevista.com\\\/wp-content\\\/uploads\\\/2022\\\/04\\\/cropped-loog_blanco.png\",\"contentUrl\":\"https:\\\/\\\/alcompasrevista.com\\\/wp-content\\\/uploads\\\/2022\\\/04\\\/cropped-loog_blanco.png\",\"width\":1612,\"height\":724,\"caption\":\"Revista Al Comp\u00e0s\"},\"image\":{\"@id\":\"https:\\\/\\\/alcompasrevista.com\\\/#\\\/schema\\\/logo\\\/image\\\/\"}},{\"@type\":\"Person\",\"@id\":\"https:\\\/\\\/alcompasrevista.com\\\/#\\\/schema\\\/person\\\/0f092e7196386afa42171db0d19a38ff\",\"name\":\"Redacci\u00f3n\",\"image\":{\"@type\":\"ImageObject\",\"inLanguage\":\"va\",\"@id\":\"https:\\\/\\\/secure.gravatar.com\\\/avatar\\\/e2831619d4dae93995d3da450c50013d912e0b8bdf34d9ea00126d97c2b7702e?s=96&d=mm&r=g\",\"url\":\"https:\\\/\\\/secure.gravatar.com\\\/avatar\\\/e2831619d4dae93995d3da450c50013d912e0b8bdf34d9ea00126d97c2b7702e?s=96&d=mm&r=g\",\"contentUrl\":\"https:\\\/\\\/secure.gravatar.com\\\/avatar\\\/e2831619d4dae93995d3da450c50013d912e0b8bdf34d9ea00126d97c2b7702e?s=96&d=mm&r=g\",\"caption\":\"Redacci\u00f3n\"},\"url\":\"https:\\\/\\\/alcompasrevista.com\\\/va\\\/archivos\\\/author\\\/257_webmaster\"}]}<\/script>\n<!-- \/ Yoast SEO plugin. -->","yoast_head_json":{"title":"Celia Tor\u00e1 Mateo assumix la batuta de la Banda Simf\u00f2nica de Dones de la FSMCV durant 2023 - Revista Al Comp\u00e0s","robots":{"index":"index","follow":"follow","max-snippet":"max-snippet:-1","max-image-preview":"max-image-preview:large","max-video-preview":"max-video-preview:-1"},"canonical":"https:\/\/alcompasrevista.com\/archivos\/12369","og_locale":"en_US","og_type":"article","og_title":"Celia Tor\u00e1 Mateo assumix la batuta de la Banda Simf\u00f2nica de Dones de la FSMCV durant 2023 - Revista Al Comp\u00e0s","og_description":"Celia Tor\u00e1 Mateo, durant un concert amb la Banda Ciutat de Val\u00e8ncia.","og_url":"https:\/\/alcompasrevista.com\/archivos\/12369","og_site_name":"Revista Al Comp\u00e0s","article_published_time":"2023-02-03T07:07:16+00:00","article_modified_time":"2023-02-03T07:07:56+00:00","og_image":[{"width":760,"height":430,"url":"https:\/\/alcompasrevista.com\/wp-content\/uploads\/2023\/02\/directora-.jpg","type":"image\/jpeg"}],"author":"Redacci\u00f3n","twitter_card":"summary_large_image","twitter_misc":{"Written by":"Redacci\u00f3","Est. reading time":"3 minutes"},"schema":{"@context":"https:\/\/schema.org","@graph":[{"@type":"Article","@id":"https:\/\/alcompasrevista.com\/archivos\/12369#article","isPartOf":{"@id":"https:\/\/alcompasrevista.com\/archivos\/12369"},"author":{"name":"Redacci\u00f3n","@id":"https:\/\/alcompasrevista.com\/#\/schema\/person\/0f092e7196386afa42171db0d19a38ff"},"headline":"Celia Tor\u00e1 Mateo assumix la batuta de la Banda Simf\u00f2nica de Dones de la FSMCV durant 2023","datePublished":"2023-02-03T07:07:16+00:00","dateModified":"2023-02-03T07:07:56+00:00","mainEntityOfPage":{"@id":"https:\/\/alcompasrevista.com\/archivos\/12369"},"wordCount":455,"publisher":{"@id":"https:\/\/alcompasrevista.com\/#organization"},"image":{"@id":"https:\/\/alcompasrevista.com\/archivos\/12369#primaryimage"},"thumbnailUrl":"https:\/\/alcompasrevista.com\/wp-content\/uploads\/2023\/02\/directora-.jpg","articleSection":["#Not\u00edcies"],"inLanguage":"va"},{"@type":"WebPage","@id":"https:\/\/alcompasrevista.com\/archivos\/12369","url":"https:\/\/alcompasrevista.com\/archivos\/12369","name":"Celia Tor\u00e1 Mateo assumix la batuta de la Banda Simf\u00f2nica de Dones de la FSMCV durant 2023 - Revista Al Comp\u00e0s","isPartOf":{"@id":"https:\/\/alcompasrevista.com\/#website"},"primaryImageOfPage":{"@id":"https:\/\/alcompasrevista.com\/archivos\/12369#primaryimage"},"image":{"@id":"https:\/\/alcompasrevista.com\/archivos\/12369#primaryimage"},"thumbnailUrl":"https:\/\/alcompasrevista.com\/wp-content\/uploads\/2023\/02\/directora-.jpg","datePublished":"2023-02-03T07:07:16+00:00","dateModified":"2023-02-03T07:07:56+00:00","breadcrumb":{"@id":"https:\/\/alcompasrevista.com\/archivos\/12369#breadcrumb"},"inLanguage":"va","potentialAction":[{"@type":"ReadAction","target":["https:\/\/alcompasrevista.com\/archivos\/12369"]}]},{"@type":"ImageObject","inLanguage":"va","@id":"https:\/\/alcompasrevista.com\/archivos\/12369#primaryimage","url":"https:\/\/alcompasrevista.com\/wp-content\/uploads\/2023\/02\/directora-.jpg","contentUrl":"https:\/\/alcompasrevista.com\/wp-content\/uploads\/2023\/02\/directora-.jpg","width":760,"height":430,"caption":"Celia Tor\u00e1 Mateo, durant un concert amb la Banda Ciutat de Val\u00e8ncia."},{"@type":"BreadcrumbList","@id":"https:\/\/alcompasrevista.com\/archivos\/12369#breadcrumb","itemListElement":[{"@type":"ListItem","position":1,"name":"Portada","item":"https:\/\/alcompasrevista.com\/va"},{"@type":"ListItem","position":2,"name":"Celia Tor\u00e1 Mateo assumix la batuta de la Banda Simf\u00f2nica de Dones de la FSMCV durant 2023"}]},{"@type":"WebSite","@id":"https:\/\/alcompasrevista.com\/#website","url":"https:\/\/alcompasrevista.com\/","name":"Revista Al Comp\u00e0s","description":"Un proyecto de la Federaci\u00f3n de Sociedades Musicales de la Comunidad Valenciana","publisher":{"@id":"https:\/\/alcompasrevista.com\/#organization"},"potentialAction":[{"@type":"SearchAction","target":{"@type":"EntryPoint","urlTemplate":"https:\/\/alcompasrevista.com\/?s={search_term_string}"},"query-input":{"@type":"PropertyValueSpecification","valueRequired":true,"valueName":"search_term_string"}}],"inLanguage":"va"},{"@type":"Organization","@id":"https:\/\/alcompasrevista.com\/#organization","name":"Revista Al Comp\u00e0s","url":"https:\/\/alcompasrevista.com\/","logo":{"@type":"ImageObject","inLanguage":"va","@id":"https:\/\/alcompasrevista.com\/#\/schema\/logo\/image\/","url":"https:\/\/alcompasrevista.com\/wp-content\/uploads\/2022\/04\/cropped-loog_blanco.png","contentUrl":"https:\/\/alcompasrevista.com\/wp-content\/uploads\/2022\/04\/cropped-loog_blanco.png","width":1612,"height":724,"caption":"Revista Al Comp\u00e0s"},"image":{"@id":"https:\/\/alcompasrevista.com\/#\/schema\/logo\/image\/"}},{"@type":"Person","@id":"https:\/\/alcompasrevista.com\/#\/schema\/person\/0f092e7196386afa42171db0d19a38ff","name":"Redacci\u00f3n","image":{"@type":"ImageObject","inLanguage":"va","@id":"https:\/\/secure.gravatar.com\/avatar\/e2831619d4dae93995d3da450c50013d912e0b8bdf34d9ea00126d97c2b7702e?s=96&d=mm&r=g","url":"https:\/\/secure.gravatar.com\/avatar\/e2831619d4dae93995d3da450c50013d912e0b8bdf34d9ea00126d97c2b7702e?s=96&d=mm&r=g","contentUrl":"https:\/\/secure.gravatar.com\/avatar\/e2831619d4dae93995d3da450c50013d912e0b8bdf34d9ea00126d97c2b7702e?s=96&d=mm&r=g","caption":"Redacci\u00f3n"},"url":"https:\/\/alcompasrevista.com\/va\/archivos\/author\/257_webmaster"}]}},"_links":{"self":[{"href":"https:\/\/alcompasrevista.com\/va\/wp-json\/wp\/v2\/posts\/12361","targetHints":{"allow":["GET"]}}],"collection":[{"href":"https:\/\/alcompasrevista.com\/va\/wp-json\/wp\/v2\/posts"}],"about":[{"href":"https:\/\/alcompasrevista.com\/va\/wp-json\/wp\/v2\/types\/post"}],"author":[{"embeddable":true,"href":"https:\/\/alcompasrevista.com\/va\/wp-json\/wp\/v2\/users\/860004"}],"replies":[{"embeddable":true,"href":"https:\/\/alcompasrevista.com\/va\/wp-json\/wp\/v2\/comments?post=12361"}],"version-history":[{"count":0,"href":"https:\/\/alcompasrevista.com\/va\/wp-json\/wp\/v2\/posts\/12361\/revisions"}],"wp:featuredmedia":[{"embeddable":true,"href":"https:\/\/alcompasrevista.com\/va\/wp-json\/wp\/v2\/media\/12364"}],"wp:attachment":[{"href":"https:\/\/alcompasrevista.com\/va\/wp-json\/wp\/v2\/media?parent=12361"}],"wp:term":[{"taxonomy":"category","embeddable":true,"href":"https:\/\/alcompasrevista.com\/va\/wp-json\/wp\/v2\/categories?post=12361"},{"taxonomy":"post_tag","embeddable":true,"href":"https:\/\/alcompasrevista.com\/va\/wp-json\/wp\/v2\/tags?post=12361"},{"taxonomy":"portada","embeddable":true,"href":"https:\/\/alcompasrevista.com\/va\/wp-json\/wp\/v2\/portada?post=12361"}],"curies":[{"name":"wp","href":"https:\/\/api.w.org\/{rel}","templated":true}]}}