{"id":12268,"date":"2023-01-31T15:11:30","date_gmt":"2023-01-31T14:11:30","guid":{"rendered":"https:\/\/alcompasrevista.com\/?p=12268"},"modified":"2023-01-31T16:04:20","modified_gmt":"2023-01-31T15:04:20","slug":"musics-amb-d-o-cesar-roig-gracies-a-la-meua-banda-soc-qui-soc","status":"publish","type":"post","link":"https:\/\/alcompasrevista.com\/va\/archivos\/12268","title":{"rendered":"M\u00fasics amb D.O: C\u00e9sar Roig \u201cGr\u00e0cies a la meua banda soc qui soc\u201d"},"content":{"rendered":"\n<p>C\u00e9sar Roig viu a Montevideo, l&#8217;Uruguai. Es tromb\u00f3 solista de l&#8217;Orquesta Nacional del Sodre i professor del sistema d&#8217;orquestres juvenils de l&#8217;Uruguai. En l&#8217;\u00e0mbit orquestral ha col\u00b7laborat amb formacions com ara l\u2019Orquestra de RTVE, el Liceu de Barcelona, l&#8217;Orquestra del Vall\u00e9s, l&#8217;orquestra de Granada, la London Symphony i Ensemble Intercontemporain.<\/p>\n\n\n\n<p><strong>Al Comp\u00e0s: En quina societat vas comen\u00e7ar la teua carrera musical i com van ser els comen\u00e7aments?<\/strong><\/p>\n\n\n\n<p><strong>C\u00e9sar Roig:<\/strong> Vaig comen\u00e7ar els estudis musicals en la societat musical Uni\u00f3 Musical L\u2019Aranya d&#8217;Albaida, per a despr\u00e9s seguir en el Conservatori d&#8217;Ontinyent. El meu comen\u00e7ament fins a l&#8217;actualitat sempre ha anat de la m\u00e0 de qui ha sigut i \u00e9s una inspiraci\u00f3 per a mi: el meu oncle Mario Roig qui em va introduir en aquest meravell\u00f3s m\u00f3n de la m\u00fasica.&nbsp;<\/p>\n\n\n\n<p>Els inicis s\u00f3n il\u00b7lusionants, aprendre l&#8217;instrument, les primeres audicions, esperar a poder formar part de la banda juvenil; una motivaci\u00f3 constant que et mantenia amb la m\u00e0xima energia per a seguir en el cam\u00ed de la m\u00fasica.<\/p>\n\n\n\n<p><strong>A.C: Ha sigut important la Uni\u00f3 Musical d&#8217;Albaida l&#8217;Aranya en la teua vida?<\/strong><\/p>\n\n\n\n<p><strong>C.R:<\/strong> La Uni\u00f3 Musical d&#8217;Albaida l&#8217;Aranya<strong> <\/strong>continua sent important actualment, encara que \u00f2bviament no puc eatr present major part de l&#8217;any, no dubte a anar quan torne a Albaida. Gr\u00e0cies a la meua banda soc qui soc.&nbsp;<\/p>\n\n\n\n<p>Amb L\u2019Aranya vaig aprendre a amar la m\u00fasica, a valorar les bandes de m\u00fasica com a ens principal de la cultura i a defensar un g\u00e8nere \u00fanic que ens pertany com \u00e9s la m\u00fasica festera.<\/p>\n\n\n\n<p>Un altre factor molt important \u00e9s que la meua banda la formen gent molt volguda i admirada per mi, en ella est\u00e0 mon pare, el meu oncle, dos cosines, dos cosins i els meus millors amics. Com podreu entendre, L\u2019Aranya \u00e9s part imprescindible en la meua vida.<\/p>\n\n\n\n<p><strong>A.C: Recordes alguna an\u00e8cdota?<\/strong><\/p>\n\n\n\n<p><strong>C.R:<\/strong> Tinc diverses an\u00e8cdotes, comen\u00e7ar\u00e9 per la participaci\u00f3 en el certamen de bandes juvenils de Beniarr\u00e9s en el qual particip\u00e0rem juntament amb la banda juvenil en la meua etapa de director, aconseguirem formar un grup d&#8217;una qualitat humana incre\u00efble, en el qual gaudirem com mai. Aconseguirem un segon premi que ens va fer gust de gl\u00f2ria i que recorde amb molt d&#8217;afecte. Cada festa als pobles ve\u00efns i cada concert realitzat, com aqueix <em>Praise Jerusalem<\/em> d&#8217;Alfred Reed on els metalls tocarem des dels balcons del Palau Marquesal, l&#8217;estrena de <em>Pacos del Gurug\u00fa<\/em> de Ram\u00f3n Garc\u00eda a Mutxamel, amb un muntatge \u00fanic que van preparar, la participaci\u00f3 en el Certamen Internacional de Val\u00e8ncia i les milers de riajes ue ens hem pegat en cada lloc que hem estat.<\/p>\n\n\n\n<p><strong>A.C: Tens contacte amb la Societat en aquests moments?<\/strong><\/p>\n\n\n\n<p><strong>C.R:<\/strong> S\u00ed, continue sent membre actiu de la meua banda. Reconeixer\u00e9 alguna cosa, sent nost\u00e0lgia cada divendres a la nit.<\/p>\n\n\n\n<p><strong>A.C: Qu\u00e8 et va fer decantar-te pel tromb\u00f3?&nbsp;<\/strong><\/p>\n\n\n\n<p><strong>C.R:<\/strong> Em vaig decantar pel tromb\u00f3 gr\u00e0cies al meu oncle que va saber h\u00e0bilment enlluernar-me amb aquest meravell\u00f3s instrument.<\/p>\n\n\n\n<p><strong>A.C:&nbsp;Com \u00e9s el teixit musical a l&#8217;Uruguai? En qu\u00e8 s&#8217;assembla i en qu\u00e8 es diferencia al de la Comunitat Valenciana?<\/strong><\/p>\n\n\n\n<p><strong>C.R:<\/strong> L&#8217;Uruguai t\u00e9 una xarxa d&#8217;escoles de m\u00fasica basada en el sistema d&#8217;orquestres juvenil i infantils de Vene\u00e7uela que, igual que en la Comunitat Valenciana, aporten educaci\u00f3 i cultura als seus respectius pobles.&nbsp;<\/p>\n\n\n\n<p>L&#8217;Uruguai disposa de dos orquestres professionals, la Filharm\u00f2nica i la Nacional, a m\u00e9s de la Banda Municipal de Montevideo. Al pa\u00eds podem trobar algunes bandes municipals que incorporen teclats, sota el\u00e8ctric i percussi\u00f3 llatina, sent el repertori popular el que m\u00e9s es desenvolupa per aquestes latituds.<\/p>\n\n\n\n<p><strong>A.C:&nbsp;Qu\u00e8 t&#8217;ha aportat l&#8217;eixir fora d&#8217;Espanya?<\/strong><\/p>\n\n\n\n<p><strong>C.R:<\/strong> Eixir d&#8217;Espanya m&#8217;ha aportat un sense fi de beneficis com descobrir noves cultures i maneres d&#8217;entendre la vida. Aquesta \u00e9s una experi\u00e8ncia \u00fanica que et refor\u00e7a com a \u00e9sser hum\u00e0. Adaptar-se a la idiosincr\u00e0sia d&#8217;un lloc que no t\u00e9 cap relaci\u00f3 amb el que tenim com establit en els c\u00e0nons de la nostra naturalesa, \u00e9s un gran exemple d&#8217;humilitat. Con\u00e9ixer i compartir llocs i m\u00fasics d&#8217;altres parts del m\u00f3n et fa entendre el fascinant de la vida i posar en valor m\u00e9s encara, si cap, tot all\u00f2 que un sent com a nostre.<\/p>\n\n\n\n<p><strong>A.C:&nbsp;Sols tornar a Espanya i participar de la m\u00fasica?<\/strong><\/p>\n\n\n\n<p><strong>C.R:<\/strong> Normalment torne a Espanya en el per\u00edode de vacances o per a realitzar algun projecte que puga sorgir. Actualment tinc una bona relaci\u00f3 amb els amics de l\u2019Orquestra Simf\u00f2nica del Vall\u00e9s i em solen convidar a tocar amb ells quan estic per la <em>Terreta<\/em>. Tamb\u00e9 participe de les activitats de la meua banda durant el per\u00edode de temps que estic per casa.<\/p>\n\n\n\n<p><strong>A.C:&nbsp;Quins plans musicals tens actualment?<\/strong><\/p>\n\n\n\n<p><strong>C.R:<\/strong> Actualment s\u00f3c m\u00fasic de l&#8217;Orquestra Nacional de l&#8217;Uruguai (OSSODRE), a m\u00e9s d&#8217;estudiar la carrera de direcci\u00f3 orquestral en la Universitat de la Republica i continue formant-me en l\u2019ambit de la direcci\u00f3 en alguns cursos a Buenos Aires (l&#8217;Argentina).<\/p>\n\n\n\n<p><strong>A.C:&nbsp;I quins plans de futur musicals tens?<\/strong><\/p>\n\n\n\n<p><strong>C.R:<\/strong> Per al mes vinent de febrer estar\u00e9 realitzant un projecte amb la Lucerne Contemporany Orchestra en el Elbphilarmonie d&#8217;Hamburg dins del marc del festival Elb Visions. Viatjar\u00e9 a Paraguai per primera vegada per a dictar unes classes i realitzar alguns recitals a Asunci\u00f3n.&nbsp;<\/p>\n\n\n\n<p><strong>A.C:&nbsp;Un consell a alg\u00fa que ara mateix deixa la Comunitat Valenciana per a anar-se a tocar fora.<\/strong><\/p>\n\n\n\n<p><strong>C.R:<\/strong> Li diria que els somnis s\u00f3n tangibles, per\u00f2 moltes vegades no estan on un volguera que estiguen, aix\u00ed que no tinguen por a eixir a descobrir el m\u00f3n que \u00e9s meravell\u00f3s i est\u00e0 ple d&#8217;oportunitats.&nbsp;<\/p>\n","protected":false},"excerpt":{"rendered":"<p>C\u00e9sar Roig viu a Montevideo, l&#8217;Uruguai. Es tromb\u00f3 solista de l&#8217;Orquesta Nacional del Sodre i professor del sistema d&#8217;orquestres juvenils de l&#8217;Uruguai.<\/p>\n","protected":false},"author":860004,"featured_media":12266,"comment_status":"closed","ping_status":"closed","sticky":false,"template":"","format":"standard","meta":{"footnotes":""},"categories":[28],"tags":[713,714],"portada":[710,712],"class_list":["post-12268","post","type-post","status-publish","format-standard","has-post-thumbnail","hentry","category-laterreta-va","tag-cesar-roig-va","tag-musicos-con-d-o-va","portada-cesar-roig","portada-musicos-con-d-o"],"yoast_head":"<!-- This site is optimized with the Yoast SEO plugin v27.4 - https:\/\/yoast.com\/product\/yoast-seo-wordpress\/ -->\n<title>M\u00fasics amb D.O: C\u00e9sar Roig \u201cGr\u00e0cies a la meua banda soc qui soc\u201d - Revista Al Comp\u00e0s<\/title>\n<meta name=\"robots\" content=\"index, follow, max-snippet:-1, max-image-preview:large, max-video-preview:-1\" \/>\n<link rel=\"canonical\" href=\"https:\/\/alcompasrevista.com\/archivos\/12264\" \/>\n<meta property=\"og:locale\" content=\"en_US\" \/>\n<meta property=\"og:type\" content=\"article\" \/>\n<meta property=\"og:title\" content=\"M\u00fasics amb D.O: C\u00e9sar Roig \u201cGr\u00e0cies a la meua banda soc qui soc\u201d - Revista Al Comp\u00e0s\" \/>\n<meta property=\"og:description\" content=\"C\u00e9sar Roig viu a Montevideo, l&#039;Uruguai. Es tromb\u00f3 solista de l&#039;Orquesta Nacional del Sodre i professor del sistema d&#039;orquestres juvenils de l&#039;Uruguai.\" \/>\n<meta property=\"og:url\" content=\"https:\/\/alcompasrevista.com\/archivos\/12264\" \/>\n<meta property=\"og:site_name\" content=\"Revista Al Comp\u00e0s\" \/>\n<meta property=\"article:published_time\" content=\"2023-01-31T14:11:30+00:00\" \/>\n<meta property=\"article:modified_time\" content=\"2023-01-31T15:04:20+00:00\" \/>\n<meta property=\"og:image\" content=\"https:\/\/alcompasrevista.com\/wp-content\/uploads\/2023\/01\/Para-Web-Cesar-Roig.jpg\" \/>\n\t<meta property=\"og:image:width\" content=\"760\" \/>\n\t<meta property=\"og:image:height\" content=\"430\" \/>\n\t<meta property=\"og:image:type\" content=\"image\/jpeg\" \/>\n<meta name=\"author\" content=\"Redacci\u00f3n\" \/>\n<meta name=\"twitter:card\" content=\"summary_large_image\" \/>\n<meta name=\"twitter:label1\" content=\"Written by\" \/>\n\t<meta name=\"twitter:data1\" content=\"Redacci\u00f3\" \/>\n\t<meta name=\"twitter:label2\" content=\"Est. reading time\" \/>\n\t<meta name=\"twitter:data2\" content=\"5 minutes\" \/>\n<script type=\"application\/ld+json\" class=\"yoast-schema-graph\">{\"@context\":\"https:\\\/\\\/schema.org\",\"@graph\":[{\"@type\":\"Article\",\"@id\":\"https:\\\/\\\/alcompasrevista.com\\\/archivos\\\/12264#article\",\"isPartOf\":{\"@id\":\"https:\\\/\\\/alcompasrevista.com\\\/archivos\\\/12264\"},\"author\":{\"name\":\"Redacci\u00f3n\",\"@id\":\"https:\\\/\\\/alcompasrevista.com\\\/#\\\/schema\\\/person\\\/0f092e7196386afa42171db0d19a38ff\"},\"headline\":\"M\u00fasics amb D.O: C\u00e9sar Roig \u201cGr\u00e0cies a la meua banda soc qui soc\u201d\",\"datePublished\":\"2023-01-31T14:11:30+00:00\",\"dateModified\":\"2023-01-31T15:04:20+00:00\",\"mainEntityOfPage\":{\"@id\":\"https:\\\/\\\/alcompasrevista.com\\\/archivos\\\/12264\"},\"wordCount\":1070,\"publisher\":{\"@id\":\"https:\\\/\\\/alcompasrevista.com\\\/#organization\"},\"image\":{\"@id\":\"https:\\\/\\\/alcompasrevista.com\\\/archivos\\\/12264#primaryimage\"},\"thumbnailUrl\":\"https:\\\/\\\/alcompasrevista.com\\\/wp-content\\\/uploads\\\/2023\\\/01\\\/Para-Web-Cesar-Roig.jpg\",\"keywords\":[\"C\u00e9sar Roig\",\"M\u00fasicos con D.O\"],\"articleSection\":[\"#Laterreta\"],\"inLanguage\":\"va\"},{\"@type\":\"WebPage\",\"@id\":\"https:\\\/\\\/alcompasrevista.com\\\/archivos\\\/12264\",\"url\":\"https:\\\/\\\/alcompasrevista.com\\\/archivos\\\/12264\",\"name\":\"M\u00fasics amb D.O: C\u00e9sar Roig \u201cGr\u00e0cies a la meua banda soc qui soc\u201d - Revista Al Comp\u00e0s\",\"isPartOf\":{\"@id\":\"https:\\\/\\\/alcompasrevista.com\\\/#website\"},\"primaryImageOfPage\":{\"@id\":\"https:\\\/\\\/alcompasrevista.com\\\/archivos\\\/12264#primaryimage\"},\"image\":{\"@id\":\"https:\\\/\\\/alcompasrevista.com\\\/archivos\\\/12264#primaryimage\"},\"thumbnailUrl\":\"https:\\\/\\\/alcompasrevista.com\\\/wp-content\\\/uploads\\\/2023\\\/01\\\/Para-Web-Cesar-Roig.jpg\",\"datePublished\":\"2023-01-31T14:11:30+00:00\",\"dateModified\":\"2023-01-31T15:04:20+00:00\",\"breadcrumb\":{\"@id\":\"https:\\\/\\\/alcompasrevista.com\\\/archivos\\\/12264#breadcrumb\"},\"inLanguage\":\"va\",\"potentialAction\":[{\"@type\":\"ReadAction\",\"target\":[\"https:\\\/\\\/alcompasrevista.com\\\/archivos\\\/12264\"]}]},{\"@type\":\"ImageObject\",\"inLanguage\":\"va\",\"@id\":\"https:\\\/\\\/alcompasrevista.com\\\/archivos\\\/12264#primaryimage\",\"url\":\"https:\\\/\\\/alcompasrevista.com\\\/wp-content\\\/uploads\\\/2023\\\/01\\\/Para-Web-Cesar-Roig.jpg\",\"contentUrl\":\"https:\\\/\\\/alcompasrevista.com\\\/wp-content\\\/uploads\\\/2023\\\/01\\\/Para-Web-Cesar-Roig.jpg\",\"width\":760,\"height\":430,\"caption\":\"C\u00e9sar Roig\"},{\"@type\":\"BreadcrumbList\",\"@id\":\"https:\\\/\\\/alcompasrevista.com\\\/archivos\\\/12264#breadcrumb\",\"itemListElement\":[{\"@type\":\"ListItem\",\"position\":1,\"name\":\"Portada\",\"item\":\"https:\\\/\\\/alcompasrevista.com\\\/va\"},{\"@type\":\"ListItem\",\"position\":2,\"name\":\"M\u00fasics amb D.O: C\u00e9sar Roig \u201cGr\u00e0cies a la meua banda soc qui soc\u201d\"}]},{\"@type\":\"WebSite\",\"@id\":\"https:\\\/\\\/alcompasrevista.com\\\/#website\",\"url\":\"https:\\\/\\\/alcompasrevista.com\\\/\",\"name\":\"Revista Al Comp\u00e0s\",\"description\":\"Un proyecto de la Federaci\u00f3n de Sociedades Musicales de la Comunidad Valenciana\",\"publisher\":{\"@id\":\"https:\\\/\\\/alcompasrevista.com\\\/#organization\"},\"potentialAction\":[{\"@type\":\"SearchAction\",\"target\":{\"@type\":\"EntryPoint\",\"urlTemplate\":\"https:\\\/\\\/alcompasrevista.com\\\/?s={search_term_string}\"},\"query-input\":{\"@type\":\"PropertyValueSpecification\",\"valueRequired\":true,\"valueName\":\"search_term_string\"}}],\"inLanguage\":\"va\"},{\"@type\":\"Organization\",\"@id\":\"https:\\\/\\\/alcompasrevista.com\\\/#organization\",\"name\":\"Revista Al Comp\u00e0s\",\"url\":\"https:\\\/\\\/alcompasrevista.com\\\/\",\"logo\":{\"@type\":\"ImageObject\",\"inLanguage\":\"va\",\"@id\":\"https:\\\/\\\/alcompasrevista.com\\\/#\\\/schema\\\/logo\\\/image\\\/\",\"url\":\"https:\\\/\\\/alcompasrevista.com\\\/wp-content\\\/uploads\\\/2022\\\/04\\\/cropped-loog_blanco.png\",\"contentUrl\":\"https:\\\/\\\/alcompasrevista.com\\\/wp-content\\\/uploads\\\/2022\\\/04\\\/cropped-loog_blanco.png\",\"width\":1612,\"height\":724,\"caption\":\"Revista Al Comp\u00e0s\"},\"image\":{\"@id\":\"https:\\\/\\\/alcompasrevista.com\\\/#\\\/schema\\\/logo\\\/image\\\/\"}},{\"@type\":\"Person\",\"@id\":\"https:\\\/\\\/alcompasrevista.com\\\/#\\\/schema\\\/person\\\/0f092e7196386afa42171db0d19a38ff\",\"name\":\"Redacci\u00f3n\",\"image\":{\"@type\":\"ImageObject\",\"inLanguage\":\"va\",\"@id\":\"https:\\\/\\\/secure.gravatar.com\\\/avatar\\\/e2831619d4dae93995d3da450c50013d912e0b8bdf34d9ea00126d97c2b7702e?s=96&d=mm&r=g\",\"url\":\"https:\\\/\\\/secure.gravatar.com\\\/avatar\\\/e2831619d4dae93995d3da450c50013d912e0b8bdf34d9ea00126d97c2b7702e?s=96&d=mm&r=g\",\"contentUrl\":\"https:\\\/\\\/secure.gravatar.com\\\/avatar\\\/e2831619d4dae93995d3da450c50013d912e0b8bdf34d9ea00126d97c2b7702e?s=96&d=mm&r=g\",\"caption\":\"Redacci\u00f3n\"},\"url\":\"https:\\\/\\\/alcompasrevista.com\\\/va\\\/archivos\\\/author\\\/257_webmaster\"}]}<\/script>\n<!-- \/ Yoast SEO plugin. -->","yoast_head_json":{"title":"M\u00fasics amb D.O: C\u00e9sar Roig \u201cGr\u00e0cies a la meua banda soc qui soc\u201d - Revista Al Comp\u00e0s","robots":{"index":"index","follow":"follow","max-snippet":"max-snippet:-1","max-image-preview":"max-image-preview:large","max-video-preview":"max-video-preview:-1"},"canonical":"https:\/\/alcompasrevista.com\/archivos\/12264","og_locale":"en_US","og_type":"article","og_title":"M\u00fasics amb D.O: C\u00e9sar Roig \u201cGr\u00e0cies a la meua banda soc qui soc\u201d - Revista Al Comp\u00e0s","og_description":"C\u00e9sar Roig viu a Montevideo, l'Uruguai. Es tromb\u00f3 solista de l'Orquesta Nacional del Sodre i professor del sistema d'orquestres juvenils de l'Uruguai.","og_url":"https:\/\/alcompasrevista.com\/archivos\/12264","og_site_name":"Revista Al Comp\u00e0s","article_published_time":"2023-01-31T14:11:30+00:00","article_modified_time":"2023-01-31T15:04:20+00:00","og_image":[{"width":760,"height":430,"url":"https:\/\/alcompasrevista.com\/wp-content\/uploads\/2023\/01\/Para-Web-Cesar-Roig.jpg","type":"image\/jpeg"}],"author":"Redacci\u00f3n","twitter_card":"summary_large_image","twitter_misc":{"Written by":"Redacci\u00f3","Est. reading time":"5 minutes"},"schema":{"@context":"https:\/\/schema.org","@graph":[{"@type":"Article","@id":"https:\/\/alcompasrevista.com\/archivos\/12264#article","isPartOf":{"@id":"https:\/\/alcompasrevista.com\/archivos\/12264"},"author":{"name":"Redacci\u00f3n","@id":"https:\/\/alcompasrevista.com\/#\/schema\/person\/0f092e7196386afa42171db0d19a38ff"},"headline":"M\u00fasics amb D.O: C\u00e9sar Roig \u201cGr\u00e0cies a la meua banda soc qui soc\u201d","datePublished":"2023-01-31T14:11:30+00:00","dateModified":"2023-01-31T15:04:20+00:00","mainEntityOfPage":{"@id":"https:\/\/alcompasrevista.com\/archivos\/12264"},"wordCount":1070,"publisher":{"@id":"https:\/\/alcompasrevista.com\/#organization"},"image":{"@id":"https:\/\/alcompasrevista.com\/archivos\/12264#primaryimage"},"thumbnailUrl":"https:\/\/alcompasrevista.com\/wp-content\/uploads\/2023\/01\/Para-Web-Cesar-Roig.jpg","keywords":["C\u00e9sar Roig","M\u00fasicos con D.O"],"articleSection":["#Laterreta"],"inLanguage":"va"},{"@type":"WebPage","@id":"https:\/\/alcompasrevista.com\/archivos\/12264","url":"https:\/\/alcompasrevista.com\/archivos\/12264","name":"M\u00fasics amb D.O: C\u00e9sar Roig \u201cGr\u00e0cies a la meua banda soc qui soc\u201d - Revista Al Comp\u00e0s","isPartOf":{"@id":"https:\/\/alcompasrevista.com\/#website"},"primaryImageOfPage":{"@id":"https:\/\/alcompasrevista.com\/archivos\/12264#primaryimage"},"image":{"@id":"https:\/\/alcompasrevista.com\/archivos\/12264#primaryimage"},"thumbnailUrl":"https:\/\/alcompasrevista.com\/wp-content\/uploads\/2023\/01\/Para-Web-Cesar-Roig.jpg","datePublished":"2023-01-31T14:11:30+00:00","dateModified":"2023-01-31T15:04:20+00:00","breadcrumb":{"@id":"https:\/\/alcompasrevista.com\/archivos\/12264#breadcrumb"},"inLanguage":"va","potentialAction":[{"@type":"ReadAction","target":["https:\/\/alcompasrevista.com\/archivos\/12264"]}]},{"@type":"ImageObject","inLanguage":"va","@id":"https:\/\/alcompasrevista.com\/archivos\/12264#primaryimage","url":"https:\/\/alcompasrevista.com\/wp-content\/uploads\/2023\/01\/Para-Web-Cesar-Roig.jpg","contentUrl":"https:\/\/alcompasrevista.com\/wp-content\/uploads\/2023\/01\/Para-Web-Cesar-Roig.jpg","width":760,"height":430,"caption":"C\u00e9sar Roig"},{"@type":"BreadcrumbList","@id":"https:\/\/alcompasrevista.com\/archivos\/12264#breadcrumb","itemListElement":[{"@type":"ListItem","position":1,"name":"Portada","item":"https:\/\/alcompasrevista.com\/va"},{"@type":"ListItem","position":2,"name":"M\u00fasics amb D.O: C\u00e9sar Roig \u201cGr\u00e0cies a la meua banda soc qui soc\u201d"}]},{"@type":"WebSite","@id":"https:\/\/alcompasrevista.com\/#website","url":"https:\/\/alcompasrevista.com\/","name":"Revista Al Comp\u00e0s","description":"Un proyecto de la Federaci\u00f3n de Sociedades Musicales de la Comunidad Valenciana","publisher":{"@id":"https:\/\/alcompasrevista.com\/#organization"},"potentialAction":[{"@type":"SearchAction","target":{"@type":"EntryPoint","urlTemplate":"https:\/\/alcompasrevista.com\/?s={search_term_string}"},"query-input":{"@type":"PropertyValueSpecification","valueRequired":true,"valueName":"search_term_string"}}],"inLanguage":"va"},{"@type":"Organization","@id":"https:\/\/alcompasrevista.com\/#organization","name":"Revista Al Comp\u00e0s","url":"https:\/\/alcompasrevista.com\/","logo":{"@type":"ImageObject","inLanguage":"va","@id":"https:\/\/alcompasrevista.com\/#\/schema\/logo\/image\/","url":"https:\/\/alcompasrevista.com\/wp-content\/uploads\/2022\/04\/cropped-loog_blanco.png","contentUrl":"https:\/\/alcompasrevista.com\/wp-content\/uploads\/2022\/04\/cropped-loog_blanco.png","width":1612,"height":724,"caption":"Revista Al Comp\u00e0s"},"image":{"@id":"https:\/\/alcompasrevista.com\/#\/schema\/logo\/image\/"}},{"@type":"Person","@id":"https:\/\/alcompasrevista.com\/#\/schema\/person\/0f092e7196386afa42171db0d19a38ff","name":"Redacci\u00f3n","image":{"@type":"ImageObject","inLanguage":"va","@id":"https:\/\/secure.gravatar.com\/avatar\/e2831619d4dae93995d3da450c50013d912e0b8bdf34d9ea00126d97c2b7702e?s=96&d=mm&r=g","url":"https:\/\/secure.gravatar.com\/avatar\/e2831619d4dae93995d3da450c50013d912e0b8bdf34d9ea00126d97c2b7702e?s=96&d=mm&r=g","contentUrl":"https:\/\/secure.gravatar.com\/avatar\/e2831619d4dae93995d3da450c50013d912e0b8bdf34d9ea00126d97c2b7702e?s=96&d=mm&r=g","caption":"Redacci\u00f3n"},"url":"https:\/\/alcompasrevista.com\/va\/archivos\/author\/257_webmaster"}]}},"_links":{"self":[{"href":"https:\/\/alcompasrevista.com\/va\/wp-json\/wp\/v2\/posts\/12268","targetHints":{"allow":["GET"]}}],"collection":[{"href":"https:\/\/alcompasrevista.com\/va\/wp-json\/wp\/v2\/posts"}],"about":[{"href":"https:\/\/alcompasrevista.com\/va\/wp-json\/wp\/v2\/types\/post"}],"author":[{"embeddable":true,"href":"https:\/\/alcompasrevista.com\/va\/wp-json\/wp\/v2\/users\/860004"}],"replies":[{"embeddable":true,"href":"https:\/\/alcompasrevista.com\/va\/wp-json\/wp\/v2\/comments?post=12268"}],"version-history":[{"count":0,"href":"https:\/\/alcompasrevista.com\/va\/wp-json\/wp\/v2\/posts\/12268\/revisions"}],"wp:featuredmedia":[{"embeddable":true,"href":"https:\/\/alcompasrevista.com\/va\/wp-json\/wp\/v2\/media\/12266"}],"wp:attachment":[{"href":"https:\/\/alcompasrevista.com\/va\/wp-json\/wp\/v2\/media?parent=12268"}],"wp:term":[{"taxonomy":"category","embeddable":true,"href":"https:\/\/alcompasrevista.com\/va\/wp-json\/wp\/v2\/categories?post=12268"},{"taxonomy":"post_tag","embeddable":true,"href":"https:\/\/alcompasrevista.com\/va\/wp-json\/wp\/v2\/tags?post=12268"},{"taxonomy":"portada","embeddable":true,"href":"https:\/\/alcompasrevista.com\/va\/wp-json\/wp\/v2\/portada?post=12268"}],"curies":[{"name":"wp","href":"https:\/\/api.w.org\/{rel}","templated":true}]}}