{"id":12158,"date":"2023-01-25T12:49:09","date_gmt":"2023-01-25T11:49:09","guid":{"rendered":"https:\/\/alcompasrevista.com\/?p=12158"},"modified":"2023-01-25T12:56:36","modified_gmt":"2023-01-25T11:56:36","slug":"la-banda-simfonica-de-lateneo-musical-de-culleraestrenara-tres-primers-premis-del-i-concurs-decomposicio-internacional-emili-gimenez-bou","status":"publish","type":"post","link":"https:\/\/alcompasrevista.com\/va\/archivos\/12158","title":{"rendered":"L\u2019Ateneo Musical de Cullera estrenar\u00e0 els premis del Concurs Emili Gim\u00e9nez Bou"},"content":{"rendered":"\n<p>La Banda Simf\u00f2nica de l\u2019Ateneo Musical de Cullera oferir\u00e0 un concert el proper 29 de gener a les 11:30 a l\u2019Auditori Municipal, en el qual s\u2019estrenaran fins a tres primers premis del I Concurs de Composici\u00f3 Internacional Emili Gim\u00e9nez Bou.<br>Les tres obres premiades amb l\u2019honor de ser interpretades per l\u2019Ateneo el diumenge s\u00f3n Terras galegas, de Jos\u00e9 Ram\u00f3n Rico, Tagus, d\u2019\u00c1ngel Luis Fern\u00e1ndez, i Lepanto 1571, de David Rivas. Les tres van aconseguir un primer premi a la categoria d\u2019Obra de Concert, a m\u00e9s d\u2019una menci\u00f3 d\u2019honor per a Lepanto 1571.<br>Terras galegas es basa en un viatge per tal de mostrar la riquesa natural, gastron\u00f2mica i de patrimoni de qu\u00e8 gaudeix Gal\u00edcia; Tagus narra la llegenda de l\u2019origen del riu Tajo i la ciutat de Toledo; i Lepanto 1571, \u00e9s un poema commemoratiu del 450 aniversari de la Batalla de Lepanto.<br>A m\u00e9s, la Banda interpretar\u00e0 com a obra inicial Jordi Mayor, pasdoble del mestre Ferrer Ferran dedicat a l\u2019alcalde de Cullera, i tocar\u00e0 per primera vegada The World of Dreams, de Eduardo Nogueroles, compositor guanyador d\u2019un primer premi, per\u00f2 amb una obra diferent. Com a solistes a esta obra estaran Eduard Gisbert Va\u00f1\u00f3 al bombard\u00ed i David Szajner Costa a la tuba.<br>Este concert entra dins la programaci\u00f3 del Cicle de Concerts d\u2019Hivern de l\u2019Ajuntament de Cullera, on l\u2019Ateneo estrenar\u00e0 fins a 13 de les obres guanyadores al I Concurs de Composici\u00f3 Internacional Emili Gim\u00e9nez Bou.<\/p>\n","protected":false},"excerpt":{"rendered":"<p>La Banda Simf\u00f2nica de l\u2019Ateneo Musical de Cullera<br \/>\nestrenar\u00e0 tres primers premis del I Concurs de<br \/>\nComposici\u00f3 Internacional Emili Gim\u00e9nez Bou<\/p>\n","protected":false},"author":860004,"featured_media":12160,"comment_status":"closed","ping_status":"closed","sticky":false,"template":"","format":"standard","meta":{"footnotes":""},"categories":[29],"tags":[373,584],"portada":[685,585],"class_list":["post-12158","post","type-post","status-publish","format-standard","has-post-thumbnail","hentry","category-noticies-va","tag-emili-gimenez-bou-va","tag-lateneo-musical-de-cullera","portada-emili-gimenez-bou","portada-lateneo-musical-de-cullera"],"yoast_head":"<!-- This site is optimized with the Yoast SEO plugin v27.4 - https:\/\/yoast.com\/product\/yoast-seo-wordpress\/ -->\n<title>L\u2019Ateneo Musical de Cullera estrenar\u00e0 els premis del Concurs Emili Gim\u00e9nez Bou - Revista Al Comp\u00e0s<\/title>\n<meta name=\"robots\" content=\"index, follow, max-snippet:-1, max-image-preview:large, max-video-preview:-1\" \/>\n<link rel=\"canonical\" href=\"https:\/\/alcompasrevista.com\/archivos\/12164\" \/>\n<meta property=\"og:locale\" content=\"en_US\" \/>\n<meta property=\"og:type\" content=\"article\" \/>\n<meta property=\"og:title\" content=\"L\u2019Ateneo Musical de Cullera estrenar\u00e0 els premis del Concurs Emili Gim\u00e9nez Bou - Revista Al Comp\u00e0s\" \/>\n<meta property=\"og:description\" content=\"La Banda Simf\u00f2nica de l\u2019Ateneo Musical de Cullera estrenar\u00e0 tres primers premis del I Concurs de Composici\u00f3 Internacional Emili Gim\u00e9nez Bou\" \/>\n<meta property=\"og:url\" content=\"https:\/\/alcompasrevista.com\/archivos\/12164\" \/>\n<meta property=\"og:site_name\" content=\"Revista Al Comp\u00e0s\" \/>\n<meta property=\"article:published_time\" content=\"2023-01-25T11:49:09+00:00\" \/>\n<meta property=\"article:modified_time\" content=\"2023-01-25T11:56:36+00:00\" \/>\n<meta property=\"og:image\" content=\"https:\/\/alcompasrevista.com\/wp-content\/uploads\/2023\/01\/bebes-1.jpg\" \/>\n\t<meta property=\"og:image:width\" content=\"760\" \/>\n\t<meta property=\"og:image:height\" content=\"430\" \/>\n\t<meta property=\"og:image:type\" content=\"image\/jpeg\" \/>\n<meta name=\"author\" content=\"Redacci\u00f3n\" \/>\n<meta name=\"twitter:card\" content=\"summary_large_image\" \/>\n<meta name=\"twitter:label1\" content=\"Written by\" \/>\n\t<meta name=\"twitter:data1\" content=\"Redacci\u00f3\" \/>\n\t<meta name=\"twitter:label2\" content=\"Est. reading time\" \/>\n\t<meta name=\"twitter:data2\" content=\"2 minutes\" \/>\n<script type=\"application\/ld+json\" class=\"yoast-schema-graph\">{\"@context\":\"https:\\\/\\\/schema.org\",\"@graph\":[{\"@type\":\"Article\",\"@id\":\"https:\\\/\\\/alcompasrevista.com\\\/archivos\\\/12164#article\",\"isPartOf\":{\"@id\":\"https:\\\/\\\/alcompasrevista.com\\\/archivos\\\/12164\"},\"author\":{\"name\":\"Redacci\u00f3n\",\"@id\":\"https:\\\/\\\/alcompasrevista.com\\\/#\\\/schema\\\/person\\\/0f092e7196386afa42171db0d19a38ff\"},\"headline\":\"L\u2019Ateneo Musical de Cullera estrenar\u00e0 els premis del Concurs Emili Gim\u00e9nez Bou\",\"datePublished\":\"2023-01-25T11:49:09+00:00\",\"dateModified\":\"2023-01-25T11:56:36+00:00\",\"mainEntityOfPage\":{\"@id\":\"https:\\\/\\\/alcompasrevista.com\\\/archivos\\\/12164\"},\"wordCount\":271,\"publisher\":{\"@id\":\"https:\\\/\\\/alcompasrevista.com\\\/#organization\"},\"image\":{\"@id\":\"https:\\\/\\\/alcompasrevista.com\\\/archivos\\\/12164#primaryimage\"},\"thumbnailUrl\":\"https:\\\/\\\/alcompasrevista.com\\\/wp-content\\\/uploads\\\/2023\\\/01\\\/bebes-1.jpg\",\"keywords\":[\"emili gim\u00e9nez bou\",\"L\u2019Ateneo Musical de Cullera\"],\"articleSection\":[\"#Not\u00edcies\"],\"inLanguage\":\"va\"},{\"@type\":\"WebPage\",\"@id\":\"https:\\\/\\\/alcompasrevista.com\\\/archivos\\\/12164\",\"url\":\"https:\\\/\\\/alcompasrevista.com\\\/archivos\\\/12164\",\"name\":\"L\u2019Ateneo Musical de Cullera estrenar\u00e0 els premis del Concurs Emili Gim\u00e9nez Bou - Revista Al Comp\u00e0s\",\"isPartOf\":{\"@id\":\"https:\\\/\\\/alcompasrevista.com\\\/#website\"},\"primaryImageOfPage\":{\"@id\":\"https:\\\/\\\/alcompasrevista.com\\\/archivos\\\/12164#primaryimage\"},\"image\":{\"@id\":\"https:\\\/\\\/alcompasrevista.com\\\/archivos\\\/12164#primaryimage\"},\"thumbnailUrl\":\"https:\\\/\\\/alcompasrevista.com\\\/wp-content\\\/uploads\\\/2023\\\/01\\\/bebes-1.jpg\",\"datePublished\":\"2023-01-25T11:49:09+00:00\",\"dateModified\":\"2023-01-25T11:56:36+00:00\",\"breadcrumb\":{\"@id\":\"https:\\\/\\\/alcompasrevista.com\\\/archivos\\\/12164#breadcrumb\"},\"inLanguage\":\"va\",\"potentialAction\":[{\"@type\":\"ReadAction\",\"target\":[\"https:\\\/\\\/alcompasrevista.com\\\/archivos\\\/12164\"]}]},{\"@type\":\"ImageObject\",\"inLanguage\":\"va\",\"@id\":\"https:\\\/\\\/alcompasrevista.com\\\/archivos\\\/12164#primaryimage\",\"url\":\"https:\\\/\\\/alcompasrevista.com\\\/wp-content\\\/uploads\\\/2023\\\/01\\\/bebes-1.jpg\",\"contentUrl\":\"https:\\\/\\\/alcompasrevista.com\\\/wp-content\\\/uploads\\\/2023\\\/01\\\/bebes-1.jpg\",\"width\":760,\"height\":430,\"caption\":\"l\u2019Ateneo Musical de Cullera\"},{\"@type\":\"BreadcrumbList\",\"@id\":\"https:\\\/\\\/alcompasrevista.com\\\/archivos\\\/12164#breadcrumb\",\"itemListElement\":[{\"@type\":\"ListItem\",\"position\":1,\"name\":\"Portada\",\"item\":\"https:\\\/\\\/alcompasrevista.com\\\/va\"},{\"@type\":\"ListItem\",\"position\":2,\"name\":\"L\u2019Ateneo Musical de Cullera estrenar\u00e0 els premis del Concurs Emili Gim\u00e9nez Bou\"}]},{\"@type\":\"WebSite\",\"@id\":\"https:\\\/\\\/alcompasrevista.com\\\/#website\",\"url\":\"https:\\\/\\\/alcompasrevista.com\\\/\",\"name\":\"Revista Al Comp\u00e0s\",\"description\":\"Un proyecto de la Federaci\u00f3n de Sociedades Musicales de la Comunidad Valenciana\",\"publisher\":{\"@id\":\"https:\\\/\\\/alcompasrevista.com\\\/#organization\"},\"potentialAction\":[{\"@type\":\"SearchAction\",\"target\":{\"@type\":\"EntryPoint\",\"urlTemplate\":\"https:\\\/\\\/alcompasrevista.com\\\/?s={search_term_string}\"},\"query-input\":{\"@type\":\"PropertyValueSpecification\",\"valueRequired\":true,\"valueName\":\"search_term_string\"}}],\"inLanguage\":\"va\"},{\"@type\":\"Organization\",\"@id\":\"https:\\\/\\\/alcompasrevista.com\\\/#organization\",\"name\":\"Revista Al Comp\u00e0s\",\"url\":\"https:\\\/\\\/alcompasrevista.com\\\/\",\"logo\":{\"@type\":\"ImageObject\",\"inLanguage\":\"va\",\"@id\":\"https:\\\/\\\/alcompasrevista.com\\\/#\\\/schema\\\/logo\\\/image\\\/\",\"url\":\"https:\\\/\\\/alcompasrevista.com\\\/wp-content\\\/uploads\\\/2022\\\/04\\\/cropped-loog_blanco.png\",\"contentUrl\":\"https:\\\/\\\/alcompasrevista.com\\\/wp-content\\\/uploads\\\/2022\\\/04\\\/cropped-loog_blanco.png\",\"width\":1612,\"height\":724,\"caption\":\"Revista Al Comp\u00e0s\"},\"image\":{\"@id\":\"https:\\\/\\\/alcompasrevista.com\\\/#\\\/schema\\\/logo\\\/image\\\/\"}},{\"@type\":\"Person\",\"@id\":\"https:\\\/\\\/alcompasrevista.com\\\/#\\\/schema\\\/person\\\/0f092e7196386afa42171db0d19a38ff\",\"name\":\"Redacci\u00f3n\",\"image\":{\"@type\":\"ImageObject\",\"inLanguage\":\"va\",\"@id\":\"https:\\\/\\\/secure.gravatar.com\\\/avatar\\\/e2831619d4dae93995d3da450c50013d912e0b8bdf34d9ea00126d97c2b7702e?s=96&d=mm&r=g\",\"url\":\"https:\\\/\\\/secure.gravatar.com\\\/avatar\\\/e2831619d4dae93995d3da450c50013d912e0b8bdf34d9ea00126d97c2b7702e?s=96&d=mm&r=g\",\"contentUrl\":\"https:\\\/\\\/secure.gravatar.com\\\/avatar\\\/e2831619d4dae93995d3da450c50013d912e0b8bdf34d9ea00126d97c2b7702e?s=96&d=mm&r=g\",\"caption\":\"Redacci\u00f3n\"},\"url\":\"https:\\\/\\\/alcompasrevista.com\\\/va\\\/archivos\\\/author\\\/257_webmaster\"}]}<\/script>\n<!-- \/ Yoast SEO plugin. -->","yoast_head_json":{"title":"L\u2019Ateneo Musical de Cullera estrenar\u00e0 els premis del Concurs Emili Gim\u00e9nez Bou - Revista Al Comp\u00e0s","robots":{"index":"index","follow":"follow","max-snippet":"max-snippet:-1","max-image-preview":"max-image-preview:large","max-video-preview":"max-video-preview:-1"},"canonical":"https:\/\/alcompasrevista.com\/archivos\/12164","og_locale":"en_US","og_type":"article","og_title":"L\u2019Ateneo Musical de Cullera estrenar\u00e0 els premis del Concurs Emili Gim\u00e9nez Bou - Revista Al Comp\u00e0s","og_description":"La Banda Simf\u00f2nica de l\u2019Ateneo Musical de Cullera estrenar\u00e0 tres primers premis del I Concurs de Composici\u00f3 Internacional Emili Gim\u00e9nez Bou","og_url":"https:\/\/alcompasrevista.com\/archivos\/12164","og_site_name":"Revista Al Comp\u00e0s","article_published_time":"2023-01-25T11:49:09+00:00","article_modified_time":"2023-01-25T11:56:36+00:00","og_image":[{"width":760,"height":430,"url":"https:\/\/alcompasrevista.com\/wp-content\/uploads\/2023\/01\/bebes-1.jpg","type":"image\/jpeg"}],"author":"Redacci\u00f3n","twitter_card":"summary_large_image","twitter_misc":{"Written by":"Redacci\u00f3","Est. reading time":"2 minutes"},"schema":{"@context":"https:\/\/schema.org","@graph":[{"@type":"Article","@id":"https:\/\/alcompasrevista.com\/archivos\/12164#article","isPartOf":{"@id":"https:\/\/alcompasrevista.com\/archivos\/12164"},"author":{"name":"Redacci\u00f3n","@id":"https:\/\/alcompasrevista.com\/#\/schema\/person\/0f092e7196386afa42171db0d19a38ff"},"headline":"L\u2019Ateneo Musical de Cullera estrenar\u00e0 els premis del Concurs Emili Gim\u00e9nez Bou","datePublished":"2023-01-25T11:49:09+00:00","dateModified":"2023-01-25T11:56:36+00:00","mainEntityOfPage":{"@id":"https:\/\/alcompasrevista.com\/archivos\/12164"},"wordCount":271,"publisher":{"@id":"https:\/\/alcompasrevista.com\/#organization"},"image":{"@id":"https:\/\/alcompasrevista.com\/archivos\/12164#primaryimage"},"thumbnailUrl":"https:\/\/alcompasrevista.com\/wp-content\/uploads\/2023\/01\/bebes-1.jpg","keywords":["emili gim\u00e9nez bou","L\u2019Ateneo Musical de Cullera"],"articleSection":["#Not\u00edcies"],"inLanguage":"va"},{"@type":"WebPage","@id":"https:\/\/alcompasrevista.com\/archivos\/12164","url":"https:\/\/alcompasrevista.com\/archivos\/12164","name":"L\u2019Ateneo Musical de Cullera estrenar\u00e0 els premis del Concurs Emili Gim\u00e9nez Bou - Revista Al Comp\u00e0s","isPartOf":{"@id":"https:\/\/alcompasrevista.com\/#website"},"primaryImageOfPage":{"@id":"https:\/\/alcompasrevista.com\/archivos\/12164#primaryimage"},"image":{"@id":"https:\/\/alcompasrevista.com\/archivos\/12164#primaryimage"},"thumbnailUrl":"https:\/\/alcompasrevista.com\/wp-content\/uploads\/2023\/01\/bebes-1.jpg","datePublished":"2023-01-25T11:49:09+00:00","dateModified":"2023-01-25T11:56:36+00:00","breadcrumb":{"@id":"https:\/\/alcompasrevista.com\/archivos\/12164#breadcrumb"},"inLanguage":"va","potentialAction":[{"@type":"ReadAction","target":["https:\/\/alcompasrevista.com\/archivos\/12164"]}]},{"@type":"ImageObject","inLanguage":"va","@id":"https:\/\/alcompasrevista.com\/archivos\/12164#primaryimage","url":"https:\/\/alcompasrevista.com\/wp-content\/uploads\/2023\/01\/bebes-1.jpg","contentUrl":"https:\/\/alcompasrevista.com\/wp-content\/uploads\/2023\/01\/bebes-1.jpg","width":760,"height":430,"caption":"l\u2019Ateneo Musical de Cullera"},{"@type":"BreadcrumbList","@id":"https:\/\/alcompasrevista.com\/archivos\/12164#breadcrumb","itemListElement":[{"@type":"ListItem","position":1,"name":"Portada","item":"https:\/\/alcompasrevista.com\/va"},{"@type":"ListItem","position":2,"name":"L\u2019Ateneo Musical de Cullera estrenar\u00e0 els premis del Concurs Emili Gim\u00e9nez Bou"}]},{"@type":"WebSite","@id":"https:\/\/alcompasrevista.com\/#website","url":"https:\/\/alcompasrevista.com\/","name":"Revista Al Comp\u00e0s","description":"Un proyecto de la Federaci\u00f3n de Sociedades Musicales de la Comunidad Valenciana","publisher":{"@id":"https:\/\/alcompasrevista.com\/#organization"},"potentialAction":[{"@type":"SearchAction","target":{"@type":"EntryPoint","urlTemplate":"https:\/\/alcompasrevista.com\/?s={search_term_string}"},"query-input":{"@type":"PropertyValueSpecification","valueRequired":true,"valueName":"search_term_string"}}],"inLanguage":"va"},{"@type":"Organization","@id":"https:\/\/alcompasrevista.com\/#organization","name":"Revista Al Comp\u00e0s","url":"https:\/\/alcompasrevista.com\/","logo":{"@type":"ImageObject","inLanguage":"va","@id":"https:\/\/alcompasrevista.com\/#\/schema\/logo\/image\/","url":"https:\/\/alcompasrevista.com\/wp-content\/uploads\/2022\/04\/cropped-loog_blanco.png","contentUrl":"https:\/\/alcompasrevista.com\/wp-content\/uploads\/2022\/04\/cropped-loog_blanco.png","width":1612,"height":724,"caption":"Revista Al Comp\u00e0s"},"image":{"@id":"https:\/\/alcompasrevista.com\/#\/schema\/logo\/image\/"}},{"@type":"Person","@id":"https:\/\/alcompasrevista.com\/#\/schema\/person\/0f092e7196386afa42171db0d19a38ff","name":"Redacci\u00f3n","image":{"@type":"ImageObject","inLanguage":"va","@id":"https:\/\/secure.gravatar.com\/avatar\/e2831619d4dae93995d3da450c50013d912e0b8bdf34d9ea00126d97c2b7702e?s=96&d=mm&r=g","url":"https:\/\/secure.gravatar.com\/avatar\/e2831619d4dae93995d3da450c50013d912e0b8bdf34d9ea00126d97c2b7702e?s=96&d=mm&r=g","contentUrl":"https:\/\/secure.gravatar.com\/avatar\/e2831619d4dae93995d3da450c50013d912e0b8bdf34d9ea00126d97c2b7702e?s=96&d=mm&r=g","caption":"Redacci\u00f3n"},"url":"https:\/\/alcompasrevista.com\/va\/archivos\/author\/257_webmaster"}]}},"_links":{"self":[{"href":"https:\/\/alcompasrevista.com\/va\/wp-json\/wp\/v2\/posts\/12158","targetHints":{"allow":["GET"]}}],"collection":[{"href":"https:\/\/alcompasrevista.com\/va\/wp-json\/wp\/v2\/posts"}],"about":[{"href":"https:\/\/alcompasrevista.com\/va\/wp-json\/wp\/v2\/types\/post"}],"author":[{"embeddable":true,"href":"https:\/\/alcompasrevista.com\/va\/wp-json\/wp\/v2\/users\/860004"}],"replies":[{"embeddable":true,"href":"https:\/\/alcompasrevista.com\/va\/wp-json\/wp\/v2\/comments?post=12158"}],"version-history":[{"count":0,"href":"https:\/\/alcompasrevista.com\/va\/wp-json\/wp\/v2\/posts\/12158\/revisions"}],"wp:featuredmedia":[{"embeddable":true,"href":"https:\/\/alcompasrevista.com\/va\/wp-json\/wp\/v2\/media\/12160"}],"wp:attachment":[{"href":"https:\/\/alcompasrevista.com\/va\/wp-json\/wp\/v2\/media?parent=12158"}],"wp:term":[{"taxonomy":"category","embeddable":true,"href":"https:\/\/alcompasrevista.com\/va\/wp-json\/wp\/v2\/categories?post=12158"},{"taxonomy":"post_tag","embeddable":true,"href":"https:\/\/alcompasrevista.com\/va\/wp-json\/wp\/v2\/tags?post=12158"},{"taxonomy":"portada","embeddable":true,"href":"https:\/\/alcompasrevista.com\/va\/wp-json\/wp\/v2\/portada?post=12158"}],"curies":[{"name":"wp","href":"https:\/\/api.w.org\/{rel}","templated":true}]}}