{"id":12019,"date":"2023-01-12T09:32:38","date_gmt":"2023-01-12T08:32:38","guid":{"rendered":"https:\/\/alcompasrevista.com\/?p=12019"},"modified":"2023-01-12T09:32:40","modified_gmt":"2023-01-12T08:32:40","slug":"lentusiasta-de-benifairo-en-el-42-certamen-de-bandes-de-musica-de-la-comunitat-valenciana","status":"publish","type":"post","link":"https:\/\/alcompasrevista.com\/va\/archivos\/12019","title":{"rendered":"L\u2019Entusiasta de Benifair\u00f3 en el 42 Certamen de Bandes de M\u00fasica de la Comunitat Valenciana"},"content":{"rendered":"\n<p>Aquest proper diumenge 15 de Gener, es celebra a partir de les 16:30 i en l\u00b4Auditori del Palau de les Arts de la ciutat de Val\u00e8ncia, el 42\u00e8 Certamen de Bandes de la Comunitat Valenciana que pertanyen a la Secci\u00f3 Segona, i que foren les guanyadores del Certamen de la Diputaci\u00f3 de les&nbsp; seues respectives seus de Val\u00e8ncia, Castell\u00f3 i Alacant.<\/p>\n\n\n\n<p>Pel qu\u00e8 respecta a la SM l\u00b4Entusiasta de Benifair\u00f3 de la Valldigna, guanyadora del Certamen Diputaci\u00f3 de Val\u00e8ncia, ho far\u00e0 junt a les bandes de La Vall d\u00b4Uix\u00f2, guanyadora del Certamen Diputaci\u00f3 de Castell\u00f3 i la de Cocentaina guanyadora del Certamen Diputaci\u00f3 d\u00b4Alacant.<\/p>\n\n\n\n<p>Les tres bandes interpretaran com a obra obligada <em>El Gran Mond\u00faber<\/em> de Javier Art\u00e9s Arlandis.<\/p>\n\n\n\n<p>En primer lloc, actuar\u00e0 la Uni\u00f3 Musical Vallduxense de La Vall d\u00b4Uix\u00f3, que sota la direcci\u00f3 de \u00c1ngel Mart\u00ednez Cruz, interpretar\u00e0 el pasdoble <em>Lara Sos Boix<\/em> de Francisco Signes, i com a obra de lliure elecci\u00f3 <em>Nautilus<\/em> de Juan L. Riog.<\/p>\n\n\n\n<p>A continuaci\u00f3, i en segon lloc, tindr\u00e0 l\u00b4actuaci\u00f3 de la SM l\u00b4Entusiasta de Benifair\u00f3 de la Valldigna, baix la direcci\u00f3 de Carlos Sancho Cantus, interpretar\u00e0 el pasdoble <em>Los Dos<\/em> <em>Adolfos<\/em> de Jos\u00e9 M\u00aa Mart\u00edn Domingo, i com a obra de lliure elecci\u00f3 <em>The Rise of The Phoenix<\/em> de Teodoro Aparicio Barber\u00e1n.<\/p>\n\n\n\n<p>Per \u00faltim, tindr\u00e0 lloc l\u00b4actuaci\u00f3 de l\u00b4Ateneu Musical de Cocentaina, qui sota la direcci\u00f3 de Jos\u00e9 Miguel Fayos Jord\u00e1n, interpretar\u00e0 el pasdoble <em>Guitarra Espa\u00f1ola<\/em> de Enrique Igual Blasco , i de lliure elecci\u00f3 <em>Evocazioni <\/em>de Paul Huber.<\/p>\n\n\n\n<p>Al finalitzar les actuacions de les tres bandes, es donaran a con\u00e8ixer el premis i mencions d\u00b4aquesta Segona Secci\u00f3 del Certamen de Bandes de M\u00fasica de la Comunitat Valenciana.<\/p>\n","protected":false},"excerpt":{"rendered":"<p>Aquest proper diumenge 15 de Gener, es celebra a partir de les 16:30 i en l\u00b4Auditori del Palau de les Arts de la ciutat de Val\u00e8ncia, el 42\u00e8 Certamen de [&hellip;]<\/p>\n","protected":false},"author":860004,"featured_media":12020,"comment_status":"closed","ping_status":"closed","sticky":false,"template":"","format":"standard","meta":{"footnotes":""},"categories":[29],"tags":[644,239,647],"portada":[645,241,646],"class_list":["post-12019","post","type-post","status-publish","format-standard","has-post-thumbnail","hentry","category-noticies-va","tag-42-certamen-de-bandes-de-musica-de-la-comunitat-valenciana","tag-fsmcv","tag-lentusiasta-de-benifairo","portada-42-certamen-de-bandes-de-musica-de-la-comunitat-valenciana","portada-fsmcv","portada-lentusiasta-de-benifairo"],"yoast_head":"<!-- This site is optimized with the Yoast SEO plugin v27.4 - https:\/\/yoast.com\/product\/yoast-seo-wordpress\/ -->\n<title>L\u2019Entusiasta de Benifair\u00f3 en el 42 Certamen de Bandes de M\u00fasica de la Comunitat Valenciana - Revista Al Comp\u00e0s<\/title>\n<meta name=\"robots\" content=\"index, follow, max-snippet:-1, max-image-preview:large, max-video-preview:-1\" \/>\n<link rel=\"canonical\" href=\"https:\/\/alcompasrevista.com\/archivos\/12023\" \/>\n<meta property=\"og:locale\" content=\"en_US\" \/>\n<meta property=\"og:type\" content=\"article\" \/>\n<meta property=\"og:title\" content=\"L\u2019Entusiasta de Benifair\u00f3 en el 42 Certamen de Bandes de M\u00fasica de la Comunitat Valenciana - Revista Al Comp\u00e0s\" \/>\n<meta property=\"og:description\" content=\"Aquest proper diumenge 15 de Gener, es celebra a partir de les 16:30 i en l\u00b4Auditori del Palau de les Arts de la ciutat de Val\u00e8ncia, el 42\u00e8 Certamen de [&hellip;]\" \/>\n<meta property=\"og:url\" content=\"https:\/\/alcompasrevista.com\/archivos\/12023\" \/>\n<meta property=\"og:site_name\" content=\"Revista Al Comp\u00e0s\" \/>\n<meta property=\"article:published_time\" content=\"2023-01-12T08:32:38+00:00\" \/>\n<meta property=\"article:modified_time\" content=\"2023-01-12T08:32:40+00:00\" \/>\n<meta property=\"og:image\" content=\"https:\/\/alcompasrevista.com\/wp-content\/uploads\/2023\/01\/Diseno-sin-titulo-2023-01-12T084804.110.jpg\" \/>\n\t<meta property=\"og:image:width\" content=\"760\" \/>\n\t<meta property=\"og:image:height\" content=\"430\" \/>\n\t<meta property=\"og:image:type\" content=\"image\/jpeg\" \/>\n<meta name=\"author\" content=\"Redacci\u00f3n\" \/>\n<meta name=\"twitter:card\" content=\"summary_large_image\" \/>\n<meta name=\"twitter:label1\" content=\"Written by\" \/>\n\t<meta name=\"twitter:data1\" content=\"Redacci\u00f3\" \/>\n\t<meta name=\"twitter:label2\" content=\"Est. reading time\" \/>\n\t<meta name=\"twitter:data2\" content=\"2 minutes\" \/>\n<script type=\"application\/ld+json\" class=\"yoast-schema-graph\">{\"@context\":\"https:\\\/\\\/schema.org\",\"@graph\":[{\"@type\":\"Article\",\"@id\":\"https:\\\/\\\/alcompasrevista.com\\\/archivos\\\/12023#article\",\"isPartOf\":{\"@id\":\"https:\\\/\\\/alcompasrevista.com\\\/archivos\\\/12023\"},\"author\":{\"name\":\"Redacci\u00f3n\",\"@id\":\"https:\\\/\\\/alcompasrevista.com\\\/#\\\/schema\\\/person\\\/0f092e7196386afa42171db0d19a38ff\"},\"headline\":\"L\u2019Entusiasta de Benifair\u00f3 en el 42 Certamen de Bandes de M\u00fasica de la Comunitat Valenciana\",\"datePublished\":\"2023-01-12T08:32:38+00:00\",\"dateModified\":\"2023-01-12T08:32:40+00:00\",\"mainEntityOfPage\":{\"@id\":\"https:\\\/\\\/alcompasrevista.com\\\/archivos\\\/12023\"},\"wordCount\":312,\"publisher\":{\"@id\":\"https:\\\/\\\/alcompasrevista.com\\\/#organization\"},\"image\":{\"@id\":\"https:\\\/\\\/alcompasrevista.com\\\/archivos\\\/12023#primaryimage\"},\"thumbnailUrl\":\"https:\\\/\\\/alcompasrevista.com\\\/wp-content\\\/uploads\\\/2023\\\/01\\\/Diseno-sin-titulo-2023-01-12T084804.110.jpg\",\"keywords\":[\"42 Certamen de Bandes de M\u00fasica de la Comunitat Valenciana\",\"FSMCV\",\"L\u2019Entusiasta de Benifair\u00f3\"],\"articleSection\":[\"#Not\u00edcies\"],\"inLanguage\":\"va\"},{\"@type\":\"WebPage\",\"@id\":\"https:\\\/\\\/alcompasrevista.com\\\/archivos\\\/12023\",\"url\":\"https:\\\/\\\/alcompasrevista.com\\\/archivos\\\/12023\",\"name\":\"L\u2019Entusiasta de Benifair\u00f3 en el 42 Certamen de Bandes de M\u00fasica de la Comunitat Valenciana - Revista Al Comp\u00e0s\",\"isPartOf\":{\"@id\":\"https:\\\/\\\/alcompasrevista.com\\\/#website\"},\"primaryImageOfPage\":{\"@id\":\"https:\\\/\\\/alcompasrevista.com\\\/archivos\\\/12023#primaryimage\"},\"image\":{\"@id\":\"https:\\\/\\\/alcompasrevista.com\\\/archivos\\\/12023#primaryimage\"},\"thumbnailUrl\":\"https:\\\/\\\/alcompasrevista.com\\\/wp-content\\\/uploads\\\/2023\\\/01\\\/Diseno-sin-titulo-2023-01-12T084804.110.jpg\",\"datePublished\":\"2023-01-12T08:32:38+00:00\",\"dateModified\":\"2023-01-12T08:32:40+00:00\",\"breadcrumb\":{\"@id\":\"https:\\\/\\\/alcompasrevista.com\\\/archivos\\\/12023#breadcrumb\"},\"inLanguage\":\"va\",\"potentialAction\":[{\"@type\":\"ReadAction\",\"target\":[\"https:\\\/\\\/alcompasrevista.com\\\/archivos\\\/12023\"]}]},{\"@type\":\"ImageObject\",\"inLanguage\":\"va\",\"@id\":\"https:\\\/\\\/alcompasrevista.com\\\/archivos\\\/12023#primaryimage\",\"url\":\"https:\\\/\\\/alcompasrevista.com\\\/wp-content\\\/uploads\\\/2023\\\/01\\\/Diseno-sin-titulo-2023-01-12T084804.110.jpg\",\"contentUrl\":\"https:\\\/\\\/alcompasrevista.com\\\/wp-content\\\/uploads\\\/2023\\\/01\\\/Diseno-sin-titulo-2023-01-12T084804.110.jpg\",\"width\":760,\"height\":430},{\"@type\":\"BreadcrumbList\",\"@id\":\"https:\\\/\\\/alcompasrevista.com\\\/archivos\\\/12023#breadcrumb\",\"itemListElement\":[{\"@type\":\"ListItem\",\"position\":1,\"name\":\"Portada\",\"item\":\"https:\\\/\\\/alcompasrevista.com\\\/va\"},{\"@type\":\"ListItem\",\"position\":2,\"name\":\"L\u2019Entusiasta de Benifair\u00f3 en el 42 Certamen de Bandes de M\u00fasica de la Comunitat Valenciana\"}]},{\"@type\":\"WebSite\",\"@id\":\"https:\\\/\\\/alcompasrevista.com\\\/#website\",\"url\":\"https:\\\/\\\/alcompasrevista.com\\\/\",\"name\":\"Revista Al Comp\u00e0s\",\"description\":\"Un proyecto de la Federaci\u00f3n de Sociedades Musicales de la Comunidad Valenciana\",\"publisher\":{\"@id\":\"https:\\\/\\\/alcompasrevista.com\\\/#organization\"},\"potentialAction\":[{\"@type\":\"SearchAction\",\"target\":{\"@type\":\"EntryPoint\",\"urlTemplate\":\"https:\\\/\\\/alcompasrevista.com\\\/?s={search_term_string}\"},\"query-input\":{\"@type\":\"PropertyValueSpecification\",\"valueRequired\":true,\"valueName\":\"search_term_string\"}}],\"inLanguage\":\"va\"},{\"@type\":\"Organization\",\"@id\":\"https:\\\/\\\/alcompasrevista.com\\\/#organization\",\"name\":\"Revista Al Comp\u00e0s\",\"url\":\"https:\\\/\\\/alcompasrevista.com\\\/\",\"logo\":{\"@type\":\"ImageObject\",\"inLanguage\":\"va\",\"@id\":\"https:\\\/\\\/alcompasrevista.com\\\/#\\\/schema\\\/logo\\\/image\\\/\",\"url\":\"https:\\\/\\\/alcompasrevista.com\\\/wp-content\\\/uploads\\\/2022\\\/04\\\/cropped-loog_blanco.png\",\"contentUrl\":\"https:\\\/\\\/alcompasrevista.com\\\/wp-content\\\/uploads\\\/2022\\\/04\\\/cropped-loog_blanco.png\",\"width\":1612,\"height\":724,\"caption\":\"Revista Al Comp\u00e0s\"},\"image\":{\"@id\":\"https:\\\/\\\/alcompasrevista.com\\\/#\\\/schema\\\/logo\\\/image\\\/\"}},{\"@type\":\"Person\",\"@id\":\"https:\\\/\\\/alcompasrevista.com\\\/#\\\/schema\\\/person\\\/0f092e7196386afa42171db0d19a38ff\",\"name\":\"Redacci\u00f3n\",\"image\":{\"@type\":\"ImageObject\",\"inLanguage\":\"va\",\"@id\":\"https:\\\/\\\/secure.gravatar.com\\\/avatar\\\/e2831619d4dae93995d3da450c50013d912e0b8bdf34d9ea00126d97c2b7702e?s=96&d=mm&r=g\",\"url\":\"https:\\\/\\\/secure.gravatar.com\\\/avatar\\\/e2831619d4dae93995d3da450c50013d912e0b8bdf34d9ea00126d97c2b7702e?s=96&d=mm&r=g\",\"contentUrl\":\"https:\\\/\\\/secure.gravatar.com\\\/avatar\\\/e2831619d4dae93995d3da450c50013d912e0b8bdf34d9ea00126d97c2b7702e?s=96&d=mm&r=g\",\"caption\":\"Redacci\u00f3n\"},\"url\":\"https:\\\/\\\/alcompasrevista.com\\\/va\\\/archivos\\\/author\\\/257_webmaster\"}]}<\/script>\n<!-- \/ Yoast SEO plugin. -->","yoast_head_json":{"title":"L\u2019Entusiasta de Benifair\u00f3 en el 42 Certamen de Bandes de M\u00fasica de la Comunitat Valenciana - Revista Al Comp\u00e0s","robots":{"index":"index","follow":"follow","max-snippet":"max-snippet:-1","max-image-preview":"max-image-preview:large","max-video-preview":"max-video-preview:-1"},"canonical":"https:\/\/alcompasrevista.com\/archivos\/12023","og_locale":"en_US","og_type":"article","og_title":"L\u2019Entusiasta de Benifair\u00f3 en el 42 Certamen de Bandes de M\u00fasica de la Comunitat Valenciana - Revista Al Comp\u00e0s","og_description":"Aquest proper diumenge 15 de Gener, es celebra a partir de les 16:30 i en l\u00b4Auditori del Palau de les Arts de la ciutat de Val\u00e8ncia, el 42\u00e8 Certamen de [&hellip;]","og_url":"https:\/\/alcompasrevista.com\/archivos\/12023","og_site_name":"Revista Al Comp\u00e0s","article_published_time":"2023-01-12T08:32:38+00:00","article_modified_time":"2023-01-12T08:32:40+00:00","og_image":[{"width":760,"height":430,"url":"https:\/\/alcompasrevista.com\/wp-content\/uploads\/2023\/01\/Diseno-sin-titulo-2023-01-12T084804.110.jpg","type":"image\/jpeg"}],"author":"Redacci\u00f3n","twitter_card":"summary_large_image","twitter_misc":{"Written by":"Redacci\u00f3","Est. reading time":"2 minutes"},"schema":{"@context":"https:\/\/schema.org","@graph":[{"@type":"Article","@id":"https:\/\/alcompasrevista.com\/archivos\/12023#article","isPartOf":{"@id":"https:\/\/alcompasrevista.com\/archivos\/12023"},"author":{"name":"Redacci\u00f3n","@id":"https:\/\/alcompasrevista.com\/#\/schema\/person\/0f092e7196386afa42171db0d19a38ff"},"headline":"L\u2019Entusiasta de Benifair\u00f3 en el 42 Certamen de Bandes de M\u00fasica de la Comunitat Valenciana","datePublished":"2023-01-12T08:32:38+00:00","dateModified":"2023-01-12T08:32:40+00:00","mainEntityOfPage":{"@id":"https:\/\/alcompasrevista.com\/archivos\/12023"},"wordCount":312,"publisher":{"@id":"https:\/\/alcompasrevista.com\/#organization"},"image":{"@id":"https:\/\/alcompasrevista.com\/archivos\/12023#primaryimage"},"thumbnailUrl":"https:\/\/alcompasrevista.com\/wp-content\/uploads\/2023\/01\/Diseno-sin-titulo-2023-01-12T084804.110.jpg","keywords":["42 Certamen de Bandes de M\u00fasica de la Comunitat Valenciana","FSMCV","L\u2019Entusiasta de Benifair\u00f3"],"articleSection":["#Not\u00edcies"],"inLanguage":"va"},{"@type":"WebPage","@id":"https:\/\/alcompasrevista.com\/archivos\/12023","url":"https:\/\/alcompasrevista.com\/archivos\/12023","name":"L\u2019Entusiasta de Benifair\u00f3 en el 42 Certamen de Bandes de M\u00fasica de la Comunitat Valenciana - Revista Al Comp\u00e0s","isPartOf":{"@id":"https:\/\/alcompasrevista.com\/#website"},"primaryImageOfPage":{"@id":"https:\/\/alcompasrevista.com\/archivos\/12023#primaryimage"},"image":{"@id":"https:\/\/alcompasrevista.com\/archivos\/12023#primaryimage"},"thumbnailUrl":"https:\/\/alcompasrevista.com\/wp-content\/uploads\/2023\/01\/Diseno-sin-titulo-2023-01-12T084804.110.jpg","datePublished":"2023-01-12T08:32:38+00:00","dateModified":"2023-01-12T08:32:40+00:00","breadcrumb":{"@id":"https:\/\/alcompasrevista.com\/archivos\/12023#breadcrumb"},"inLanguage":"va","potentialAction":[{"@type":"ReadAction","target":["https:\/\/alcompasrevista.com\/archivos\/12023"]}]},{"@type":"ImageObject","inLanguage":"va","@id":"https:\/\/alcompasrevista.com\/archivos\/12023#primaryimage","url":"https:\/\/alcompasrevista.com\/wp-content\/uploads\/2023\/01\/Diseno-sin-titulo-2023-01-12T084804.110.jpg","contentUrl":"https:\/\/alcompasrevista.com\/wp-content\/uploads\/2023\/01\/Diseno-sin-titulo-2023-01-12T084804.110.jpg","width":760,"height":430},{"@type":"BreadcrumbList","@id":"https:\/\/alcompasrevista.com\/archivos\/12023#breadcrumb","itemListElement":[{"@type":"ListItem","position":1,"name":"Portada","item":"https:\/\/alcompasrevista.com\/va"},{"@type":"ListItem","position":2,"name":"L\u2019Entusiasta de Benifair\u00f3 en el 42 Certamen de Bandes de M\u00fasica de la Comunitat Valenciana"}]},{"@type":"WebSite","@id":"https:\/\/alcompasrevista.com\/#website","url":"https:\/\/alcompasrevista.com\/","name":"Revista Al Comp\u00e0s","description":"Un proyecto de la Federaci\u00f3n de Sociedades Musicales de la Comunidad Valenciana","publisher":{"@id":"https:\/\/alcompasrevista.com\/#organization"},"potentialAction":[{"@type":"SearchAction","target":{"@type":"EntryPoint","urlTemplate":"https:\/\/alcompasrevista.com\/?s={search_term_string}"},"query-input":{"@type":"PropertyValueSpecification","valueRequired":true,"valueName":"search_term_string"}}],"inLanguage":"va"},{"@type":"Organization","@id":"https:\/\/alcompasrevista.com\/#organization","name":"Revista Al Comp\u00e0s","url":"https:\/\/alcompasrevista.com\/","logo":{"@type":"ImageObject","inLanguage":"va","@id":"https:\/\/alcompasrevista.com\/#\/schema\/logo\/image\/","url":"https:\/\/alcompasrevista.com\/wp-content\/uploads\/2022\/04\/cropped-loog_blanco.png","contentUrl":"https:\/\/alcompasrevista.com\/wp-content\/uploads\/2022\/04\/cropped-loog_blanco.png","width":1612,"height":724,"caption":"Revista Al Comp\u00e0s"},"image":{"@id":"https:\/\/alcompasrevista.com\/#\/schema\/logo\/image\/"}},{"@type":"Person","@id":"https:\/\/alcompasrevista.com\/#\/schema\/person\/0f092e7196386afa42171db0d19a38ff","name":"Redacci\u00f3n","image":{"@type":"ImageObject","inLanguage":"va","@id":"https:\/\/secure.gravatar.com\/avatar\/e2831619d4dae93995d3da450c50013d912e0b8bdf34d9ea00126d97c2b7702e?s=96&d=mm&r=g","url":"https:\/\/secure.gravatar.com\/avatar\/e2831619d4dae93995d3da450c50013d912e0b8bdf34d9ea00126d97c2b7702e?s=96&d=mm&r=g","contentUrl":"https:\/\/secure.gravatar.com\/avatar\/e2831619d4dae93995d3da450c50013d912e0b8bdf34d9ea00126d97c2b7702e?s=96&d=mm&r=g","caption":"Redacci\u00f3n"},"url":"https:\/\/alcompasrevista.com\/va\/archivos\/author\/257_webmaster"}]}},"_links":{"self":[{"href":"https:\/\/alcompasrevista.com\/va\/wp-json\/wp\/v2\/posts\/12019","targetHints":{"allow":["GET"]}}],"collection":[{"href":"https:\/\/alcompasrevista.com\/va\/wp-json\/wp\/v2\/posts"}],"about":[{"href":"https:\/\/alcompasrevista.com\/va\/wp-json\/wp\/v2\/types\/post"}],"author":[{"embeddable":true,"href":"https:\/\/alcompasrevista.com\/va\/wp-json\/wp\/v2\/users\/860004"}],"replies":[{"embeddable":true,"href":"https:\/\/alcompasrevista.com\/va\/wp-json\/wp\/v2\/comments?post=12019"}],"version-history":[{"count":0,"href":"https:\/\/alcompasrevista.com\/va\/wp-json\/wp\/v2\/posts\/12019\/revisions"}],"wp:featuredmedia":[{"embeddable":true,"href":"https:\/\/alcompasrevista.com\/va\/wp-json\/wp\/v2\/media\/12020"}],"wp:attachment":[{"href":"https:\/\/alcompasrevista.com\/va\/wp-json\/wp\/v2\/media?parent=12019"}],"wp:term":[{"taxonomy":"category","embeddable":true,"href":"https:\/\/alcompasrevista.com\/va\/wp-json\/wp\/v2\/categories?post=12019"},{"taxonomy":"post_tag","embeddable":true,"href":"https:\/\/alcompasrevista.com\/va\/wp-json\/wp\/v2\/tags?post=12019"},{"taxonomy":"portada","embeddable":true,"href":"https:\/\/alcompasrevista.com\/va\/wp-json\/wp\/v2\/portada?post=12019"}],"curies":[{"name":"wp","href":"https:\/\/api.w.org\/{rel}","templated":true}]}}