{"id":11942,"date":"2023-01-09T11:05:02","date_gmt":"2023-01-09T10:05:02","guid":{"rendered":"https:\/\/alcompasrevista.com\/?p=11942"},"modified":"2023-01-09T11:09:32","modified_gmt":"2023-01-09T10:09:32","slug":"ultima-setmana-per-a-inscriures-en-el-certamen-internacional-de-bandes-ciutat-de-valencia","status":"publish","type":"post","link":"https:\/\/alcompasrevista.com\/va\/archivos\/11942","title":{"rendered":"\u00daltima setmana per a inscriure&#8217;s en el Certamen Internacional de Bandes Ciutat de Val\u00e8ncia"},"content":{"rendered":"\n<p>Les societats musicals que desitgen participar en la 135 edici\u00f3 de<a href=\"http:\/\/www.cibm-valencia.com\/\" target=\"_blank\" rel=\"noreferrer noopener\">l Certamen Internacional de Bandes de M\u00fasica Ciutat de Val\u00e8ncia 2023<\/a> ja poden realitzar el tr\u00e0mit d&#8217;inscripci\u00f3 fins al pr\u00f2xim 17 de gener, despr\u00e9s de la publicaci\u00f3 de les bases en el BOP del passat 30 de desembre.<\/p>\n\n\n\n<p>Les inscripcions per al certamen, que tindr\u00e0 lloc els dies 12, 13, 15 i 16 de juliol de 2023 en el <a href=\"https:\/\/www.lesarts.com\/\" target=\"_blank\" rel=\"noreferrer noopener\">Palau de les Arts<\/a>, s&#8217;han de formalitzar mitjan\u00e7ant el procediment espec\u00edfic habilitat en la seu electr\u00f2nica de l&#8217;Ajuntament de Val\u00e8ncia, segons ha informat el consistori en un comunicat.<\/p>\n\n\n\n<p>La regidora de Cultura i presidenta del comit\u00e9 organitzador, Gloria Tello, ha animat a les societats musicals a inscriure&#8217;s i participar &#8220;en una de les m\u00e9s prestigioses trobades de bandes de m\u00fasica del m\u00f3n, l&#8217;\u00fanic d&#8217;aquesta magnitud que t\u00e9 un car\u00e0cter anual i en el qual m\u00e9s societats musicals participen&#8221;.<\/p>\n\n\n\n<p>Tello ha destacat que &#8220;es tracta el Certamen que posseeix m\u00e9s quantitat de diners en premis i per participaci\u00f3, que \u00e9s de 43.000 euros respecte als premis i de 100.000 euros quant a la participaci\u00f3, que augmenta 16.000 euros respecte a l&#8217;edici\u00f3 anterior&#8221;.<\/p>\n\n\n\n<p>Durant el per\u00edode d&#8217;inscripci\u00f3, les bandes podran consultar en l&#8217;oficina del CIBM les obres obligades de cada secci\u00f3 i tamb\u00e9 podr\u00e0 formular tamb\u00e9 qualsevol consulta sobre el certamen.<\/p>\n\n\n\n<p>Les obres s\u00f3n per a la secci\u00f3 tercera Impuls Engine de Carolyn Bremer i El Ball de Luis Alonso de Ger\u00f3nimo Gim\u00e9nez amb arranjaments de Jos\u00e9 Luis Represas. Per a la secci\u00f3 segona, With Heart and Voice de David R. Gillingham i la jota de ballet Sorolla de Juanjo Colomer i per a la primera Symphony for Winds de Martin Ellerby i per a la secci\u00f3 d&#8217;honor, els quadres simf\u00f2nics Homenatge a Joaqu\u00edn Sorolla de Bernardo Adam Ferrero.<\/p>\n\n\n\n<p>En la sol\u00b7licitud, les bandes hauran d&#8217;especificar la secci\u00f3 per la qual opten, el t\u00edtol de l&#8217;obra de lliure elecci\u00f3, indicant la seua duraci\u00f3, el seu autor, i en el seu cas, el transcriptor -s&#8217;admetran transcripcions de les obres musicals degudament autoritzades-, aix\u00ed com la pe\u00e7a musical a interpretar fora de concurs. Per a acompanyar a les inst\u00e0ncies, cal presentar fotografia actualitzada i historial de la banda posant l&#8217;accent en els \u00faltims deu anys -participacions en concursos o cert\u00e0mens, premis, enregistraments, festivals, etc\u2026, i biografia del director o directora.<\/p>\n","protected":false},"excerpt":{"rendered":"<p>\u00daltima setmana per a inscriure&#8217;s en el Certamen Internacional de Bandes Ciutat de Val\u00e8ncia<\/p>\n","protected":false},"author":860004,"featured_media":11943,"comment_status":"closed","ping_status":"closed","sticky":false,"template":"","format":"standard","meta":{"footnotes":""},"categories":[29],"tags":[629,239],"portada":[102,630,241],"class_list":["post-11942","post","type-post","status-publish","format-standard","has-post-thumbnail","hentry","category-noticies-va","tag-certamen-internacional-de-bandes-ciutat-de-valencia","tag-fsmcv","portada-bandas","portada-certamen-internacional-de-bandes-ciutat-de-valencia","portada-fsmcv"],"yoast_head":"<!-- This site is optimized with the Yoast SEO plugin v27.4 - https:\/\/yoast.com\/product\/yoast-seo-wordpress\/ -->\n<title>\u00daltima setmana per a inscriure&#039;s en el Certamen Internacional de Bandes Ciutat de Val\u00e8ncia - Revista Al Comp\u00e0s<\/title>\n<meta name=\"robots\" content=\"index, follow, max-snippet:-1, max-image-preview:large, max-video-preview:-1\" \/>\n<link rel=\"canonical\" href=\"https:\/\/alcompasrevista.com\/archivos\/11946\" \/>\n<meta property=\"og:locale\" content=\"en_US\" \/>\n<meta property=\"og:type\" content=\"article\" \/>\n<meta property=\"og:title\" content=\"\u00daltima setmana per a inscriure&#039;s en el Certamen Internacional de Bandes Ciutat de Val\u00e8ncia - Revista Al Comp\u00e0s\" \/>\n<meta property=\"og:description\" content=\"\u00daltima setmana per a inscriure&#039;s en el Certamen Internacional de Bandes Ciutat de Val\u00e8ncia\" \/>\n<meta property=\"og:url\" content=\"https:\/\/alcompasrevista.com\/archivos\/11946\" \/>\n<meta property=\"og:site_name\" content=\"Revista Al Comp\u00e0s\" \/>\n<meta property=\"article:published_time\" content=\"2023-01-09T10:05:02+00:00\" \/>\n<meta property=\"article:modified_time\" content=\"2023-01-09T10:09:32+00:00\" \/>\n<meta property=\"og:image\" content=\"https:\/\/alcompasrevista.com\/wp-content\/uploads\/2023\/01\/Diseno-sin-titulo-2023-01-09T110343.474.jpg\" \/>\n\t<meta property=\"og:image:width\" content=\"760\" \/>\n\t<meta property=\"og:image:height\" content=\"430\" \/>\n\t<meta property=\"og:image:type\" content=\"image\/jpeg\" \/>\n<meta name=\"author\" content=\"Redacci\u00f3n\" \/>\n<meta name=\"twitter:card\" content=\"summary_large_image\" \/>\n<meta name=\"twitter:label1\" content=\"Written by\" \/>\n\t<meta name=\"twitter:data1\" content=\"Redacci\u00f3\" \/>\n\t<meta name=\"twitter:label2\" content=\"Est. reading time\" \/>\n\t<meta name=\"twitter:data2\" content=\"2 minutes\" \/>\n<script type=\"application\/ld+json\" class=\"yoast-schema-graph\">{\"@context\":\"https:\\\/\\\/schema.org\",\"@graph\":[{\"@type\":\"Article\",\"@id\":\"https:\\\/\\\/alcompasrevista.com\\\/archivos\\\/11946#article\",\"isPartOf\":{\"@id\":\"https:\\\/\\\/alcompasrevista.com\\\/archivos\\\/11946\"},\"author\":{\"name\":\"Redacci\u00f3n\",\"@id\":\"https:\\\/\\\/alcompasrevista.com\\\/#\\\/schema\\\/person\\\/0f092e7196386afa42171db0d19a38ff\"},\"headline\":\"\u00daltima setmana per a inscriure&#8217;s en el Certamen Internacional de Bandes Ciutat de Val\u00e8ncia\",\"datePublished\":\"2023-01-09T10:05:02+00:00\",\"dateModified\":\"2023-01-09T10:09:32+00:00\",\"mainEntityOfPage\":{\"@id\":\"https:\\\/\\\/alcompasrevista.com\\\/archivos\\\/11946\"},\"wordCount\":429,\"publisher\":{\"@id\":\"https:\\\/\\\/alcompasrevista.com\\\/#organization\"},\"image\":{\"@id\":\"https:\\\/\\\/alcompasrevista.com\\\/archivos\\\/11946#primaryimage\"},\"thumbnailUrl\":\"https:\\\/\\\/alcompasrevista.com\\\/wp-content\\\/uploads\\\/2023\\\/01\\\/Diseno-sin-titulo-2023-01-09T110343.474.jpg\",\"keywords\":[\"Certamen Internacional de Bandes Ciutat de Val\u00e8ncia\",\"FSMCV\"],\"articleSection\":[\"#Not\u00edcies\"],\"inLanguage\":\"va\"},{\"@type\":\"WebPage\",\"@id\":\"https:\\\/\\\/alcompasrevista.com\\\/archivos\\\/11946\",\"url\":\"https:\\\/\\\/alcompasrevista.com\\\/archivos\\\/11946\",\"name\":\"\u00daltima setmana per a inscriure's en el Certamen Internacional de Bandes Ciutat de Val\u00e8ncia - Revista Al Comp\u00e0s\",\"isPartOf\":{\"@id\":\"https:\\\/\\\/alcompasrevista.com\\\/#website\"},\"primaryImageOfPage\":{\"@id\":\"https:\\\/\\\/alcompasrevista.com\\\/archivos\\\/11946#primaryimage\"},\"image\":{\"@id\":\"https:\\\/\\\/alcompasrevista.com\\\/archivos\\\/11946#primaryimage\"},\"thumbnailUrl\":\"https:\\\/\\\/alcompasrevista.com\\\/wp-content\\\/uploads\\\/2023\\\/01\\\/Diseno-sin-titulo-2023-01-09T110343.474.jpg\",\"datePublished\":\"2023-01-09T10:05:02+00:00\",\"dateModified\":\"2023-01-09T10:09:32+00:00\",\"breadcrumb\":{\"@id\":\"https:\\\/\\\/alcompasrevista.com\\\/archivos\\\/11946#breadcrumb\"},\"inLanguage\":\"va\",\"potentialAction\":[{\"@type\":\"ReadAction\",\"target\":[\"https:\\\/\\\/alcompasrevista.com\\\/archivos\\\/11946\"]}]},{\"@type\":\"ImageObject\",\"inLanguage\":\"va\",\"@id\":\"https:\\\/\\\/alcompasrevista.com\\\/archivos\\\/11946#primaryimage\",\"url\":\"https:\\\/\\\/alcompasrevista.com\\\/wp-content\\\/uploads\\\/2023\\\/01\\\/Diseno-sin-titulo-2023-01-09T110343.474.jpg\",\"contentUrl\":\"https:\\\/\\\/alcompasrevista.com\\\/wp-content\\\/uploads\\\/2023\\\/01\\\/Diseno-sin-titulo-2023-01-09T110343.474.jpg\",\"width\":760,\"height\":430,\"caption\":\"\u00daltima setmana per a inscriure's en el Certamen Internacional de Bandes Ciutat de Val\u00e8ncia\"},{\"@type\":\"BreadcrumbList\",\"@id\":\"https:\\\/\\\/alcompasrevista.com\\\/archivos\\\/11946#breadcrumb\",\"itemListElement\":[{\"@type\":\"ListItem\",\"position\":1,\"name\":\"Portada\",\"item\":\"https:\\\/\\\/alcompasrevista.com\\\/va\"},{\"@type\":\"ListItem\",\"position\":2,\"name\":\"\u00daltima setmana per a inscriure&#8217;s en el Certamen Internacional de Bandes Ciutat de Val\u00e8ncia\"}]},{\"@type\":\"WebSite\",\"@id\":\"https:\\\/\\\/alcompasrevista.com\\\/#website\",\"url\":\"https:\\\/\\\/alcompasrevista.com\\\/\",\"name\":\"Revista Al Comp\u00e0s\",\"description\":\"Un proyecto de la Federaci\u00f3n de Sociedades Musicales de la Comunidad Valenciana\",\"publisher\":{\"@id\":\"https:\\\/\\\/alcompasrevista.com\\\/#organization\"},\"potentialAction\":[{\"@type\":\"SearchAction\",\"target\":{\"@type\":\"EntryPoint\",\"urlTemplate\":\"https:\\\/\\\/alcompasrevista.com\\\/?s={search_term_string}\"},\"query-input\":{\"@type\":\"PropertyValueSpecification\",\"valueRequired\":true,\"valueName\":\"search_term_string\"}}],\"inLanguage\":\"va\"},{\"@type\":\"Organization\",\"@id\":\"https:\\\/\\\/alcompasrevista.com\\\/#organization\",\"name\":\"Revista Al Comp\u00e0s\",\"url\":\"https:\\\/\\\/alcompasrevista.com\\\/\",\"logo\":{\"@type\":\"ImageObject\",\"inLanguage\":\"va\",\"@id\":\"https:\\\/\\\/alcompasrevista.com\\\/#\\\/schema\\\/logo\\\/image\\\/\",\"url\":\"https:\\\/\\\/alcompasrevista.com\\\/wp-content\\\/uploads\\\/2022\\\/04\\\/cropped-loog_blanco.png\",\"contentUrl\":\"https:\\\/\\\/alcompasrevista.com\\\/wp-content\\\/uploads\\\/2022\\\/04\\\/cropped-loog_blanco.png\",\"width\":1612,\"height\":724,\"caption\":\"Revista Al Comp\u00e0s\"},\"image\":{\"@id\":\"https:\\\/\\\/alcompasrevista.com\\\/#\\\/schema\\\/logo\\\/image\\\/\"}},{\"@type\":\"Person\",\"@id\":\"https:\\\/\\\/alcompasrevista.com\\\/#\\\/schema\\\/person\\\/0f092e7196386afa42171db0d19a38ff\",\"name\":\"Redacci\u00f3n\",\"image\":{\"@type\":\"ImageObject\",\"inLanguage\":\"va\",\"@id\":\"https:\\\/\\\/secure.gravatar.com\\\/avatar\\\/e2831619d4dae93995d3da450c50013d912e0b8bdf34d9ea00126d97c2b7702e?s=96&d=mm&r=g\",\"url\":\"https:\\\/\\\/secure.gravatar.com\\\/avatar\\\/e2831619d4dae93995d3da450c50013d912e0b8bdf34d9ea00126d97c2b7702e?s=96&d=mm&r=g\",\"contentUrl\":\"https:\\\/\\\/secure.gravatar.com\\\/avatar\\\/e2831619d4dae93995d3da450c50013d912e0b8bdf34d9ea00126d97c2b7702e?s=96&d=mm&r=g\",\"caption\":\"Redacci\u00f3n\"},\"url\":\"https:\\\/\\\/alcompasrevista.com\\\/va\\\/archivos\\\/author\\\/257_webmaster\"}]}<\/script>\n<!-- \/ Yoast SEO plugin. -->","yoast_head_json":{"title":"\u00daltima setmana per a inscriure's en el Certamen Internacional de Bandes Ciutat de Val\u00e8ncia - Revista Al Comp\u00e0s","robots":{"index":"index","follow":"follow","max-snippet":"max-snippet:-1","max-image-preview":"max-image-preview:large","max-video-preview":"max-video-preview:-1"},"canonical":"https:\/\/alcompasrevista.com\/archivos\/11946","og_locale":"en_US","og_type":"article","og_title":"\u00daltima setmana per a inscriure's en el Certamen Internacional de Bandes Ciutat de Val\u00e8ncia - Revista Al Comp\u00e0s","og_description":"\u00daltima setmana per a inscriure's en el Certamen Internacional de Bandes Ciutat de Val\u00e8ncia","og_url":"https:\/\/alcompasrevista.com\/archivos\/11946","og_site_name":"Revista Al Comp\u00e0s","article_published_time":"2023-01-09T10:05:02+00:00","article_modified_time":"2023-01-09T10:09:32+00:00","og_image":[{"width":760,"height":430,"url":"https:\/\/alcompasrevista.com\/wp-content\/uploads\/2023\/01\/Diseno-sin-titulo-2023-01-09T110343.474.jpg","type":"image\/jpeg"}],"author":"Redacci\u00f3n","twitter_card":"summary_large_image","twitter_misc":{"Written by":"Redacci\u00f3","Est. reading time":"2 minutes"},"schema":{"@context":"https:\/\/schema.org","@graph":[{"@type":"Article","@id":"https:\/\/alcompasrevista.com\/archivos\/11946#article","isPartOf":{"@id":"https:\/\/alcompasrevista.com\/archivos\/11946"},"author":{"name":"Redacci\u00f3n","@id":"https:\/\/alcompasrevista.com\/#\/schema\/person\/0f092e7196386afa42171db0d19a38ff"},"headline":"\u00daltima setmana per a inscriure&#8217;s en el Certamen Internacional de Bandes Ciutat de Val\u00e8ncia","datePublished":"2023-01-09T10:05:02+00:00","dateModified":"2023-01-09T10:09:32+00:00","mainEntityOfPage":{"@id":"https:\/\/alcompasrevista.com\/archivos\/11946"},"wordCount":429,"publisher":{"@id":"https:\/\/alcompasrevista.com\/#organization"},"image":{"@id":"https:\/\/alcompasrevista.com\/archivos\/11946#primaryimage"},"thumbnailUrl":"https:\/\/alcompasrevista.com\/wp-content\/uploads\/2023\/01\/Diseno-sin-titulo-2023-01-09T110343.474.jpg","keywords":["Certamen Internacional de Bandes Ciutat de Val\u00e8ncia","FSMCV"],"articleSection":["#Not\u00edcies"],"inLanguage":"va"},{"@type":"WebPage","@id":"https:\/\/alcompasrevista.com\/archivos\/11946","url":"https:\/\/alcompasrevista.com\/archivos\/11946","name":"\u00daltima setmana per a inscriure's en el Certamen Internacional de Bandes Ciutat de Val\u00e8ncia - Revista Al Comp\u00e0s","isPartOf":{"@id":"https:\/\/alcompasrevista.com\/#website"},"primaryImageOfPage":{"@id":"https:\/\/alcompasrevista.com\/archivos\/11946#primaryimage"},"image":{"@id":"https:\/\/alcompasrevista.com\/archivos\/11946#primaryimage"},"thumbnailUrl":"https:\/\/alcompasrevista.com\/wp-content\/uploads\/2023\/01\/Diseno-sin-titulo-2023-01-09T110343.474.jpg","datePublished":"2023-01-09T10:05:02+00:00","dateModified":"2023-01-09T10:09:32+00:00","breadcrumb":{"@id":"https:\/\/alcompasrevista.com\/archivos\/11946#breadcrumb"},"inLanguage":"va","potentialAction":[{"@type":"ReadAction","target":["https:\/\/alcompasrevista.com\/archivos\/11946"]}]},{"@type":"ImageObject","inLanguage":"va","@id":"https:\/\/alcompasrevista.com\/archivos\/11946#primaryimage","url":"https:\/\/alcompasrevista.com\/wp-content\/uploads\/2023\/01\/Diseno-sin-titulo-2023-01-09T110343.474.jpg","contentUrl":"https:\/\/alcompasrevista.com\/wp-content\/uploads\/2023\/01\/Diseno-sin-titulo-2023-01-09T110343.474.jpg","width":760,"height":430,"caption":"\u00daltima setmana per a inscriure's en el Certamen Internacional de Bandes Ciutat de Val\u00e8ncia"},{"@type":"BreadcrumbList","@id":"https:\/\/alcompasrevista.com\/archivos\/11946#breadcrumb","itemListElement":[{"@type":"ListItem","position":1,"name":"Portada","item":"https:\/\/alcompasrevista.com\/va"},{"@type":"ListItem","position":2,"name":"\u00daltima setmana per a inscriure&#8217;s en el Certamen Internacional de Bandes Ciutat de Val\u00e8ncia"}]},{"@type":"WebSite","@id":"https:\/\/alcompasrevista.com\/#website","url":"https:\/\/alcompasrevista.com\/","name":"Revista Al Comp\u00e0s","description":"Un proyecto de la Federaci\u00f3n de Sociedades Musicales de la Comunidad Valenciana","publisher":{"@id":"https:\/\/alcompasrevista.com\/#organization"},"potentialAction":[{"@type":"SearchAction","target":{"@type":"EntryPoint","urlTemplate":"https:\/\/alcompasrevista.com\/?s={search_term_string}"},"query-input":{"@type":"PropertyValueSpecification","valueRequired":true,"valueName":"search_term_string"}}],"inLanguage":"va"},{"@type":"Organization","@id":"https:\/\/alcompasrevista.com\/#organization","name":"Revista Al Comp\u00e0s","url":"https:\/\/alcompasrevista.com\/","logo":{"@type":"ImageObject","inLanguage":"va","@id":"https:\/\/alcompasrevista.com\/#\/schema\/logo\/image\/","url":"https:\/\/alcompasrevista.com\/wp-content\/uploads\/2022\/04\/cropped-loog_blanco.png","contentUrl":"https:\/\/alcompasrevista.com\/wp-content\/uploads\/2022\/04\/cropped-loog_blanco.png","width":1612,"height":724,"caption":"Revista Al Comp\u00e0s"},"image":{"@id":"https:\/\/alcompasrevista.com\/#\/schema\/logo\/image\/"}},{"@type":"Person","@id":"https:\/\/alcompasrevista.com\/#\/schema\/person\/0f092e7196386afa42171db0d19a38ff","name":"Redacci\u00f3n","image":{"@type":"ImageObject","inLanguage":"va","@id":"https:\/\/secure.gravatar.com\/avatar\/e2831619d4dae93995d3da450c50013d912e0b8bdf34d9ea00126d97c2b7702e?s=96&d=mm&r=g","url":"https:\/\/secure.gravatar.com\/avatar\/e2831619d4dae93995d3da450c50013d912e0b8bdf34d9ea00126d97c2b7702e?s=96&d=mm&r=g","contentUrl":"https:\/\/secure.gravatar.com\/avatar\/e2831619d4dae93995d3da450c50013d912e0b8bdf34d9ea00126d97c2b7702e?s=96&d=mm&r=g","caption":"Redacci\u00f3n"},"url":"https:\/\/alcompasrevista.com\/va\/archivos\/author\/257_webmaster"}]}},"_links":{"self":[{"href":"https:\/\/alcompasrevista.com\/va\/wp-json\/wp\/v2\/posts\/11942","targetHints":{"allow":["GET"]}}],"collection":[{"href":"https:\/\/alcompasrevista.com\/va\/wp-json\/wp\/v2\/posts"}],"about":[{"href":"https:\/\/alcompasrevista.com\/va\/wp-json\/wp\/v2\/types\/post"}],"author":[{"embeddable":true,"href":"https:\/\/alcompasrevista.com\/va\/wp-json\/wp\/v2\/users\/860004"}],"replies":[{"embeddable":true,"href":"https:\/\/alcompasrevista.com\/va\/wp-json\/wp\/v2\/comments?post=11942"}],"version-history":[{"count":0,"href":"https:\/\/alcompasrevista.com\/va\/wp-json\/wp\/v2\/posts\/11942\/revisions"}],"wp:featuredmedia":[{"embeddable":true,"href":"https:\/\/alcompasrevista.com\/va\/wp-json\/wp\/v2\/media\/11943"}],"wp:attachment":[{"href":"https:\/\/alcompasrevista.com\/va\/wp-json\/wp\/v2\/media?parent=11942"}],"wp:term":[{"taxonomy":"category","embeddable":true,"href":"https:\/\/alcompasrevista.com\/va\/wp-json\/wp\/v2\/categories?post=11942"},{"taxonomy":"post_tag","embeddable":true,"href":"https:\/\/alcompasrevista.com\/va\/wp-json\/wp\/v2\/tags?post=11942"},{"taxonomy":"portada","embeddable":true,"href":"https:\/\/alcompasrevista.com\/va\/wp-json\/wp\/v2\/portada?post=11942"}],"curies":[{"name":"wp","href":"https:\/\/api.w.org\/{rel}","templated":true}]}}