{"id":11903,"date":"2023-01-04T08:02:39","date_gmt":"2023-01-04T07:02:39","guid":{"rendered":"https:\/\/alcompasrevista.com\/?p=11903"},"modified":"2023-01-04T08:13:34","modified_gmt":"2023-01-04T07:13:34","slug":"musica-a-la-llum-rescata-lobra-horas-y-caminos-de-rafael-rodriguez-albert","status":"publish","type":"post","link":"https:\/\/alcompasrevista.com\/va\/archivos\/11903","title":{"rendered":"M\u00fasica a la Llum rescata l&#8217;obra \u2018Horas y Caminos\u2019 de Rafael Rodr\u00edguez Albert"},"content":{"rendered":"\n<p>M\u00fasica a la Llum il\u00b7lumina un nou tresor del patrimoni musical valenci\u00e0. La iniciativa, impulsada per CaixaBank i organitzada per la Federaci\u00f3 de Societats Musicals de la Comunitat Valenciana i l&#8217;Institut Valenci\u00e0 de Cultura de la Generalitat Valenciana, rescata la partitura completa de l&#8217;obra <em>Horas y Caminos. Esbozo poem\u00e1tico musical<\/em>, del compositor alacant\u00ed Rafael Rodr\u00edguez Albert.<\/p>\n\n\n\n<p>Es tracta de la pe\u00e7a per a banda m\u00e9s ambiciosa de l&#8217;autor nascut en 1902. Va ser composta en 1973 per enc\u00e0rrec de<a href=\"https:\/\/www.iacjuangilalbert.com\/ca\/\" target=\"_blank\" rel=\"noreferrer noopener\"> l&#8217;Institut d&#8217;Estudis Alacantins<\/a> i estrenada el 24 de febrer de 1974 per la <a href=\"https:\/\/www.alicante.es\/es\/contenidos\/banda-sinfonica-municipal\" target=\"_blank\" rel=\"noreferrer noopener\">Banda Municipal d&#8217;Alacant<\/a>, dirigida per Mois\u00e8s Davia, en el Teatre Principal de la ciutat. L&#8217;obra est\u00e0 inspirada en temes alacantins, especialment en el <a href=\"https:\/\/www.misteridelx.com\/\" target=\"_blank\" rel=\"noreferrer noopener\">Misteri d&#8217;Elx<\/a>, i deu el seu nom a la novel\u00b7la <em>A\u00f1os y leguas<\/em>, de Gabriel Mir\u00f3.<\/p>\n\n\n\n<p>Rodr\u00edguez Albert \u00e9s considerat com un dels compositors valencians m\u00e9s destacats del segle XX, que va obtenir en diverses ocasions el Premi Nacional de M\u00fasica. La seua obra abasta la m\u00fasica orquestral, de cambra, les obres per a piano o guitarra, la m\u00fasica coral i la m\u00fasica per a banda.<\/p>\n\n\n\n<p><em>Horas y caminos<\/em> va vore la llum en 1984. No obstant aix\u00f2, la partitura va apar\u00e8ixer en forma de gui\u00f3, i amb nombrosos errors, dificultant la seua interpretaci\u00f3. Ara, gr\u00e0cies al treball dels t\u00e8cnics del projecte M\u00fasica a la Llum, revisant esborranys i manuscrits de l&#8217;arxiu personal de l&#8217;autor, es publica la partitura corregida de l&#8217;obra.<\/p>\n\n\n\n<figure class=\"wp-block-image size-full\"><img loading=\"lazy\" decoding=\"async\" width=\"760\" height=\"430\" src=\"https:\/\/alcompasrevista.com\/wp-content\/uploads\/2023\/01\/Diseno-sin-titulo-2023-01-04T075319.909.jpg\" alt=\"\" class=\"wp-image-11908\" srcset=\"https:\/\/alcompasrevista.com\/wp-content\/uploads\/2023\/01\/Diseno-sin-titulo-2023-01-04T075319.909.jpg 760w, https:\/\/alcompasrevista.com\/wp-content\/uploads\/2023\/01\/Diseno-sin-titulo-2023-01-04T075319.909-300x170.jpg 300w\" sizes=\"auto, (max-width: 760px) 100vw, 760px\" \/><\/figure>\n\n\n\n<p><strong>El projecte M\u00fasica a la Llum<\/strong><\/p>\n\n\n\n<p>El que no se sap que existix no es pot apreciar ni protegir. A vegades el patrimoni cultural de les societats musicals \u00e9s desconegut fora d&#8217;elles. Per a corregir este problema, des de comen\u00e7aments de 2017 un equip d&#8217;experts duu a terme una labor de descripci\u00f3 del patrimoni cultural de les societats musicals, particularment el seu arxiu de partitures, i el posa a la disposici\u00f3 dels investigadors i aficionats a trav\u00e9s del seu web musicaalallum.es, a m\u00e9s de divulgar-lo mitjan\u00e7ant concerts, discos i congressos. Este \u00e9s un projecte impulsat per CaixaBank i coordinat per l&#8217;Institut Valenci\u00e0 de Cultura que compta amb la col\u00b7laboraci\u00f3 dels responsables de les pr\u00f2pies agrupacions federades i la FSMCV.<\/p>\n\n\n\n<p>Fruit d&#8217;este treball, s&#8217;han recuperat obres de Salvador Giner, Ruperto Chap\u00ed o Manuel Palau perdudes o oblidades i s&#8217;han catalogat fons valuosos conservats en diferents societats musicals.<\/p>\n\n\n\n<p>Ara, amb esta nova col\u00b7lecci\u00f3 de partitures que comen\u00e7a amb Rodr\u00edguez Albert, es pret\u00e9n ampliar i potenciar la tasca de difusi\u00f3 de la m\u00fasica per a banda duta a terme des de M\u00fasica a la Llum.<\/p>\n\n\n\n<p><em>Horas y caminos<\/em> s&#8217;ha editat en el <a href=\"https:\/\/fsmcv.org\/vl\/segell-editorial\/\" target=\"_blank\" rel=\"noreferrer noopener\">segell FSMCV Edicions<\/a>, creat per a la divulgaci\u00f3 de les composicions musicals per a banda i orquestra simf\u00f2nica per part de les societats musicals federades, i est\u00e0 a la venda per a tothom a trav\u00e9s de l&#8217;editorial Piles. A m\u00e9s, les peces editades al segell estan disponibles de manera gratu\u00efta per a totes les societats que formen part de la FSMCV a trav\u00e9s de la plataforma de gesti\u00f3 digital que la Federaci\u00f3 posa a la seua disposici\u00f3.<\/p>\n","protected":false},"excerpt":{"rendered":"<p>Rodr\u00edguez Albert est\u00e1 considerat como un dels compositors valencians m\u00e9s importants del segle XX<\/p>\n","protected":false},"author":860004,"featured_media":11904,"comment_status":"closed","ping_status":"closed","sticky":false,"template":"","format":"standard","meta":{"footnotes":""},"categories":[29],"tags":[239,623],"portada":[241,174],"class_list":["post-11903","post","type-post","status-publish","format-standard","has-post-thumbnail","hentry","category-noticies-va","tag-fsmcv","tag-musica-a-la-llum-4","portada-fsmcv","portada-musica-a-la-llum"],"yoast_head":"<!-- This site is optimized with the Yoast SEO plugin v27.4 - https:\/\/yoast.com\/product\/yoast-seo-wordpress\/ -->\n<title>M\u00fasica a la Llum rescata l&#039;obra \u2018Horas y Caminos\u2019 de Rafael Rodr\u00edguez Albert - Revista Al Comp\u00e0s<\/title>\n<meta name=\"robots\" content=\"index, follow, max-snippet:-1, max-image-preview:large, max-video-preview:-1\" \/>\n<link rel=\"canonical\" href=\"https:\/\/alcompasrevista.com\/va\/archivos\/11903\" \/>\n<meta property=\"og:locale\" content=\"en_US\" \/>\n<meta property=\"og:type\" content=\"article\" \/>\n<meta property=\"og:title\" content=\"M\u00fasica a la Llum rescata l&#039;obra \u2018Horas y Caminos\u2019 de Rafael Rodr\u00edguez Albert - Revista Al Comp\u00e0s\" \/>\n<meta property=\"og:description\" content=\"Rodr\u00edguez Albert est\u00e1 considerat como un dels compositors valencians m\u00e9s importants del segle XX\" \/>\n<meta property=\"og:url\" content=\"https:\/\/alcompasrevista.com\/va\/archivos\/11903\" \/>\n<meta property=\"og:site_name\" content=\"Revista Al Comp\u00e0s\" \/>\n<meta property=\"article:published_time\" content=\"2023-01-04T07:02:39+00:00\" \/>\n<meta property=\"article:modified_time\" content=\"2023-01-04T07:13:34+00:00\" \/>\n<meta property=\"og:image\" content=\"https:\/\/alcompasrevista.com\/wp-content\/uploads\/2023\/01\/Diseno-sin-titulo-2023-01-04T075621.424.jpg\" \/>\n\t<meta property=\"og:image:width\" content=\"760\" \/>\n\t<meta property=\"og:image:height\" content=\"430\" \/>\n\t<meta property=\"og:image:type\" content=\"image\/jpeg\" \/>\n<meta name=\"author\" content=\"Redacci\u00f3n\" \/>\n<meta name=\"twitter:card\" content=\"summary_large_image\" \/>\n<meta name=\"twitter:label1\" content=\"Written by\" \/>\n\t<meta name=\"twitter:data1\" content=\"Redacci\u00f3\" \/>\n\t<meta name=\"twitter:label2\" content=\"Est. reading time\" \/>\n\t<meta name=\"twitter:data2\" content=\"3 minutes\" \/>\n<script type=\"application\/ld+json\" class=\"yoast-schema-graph\">{\"@context\":\"https:\\\/\\\/schema.org\",\"@graph\":[{\"@type\":\"Article\",\"@id\":\"https:\\\/\\\/alcompasrevista.com\\\/va\\\/archivos\\\/11903#article\",\"isPartOf\":{\"@id\":\"https:\\\/\\\/alcompasrevista.com\\\/va\\\/archivos\\\/11903\"},\"author\":{\"name\":\"Redacci\u00f3n\",\"@id\":\"https:\\\/\\\/alcompasrevista.com\\\/#\\\/schema\\\/person\\\/0f092e7196386afa42171db0d19a38ff\"},\"headline\":\"M\u00fasica a la Llum rescata l&#8217;obra \u2018Horas y Caminos\u2019 de Rafael Rodr\u00edguez Albert\",\"datePublished\":\"2023-01-04T07:02:39+00:00\",\"dateModified\":\"2023-01-04T07:13:34+00:00\",\"mainEntityOfPage\":{\"@id\":\"https:\\\/\\\/alcompasrevista.com\\\/va\\\/archivos\\\/11903\"},\"wordCount\":571,\"publisher\":{\"@id\":\"https:\\\/\\\/alcompasrevista.com\\\/#organization\"},\"image\":{\"@id\":\"https:\\\/\\\/alcompasrevista.com\\\/va\\\/archivos\\\/11903#primaryimage\"},\"thumbnailUrl\":\"https:\\\/\\\/alcompasrevista.com\\\/wp-content\\\/uploads\\\/2023\\\/01\\\/Diseno-sin-titulo-2023-01-04T075621.424.jpg\",\"keywords\":[\"FSMCV\",\"musica a la llum\"],\"articleSection\":[\"#Not\u00edcies\"],\"inLanguage\":\"va\"},{\"@type\":\"WebPage\",\"@id\":\"https:\\\/\\\/alcompasrevista.com\\\/va\\\/archivos\\\/11903\",\"url\":\"https:\\\/\\\/alcompasrevista.com\\\/va\\\/archivos\\\/11903\",\"name\":\"M\u00fasica a la Llum rescata l'obra \u2018Horas y Caminos\u2019 de Rafael Rodr\u00edguez Albert - Revista Al Comp\u00e0s\",\"isPartOf\":{\"@id\":\"https:\\\/\\\/alcompasrevista.com\\\/#website\"},\"primaryImageOfPage\":{\"@id\":\"https:\\\/\\\/alcompasrevista.com\\\/va\\\/archivos\\\/11903#primaryimage\"},\"image\":{\"@id\":\"https:\\\/\\\/alcompasrevista.com\\\/va\\\/archivos\\\/11903#primaryimage\"},\"thumbnailUrl\":\"https:\\\/\\\/alcompasrevista.com\\\/wp-content\\\/uploads\\\/2023\\\/01\\\/Diseno-sin-titulo-2023-01-04T075621.424.jpg\",\"datePublished\":\"2023-01-04T07:02:39+00:00\",\"dateModified\":\"2023-01-04T07:13:34+00:00\",\"breadcrumb\":{\"@id\":\"https:\\\/\\\/alcompasrevista.com\\\/va\\\/archivos\\\/11903#breadcrumb\"},\"inLanguage\":\"va\",\"potentialAction\":[{\"@type\":\"ReadAction\",\"target\":[\"https:\\\/\\\/alcompasrevista.com\\\/va\\\/archivos\\\/11903\"]}]},{\"@type\":\"ImageObject\",\"inLanguage\":\"va\",\"@id\":\"https:\\\/\\\/alcompasrevista.com\\\/va\\\/archivos\\\/11903#primaryimage\",\"url\":\"https:\\\/\\\/alcompasrevista.com\\\/wp-content\\\/uploads\\\/2023\\\/01\\\/Diseno-sin-titulo-2023-01-04T075621.424.jpg\",\"contentUrl\":\"https:\\\/\\\/alcompasrevista.com\\\/wp-content\\\/uploads\\\/2023\\\/01\\\/Diseno-sin-titulo-2023-01-04T075621.424.jpg\",\"width\":760,\"height\":430},{\"@type\":\"BreadcrumbList\",\"@id\":\"https:\\\/\\\/alcompasrevista.com\\\/va\\\/archivos\\\/11903#breadcrumb\",\"itemListElement\":[{\"@type\":\"ListItem\",\"position\":1,\"name\":\"Portada\",\"item\":\"https:\\\/\\\/alcompasrevista.com\\\/va\"},{\"@type\":\"ListItem\",\"position\":2,\"name\":\"M\u00fasica a la Llum rescata l&#8217;obra \u2018Horas y Caminos\u2019 de Rafael Rodr\u00edguez Albert\"}]},{\"@type\":\"WebSite\",\"@id\":\"https:\\\/\\\/alcompasrevista.com\\\/#website\",\"url\":\"https:\\\/\\\/alcompasrevista.com\\\/\",\"name\":\"Revista Al Comp\u00e0s\",\"description\":\"Un proyecto de la Federaci\u00f3n de Sociedades Musicales de la Comunidad Valenciana\",\"publisher\":{\"@id\":\"https:\\\/\\\/alcompasrevista.com\\\/#organization\"},\"potentialAction\":[{\"@type\":\"SearchAction\",\"target\":{\"@type\":\"EntryPoint\",\"urlTemplate\":\"https:\\\/\\\/alcompasrevista.com\\\/?s={search_term_string}\"},\"query-input\":{\"@type\":\"PropertyValueSpecification\",\"valueRequired\":true,\"valueName\":\"search_term_string\"}}],\"inLanguage\":\"va\"},{\"@type\":\"Organization\",\"@id\":\"https:\\\/\\\/alcompasrevista.com\\\/#organization\",\"name\":\"Revista Al Comp\u00e0s\",\"url\":\"https:\\\/\\\/alcompasrevista.com\\\/\",\"logo\":{\"@type\":\"ImageObject\",\"inLanguage\":\"va\",\"@id\":\"https:\\\/\\\/alcompasrevista.com\\\/#\\\/schema\\\/logo\\\/image\\\/\",\"url\":\"https:\\\/\\\/alcompasrevista.com\\\/wp-content\\\/uploads\\\/2022\\\/04\\\/cropped-loog_blanco.png\",\"contentUrl\":\"https:\\\/\\\/alcompasrevista.com\\\/wp-content\\\/uploads\\\/2022\\\/04\\\/cropped-loog_blanco.png\",\"width\":1612,\"height\":724,\"caption\":\"Revista Al Comp\u00e0s\"},\"image\":{\"@id\":\"https:\\\/\\\/alcompasrevista.com\\\/#\\\/schema\\\/logo\\\/image\\\/\"}},{\"@type\":\"Person\",\"@id\":\"https:\\\/\\\/alcompasrevista.com\\\/#\\\/schema\\\/person\\\/0f092e7196386afa42171db0d19a38ff\",\"name\":\"Redacci\u00f3n\",\"image\":{\"@type\":\"ImageObject\",\"inLanguage\":\"va\",\"@id\":\"https:\\\/\\\/secure.gravatar.com\\\/avatar\\\/e2831619d4dae93995d3da450c50013d912e0b8bdf34d9ea00126d97c2b7702e?s=96&d=mm&r=g\",\"url\":\"https:\\\/\\\/secure.gravatar.com\\\/avatar\\\/e2831619d4dae93995d3da450c50013d912e0b8bdf34d9ea00126d97c2b7702e?s=96&d=mm&r=g\",\"contentUrl\":\"https:\\\/\\\/secure.gravatar.com\\\/avatar\\\/e2831619d4dae93995d3da450c50013d912e0b8bdf34d9ea00126d97c2b7702e?s=96&d=mm&r=g\",\"caption\":\"Redacci\u00f3n\"},\"url\":\"https:\\\/\\\/alcompasrevista.com\\\/va\\\/archivos\\\/author\\\/257_webmaster\"}]}<\/script>\n<!-- \/ Yoast SEO plugin. -->","yoast_head_json":{"title":"M\u00fasica a la Llum rescata l'obra \u2018Horas y Caminos\u2019 de Rafael Rodr\u00edguez Albert - Revista Al Comp\u00e0s","robots":{"index":"index","follow":"follow","max-snippet":"max-snippet:-1","max-image-preview":"max-image-preview:large","max-video-preview":"max-video-preview:-1"},"canonical":"https:\/\/alcompasrevista.com\/va\/archivos\/11903","og_locale":"en_US","og_type":"article","og_title":"M\u00fasica a la Llum rescata l'obra \u2018Horas y Caminos\u2019 de Rafael Rodr\u00edguez Albert - Revista Al Comp\u00e0s","og_description":"Rodr\u00edguez Albert est\u00e1 considerat como un dels compositors valencians m\u00e9s importants del segle XX","og_url":"https:\/\/alcompasrevista.com\/va\/archivos\/11903","og_site_name":"Revista Al Comp\u00e0s","article_published_time":"2023-01-04T07:02:39+00:00","article_modified_time":"2023-01-04T07:13:34+00:00","og_image":[{"width":760,"height":430,"url":"https:\/\/alcompasrevista.com\/wp-content\/uploads\/2023\/01\/Diseno-sin-titulo-2023-01-04T075621.424.jpg","type":"image\/jpeg"}],"author":"Redacci\u00f3n","twitter_card":"summary_large_image","twitter_misc":{"Written by":"Redacci\u00f3","Est. reading time":"3 minutes"},"schema":{"@context":"https:\/\/schema.org","@graph":[{"@type":"Article","@id":"https:\/\/alcompasrevista.com\/va\/archivos\/11903#article","isPartOf":{"@id":"https:\/\/alcompasrevista.com\/va\/archivos\/11903"},"author":{"name":"Redacci\u00f3n","@id":"https:\/\/alcompasrevista.com\/#\/schema\/person\/0f092e7196386afa42171db0d19a38ff"},"headline":"M\u00fasica a la Llum rescata l&#8217;obra \u2018Horas y Caminos\u2019 de Rafael Rodr\u00edguez Albert","datePublished":"2023-01-04T07:02:39+00:00","dateModified":"2023-01-04T07:13:34+00:00","mainEntityOfPage":{"@id":"https:\/\/alcompasrevista.com\/va\/archivos\/11903"},"wordCount":571,"publisher":{"@id":"https:\/\/alcompasrevista.com\/#organization"},"image":{"@id":"https:\/\/alcompasrevista.com\/va\/archivos\/11903#primaryimage"},"thumbnailUrl":"https:\/\/alcompasrevista.com\/wp-content\/uploads\/2023\/01\/Diseno-sin-titulo-2023-01-04T075621.424.jpg","keywords":["FSMCV","musica a la llum"],"articleSection":["#Not\u00edcies"],"inLanguage":"va"},{"@type":"WebPage","@id":"https:\/\/alcompasrevista.com\/va\/archivos\/11903","url":"https:\/\/alcompasrevista.com\/va\/archivos\/11903","name":"M\u00fasica a la Llum rescata l'obra \u2018Horas y Caminos\u2019 de Rafael Rodr\u00edguez Albert - Revista Al Comp\u00e0s","isPartOf":{"@id":"https:\/\/alcompasrevista.com\/#website"},"primaryImageOfPage":{"@id":"https:\/\/alcompasrevista.com\/va\/archivos\/11903#primaryimage"},"image":{"@id":"https:\/\/alcompasrevista.com\/va\/archivos\/11903#primaryimage"},"thumbnailUrl":"https:\/\/alcompasrevista.com\/wp-content\/uploads\/2023\/01\/Diseno-sin-titulo-2023-01-04T075621.424.jpg","datePublished":"2023-01-04T07:02:39+00:00","dateModified":"2023-01-04T07:13:34+00:00","breadcrumb":{"@id":"https:\/\/alcompasrevista.com\/va\/archivos\/11903#breadcrumb"},"inLanguage":"va","potentialAction":[{"@type":"ReadAction","target":["https:\/\/alcompasrevista.com\/va\/archivos\/11903"]}]},{"@type":"ImageObject","inLanguage":"va","@id":"https:\/\/alcompasrevista.com\/va\/archivos\/11903#primaryimage","url":"https:\/\/alcompasrevista.com\/wp-content\/uploads\/2023\/01\/Diseno-sin-titulo-2023-01-04T075621.424.jpg","contentUrl":"https:\/\/alcompasrevista.com\/wp-content\/uploads\/2023\/01\/Diseno-sin-titulo-2023-01-04T075621.424.jpg","width":760,"height":430},{"@type":"BreadcrumbList","@id":"https:\/\/alcompasrevista.com\/va\/archivos\/11903#breadcrumb","itemListElement":[{"@type":"ListItem","position":1,"name":"Portada","item":"https:\/\/alcompasrevista.com\/va"},{"@type":"ListItem","position":2,"name":"M\u00fasica a la Llum rescata l&#8217;obra \u2018Horas y Caminos\u2019 de Rafael Rodr\u00edguez Albert"}]},{"@type":"WebSite","@id":"https:\/\/alcompasrevista.com\/#website","url":"https:\/\/alcompasrevista.com\/","name":"Revista Al Comp\u00e0s","description":"Un proyecto de la Federaci\u00f3n de Sociedades Musicales de la Comunidad Valenciana","publisher":{"@id":"https:\/\/alcompasrevista.com\/#organization"},"potentialAction":[{"@type":"SearchAction","target":{"@type":"EntryPoint","urlTemplate":"https:\/\/alcompasrevista.com\/?s={search_term_string}"},"query-input":{"@type":"PropertyValueSpecification","valueRequired":true,"valueName":"search_term_string"}}],"inLanguage":"va"},{"@type":"Organization","@id":"https:\/\/alcompasrevista.com\/#organization","name":"Revista Al Comp\u00e0s","url":"https:\/\/alcompasrevista.com\/","logo":{"@type":"ImageObject","inLanguage":"va","@id":"https:\/\/alcompasrevista.com\/#\/schema\/logo\/image\/","url":"https:\/\/alcompasrevista.com\/wp-content\/uploads\/2022\/04\/cropped-loog_blanco.png","contentUrl":"https:\/\/alcompasrevista.com\/wp-content\/uploads\/2022\/04\/cropped-loog_blanco.png","width":1612,"height":724,"caption":"Revista Al Comp\u00e0s"},"image":{"@id":"https:\/\/alcompasrevista.com\/#\/schema\/logo\/image\/"}},{"@type":"Person","@id":"https:\/\/alcompasrevista.com\/#\/schema\/person\/0f092e7196386afa42171db0d19a38ff","name":"Redacci\u00f3n","image":{"@type":"ImageObject","inLanguage":"va","@id":"https:\/\/secure.gravatar.com\/avatar\/e2831619d4dae93995d3da450c50013d912e0b8bdf34d9ea00126d97c2b7702e?s=96&d=mm&r=g","url":"https:\/\/secure.gravatar.com\/avatar\/e2831619d4dae93995d3da450c50013d912e0b8bdf34d9ea00126d97c2b7702e?s=96&d=mm&r=g","contentUrl":"https:\/\/secure.gravatar.com\/avatar\/e2831619d4dae93995d3da450c50013d912e0b8bdf34d9ea00126d97c2b7702e?s=96&d=mm&r=g","caption":"Redacci\u00f3n"},"url":"https:\/\/alcompasrevista.com\/va\/archivos\/author\/257_webmaster"}]}},"_links":{"self":[{"href":"https:\/\/alcompasrevista.com\/va\/wp-json\/wp\/v2\/posts\/11903","targetHints":{"allow":["GET"]}}],"collection":[{"href":"https:\/\/alcompasrevista.com\/va\/wp-json\/wp\/v2\/posts"}],"about":[{"href":"https:\/\/alcompasrevista.com\/va\/wp-json\/wp\/v2\/types\/post"}],"author":[{"embeddable":true,"href":"https:\/\/alcompasrevista.com\/va\/wp-json\/wp\/v2\/users\/860004"}],"replies":[{"embeddable":true,"href":"https:\/\/alcompasrevista.com\/va\/wp-json\/wp\/v2\/comments?post=11903"}],"version-history":[{"count":0,"href":"https:\/\/alcompasrevista.com\/va\/wp-json\/wp\/v2\/posts\/11903\/revisions"}],"wp:featuredmedia":[{"embeddable":true,"href":"https:\/\/alcompasrevista.com\/va\/wp-json\/wp\/v2\/media\/11904"}],"wp:attachment":[{"href":"https:\/\/alcompasrevista.com\/va\/wp-json\/wp\/v2\/media?parent=11903"}],"wp:term":[{"taxonomy":"category","embeddable":true,"href":"https:\/\/alcompasrevista.com\/va\/wp-json\/wp\/v2\/categories?post=11903"},{"taxonomy":"post_tag","embeddable":true,"href":"https:\/\/alcompasrevista.com\/va\/wp-json\/wp\/v2\/tags?post=11903"},{"taxonomy":"portada","embeddable":true,"href":"https:\/\/alcompasrevista.com\/va\/wp-json\/wp\/v2\/portada?post=11903"}],"curies":[{"name":"wp","href":"https:\/\/api.w.org\/{rel}","templated":true}]}}