{"id":11818,"date":"2022-12-29T11:17:07","date_gmt":"2022-12-29T10:17:07","guid":{"rendered":"https:\/\/alcompasrevista.com\/?p=11818"},"modified":"2023-01-03T10:17:56","modified_gmt":"2023-01-03T09:17:56","slug":"concert-de-nadal-de-lentusiasta-de-benifairo-de-la-valldigna","status":"publish","type":"post","link":"https:\/\/alcompasrevista.com\/va\/archivos\/11818","title":{"rendered":"Concert de Nadal de L&#8217;Entusiasta de Benifair\u00f3 de la Valldigna"},"content":{"rendered":"\n<p>El passat dijous 22 de Desembre, es va celebrar a l\u00b4Auditori Municipal de Benifair\u00f3 de la Valldigna, l&#8217;audici\u00f3 dels alumnes de l\u00b4escola de m\u00fasica \u201dPepe Rafaela\u201d de la Societat Musical l\u00b4Entusiasta, amb l&#8217;actuaci\u00f3 primer dels m\u00e9s menuts de l\u00b4escola, a continuaci\u00f3 els diferents grups instrumentals, i finalment el Concert de la Banda Jove, dirigida per Ferran Cunyat.<\/p>\n\n\n\n<figure class=\"wp-block-image size-full\"><img loading=\"lazy\" decoding=\"async\" width=\"760\" height=\"430\" src=\"https:\/\/alcompasrevista.com\/wp-content\/uploads\/2022\/12\/Diseno-sin-titulo-100.jpg\" alt=\"\" class=\"wp-image-11821\" srcset=\"https:\/\/alcompasrevista.com\/wp-content\/uploads\/2022\/12\/Diseno-sin-titulo-100.jpg 760w, https:\/\/alcompasrevista.com\/wp-content\/uploads\/2022\/12\/Diseno-sin-titulo-100-300x170.jpg 300w\" sizes=\"auto, (max-width: 760px) 100vw, 760px\" \/><figcaption class=\"wp-element-caption\">Banda Jove <\/figcaption><\/figure>\n\n\n\n<p><br>Una vegada acabats aquests actes, la societat musical benifaironera, a preparat el Concert de Nadal, qu\u00e8 es realitzar\u00e0 el dijous 29 de Desembre, a les 19:30h a l\u00b4Auditori Municipal.<br>Com ja es tradicional amb aquest concert, que ser\u00e0 dirigit pel seu director Carlos Sancho Cantus, l\u00b4entitat musical l&#8217;Entusiasta interpretar\u00e0 diferents obres i temes musicals de car\u00e0cter nadalenc, amb la participaci\u00f3 dels xiquets\/es de l&#8217;escola de m\u00fasica i finalitzant amb la coneguda Radesky March per a gust i  acompanyament del p\u00fablic assistent.<br>La Societat Musical l\u00b4Entusiasta, te previst participar al Certamen Auton\u00f2mic de Bandes Diputaci\u00f3, a celebrar el 15 de Gener del 2023, al Palau dels Arts de Val\u00e8ncia, despr\u00e8s d\u00b4haver guanyat el 1er Premi i Menci\u00f3 d&#8217;Honor a la Secci\u00f3 Segona del Certamen Diputaci\u00f3 de Val\u00e8ncia 2022, celebrat a Ll\u00edria. Junt a la banda benifaironera, actuaran l&#8217;Uni\u00f3 Musical Vallduxense de la Vall d\u00b4Uix\u00f2, guanyadora de la Diputaci\u00f3 de Castell\u00f3 i l&#8217;Ateneu Musical de Cocentaina, guanyadora de la Diputaci\u00f3 d\u00b4Alacant.<\/p>\n\n\n\n<p><\/p>\n","protected":false},"excerpt":{"rendered":"<p>El passat dijous 22 de Desembre, es va celebrar a l\u00b4Auditori Municipal de Benifair\u00f3 de la Valldigna, l&#8217;audici\u00f3 dels alumnes de l\u00b4escola de m\u00fasica \u201dPepe Rafaela\u201d de la Societat Musical l\u00b4Entusiasta.<\/p>\n","protected":false},"author":860004,"featured_media":11819,"comment_status":"closed","ping_status":"closed","sticky":false,"template":"","format":"standard","meta":{"footnotes":""},"categories":[29],"tags":[483,605],"portada":[603,604],"class_list":["post-11818","post","type-post","status-publish","format-standard","has-post-thumbnail","hentry","category-noticies-va","tag-benifairo-de-la-valldigna-va","tag-concert-nadal","portada-benifairo-de-la-valldigna","portada-concert-nadal"],"yoast_head":"<!-- This site is optimized with the Yoast SEO plugin v27.4 - https:\/\/yoast.com\/product\/yoast-seo-wordpress\/ -->\n<title>Concert de Nadal de L&#039;Entusiasta de Benifair\u00f3 de la Valldigna - Revista Al Comp\u00e0s<\/title>\n<meta name=\"robots\" content=\"index, follow, max-snippet:-1, max-image-preview:large, max-video-preview:-1\" \/>\n<link rel=\"canonical\" href=\"https:\/\/alcompasrevista.com\/va\/archivos\/11818\" \/>\n<meta property=\"og:locale\" content=\"en_US\" \/>\n<meta property=\"og:type\" content=\"article\" \/>\n<meta property=\"og:title\" content=\"Concert de Nadal de L&#039;Entusiasta de Benifair\u00f3 de la Valldigna - Revista Al Comp\u00e0s\" \/>\n<meta property=\"og:description\" content=\"El passat dijous 22 de Desembre, es va celebrar a l\u00b4Auditori Municipal de Benifair\u00f3 de la Valldigna, l&#039;audici\u00f3 dels alumnes de l\u00b4escola de m\u00fasica \u201dPepe Rafaela\u201d de la Societat Musical l\u00b4Entusiasta.\" \/>\n<meta property=\"og:url\" content=\"https:\/\/alcompasrevista.com\/va\/archivos\/11818\" \/>\n<meta property=\"og:site_name\" content=\"Revista Al Comp\u00e0s\" \/>\n<meta property=\"article:published_time\" content=\"2022-12-29T10:17:07+00:00\" \/>\n<meta property=\"article:modified_time\" content=\"2023-01-03T09:17:56+00:00\" \/>\n<meta property=\"og:image\" content=\"https:\/\/alcompasrevista.com\/wp-content\/uploads\/2022\/12\/Diseno-sin-titulo-20-1.jpg\" \/>\n\t<meta property=\"og:image:width\" content=\"760\" \/>\n\t<meta property=\"og:image:height\" content=\"430\" \/>\n\t<meta property=\"og:image:type\" content=\"image\/jpeg\" \/>\n<meta name=\"author\" content=\"Redacci\u00f3n\" \/>\n<meta name=\"twitter:card\" content=\"summary_large_image\" \/>\n<meta name=\"twitter:label1\" content=\"Written by\" \/>\n\t<meta name=\"twitter:data1\" content=\"Redacci\u00f3\" \/>\n\t<meta name=\"twitter:label2\" content=\"Est. reading time\" \/>\n\t<meta name=\"twitter:data2\" content=\"2 minutes\" \/>\n<script type=\"application\/ld+json\" class=\"yoast-schema-graph\">{\"@context\":\"https:\\\/\\\/schema.org\",\"@graph\":[{\"@type\":\"Article\",\"@id\":\"https:\\\/\\\/alcompasrevista.com\\\/va\\\/archivos\\\/11818#article\",\"isPartOf\":{\"@id\":\"https:\\\/\\\/alcompasrevista.com\\\/va\\\/archivos\\\/11818\"},\"author\":{\"name\":\"Redacci\u00f3n\",\"@id\":\"https:\\\/\\\/alcompasrevista.com\\\/#\\\/schema\\\/person\\\/0f092e7196386afa42171db0d19a38ff\"},\"headline\":\"Concert de Nadal de L&#8217;Entusiasta de Benifair\u00f3 de la Valldigna\",\"datePublished\":\"2022-12-29T10:17:07+00:00\",\"dateModified\":\"2023-01-03T09:17:56+00:00\",\"mainEntityOfPage\":{\"@id\":\"https:\\\/\\\/alcompasrevista.com\\\/va\\\/archivos\\\/11818\"},\"wordCount\":252,\"publisher\":{\"@id\":\"https:\\\/\\\/alcompasrevista.com\\\/#organization\"},\"image\":{\"@id\":\"https:\\\/\\\/alcompasrevista.com\\\/va\\\/archivos\\\/11818#primaryimage\"},\"thumbnailUrl\":\"https:\\\/\\\/alcompasrevista.com\\\/wp-content\\\/uploads\\\/2022\\\/12\\\/Diseno-sin-titulo-20-1.jpg\",\"keywords\":[\"Benifair\u00f3 de la Valldigna\",\"concert nadal\"],\"articleSection\":[\"#Not\u00edcies\"],\"inLanguage\":\"va\"},{\"@type\":\"WebPage\",\"@id\":\"https:\\\/\\\/alcompasrevista.com\\\/va\\\/archivos\\\/11818\",\"url\":\"https:\\\/\\\/alcompasrevista.com\\\/va\\\/archivos\\\/11818\",\"name\":\"Concert de Nadal de L'Entusiasta de Benifair\u00f3 de la Valldigna - Revista Al Comp\u00e0s\",\"isPartOf\":{\"@id\":\"https:\\\/\\\/alcompasrevista.com\\\/#website\"},\"primaryImageOfPage\":{\"@id\":\"https:\\\/\\\/alcompasrevista.com\\\/va\\\/archivos\\\/11818#primaryimage\"},\"image\":{\"@id\":\"https:\\\/\\\/alcompasrevista.com\\\/va\\\/archivos\\\/11818#primaryimage\"},\"thumbnailUrl\":\"https:\\\/\\\/alcompasrevista.com\\\/wp-content\\\/uploads\\\/2022\\\/12\\\/Diseno-sin-titulo-20-1.jpg\",\"datePublished\":\"2022-12-29T10:17:07+00:00\",\"dateModified\":\"2023-01-03T09:17:56+00:00\",\"breadcrumb\":{\"@id\":\"https:\\\/\\\/alcompasrevista.com\\\/va\\\/archivos\\\/11818#breadcrumb\"},\"inLanguage\":\"va\",\"potentialAction\":[{\"@type\":\"ReadAction\",\"target\":[\"https:\\\/\\\/alcompasrevista.com\\\/va\\\/archivos\\\/11818\"]}]},{\"@type\":\"ImageObject\",\"inLanguage\":\"va\",\"@id\":\"https:\\\/\\\/alcompasrevista.com\\\/va\\\/archivos\\\/11818#primaryimage\",\"url\":\"https:\\\/\\\/alcompasrevista.com\\\/wp-content\\\/uploads\\\/2022\\\/12\\\/Diseno-sin-titulo-20-1.jpg\",\"contentUrl\":\"https:\\\/\\\/alcompasrevista.com\\\/wp-content\\\/uploads\\\/2022\\\/12\\\/Diseno-sin-titulo-20-1.jpg\",\"width\":760,\"height\":430},{\"@type\":\"BreadcrumbList\",\"@id\":\"https:\\\/\\\/alcompasrevista.com\\\/va\\\/archivos\\\/11818#breadcrumb\",\"itemListElement\":[{\"@type\":\"ListItem\",\"position\":1,\"name\":\"Portada\",\"item\":\"https:\\\/\\\/alcompasrevista.com\\\/va\"},{\"@type\":\"ListItem\",\"position\":2,\"name\":\"Concert de Nadal de L&#8217;Entusiasta de Benifair\u00f3 de la Valldigna\"}]},{\"@type\":\"WebSite\",\"@id\":\"https:\\\/\\\/alcompasrevista.com\\\/#website\",\"url\":\"https:\\\/\\\/alcompasrevista.com\\\/\",\"name\":\"Revista Al Comp\u00e0s\",\"description\":\"Un proyecto de la Federaci\u00f3n de Sociedades Musicales de la Comunidad Valenciana\",\"publisher\":{\"@id\":\"https:\\\/\\\/alcompasrevista.com\\\/#organization\"},\"potentialAction\":[{\"@type\":\"SearchAction\",\"target\":{\"@type\":\"EntryPoint\",\"urlTemplate\":\"https:\\\/\\\/alcompasrevista.com\\\/?s={search_term_string}\"},\"query-input\":{\"@type\":\"PropertyValueSpecification\",\"valueRequired\":true,\"valueName\":\"search_term_string\"}}],\"inLanguage\":\"va\"},{\"@type\":\"Organization\",\"@id\":\"https:\\\/\\\/alcompasrevista.com\\\/#organization\",\"name\":\"Revista Al Comp\u00e0s\",\"url\":\"https:\\\/\\\/alcompasrevista.com\\\/\",\"logo\":{\"@type\":\"ImageObject\",\"inLanguage\":\"va\",\"@id\":\"https:\\\/\\\/alcompasrevista.com\\\/#\\\/schema\\\/logo\\\/image\\\/\",\"url\":\"https:\\\/\\\/alcompasrevista.com\\\/wp-content\\\/uploads\\\/2022\\\/04\\\/cropped-loog_blanco.png\",\"contentUrl\":\"https:\\\/\\\/alcompasrevista.com\\\/wp-content\\\/uploads\\\/2022\\\/04\\\/cropped-loog_blanco.png\",\"width\":1612,\"height\":724,\"caption\":\"Revista Al Comp\u00e0s\"},\"image\":{\"@id\":\"https:\\\/\\\/alcompasrevista.com\\\/#\\\/schema\\\/logo\\\/image\\\/\"}},{\"@type\":\"Person\",\"@id\":\"https:\\\/\\\/alcompasrevista.com\\\/#\\\/schema\\\/person\\\/0f092e7196386afa42171db0d19a38ff\",\"name\":\"Redacci\u00f3n\",\"image\":{\"@type\":\"ImageObject\",\"inLanguage\":\"va\",\"@id\":\"https:\\\/\\\/secure.gravatar.com\\\/avatar\\\/e2831619d4dae93995d3da450c50013d912e0b8bdf34d9ea00126d97c2b7702e?s=96&d=mm&r=g\",\"url\":\"https:\\\/\\\/secure.gravatar.com\\\/avatar\\\/e2831619d4dae93995d3da450c50013d912e0b8bdf34d9ea00126d97c2b7702e?s=96&d=mm&r=g\",\"contentUrl\":\"https:\\\/\\\/secure.gravatar.com\\\/avatar\\\/e2831619d4dae93995d3da450c50013d912e0b8bdf34d9ea00126d97c2b7702e?s=96&d=mm&r=g\",\"caption\":\"Redacci\u00f3n\"},\"url\":\"https:\\\/\\\/alcompasrevista.com\\\/va\\\/archivos\\\/author\\\/257_webmaster\"}]}<\/script>\n<!-- \/ Yoast SEO plugin. -->","yoast_head_json":{"title":"Concert de Nadal de L'Entusiasta de Benifair\u00f3 de la Valldigna - Revista Al Comp\u00e0s","robots":{"index":"index","follow":"follow","max-snippet":"max-snippet:-1","max-image-preview":"max-image-preview:large","max-video-preview":"max-video-preview:-1"},"canonical":"https:\/\/alcompasrevista.com\/va\/archivos\/11818","og_locale":"en_US","og_type":"article","og_title":"Concert de Nadal de L'Entusiasta de Benifair\u00f3 de la Valldigna - Revista Al Comp\u00e0s","og_description":"El passat dijous 22 de Desembre, es va celebrar a l\u00b4Auditori Municipal de Benifair\u00f3 de la Valldigna, l'audici\u00f3 dels alumnes de l\u00b4escola de m\u00fasica \u201dPepe Rafaela\u201d de la Societat Musical l\u00b4Entusiasta.","og_url":"https:\/\/alcompasrevista.com\/va\/archivos\/11818","og_site_name":"Revista Al Comp\u00e0s","article_published_time":"2022-12-29T10:17:07+00:00","article_modified_time":"2023-01-03T09:17:56+00:00","og_image":[{"width":760,"height":430,"url":"https:\/\/alcompasrevista.com\/wp-content\/uploads\/2022\/12\/Diseno-sin-titulo-20-1.jpg","type":"image\/jpeg"}],"author":"Redacci\u00f3n","twitter_card":"summary_large_image","twitter_misc":{"Written by":"Redacci\u00f3","Est. reading time":"2 minutes"},"schema":{"@context":"https:\/\/schema.org","@graph":[{"@type":"Article","@id":"https:\/\/alcompasrevista.com\/va\/archivos\/11818#article","isPartOf":{"@id":"https:\/\/alcompasrevista.com\/va\/archivos\/11818"},"author":{"name":"Redacci\u00f3n","@id":"https:\/\/alcompasrevista.com\/#\/schema\/person\/0f092e7196386afa42171db0d19a38ff"},"headline":"Concert de Nadal de L&#8217;Entusiasta de Benifair\u00f3 de la Valldigna","datePublished":"2022-12-29T10:17:07+00:00","dateModified":"2023-01-03T09:17:56+00:00","mainEntityOfPage":{"@id":"https:\/\/alcompasrevista.com\/va\/archivos\/11818"},"wordCount":252,"publisher":{"@id":"https:\/\/alcompasrevista.com\/#organization"},"image":{"@id":"https:\/\/alcompasrevista.com\/va\/archivos\/11818#primaryimage"},"thumbnailUrl":"https:\/\/alcompasrevista.com\/wp-content\/uploads\/2022\/12\/Diseno-sin-titulo-20-1.jpg","keywords":["Benifair\u00f3 de la Valldigna","concert nadal"],"articleSection":["#Not\u00edcies"],"inLanguage":"va"},{"@type":"WebPage","@id":"https:\/\/alcompasrevista.com\/va\/archivos\/11818","url":"https:\/\/alcompasrevista.com\/va\/archivos\/11818","name":"Concert de Nadal de L'Entusiasta de Benifair\u00f3 de la Valldigna - Revista Al Comp\u00e0s","isPartOf":{"@id":"https:\/\/alcompasrevista.com\/#website"},"primaryImageOfPage":{"@id":"https:\/\/alcompasrevista.com\/va\/archivos\/11818#primaryimage"},"image":{"@id":"https:\/\/alcompasrevista.com\/va\/archivos\/11818#primaryimage"},"thumbnailUrl":"https:\/\/alcompasrevista.com\/wp-content\/uploads\/2022\/12\/Diseno-sin-titulo-20-1.jpg","datePublished":"2022-12-29T10:17:07+00:00","dateModified":"2023-01-03T09:17:56+00:00","breadcrumb":{"@id":"https:\/\/alcompasrevista.com\/va\/archivos\/11818#breadcrumb"},"inLanguage":"va","potentialAction":[{"@type":"ReadAction","target":["https:\/\/alcompasrevista.com\/va\/archivos\/11818"]}]},{"@type":"ImageObject","inLanguage":"va","@id":"https:\/\/alcompasrevista.com\/va\/archivos\/11818#primaryimage","url":"https:\/\/alcompasrevista.com\/wp-content\/uploads\/2022\/12\/Diseno-sin-titulo-20-1.jpg","contentUrl":"https:\/\/alcompasrevista.com\/wp-content\/uploads\/2022\/12\/Diseno-sin-titulo-20-1.jpg","width":760,"height":430},{"@type":"BreadcrumbList","@id":"https:\/\/alcompasrevista.com\/va\/archivos\/11818#breadcrumb","itemListElement":[{"@type":"ListItem","position":1,"name":"Portada","item":"https:\/\/alcompasrevista.com\/va"},{"@type":"ListItem","position":2,"name":"Concert de Nadal de L&#8217;Entusiasta de Benifair\u00f3 de la Valldigna"}]},{"@type":"WebSite","@id":"https:\/\/alcompasrevista.com\/#website","url":"https:\/\/alcompasrevista.com\/","name":"Revista Al Comp\u00e0s","description":"Un proyecto de la Federaci\u00f3n de Sociedades Musicales de la Comunidad Valenciana","publisher":{"@id":"https:\/\/alcompasrevista.com\/#organization"},"potentialAction":[{"@type":"SearchAction","target":{"@type":"EntryPoint","urlTemplate":"https:\/\/alcompasrevista.com\/?s={search_term_string}"},"query-input":{"@type":"PropertyValueSpecification","valueRequired":true,"valueName":"search_term_string"}}],"inLanguage":"va"},{"@type":"Organization","@id":"https:\/\/alcompasrevista.com\/#organization","name":"Revista Al Comp\u00e0s","url":"https:\/\/alcompasrevista.com\/","logo":{"@type":"ImageObject","inLanguage":"va","@id":"https:\/\/alcompasrevista.com\/#\/schema\/logo\/image\/","url":"https:\/\/alcompasrevista.com\/wp-content\/uploads\/2022\/04\/cropped-loog_blanco.png","contentUrl":"https:\/\/alcompasrevista.com\/wp-content\/uploads\/2022\/04\/cropped-loog_blanco.png","width":1612,"height":724,"caption":"Revista Al Comp\u00e0s"},"image":{"@id":"https:\/\/alcompasrevista.com\/#\/schema\/logo\/image\/"}},{"@type":"Person","@id":"https:\/\/alcompasrevista.com\/#\/schema\/person\/0f092e7196386afa42171db0d19a38ff","name":"Redacci\u00f3n","image":{"@type":"ImageObject","inLanguage":"va","@id":"https:\/\/secure.gravatar.com\/avatar\/e2831619d4dae93995d3da450c50013d912e0b8bdf34d9ea00126d97c2b7702e?s=96&d=mm&r=g","url":"https:\/\/secure.gravatar.com\/avatar\/e2831619d4dae93995d3da450c50013d912e0b8bdf34d9ea00126d97c2b7702e?s=96&d=mm&r=g","contentUrl":"https:\/\/secure.gravatar.com\/avatar\/e2831619d4dae93995d3da450c50013d912e0b8bdf34d9ea00126d97c2b7702e?s=96&d=mm&r=g","caption":"Redacci\u00f3n"},"url":"https:\/\/alcompasrevista.com\/va\/archivos\/author\/257_webmaster"}]}},"_links":{"self":[{"href":"https:\/\/alcompasrevista.com\/va\/wp-json\/wp\/v2\/posts\/11818","targetHints":{"allow":["GET"]}}],"collection":[{"href":"https:\/\/alcompasrevista.com\/va\/wp-json\/wp\/v2\/posts"}],"about":[{"href":"https:\/\/alcompasrevista.com\/va\/wp-json\/wp\/v2\/types\/post"}],"author":[{"embeddable":true,"href":"https:\/\/alcompasrevista.com\/va\/wp-json\/wp\/v2\/users\/860004"}],"replies":[{"embeddable":true,"href":"https:\/\/alcompasrevista.com\/va\/wp-json\/wp\/v2\/comments?post=11818"}],"version-history":[{"count":0,"href":"https:\/\/alcompasrevista.com\/va\/wp-json\/wp\/v2\/posts\/11818\/revisions"}],"wp:featuredmedia":[{"embeddable":true,"href":"https:\/\/alcompasrevista.com\/va\/wp-json\/wp\/v2\/media\/11819"}],"wp:attachment":[{"href":"https:\/\/alcompasrevista.com\/va\/wp-json\/wp\/v2\/media?parent=11818"}],"wp:term":[{"taxonomy":"category","embeddable":true,"href":"https:\/\/alcompasrevista.com\/va\/wp-json\/wp\/v2\/categories?post=11818"},{"taxonomy":"post_tag","embeddable":true,"href":"https:\/\/alcompasrevista.com\/va\/wp-json\/wp\/v2\/tags?post=11818"},{"taxonomy":"portada","embeddable":true,"href":"https:\/\/alcompasrevista.com\/va\/wp-json\/wp\/v2\/portada?post=11818"}],"curies":[{"name":"wp","href":"https:\/\/api.w.org\/{rel}","templated":true}]}}