{"id":11759,"date":"2022-12-29T10:35:08","date_gmt":"2022-12-29T09:35:08","guid":{"rendered":"https:\/\/alcompasrevista.com\/?p=11759"},"modified":"2023-01-03T09:52:26","modified_gmt":"2023-01-03T08:52:26","slug":"musics-amb-d-o-amalia-tortajada-pertanyer-a-una-banda-de-musica-ha-sigut-una-forma-de-vida","status":"publish","type":"post","link":"https:\/\/alcompasrevista.com\/va\/archivos\/11759","title":{"rendered":"M\u00fasics amb D. O. Amalia Tortajada. \u201cPert\u00e0nyer a una banda de m\u00fasica ha sigut una forma de vida\u201d"},"content":{"rendered":"\n<p>Recentment guardonada amb el premi al Millor disc de M\u00fasica Cl\u00e0ssica per \u201c<em>Identidade<\/em>\u201d en els premis Carles Santos de la M\u00fasica Valenciana. Amalia Tortajada parla amb Al Comp\u00e0s d&#8217;aquesta experi\u00e8ncia i m\u00e9s.  <\/p>\n\n\n\n<p><strong>Com ha sigut el proc\u00e9s?<\/strong><\/p>\n\n\n\n<p>Doncs ha sigut una cosa molt emocionant. Els premis <a href=\"https:\/\/premissantos.com\/es\" target=\"_blank\" rel=\"noreferrer noopener\">Carles Santos<\/a> s\u00f3n els premis de la m\u00fasica m\u00e9s importants de la Comunitat Valenciana, que premien els millors treballs discogr\u00e0fics en 16 categories diferents. En ser valenciana em feia il\u00b7lusi\u00f3 poder presentar una candidatura amb el primer cd per a flauta i guitarra que acab\u00e0vem de traure.<\/p>\n\n\n\n<figure class=\"wp-block-image size-full\"><img loading=\"lazy\" decoding=\"async\" width=\"760\" height=\"430\" src=\"https:\/\/alcompasrevista.com\/wp-content\/uploads\/2022\/12\/Diseno-sin-titulo-15-1.jpg\" alt=\"\" class=\"wp-image-11788\" srcset=\"https:\/\/alcompasrevista.com\/wp-content\/uploads\/2022\/12\/Diseno-sin-titulo-15-1.jpg 760w, https:\/\/alcompasrevista.com\/wp-content\/uploads\/2022\/12\/Diseno-sin-titulo-15-1-300x170.jpg 300w\" sizes=\"auto, (max-width: 760px) 100vw, 760px\" \/><\/figure>\n\n\n\n<p>&nbsp;\u201c<em>Identidade<\/em>\u201d \u00e9s un projecte que creguem Andrea Gonz\u00e1lez Caballero (guitarrista), Celia Ruiz (productora i enginyera de so) i jo. La idea de \u201c<em>Identidade<\/em>\u201d era mesclar m\u00fasica, dones, art i arrels culturals diferents. Sempre vam voler donar valor i veu a les dones del m\u00f3n art\u00edstic, i intentem unir tot aix\u00f2 a l&#8217;hora de traure el CD, donant tamb\u00e9 visibilitat al treball que hi ha darrere de l&#8217;enregistrament i que normalment es queda en segon pla (postproducci\u00f3, fotografia, disseny de portada, textos, c\u00e0meres de v\u00eddeo&#8230;) Cadascuna de nosaltres viu en un pa\u00eds diferent, i no va ser f\u00e0cil el proc\u00e9s de donar forma a aquesta idea, per\u00f2 la il\u00b7lusi\u00f3 perqu\u00e8 alguna cosa tire avant crec que \u00e9s m\u00e9s forta que qualsevol dist\u00e0ncia f\u00edsica que puga haver-hi, i aix\u00ed va ser. L&#8217;\u00e0lbum el gravem a Alemanya, i en ell podem escoltar quatre estrenes d&#8217;obres, (tres de les quals van ser escrites per a nosaltres), de les compositores Gabriela Ortiz (M\u00e8xic), Clarice Assad (el Brasil), Elisenda F\u00e1bregas (Espanya) i Johanny Navarro (Puerto Rico), on cadascuna d&#8217;elles, a trav\u00e9s de la m\u00fasica, ens mostra les seues arrels, la seua hist\u00f2ria, i la seua identitat cultural. El disseny i la portada del cd ens ho va fer l&#8217;artista Anna Tena (que per cert, tamb\u00e9 \u00e9s flautista!), els textos del cd els va escriure la music\u00f2lega Anna Cazurra, i comptem tamb\u00e9 amb dos vide\u00f3grafes, Esther Conze i Lydia Ramos, que van documentar en v\u00eddeo els dies d&#8217;enregistrament.<\/p>\n\n\n\n<figure class=\"wp-block-gallery has-nested-images columns-default is-cropped wp-block-gallery-1 is-layout-flex wp-block-gallery-is-layout-flex\">\n<figure class=\"wp-block-image size-large\"><img loading=\"lazy\" decoding=\"async\" width=\"760\" height=\"430\" data-id=\"11785\" src=\"https:\/\/alcompasrevista.com\/wp-content\/uploads\/2022\/12\/grabacion-y-Presentacion-de-mi-CD-para-flauta-y-guitarra-2.jpg\" alt=\"\" class=\"wp-image-11785\" srcset=\"https:\/\/alcompasrevista.com\/wp-content\/uploads\/2022\/12\/grabacion-y-Presentacion-de-mi-CD-para-flauta-y-guitarra-2.jpg 760w, https:\/\/alcompasrevista.com\/wp-content\/uploads\/2022\/12\/grabacion-y-Presentacion-de-mi-CD-para-flauta-y-guitarra-2-300x170.jpg 300w\" sizes=\"auto, (max-width: 760px) 100vw, 760px\" \/><\/figure>\n\n\n\n<figure class=\"wp-block-image size-full\"><img loading=\"lazy\" decoding=\"async\" width=\"760\" height=\"430\" data-id=\"11786\" src=\"https:\/\/alcompasrevista.com\/wp-content\/uploads\/2022\/12\/grabacion-y-Presentacion-de-mi-CD-para-flauta-y-guitarra-3.jpg\" alt=\"\" class=\"wp-image-11786\" srcset=\"https:\/\/alcompasrevista.com\/wp-content\/uploads\/2022\/12\/grabacion-y-Presentacion-de-mi-CD-para-flauta-y-guitarra-3.jpg 760w, https:\/\/alcompasrevista.com\/wp-content\/uploads\/2022\/12\/grabacion-y-Presentacion-de-mi-CD-para-flauta-y-guitarra-3-300x170.jpg 300w\" sizes=\"auto, (max-width: 760px) 100vw, 760px\" \/><\/figure>\n<figcaption class=\"blocks-gallery-caption wp-element-caption\">Gravaci\u00f3 i presentaci\u00f3 de CD per a flauta i guitarra<\/figcaption><\/figure>\n\n\n\n<p>Quant als premis Carles Santos, tot el proc\u00e9s va ser molt emocionant, des que optem a la candidatura, passant pel dia que van anunciar que el nostre CD era un dels nominats i ens trob\u00e0vem entre els quatre finalistes de la categoria de m\u00fasica cl\u00e0ssica, fins al dia de la Gala on vam saber que hav\u00edem guanyat. He de dir que saber que ten\u00edem una nominaci\u00f3 ja va ser una not\u00edcia s\u00faper bona, perqu\u00e8 no \u00e9s f\u00e0cil arribar ac\u00ed, hi ha un tribunal especialista en m\u00fasica, i molts bons int\u00e8rprets amb els quals tamb\u00e9 est\u00e0vem en la nominaci\u00f3. Quan ho vaig saber em vaig posar a saltar d&#8217;alegria a casa, literalment! Perqu\u00e8 d&#8217;ac\u00ed an\u00e0vem ja directament al lliurament de premis, on es diria en directe qui era el guanyador. I el dia de la gala va ser molt especial. Tornar a estar amb les meues amigues i companyes de &#8220;Identidade&#8221;, Andrea i Celia, (elles viuen a Miami i Dusseldorf i \u00e9s dif\u00edcil coincidir les tres), la tropa d&#8217;amics que es van vindre amb mi al Teatre Principal per a donar-me suport, juntament amb la meua parella, els meus pares, la meua fam\u00edlia&#8230; i tots ells estaven igual o m\u00e9s il\u00b7lusionats que jo! No em vaig llevar els nervis de damunt des que va comen\u00e7ar la Gala, i quan Julia Cruz i Daniel Broncano van anunciar el guanyador a millor \u00e0lbum de m\u00fasica cl\u00e0ssica i van dir el nostre nom&#8230; Quina alegria! Com ja vaig dir quan pugem a recollir el premi, \u00e9s reconfortant que ens reconeguen tot el treball que hem fet i totes les ganes que hem posat cadascuna de nosaltres en l&#8217;\u00e0lbum i projecte, i aix\u00f2 ens motiva a continuar creixent.<\/p>\n\n\n\n<p>Aquest mateix mes la revista nacional de m\u00fasica cl\u00e0ssica <a href=\"https:\/\/www.melomanodigital.com\/resena-identidade\/\" target=\"_blank\" rel=\"noreferrer noopener\">Mel\u00f2man Digital<\/a> tamb\u00e9 ens ha donat la distinci\u00f3 de <em>&#8220;Mel\u00f2man d&#8217;Or&#8221;<\/em>, aix\u00ed que estic molt contenta!<\/p>\n\n\n\n<figure class=\"wp-block-image size-full\"><img loading=\"lazy\" decoding=\"async\" width=\"760\" height=\"430\" src=\"https:\/\/alcompasrevista.com\/wp-content\/uploads\/2022\/12\/Diseno-sin-titulo-14-1.jpg\" alt=\"\" class=\"wp-image-11770\" srcset=\"https:\/\/alcompasrevista.com\/wp-content\/uploads\/2022\/12\/Diseno-sin-titulo-14-1.jpg 760w, https:\/\/alcompasrevista.com\/wp-content\/uploads\/2022\/12\/Diseno-sin-titulo-14-1-300x170.jpg 300w\" sizes=\"auto, (max-width: 760px) 100vw, 760px\" \/><figcaption class=\"wp-element-caption\">Celia Ruiz, Andrea Gonz\u00e1lez Caballero i Amalia Tortajada amb el premi Carles Santos 2022<\/figcaption><\/figure>\n\n\n\n<p><strong>En quina societat musical vas comen\u00e7ar la teua carrera musical i com van ser els comen\u00e7aments?<\/strong><\/p>\n\n\n\n<p>La meua primera presa de contacte amb la m\u00fasica va ser en la meua banda: El Centre Instructiu Musical <a href=\"http:\/\/www.cimlaarmonica.es\/\" target=\"_blank\" rel=\"noreferrer noopener\">L&#8217;Arm\u00f3nica de Bu\u00f1ol<\/a>. Recorde anar a veure alguns assajos de la banda amb el meu pare. Encara que cap dels dos s\u00f3n m\u00fasics, ells em van encuriosir per moltes coses, i una d&#8217;elles va ser la m\u00fasica. Veient els assajos, jo sempre em fixava en aqueix instrument que estava en la fila de davant, que brillava molt i que tenia un so molt bonic&#8230; Un dia em van preguntar si m&#8217;agradaria apuntar-me a aprendre un instrument, i jo vaig dir que s\u00ed, i que volia tocar la flauta. I ac\u00ed va comen\u00e7ar tot!<\/p>\n\n\n\n<figure class=\"wp-block-image size-full\"><img loading=\"lazy\" decoding=\"async\" width=\"760\" height=\"430\" src=\"https:\/\/alcompasrevista.com\/wp-content\/uploads\/2022\/12\/Amalia-Tortajada-de-pequena-en-una-de-sus-primeras-audiciones-en-la-banda.jpg\" alt=\"\" class=\"wp-image-11772\" srcset=\"https:\/\/alcompasrevista.com\/wp-content\/uploads\/2022\/12\/Amalia-Tortajada-de-pequena-en-una-de-sus-primeras-audiciones-en-la-banda.jpg 760w, https:\/\/alcompasrevista.com\/wp-content\/uploads\/2022\/12\/Amalia-Tortajada-de-pequena-en-una-de-sus-primeras-audiciones-en-la-banda-300x170.jpg 300w\" sizes=\"auto, (max-width: 760px) 100vw, 760px\" \/><figcaption class=\"wp-element-caption\">Amalia Tortajada de xicoteta en una de les seues primeres audicions en la banda<\/figcaption><\/figure>\n\n\n\n<p><strong>Ha sigut important aquesta Societat en la teua vida?<\/strong><\/p>\n\n\n\n<p>Pert\u00e0nyer a una banda de m\u00fasica ha sigut una forma de vida. S\u00f3n moltes viv\u00e8ncies que et marquen des que eres molt xicotet. Recorde els primers viatges, les amistats que es van forjant, els primers cert\u00e0mens a Val\u00e8ncia (com imposava la Pla\u00e7a de Bous!), els nervis quan havia de fer algun solo en un concert (encara que foren tres o quatre notes!), les classes de solfeig amb el meu volgut Juan &#8220;El Gaot&#8221;, el dia que em van presentar en la banda i em van posar la ins\u00edgnia, el xocolate calent en Santa Cecilia&#8230; I no puc evitar estar ara revivint tot aix\u00f2 amb un somriure en la cara, perqu\u00e8 s\u00f3n els records amb els quals he crescut. Totes aquestes experi\u00e8ncies m&#8217;han aportat molt\u00edssim i no sols a nivell musical, sin\u00f3 tamb\u00e9 a nivell personal, perqu\u00e8 se&#8217;ns estan transmetent valors com la const\u00e0ncia, la disciplina, el treball en equip o el sentit de la responsabilitat. Som afortunats que existisquen, que siguen una pedrera de tant\u00edssims m\u00fasics bons, i hem de tractar-les i cuidar-les com es mereixen perqu\u00e8 s\u00f3n un dels s\u00edmbols d&#8217;identitat cultural m\u00e9s valuosos que tenim.<\/p>\n\n\n\n<p>Si m&#8217;he de quedar amb una an\u00e8cdota o record que siga realment especial per a mi va ser el dia en qu\u00e8 em van donar l&#8217;instrument. Jo ho tenia clar, volia la flauta i aix\u00ed ho havia demanat. Per\u00f2 a vegades podies tindre la mala sort que no quedara l&#8217;instrument que havies triat, i que et donaren un altre diferent i que en eixe moment fera m\u00e9s falta en la banda. Est\u00e0vem en fila uns quants xiquets en el sal\u00f3 d&#8217;assajos, el recorde com si fora ahir, estava nerviosa i impacient esperant el meu torn, no volia que ning\u00fa se m&#8217;avan\u00e7ara i ja no hi haguera flauta per a mi! i quan em va tocar vaig entrar al cuartito dels instruments i vaig veure com m&#8217;acostaven una caixa xicoteta, s\u00ed, era una flauta!! La vaig agafar, la vaig obrir, (em recorde fins del color blau de dins de l&#8217;estoig), la vaig tancar i vaig anar corrent carrer a baix s\u00faper feli\u00e7 a ensenyar-li-la a tota la fam\u00edlia!<\/p>\n\n\n\n<p><strong>Tens contacte amb la Societat en aquests moments?<\/strong><\/p>\n\n\n\n<p>Hui dia, en estar vivint a Lisboa, se&#8217;m fa dif\u00edcil estar en els concerts o actes que hi ha durant l&#8217;hivern, per\u00f2 sempre hi ha un que no em perd i \u00e9s el concert \u2018Mano a mano\u2019, la nit d&#8217;agost on les dues societats musicals de Bu\u00f1ol (Litros i Feos) ens &#8220;reptem&#8221; al nostre Auditori de Sant Llu\u00eds. \u00c9s un dels esdeveniments m\u00e9s esperats i importants per al poble de Bu\u00f1ol i els seus m\u00fasics. I \u00e9s en eixa nit on queda reflectida tota la il\u00b7lusi\u00f3, el treball i l&#8217;esfor\u00e7 de les dues societats preparant un dels concerts m\u00e9s importants de l&#8217;any.&nbsp;<\/p>\n\n\n\n<figure class=\"wp-block-image size-full\"><img loading=\"lazy\" decoding=\"async\" width=\"760\" height=\"430\" src=\"https:\/\/alcompasrevista.com\/wp-content\/uploads\/2022\/12\/El-ultimo-Mano-a-Mano-con-la-Banda.jpg\" alt=\"\" class=\"wp-image-11775\" srcset=\"https:\/\/alcompasrevista.com\/wp-content\/uploads\/2022\/12\/El-ultimo-Mano-a-Mano-con-la-Banda.jpg 760w, https:\/\/alcompasrevista.com\/wp-content\/uploads\/2022\/12\/El-ultimo-Mano-a-Mano-con-la-Banda-300x170.jpg 300w\" sizes=\"auto, (max-width: 760px) 100vw, 760px\" \/><figcaption class=\"wp-element-caption\">L&#8217;\u00faltm \u2018M\u00e0 a m\u00e0\u2019 amb la Banda<\/figcaption><\/figure>\n\n\n\n<p><strong>Parla&#8217;ns dels teus mentors.<\/strong><\/p>\n\n\n\n<p>He tingut la sort de trobar-me amb molt bons professors al llarg de la meua carrera, i he agafat sempre el millor de cadascun d&#8217;ells. Abel Ald\u00e1s, un dels meus primers professors a Bu\u00f1ol, em va inculcar la import\u00e0ncia de tindre una rutina d&#8217;estudi diari i organitzada, de ser exigent amb els exercicis de t\u00e8cnica, em va donar eines per a resoldre problemes per mi mateixa i em va ensenyar a ser pacient per a veure els resultats. Salvador Mart\u00ednez em va ajudar a treballar acuradament tots els solos d&#8217;orquestra que despr\u00e9s em van demanar en unes audicions, i em va donar l&#8217;oportunitat de tocar per primera vegada en una orquestra professional, quan alg\u00fa confia en tu per a alguna cosa autom\u00e0ticament tu tamb\u00e9 confies m\u00e9s en tu mateixa. Mar\u00eda Dolores Tom\u00e1s, ja en el Conservatori Superior de Val\u00e8ncia, em va ensenyar a ser disciplinada, les seues classes de t\u00e8cnica, els estudis, les obres, el repertori a treballar&#8230; em van fer posar-me les piles setmana rere setmana i saber que sense treball no hi ha progr\u00e9s. Les classes amb Jaime Mart\u00edn a Londres eren pura energia, eixia sempre d&#8217;elles amb un <em>subid\u00f3n<\/em> d&#8217;adrenalina i motivaci\u00f3 que em durava fins a la seg\u00fcent classe. Quina sensaci\u00f3 tan bona, eixir d&#8217;una classe sentint que toques millor! Ara que soc docent \u00e9s bonic quan reconec els ensenyaments d&#8217;algun d&#8217;ells en el que estic intentant explicar als alumnes (a vegades fins ho sent al meu cap amb el to de veu del profe que m&#8217;ho va dir a mi, jejeje).<\/p>\n\n\n\n<p><strong>Com \u00e9s el teixit musical a Portugal? En qu\u00e8 s&#8217;assembla i en qu\u00e8 es diferencia al de la Comunitat Valenciana?<\/strong><\/p>\n\n\n\n<p>A Portugal tamb\u00e9 hi ha tradici\u00f3 de bandes de m\u00fasica, sobretot en el nord de Portugal. Prop de Lisboa vaig tindre l&#8217;oportunitat de tocar amb la banda de Palmela. Vaig fer un parell d&#8217;assajos amb ells i un concert i la veritat \u00e9s que em vaig sentir com si per un moment tornara a Bu\u00f1ol. Els sopars abans dels assajos, l&#8217;ambient dels m\u00fasics, el tracte rebut&#8230; Crec que aix\u00f2 \u00e9s el m\u00e9s aut\u00e8ntic de les bandes, el crear societat, establir relacions, compartir viv\u00e8ncies i sobretot les bones estones que es passen all\u00ed. I em vaig adonar que aix\u00f2 no canvia, estigues a Espanya o a Portugal!<\/p>\n\n\n\n<p><strong>Qu\u00e8 t&#8217;ha aportat l&#8217;eixir fora d&#8217;Espanya?<\/strong><\/p>\n\n\n\n<p>Eixir fora d&#8217;Espanya m&#8217;ha fet cr\u00e9ixer molt a nivell personal, et fa tindre una visi\u00f3 m\u00e9s \u00e0mplia de les coses. He conegut altres maneres de pensar i alhora m&#8217;he conegut m\u00e9s a mi mateixa, m&#8217;ha fet traure la valentia, he conegut altres cultures i m&#8217;he enriquit d&#8217;elles, he apr\u00e9s molt\u00edssim&#8230; I d&#8217;altra banda tamb\u00e9 m&#8217;ha servit per a donar-li m\u00e9s valor a tan bo com tenim a Espanya o en la terreta! A part de tot aquest desenvolupament personal, estant fora he pogut treballar del que m&#8217;agrada i tindre moltes experi\u00e8ncies professionals que han marcat la meua carrera.<\/p>\n\n\n\n<p><strong>Sols tornar a Espanya i participar en algun aspecte musical?<\/strong><\/p>\n\n\n\n<p>Si, torne molt\u00edssim a Espanya i tinc la sort que em criden per a fer molts projectes per ac\u00ed. Cursos, m\u00e0ster classes, col\u00b7laboracions en algunes orquestres, classes i preparaci\u00f3 de les trobades d&#8217;algunes orquestres joves com la JOGV o la OJA, concerts de cambra, recitals&#8230; Aix\u00f2 \u00e9s una cosa que m&#8217;agrada perqu\u00e8, encara que estiga lluny sent que no he perdut el contacte o el vincle amb les persones d&#8217;ac\u00ed.<\/p>\n\n\n\n<p><strong>Quins plans musicals tens actualment?<\/strong><\/p>\n\n\n\n<p>Ara mateix estem preparant una gira amb l&#8217;Orquestra Gulbenkian per \u00c0ustria i Alemanya. Tocarem en el Musikverein de Viena (on es fa el fam\u00f3s concert d&#8217;Any Nou), en el Isarphilharmonie de Munic i en la Philharmonie de Col\u00f2nia. Estic molt il\u00b7lusionada perqu\u00e8 s\u00f3n sales emblem\u00e0tiques on encara no havia tingut l&#8217;oportunitat de tocar. Despr\u00e9s tinc la presentaci\u00f3 de <em>Identidade<\/em> el meu nou CD per a flauta i guitarra, a Portugal. M\u00e9s tard tinc una masterclass i un recital a Faro (Portugal). A part del meu treball en l&#8217;orquestra m&#8217;agrada molt poder compaginar-lo amb altres projectes diferents, b\u00e9 siga com a m\u00fasic de cambra, a nivell solista o en el camp de la doc\u00e8ncia.<\/p>\n\n\n\n<figure class=\"wp-block-gallery has-nested-images columns-default is-cropped wp-block-gallery-2 is-layout-flex wp-block-gallery-is-layout-flex\">\n<figure class=\"wp-block-image size-full\"><img loading=\"lazy\" decoding=\"async\" width=\"760\" height=\"430\" data-id=\"11783\" src=\"https:\/\/alcompasrevista.com\/wp-content\/uploads\/2022\/12\/Concierto-de-Solista-con-la-orquesta-de-la-Universidad-de-Valencia-con-la-directora-Beatriz-Fernandez-Aucejo.jpg\" alt=\"\" class=\"wp-image-11783\" srcset=\"https:\/\/alcompasrevista.com\/wp-content\/uploads\/2022\/12\/Concierto-de-Solista-con-la-orquesta-de-la-Universidad-de-Valencia-con-la-directora-Beatriz-Fernandez-Aucejo.jpg 760w, https:\/\/alcompasrevista.com\/wp-content\/uploads\/2022\/12\/Concierto-de-Solista-con-la-orquesta-de-la-Universidad-de-Valencia-con-la-directora-Beatriz-Fernandez-Aucejo-300x170.jpg 300w\" sizes=\"auto, (max-width: 760px) 100vw, 760px\" \/><figcaption class=\"wp-element-caption\">Concert Solista orquestra Universitat de Val\u00e8ncia amb Beatriz Fernandez Aucejo<\/figcaption><\/figure>\n\n\n\n<figure class=\"wp-block-image size-full\"><img loading=\"lazy\" decoding=\"async\" width=\"760\" height=\"430\" data-id=\"11782\" src=\"https:\/\/alcompasrevista.com\/wp-content\/uploads\/2022\/12\/Concierto-en-la-fundacion-Gulbenkian.jpg\" alt=\"\" class=\"wp-image-11782\" srcset=\"https:\/\/alcompasrevista.com\/wp-content\/uploads\/2022\/12\/Concierto-en-la-fundacion-Gulbenkian.jpg 760w, https:\/\/alcompasrevista.com\/wp-content\/uploads\/2022\/12\/Concierto-en-la-fundacion-Gulbenkian-300x170.jpg 300w\" sizes=\"auto, (max-width: 760px) 100vw, 760px\" \/><figcaption class=\"wp-element-caption\">Concert fundaci\u00f3 Gulbenkian<\/figcaption><\/figure>\n\n\n\n<figure class=\"wp-block-image size-full\"><img loading=\"lazy\" decoding=\"async\" width=\"760\" height=\"430\" data-id=\"11781\" src=\"https:\/\/alcompasrevista.com\/wp-content\/uploads\/2022\/12\/Concierto-para-RTP-en-el-panteon-nacional-de-Lisboa.jpg\" alt=\"\" class=\"wp-image-11781\" srcset=\"https:\/\/alcompasrevista.com\/wp-content\/uploads\/2022\/12\/Concierto-para-RTP-en-el-panteon-nacional-de-Lisboa.jpg 760w, https:\/\/alcompasrevista.com\/wp-content\/uploads\/2022\/12\/Concierto-para-RTP-en-el-panteon-nacional-de-Lisboa-300x170.jpg 300w\" sizes=\"auto, (max-width: 760px) 100vw, 760px\" \/><figcaption class=\"wp-element-caption\">Concert RTP pante\u00f3 nacional Lisboa<\/figcaption><\/figure>\n\n\n\n<figure class=\"wp-block-image size-full\"><img loading=\"lazy\" decoding=\"async\" width=\"760\" height=\"430\" data-id=\"11780\" src=\"https:\/\/alcompasrevista.com\/wp-content\/uploads\/2022\/12\/Conciertos-en-la-fundacion-Calouste-Gulbenkian-de-Lisboa-donde-trabajo-.jpg\" alt=\"\" class=\"wp-image-11780\" srcset=\"https:\/\/alcompasrevista.com\/wp-content\/uploads\/2022\/12\/Conciertos-en-la-fundacion-Calouste-Gulbenkian-de-Lisboa-donde-trabajo-.jpg 760w, https:\/\/alcompasrevista.com\/wp-content\/uploads\/2022\/12\/Conciertos-en-la-fundacion-Calouste-Gulbenkian-de-Lisboa-donde-trabajo--300x170.jpg 300w\" sizes=\"auto, (max-width: 760px) 100vw, 760px\" \/><figcaption class=\"wp-element-caption\">Concerts fundaci\u00f3 Calouste Gulbenkian Lisboa<\/figcaption><\/figure>\n\n\n\n<figure class=\"wp-block-image size-full\"><img loading=\"lazy\" decoding=\"async\" width=\"760\" height=\"430\" data-id=\"11779\" src=\"https:\/\/alcompasrevista.com\/wp-content\/uploads\/2022\/12\/Tocando-en-el-Philharmonie-de-Berlin.jpg\" alt=\"\" class=\"wp-image-11779\" srcset=\"https:\/\/alcompasrevista.com\/wp-content\/uploads\/2022\/12\/Tocando-en-el-Philharmonie-de-Berlin.jpg 760w, https:\/\/alcompasrevista.com\/wp-content\/uploads\/2022\/12\/Tocando-en-el-Philharmonie-de-Berlin-300x170.jpg 300w\" sizes=\"auto, (max-width: 760px) 100vw, 760px\" \/><figcaption class=\"wp-element-caption\">Philharmonie de Berl\u00edn<\/figcaption><\/figure>\n\n\n\n<figure class=\"wp-block-image size-large\"><img loading=\"lazy\" decoding=\"async\" width=\"760\" height=\"430\" data-id=\"11778\" src=\"https:\/\/alcompasrevista.com\/wp-content\/uploads\/2022\/12\/Tocando-en-la-gran-sala-del-Conservatorio-de-Moscu.jpg\" alt=\"\" class=\"wp-image-11778\" srcset=\"https:\/\/alcompasrevista.com\/wp-content\/uploads\/2022\/12\/Tocando-en-la-gran-sala-del-Conservatorio-de-Moscu.jpg 760w, https:\/\/alcompasrevista.com\/wp-content\/uploads\/2022\/12\/Tocando-en-la-gran-sala-del-Conservatorio-de-Moscu-300x170.jpg 300w\" sizes=\"auto, (max-width: 760px) 100vw, 760px\" \/><figcaption class=\"wp-element-caption\">Conservatori de Mosc\u00fa<\/figcaption><\/figure>\n<\/figure>\n\n\n\n<p><strong>I quins plans de futur musicals tens?<\/strong><\/p>\n\n\n\n<p>En els meus plans musicals de futur est\u00e0 el continuar fent i compartint m\u00fasica, donar-li forma a totes les idees i projectes que tinc al cap per a dur-los a terme, continuar complint somnis, posar-me nous reptes&#8230; per\u00f2, sobretot, un dels meus desitjos ara \u00e9s poder tornar-me a Val\u00e8ncia, tant de bo pertocara per a tots els que hem hagut d&#8217;eixir!&nbsp;<\/p>\n\n\n\n<p><strong>Un consell a alg\u00fa que ara mateix deixa La Comunitat Valenciana per a anar-se a tocar fora.<\/strong><\/p>\n\n\n\n<p>A les persones que volen o han d&#8217;anar-se fora els diria que s&#8217;agafen una maleta gran i la carreguen sobretot d&#8217;il\u00b7lusi\u00f3. A vegades pot costar-nos eixir de la nostra zona de confort i anar-nos lluny, a un altre pa\u00eds, havent d&#8217;aprendre un altre idioma o creant una vida nova des de zero&#8230; Per\u00f2 els diria que siguen valents i que les ganes de cr\u00e9ixer i aprendre siguen molt m\u00e9s grans que aquesta por que pot donar al principi. Sobretot, que gaudisquen de l&#8217;experi\u00e8ncia al m\u00e0xim perqu\u00e8 quan tornen ho facen amb la maleta carregada de viv\u00e8ncies i d&#8217;aprenentatge.<\/p>\n\n\n\n<p><strong>Alguna cosa que t&#8217;agradaria afegir.<\/strong><\/p>\n\n\n\n<p>Moltes gr\u00e0cies a la <a href=\"https:\/\/fsmcv.org\/\" target=\"_blank\" rel=\"noreferrer noopener\">FSMCV <\/a>per aquesta bonica entrevista que m&#8217;ha fet recordar les meues arrels, i per la iniciativa &#8220;M\u00fasics amb DO\u201d per a donar visibilitat a tots els m\u00fasics que estem fora de la Comunitat Valenciana.<\/p>\n\n\n\n<figure class=\"wp-block-gallery has-nested-images columns-default is-cropped wp-block-gallery-3 is-layout-flex wp-block-gallery-is-layout-flex\">\n<figure class=\"wp-block-image size-large\"><img loading=\"lazy\" decoding=\"async\" width=\"709\" height=\"1024\" data-id=\"11765\" src=\"https:\/\/alcompasrevista.com\/wp-content\/uploads\/2022\/12\/VAL.-Curriculum-D.O.-Amalia-Tortajada-_page-0001-709x1024.jpg\" alt=\"Guardonada pel virtu\u00f3s flautista Sir James Galway amb el premi \u00abRising Star 2015\u00bb, Amalia\nTortajada \u00e9s una de les flautistes m\u00e9s destacades de la seua generaci\u00f3 a nivell internacional.\nNatural de Bu\u00f1ol (Val\u00e8ncia), va iniciar all\u00ed els seus estudis de flauta als sis anys, amb el professor\nAbel Ald\u00e1s en el CIM L'Arm\u00f2nica.\" class=\"wp-image-11765\" srcset=\"https:\/\/alcompasrevista.com\/wp-content\/uploads\/2022\/12\/VAL.-Curriculum-D.O.-Amalia-Tortajada-_page-0001-709x1024.jpg 709w, https:\/\/alcompasrevista.com\/wp-content\/uploads\/2022\/12\/VAL.-Curriculum-D.O.-Amalia-Tortajada-_page-0001-208x300.jpg 208w, https:\/\/alcompasrevista.com\/wp-content\/uploads\/2022\/12\/VAL.-Curriculum-D.O.-Amalia-Tortajada-_page-0001-768x1109.jpg 768w, https:\/\/alcompasrevista.com\/wp-content\/uploads\/2022\/12\/VAL.-Curriculum-D.O.-Amalia-Tortajada-_page-0001-1063x1536.jpg 1063w, https:\/\/alcompasrevista.com\/wp-content\/uploads\/2022\/12\/VAL.-Curriculum-D.O.-Amalia-Tortajada-_page-0001.jpg 1125w\" sizes=\"auto, (max-width: 709px) 100vw, 709px\" \/><\/figure>\n\n\n\n<figure class=\"wp-block-image size-large\"><img loading=\"lazy\" decoding=\"async\" width=\"709\" height=\"1024\" data-id=\"11764\" src=\"https:\/\/alcompasrevista.com\/wp-content\/uploads\/2022\/12\/VAL.-Curriculum-D.O.-Amalia-Tortajada-_page-0002-709x1024.jpg\" alt=\"\" class=\"wp-image-11764\" srcset=\"https:\/\/alcompasrevista.com\/wp-content\/uploads\/2022\/12\/VAL.-Curriculum-D.O.-Amalia-Tortajada-_page-0002-709x1024.jpg 709w, https:\/\/alcompasrevista.com\/wp-content\/uploads\/2022\/12\/VAL.-Curriculum-D.O.-Amalia-Tortajada-_page-0002-208x300.jpg 208w, https:\/\/alcompasrevista.com\/wp-content\/uploads\/2022\/12\/VAL.-Curriculum-D.O.-Amalia-Tortajada-_page-0002-768x1109.jpg 768w, https:\/\/alcompasrevista.com\/wp-content\/uploads\/2022\/12\/VAL.-Curriculum-D.O.-Amalia-Tortajada-_page-0002-1063x1536.jpg 1063w, https:\/\/alcompasrevista.com\/wp-content\/uploads\/2022\/12\/VAL.-Curriculum-D.O.-Amalia-Tortajada-_page-0002.jpg 1125w\" sizes=\"auto, (max-width: 709px) 100vw, 709px\" \/><\/figure>\n<\/figure>\n","protected":false},"excerpt":{"rendered":"<p>Amalia Tortajada viu a Lisboa i   recentment ha sigut guardonada amb el premi al Millor disc de M\u00fasica Cl\u00e0ssica per \u201cIdentidade\u201d en els premis Carles Santos de la M\u00fasica Valenciana<\/p>\n","protected":false},"author":860004,"featured_media":11767,"comment_status":"closed","ping_status":"closed","sticky":false,"template":"","format":"standard","meta":{"footnotes":""},"categories":[28],"tags":[593,187,595,35,598],"portada":[594,183,596,597],"class_list":["post-11759","post","type-post","status-publish","format-standard","has-post-thumbnail","hentry","category-laterreta-va","tag-amalia-tortajada","tag-bunol-2","tag-larmonica-de-bunol","tag-portada-va","tag-premis-carles-santos","portada-amalia-tortajada","portada-bunol","portada-larmonica-de-bunol","portada-premis-carles-santos"],"yoast_head":"<!-- This site is optimized with the Yoast SEO plugin v27.4 - https:\/\/yoast.com\/product\/yoast-seo-wordpress\/ -->\n<title>M\u00fasics amb D. O. Amalia Tortajada. \u201cPert\u00e0nyer a una banda de m\u00fasica ha sigut una forma de vida\u201d - Revista Al Comp\u00e0s<\/title>\n<meta name=\"robots\" content=\"index, follow, max-snippet:-1, max-image-preview:large, max-video-preview:-1\" \/>\n<link rel=\"canonical\" href=\"https:\/\/alcompasrevista.com\/archivos\/11792\" \/>\n<meta property=\"og:locale\" content=\"en_US\" \/>\n<meta property=\"og:type\" content=\"article\" \/>\n<meta property=\"og:title\" content=\"M\u00fasics amb D. O. Amalia Tortajada. \u201cPert\u00e0nyer a una banda de m\u00fasica ha sigut una forma de vida\u201d - Revista Al Comp\u00e0s\" \/>\n<meta property=\"og:description\" content=\"Amalia Tortajada viu a Lisboa i  recentment ha sigut guardonada amb el premi al Millor disc de M\u00fasica Cl\u00e0ssica per \u201cIdentidade\u201d en els premis Carles Santos de la M\u00fasica Valenciana\" \/>\n<meta property=\"og:url\" content=\"https:\/\/alcompasrevista.com\/archivos\/11792\" \/>\n<meta property=\"og:site_name\" content=\"Revista Al Comp\u00e0s\" \/>\n<meta property=\"article:published_time\" content=\"2022-12-29T09:35:08+00:00\" \/>\n<meta property=\"article:modified_time\" content=\"2023-01-03T08:52:26+00:00\" \/>\n<meta property=\"og:image\" content=\"https:\/\/alcompasrevista.com\/wp-content\/uploads\/2022\/12\/grabacion-y-Presentacion-de-mi-CD-para-flauta-y-guitarra-1.jpg\" \/>\n\t<meta property=\"og:image:width\" content=\"760\" \/>\n\t<meta property=\"og:image:height\" content=\"430\" \/>\n\t<meta property=\"og:image:type\" content=\"image\/jpeg\" \/>\n<meta name=\"author\" content=\"Redacci\u00f3n\" \/>\n<meta name=\"twitter:card\" content=\"summary_large_image\" \/>\n<meta name=\"twitter:label1\" content=\"Written by\" \/>\n\t<meta name=\"twitter:data1\" content=\"Redacci\u00f3\" \/>\n\t<meta name=\"twitter:label2\" content=\"Est. reading time\" \/>\n\t<meta name=\"twitter:data2\" content=\"14 minutes\" \/>\n<script type=\"application\/ld+json\" class=\"yoast-schema-graph\">{\"@context\":\"https:\\\/\\\/schema.org\",\"@graph\":[{\"@type\":\"Article\",\"@id\":\"https:\\\/\\\/alcompasrevista.com\\\/archivos\\\/11792#article\",\"isPartOf\":{\"@id\":\"https:\\\/\\\/alcompasrevista.com\\\/archivos\\\/11792\"},\"author\":{\"name\":\"Redacci\u00f3n\",\"@id\":\"https:\\\/\\\/alcompasrevista.com\\\/#\\\/schema\\\/person\\\/0f092e7196386afa42171db0d19a38ff\"},\"headline\":\"M\u00fasics amb D. O. Amalia Tortajada. \u201cPert\u00e0nyer a una banda de m\u00fasica ha sigut una forma de vida\u201d\",\"datePublished\":\"2022-12-29T09:35:08+00:00\",\"dateModified\":\"2023-01-03T08:52:26+00:00\",\"mainEntityOfPage\":{\"@id\":\"https:\\\/\\\/alcompasrevista.com\\\/archivos\\\/11792\"},\"wordCount\":2483,\"publisher\":{\"@id\":\"https:\\\/\\\/alcompasrevista.com\\\/#organization\"},\"image\":{\"@id\":\"https:\\\/\\\/alcompasrevista.com\\\/archivos\\\/11792#primaryimage\"},\"thumbnailUrl\":\"https:\\\/\\\/alcompasrevista.com\\\/wp-content\\\/uploads\\\/2022\\\/12\\\/grabacion-y-Presentacion-de-mi-CD-para-flauta-y-guitarra-1.jpg\",\"keywords\":[\"Amalia Tortajada\",\"Bu\u00f1ol\",\"L&#039;Arm\u00f3nica de Bu\u00f1ol.\",\"Portada\",\"Premis Carles Santos\"],\"articleSection\":[\"#Laterreta\"],\"inLanguage\":\"va\"},{\"@type\":\"WebPage\",\"@id\":\"https:\\\/\\\/alcompasrevista.com\\\/archivos\\\/11792\",\"url\":\"https:\\\/\\\/alcompasrevista.com\\\/archivos\\\/11792\",\"name\":\"M\u00fasics amb D. O. Amalia Tortajada. \u201cPert\u00e0nyer a una banda de m\u00fasica ha sigut una forma de vida\u201d - Revista Al Comp\u00e0s\",\"isPartOf\":{\"@id\":\"https:\\\/\\\/alcompasrevista.com\\\/#website\"},\"primaryImageOfPage\":{\"@id\":\"https:\\\/\\\/alcompasrevista.com\\\/archivos\\\/11792#primaryimage\"},\"image\":{\"@id\":\"https:\\\/\\\/alcompasrevista.com\\\/archivos\\\/11792#primaryimage\"},\"thumbnailUrl\":\"https:\\\/\\\/alcompasrevista.com\\\/wp-content\\\/uploads\\\/2022\\\/12\\\/grabacion-y-Presentacion-de-mi-CD-para-flauta-y-guitarra-1.jpg\",\"datePublished\":\"2022-12-29T09:35:08+00:00\",\"dateModified\":\"2023-01-03T08:52:26+00:00\",\"breadcrumb\":{\"@id\":\"https:\\\/\\\/alcompasrevista.com\\\/archivos\\\/11792#breadcrumb\"},\"inLanguage\":\"va\",\"potentialAction\":[{\"@type\":\"ReadAction\",\"target\":[\"https:\\\/\\\/alcompasrevista.com\\\/archivos\\\/11792\"]}]},{\"@type\":\"ImageObject\",\"inLanguage\":\"va\",\"@id\":\"https:\\\/\\\/alcompasrevista.com\\\/archivos\\\/11792#primaryimage\",\"url\":\"https:\\\/\\\/alcompasrevista.com\\\/wp-content\\\/uploads\\\/2022\\\/12\\\/grabacion-y-Presentacion-de-mi-CD-para-flauta-y-guitarra-1.jpg\",\"contentUrl\":\"https:\\\/\\\/alcompasrevista.com\\\/wp-content\\\/uploads\\\/2022\\\/12\\\/grabacion-y-Presentacion-de-mi-CD-para-flauta-y-guitarra-1.jpg\",\"width\":760,\"height\":430,\"caption\":\"Amalia Tortajada\"},{\"@type\":\"BreadcrumbList\",\"@id\":\"https:\\\/\\\/alcompasrevista.com\\\/archivos\\\/11792#breadcrumb\",\"itemListElement\":[{\"@type\":\"ListItem\",\"position\":1,\"name\":\"Portada\",\"item\":\"https:\\\/\\\/alcompasrevista.com\\\/va\"},{\"@type\":\"ListItem\",\"position\":2,\"name\":\"M\u00fasics amb D. O. Amalia Tortajada. \u201cPert\u00e0nyer a una banda de m\u00fasica ha sigut una forma de vida\u201d\"}]},{\"@type\":\"WebSite\",\"@id\":\"https:\\\/\\\/alcompasrevista.com\\\/#website\",\"url\":\"https:\\\/\\\/alcompasrevista.com\\\/\",\"name\":\"Revista Al Comp\u00e0s\",\"description\":\"Un proyecto de la Federaci\u00f3n de Sociedades Musicales de la Comunidad Valenciana\",\"publisher\":{\"@id\":\"https:\\\/\\\/alcompasrevista.com\\\/#organization\"},\"potentialAction\":[{\"@type\":\"SearchAction\",\"target\":{\"@type\":\"EntryPoint\",\"urlTemplate\":\"https:\\\/\\\/alcompasrevista.com\\\/?s={search_term_string}\"},\"query-input\":{\"@type\":\"PropertyValueSpecification\",\"valueRequired\":true,\"valueName\":\"search_term_string\"}}],\"inLanguage\":\"va\"},{\"@type\":\"Organization\",\"@id\":\"https:\\\/\\\/alcompasrevista.com\\\/#organization\",\"name\":\"Revista Al Comp\u00e0s\",\"url\":\"https:\\\/\\\/alcompasrevista.com\\\/\",\"logo\":{\"@type\":\"ImageObject\",\"inLanguage\":\"va\",\"@id\":\"https:\\\/\\\/alcompasrevista.com\\\/#\\\/schema\\\/logo\\\/image\\\/\",\"url\":\"https:\\\/\\\/alcompasrevista.com\\\/wp-content\\\/uploads\\\/2022\\\/04\\\/cropped-loog_blanco.png\",\"contentUrl\":\"https:\\\/\\\/alcompasrevista.com\\\/wp-content\\\/uploads\\\/2022\\\/04\\\/cropped-loog_blanco.png\",\"width\":1612,\"height\":724,\"caption\":\"Revista Al Comp\u00e0s\"},\"image\":{\"@id\":\"https:\\\/\\\/alcompasrevista.com\\\/#\\\/schema\\\/logo\\\/image\\\/\"}},{\"@type\":\"Person\",\"@id\":\"https:\\\/\\\/alcompasrevista.com\\\/#\\\/schema\\\/person\\\/0f092e7196386afa42171db0d19a38ff\",\"name\":\"Redacci\u00f3n\",\"image\":{\"@type\":\"ImageObject\",\"inLanguage\":\"va\",\"@id\":\"https:\\\/\\\/secure.gravatar.com\\\/avatar\\\/e2831619d4dae93995d3da450c50013d912e0b8bdf34d9ea00126d97c2b7702e?s=96&d=mm&r=g\",\"url\":\"https:\\\/\\\/secure.gravatar.com\\\/avatar\\\/e2831619d4dae93995d3da450c50013d912e0b8bdf34d9ea00126d97c2b7702e?s=96&d=mm&r=g\",\"contentUrl\":\"https:\\\/\\\/secure.gravatar.com\\\/avatar\\\/e2831619d4dae93995d3da450c50013d912e0b8bdf34d9ea00126d97c2b7702e?s=96&d=mm&r=g\",\"caption\":\"Redacci\u00f3n\"},\"url\":\"https:\\\/\\\/alcompasrevista.com\\\/va\\\/archivos\\\/author\\\/257_webmaster\"}]}<\/script>\n<!-- \/ Yoast SEO plugin. -->","yoast_head_json":{"title":"M\u00fasics amb D. O. Amalia Tortajada. \u201cPert\u00e0nyer a una banda de m\u00fasica ha sigut una forma de vida\u201d - Revista Al Comp\u00e0s","robots":{"index":"index","follow":"follow","max-snippet":"max-snippet:-1","max-image-preview":"max-image-preview:large","max-video-preview":"max-video-preview:-1"},"canonical":"https:\/\/alcompasrevista.com\/archivos\/11792","og_locale":"en_US","og_type":"article","og_title":"M\u00fasics amb D. O. Amalia Tortajada. \u201cPert\u00e0nyer a una banda de m\u00fasica ha sigut una forma de vida\u201d - Revista Al Comp\u00e0s","og_description":"Amalia Tortajada viu a Lisboa i  recentment ha sigut guardonada amb el premi al Millor disc de M\u00fasica Cl\u00e0ssica per \u201cIdentidade\u201d en els premis Carles Santos de la M\u00fasica Valenciana","og_url":"https:\/\/alcompasrevista.com\/archivos\/11792","og_site_name":"Revista Al Comp\u00e0s","article_published_time":"2022-12-29T09:35:08+00:00","article_modified_time":"2023-01-03T08:52:26+00:00","og_image":[{"width":760,"height":430,"url":"https:\/\/alcompasrevista.com\/wp-content\/uploads\/2022\/12\/grabacion-y-Presentacion-de-mi-CD-para-flauta-y-guitarra-1.jpg","type":"image\/jpeg"}],"author":"Redacci\u00f3n","twitter_card":"summary_large_image","twitter_misc":{"Written by":"Redacci\u00f3","Est. reading time":"14 minutes"},"schema":{"@context":"https:\/\/schema.org","@graph":[{"@type":"Article","@id":"https:\/\/alcompasrevista.com\/archivos\/11792#article","isPartOf":{"@id":"https:\/\/alcompasrevista.com\/archivos\/11792"},"author":{"name":"Redacci\u00f3n","@id":"https:\/\/alcompasrevista.com\/#\/schema\/person\/0f092e7196386afa42171db0d19a38ff"},"headline":"M\u00fasics amb D. O. Amalia Tortajada. \u201cPert\u00e0nyer a una banda de m\u00fasica ha sigut una forma de vida\u201d","datePublished":"2022-12-29T09:35:08+00:00","dateModified":"2023-01-03T08:52:26+00:00","mainEntityOfPage":{"@id":"https:\/\/alcompasrevista.com\/archivos\/11792"},"wordCount":2483,"publisher":{"@id":"https:\/\/alcompasrevista.com\/#organization"},"image":{"@id":"https:\/\/alcompasrevista.com\/archivos\/11792#primaryimage"},"thumbnailUrl":"https:\/\/alcompasrevista.com\/wp-content\/uploads\/2022\/12\/grabacion-y-Presentacion-de-mi-CD-para-flauta-y-guitarra-1.jpg","keywords":["Amalia Tortajada","Bu\u00f1ol","L&#039;Arm\u00f3nica de Bu\u00f1ol.","Portada","Premis Carles Santos"],"articleSection":["#Laterreta"],"inLanguage":"va"},{"@type":"WebPage","@id":"https:\/\/alcompasrevista.com\/archivos\/11792","url":"https:\/\/alcompasrevista.com\/archivos\/11792","name":"M\u00fasics amb D. O. Amalia Tortajada. \u201cPert\u00e0nyer a una banda de m\u00fasica ha sigut una forma de vida\u201d - Revista Al Comp\u00e0s","isPartOf":{"@id":"https:\/\/alcompasrevista.com\/#website"},"primaryImageOfPage":{"@id":"https:\/\/alcompasrevista.com\/archivos\/11792#primaryimage"},"image":{"@id":"https:\/\/alcompasrevista.com\/archivos\/11792#primaryimage"},"thumbnailUrl":"https:\/\/alcompasrevista.com\/wp-content\/uploads\/2022\/12\/grabacion-y-Presentacion-de-mi-CD-para-flauta-y-guitarra-1.jpg","datePublished":"2022-12-29T09:35:08+00:00","dateModified":"2023-01-03T08:52:26+00:00","breadcrumb":{"@id":"https:\/\/alcompasrevista.com\/archivos\/11792#breadcrumb"},"inLanguage":"va","potentialAction":[{"@type":"ReadAction","target":["https:\/\/alcompasrevista.com\/archivos\/11792"]}]},{"@type":"ImageObject","inLanguage":"va","@id":"https:\/\/alcompasrevista.com\/archivos\/11792#primaryimage","url":"https:\/\/alcompasrevista.com\/wp-content\/uploads\/2022\/12\/grabacion-y-Presentacion-de-mi-CD-para-flauta-y-guitarra-1.jpg","contentUrl":"https:\/\/alcompasrevista.com\/wp-content\/uploads\/2022\/12\/grabacion-y-Presentacion-de-mi-CD-para-flauta-y-guitarra-1.jpg","width":760,"height":430,"caption":"Amalia Tortajada"},{"@type":"BreadcrumbList","@id":"https:\/\/alcompasrevista.com\/archivos\/11792#breadcrumb","itemListElement":[{"@type":"ListItem","position":1,"name":"Portada","item":"https:\/\/alcompasrevista.com\/va"},{"@type":"ListItem","position":2,"name":"M\u00fasics amb D. O. Amalia Tortajada. \u201cPert\u00e0nyer a una banda de m\u00fasica ha sigut una forma de vida\u201d"}]},{"@type":"WebSite","@id":"https:\/\/alcompasrevista.com\/#website","url":"https:\/\/alcompasrevista.com\/","name":"Revista Al Comp\u00e0s","description":"Un proyecto de la Federaci\u00f3n de Sociedades Musicales de la Comunidad Valenciana","publisher":{"@id":"https:\/\/alcompasrevista.com\/#organization"},"potentialAction":[{"@type":"SearchAction","target":{"@type":"EntryPoint","urlTemplate":"https:\/\/alcompasrevista.com\/?s={search_term_string}"},"query-input":{"@type":"PropertyValueSpecification","valueRequired":true,"valueName":"search_term_string"}}],"inLanguage":"va"},{"@type":"Organization","@id":"https:\/\/alcompasrevista.com\/#organization","name":"Revista Al Comp\u00e0s","url":"https:\/\/alcompasrevista.com\/","logo":{"@type":"ImageObject","inLanguage":"va","@id":"https:\/\/alcompasrevista.com\/#\/schema\/logo\/image\/","url":"https:\/\/alcompasrevista.com\/wp-content\/uploads\/2022\/04\/cropped-loog_blanco.png","contentUrl":"https:\/\/alcompasrevista.com\/wp-content\/uploads\/2022\/04\/cropped-loog_blanco.png","width":1612,"height":724,"caption":"Revista Al Comp\u00e0s"},"image":{"@id":"https:\/\/alcompasrevista.com\/#\/schema\/logo\/image\/"}},{"@type":"Person","@id":"https:\/\/alcompasrevista.com\/#\/schema\/person\/0f092e7196386afa42171db0d19a38ff","name":"Redacci\u00f3n","image":{"@type":"ImageObject","inLanguage":"va","@id":"https:\/\/secure.gravatar.com\/avatar\/e2831619d4dae93995d3da450c50013d912e0b8bdf34d9ea00126d97c2b7702e?s=96&d=mm&r=g","url":"https:\/\/secure.gravatar.com\/avatar\/e2831619d4dae93995d3da450c50013d912e0b8bdf34d9ea00126d97c2b7702e?s=96&d=mm&r=g","contentUrl":"https:\/\/secure.gravatar.com\/avatar\/e2831619d4dae93995d3da450c50013d912e0b8bdf34d9ea00126d97c2b7702e?s=96&d=mm&r=g","caption":"Redacci\u00f3n"},"url":"https:\/\/alcompasrevista.com\/va\/archivos\/author\/257_webmaster"}]}},"_links":{"self":[{"href":"https:\/\/alcompasrevista.com\/va\/wp-json\/wp\/v2\/posts\/11759","targetHints":{"allow":["GET"]}}],"collection":[{"href":"https:\/\/alcompasrevista.com\/va\/wp-json\/wp\/v2\/posts"}],"about":[{"href":"https:\/\/alcompasrevista.com\/va\/wp-json\/wp\/v2\/types\/post"}],"author":[{"embeddable":true,"href":"https:\/\/alcompasrevista.com\/va\/wp-json\/wp\/v2\/users\/860004"}],"replies":[{"embeddable":true,"href":"https:\/\/alcompasrevista.com\/va\/wp-json\/wp\/v2\/comments?post=11759"}],"version-history":[{"count":0,"href":"https:\/\/alcompasrevista.com\/va\/wp-json\/wp\/v2\/posts\/11759\/revisions"}],"wp:featuredmedia":[{"embeddable":true,"href":"https:\/\/alcompasrevista.com\/va\/wp-json\/wp\/v2\/media\/11767"}],"wp:attachment":[{"href":"https:\/\/alcompasrevista.com\/va\/wp-json\/wp\/v2\/media?parent=11759"}],"wp:term":[{"taxonomy":"category","embeddable":true,"href":"https:\/\/alcompasrevista.com\/va\/wp-json\/wp\/v2\/categories?post=11759"},{"taxonomy":"post_tag","embeddable":true,"href":"https:\/\/alcompasrevista.com\/va\/wp-json\/wp\/v2\/tags?post=11759"},{"taxonomy":"portada","embeddable":true,"href":"https:\/\/alcompasrevista.com\/va\/wp-json\/wp\/v2\/portada?post=11759"}],"curies":[{"name":"wp","href":"https:\/\/api.w.org\/{rel}","templated":true}]}}