{"id":11539,"date":"2022-12-15T09:33:51","date_gmt":"2022-12-15T08:33:51","guid":{"rendered":"https:\/\/alcompasrevista.com\/?p=11539"},"modified":"2022-12-15T09:34:36","modified_gmt":"2022-12-15T08:34:36","slug":"les-societats-musicals-de-la-ciutat-de-valencia-recorden-a-octavio-hernandez-bolin","status":"publish","type":"post","link":"https:\/\/alcompasrevista.com\/va\/archivos\/11539","title":{"rendered":"Les Societats Musicals de la ciutat de Val\u00e8ncia recorden a Octavio Hern\u00e1ndez Bol\u00edn"},"content":{"rendered":"\n<p>El director del m\u00edtic programa de r\u00e0dio <em>Les Nostres Bandes de M\u00fasica<\/em>, va morir al febrer de 2021 a la primerenca edat de 56 anys, i algunes societats valencianes han volgut recon\u00e9ixer la important labor que va desenvolupar al llarg de la seua traject\u00f2ria en favor de la promoci\u00f3 i difusi\u00f3 de la m\u00fasica de banda, aix\u00ed com el suport que sempre va donar a les activitats i projectes impulsats per les societats musicals valencianes.<\/p>\n\n\n\n<p>Per aix\u00f2, en el transcurs dels seus concerts de Nadal, algunes societats realitzaran la lectura d&#8217;un comunicat en el seu record i interpretaran alguna de les peces que van ser dedicades tant al mateix Octavio com a membres del seu entorn familiar entre les quals figura Ariadna Hern\u00e1ndez, pasdoble de Salvador Chuli\u00e1 dedicat a la seua mem\u00f2ria.<\/p>\n\n\n\n<p>Entre les agrupacions que ja han realitzat l&#8217;homenatge figura la Va unir Musical L&#8217;Horta de Sant Marcel\u00b7l\u00ed que va dedicar uns minuts a Octavio durant el concert de Nadal que va oferir diumenge passat en La Rambleta.<\/p>\n\n\n\n<p>El dissabte 17 ser\u00e0 la banda de la Societat Musical La Va unir de Tres Forques la que interpretar\u00e0 el pasdoble Lourdes de Vicente R. Andreu Sanjuan en homenatge a Octavio. Aqueix mateix dia l\u2019Agrupaci\u00f3 Musical de Massarrojos interpretar\u00e0 la pe\u00e7a Octavio Hern\u00e1ndez de V. Castell\u00f3 mentre que l&#8217;Ateneu Musical del Port ha triat el pasdoble Amparo Fern\u00e1ndez de Pedro Jos\u00e9 Viso Roger, ambdues es podran escoltar en els respectius concerts nadalencs. Per part seua, el CIM Tendetes tamb\u00e9 recordar\u00e0 la figura d&#8217;Octavio en el concert que oferir\u00e0 el dissabte 17 en Nou Centre i la Societat Musical Uni\u00f3 de Pescadors ha incl\u00f2s en el programa del seu concert de Nadal del diumenge 18 el pasdoble 30 anys de Les nostres Bandes, de Juan Bautista Meseguer.<\/p>\n","protected":false},"excerpt":{"rendered":"<p>Les Societats Musicals de la ciutat de Val\u00e8ncia recorden a Octavio Hern\u00e1ndez Bol\u00edn<\/p>\n","protected":false},"author":860004,"featured_media":11540,"comment_status":"closed","ping_status":"closed","sticky":false,"template":"","format":"standard","meta":{"footnotes":""},"categories":[29],"tags":[569],"portada":[567,568],"class_list":["post-11539","post","type-post","status-publish","format-standard","has-post-thumbnail","hentry","category-noticies-va","tag-octavio-hernandez-bolin","portada-octavio-hernandez-bolin","portada-societats-musicals-ciutat-valencia"],"yoast_head":"<!-- This site is optimized with the Yoast SEO plugin v27.4 - https:\/\/yoast.com\/product\/yoast-seo-wordpress\/ -->\n<title>Les Societats Musicals de la ciutat de Val\u00e8ncia recorden a Octavio Hern\u00e1ndez Bol\u00edn - Revista Al Comp\u00e0s<\/title>\n<meta name=\"robots\" content=\"index, follow, max-snippet:-1, max-image-preview:large, max-video-preview:-1\" \/>\n<link rel=\"canonical\" href=\"https:\/\/alcompasrevista.com\/archivos\/11544\" \/>\n<meta property=\"og:locale\" content=\"en_US\" \/>\n<meta property=\"og:type\" content=\"article\" \/>\n<meta property=\"og:title\" content=\"Les Societats Musicals de la ciutat de Val\u00e8ncia recorden a Octavio Hern\u00e1ndez Bol\u00edn - Revista Al Comp\u00e0s\" \/>\n<meta property=\"og:description\" content=\"Les Societats Musicals de la ciutat de Val\u00e8ncia recorden a Octavio Hern\u00e1ndez Bol\u00edn\" \/>\n<meta property=\"og:url\" content=\"https:\/\/alcompasrevista.com\/archivos\/11544\" \/>\n<meta property=\"og:site_name\" content=\"Revista Al Comp\u00e0s\" \/>\n<meta property=\"article:published_time\" content=\"2022-12-15T08:33:51+00:00\" \/>\n<meta property=\"article:modified_time\" content=\"2022-12-15T08:34:36+00:00\" \/>\n<meta property=\"og:image\" content=\"https:\/\/alcompasrevista.com\/wp-content\/uploads\/2022\/12\/Diseno-sin-titulo-31.jpg\" \/>\n\t<meta property=\"og:image:width\" content=\"760\" \/>\n\t<meta property=\"og:image:height\" content=\"430\" \/>\n\t<meta property=\"og:image:type\" content=\"image\/jpeg\" \/>\n<meta name=\"author\" content=\"Redacci\u00f3n\" \/>\n<meta name=\"twitter:card\" content=\"summary_large_image\" \/>\n<meta name=\"twitter:label1\" content=\"Written by\" \/>\n\t<meta name=\"twitter:data1\" content=\"Redacci\u00f3\" \/>\n\t<meta name=\"twitter:label2\" content=\"Est. reading time\" \/>\n\t<meta name=\"twitter:data2\" content=\"2 minutes\" \/>\n<script type=\"application\/ld+json\" class=\"yoast-schema-graph\">{\"@context\":\"https:\\\/\\\/schema.org\",\"@graph\":[{\"@type\":\"Article\",\"@id\":\"https:\\\/\\\/alcompasrevista.com\\\/archivos\\\/11544#article\",\"isPartOf\":{\"@id\":\"https:\\\/\\\/alcompasrevista.com\\\/archivos\\\/11544\"},\"author\":{\"name\":\"Redacci\u00f3n\",\"@id\":\"https:\\\/\\\/alcompasrevista.com\\\/#\\\/schema\\\/person\\\/0f092e7196386afa42171db0d19a38ff\"},\"headline\":\"Les Societats Musicals de la ciutat de Val\u00e8ncia recorden a Octavio Hern\u00e1ndez Bol\u00edn\",\"datePublished\":\"2022-12-15T08:33:51+00:00\",\"dateModified\":\"2022-12-15T08:34:36+00:00\",\"mainEntityOfPage\":{\"@id\":\"https:\\\/\\\/alcompasrevista.com\\\/archivos\\\/11544\"},\"wordCount\":324,\"publisher\":{\"@id\":\"https:\\\/\\\/alcompasrevista.com\\\/#organization\"},\"image\":{\"@id\":\"https:\\\/\\\/alcompasrevista.com\\\/archivos\\\/11544#primaryimage\"},\"thumbnailUrl\":\"https:\\\/\\\/alcompasrevista.com\\\/wp-content\\\/uploads\\\/2022\\\/12\\\/Diseno-sin-titulo-31.jpg\",\"keywords\":[\"Octavio Hern\u00e1ndez Bol\u00edn\"],\"articleSection\":[\"#Not\u00edcies\"],\"inLanguage\":\"va\"},{\"@type\":\"WebPage\",\"@id\":\"https:\\\/\\\/alcompasrevista.com\\\/archivos\\\/11544\",\"url\":\"https:\\\/\\\/alcompasrevista.com\\\/archivos\\\/11544\",\"name\":\"Les Societats Musicals de la ciutat de Val\u00e8ncia recorden a Octavio Hern\u00e1ndez Bol\u00edn - Revista Al Comp\u00e0s\",\"isPartOf\":{\"@id\":\"https:\\\/\\\/alcompasrevista.com\\\/#website\"},\"primaryImageOfPage\":{\"@id\":\"https:\\\/\\\/alcompasrevista.com\\\/archivos\\\/11544#primaryimage\"},\"image\":{\"@id\":\"https:\\\/\\\/alcompasrevista.com\\\/archivos\\\/11544#primaryimage\"},\"thumbnailUrl\":\"https:\\\/\\\/alcompasrevista.com\\\/wp-content\\\/uploads\\\/2022\\\/12\\\/Diseno-sin-titulo-31.jpg\",\"datePublished\":\"2022-12-15T08:33:51+00:00\",\"dateModified\":\"2022-12-15T08:34:36+00:00\",\"breadcrumb\":{\"@id\":\"https:\\\/\\\/alcompasrevista.com\\\/archivos\\\/11544#breadcrumb\"},\"inLanguage\":\"va\",\"potentialAction\":[{\"@type\":\"ReadAction\",\"target\":[\"https:\\\/\\\/alcompasrevista.com\\\/archivos\\\/11544\"]}]},{\"@type\":\"ImageObject\",\"inLanguage\":\"va\",\"@id\":\"https:\\\/\\\/alcompasrevista.com\\\/archivos\\\/11544#primaryimage\",\"url\":\"https:\\\/\\\/alcompasrevista.com\\\/wp-content\\\/uploads\\\/2022\\\/12\\\/Diseno-sin-titulo-31.jpg\",\"contentUrl\":\"https:\\\/\\\/alcompasrevista.com\\\/wp-content\\\/uploads\\\/2022\\\/12\\\/Diseno-sin-titulo-31.jpg\",\"width\":760,\"height\":430},{\"@type\":\"BreadcrumbList\",\"@id\":\"https:\\\/\\\/alcompasrevista.com\\\/archivos\\\/11544#breadcrumb\",\"itemListElement\":[{\"@type\":\"ListItem\",\"position\":1,\"name\":\"Portada\",\"item\":\"https:\\\/\\\/alcompasrevista.com\\\/va\"},{\"@type\":\"ListItem\",\"position\":2,\"name\":\"Les Societats Musicals de la ciutat de Val\u00e8ncia recorden a Octavio Hern\u00e1ndez Bol\u00edn\"}]},{\"@type\":\"WebSite\",\"@id\":\"https:\\\/\\\/alcompasrevista.com\\\/#website\",\"url\":\"https:\\\/\\\/alcompasrevista.com\\\/\",\"name\":\"Revista Al Comp\u00e0s\",\"description\":\"Un proyecto de la Federaci\u00f3n de Sociedades Musicales de la Comunidad Valenciana\",\"publisher\":{\"@id\":\"https:\\\/\\\/alcompasrevista.com\\\/#organization\"},\"potentialAction\":[{\"@type\":\"SearchAction\",\"target\":{\"@type\":\"EntryPoint\",\"urlTemplate\":\"https:\\\/\\\/alcompasrevista.com\\\/?s={search_term_string}\"},\"query-input\":{\"@type\":\"PropertyValueSpecification\",\"valueRequired\":true,\"valueName\":\"search_term_string\"}}],\"inLanguage\":\"va\"},{\"@type\":\"Organization\",\"@id\":\"https:\\\/\\\/alcompasrevista.com\\\/#organization\",\"name\":\"Revista Al Comp\u00e0s\",\"url\":\"https:\\\/\\\/alcompasrevista.com\\\/\",\"logo\":{\"@type\":\"ImageObject\",\"inLanguage\":\"va\",\"@id\":\"https:\\\/\\\/alcompasrevista.com\\\/#\\\/schema\\\/logo\\\/image\\\/\",\"url\":\"https:\\\/\\\/alcompasrevista.com\\\/wp-content\\\/uploads\\\/2022\\\/04\\\/cropped-loog_blanco.png\",\"contentUrl\":\"https:\\\/\\\/alcompasrevista.com\\\/wp-content\\\/uploads\\\/2022\\\/04\\\/cropped-loog_blanco.png\",\"width\":1612,\"height\":724,\"caption\":\"Revista Al Comp\u00e0s\"},\"image\":{\"@id\":\"https:\\\/\\\/alcompasrevista.com\\\/#\\\/schema\\\/logo\\\/image\\\/\"}},{\"@type\":\"Person\",\"@id\":\"https:\\\/\\\/alcompasrevista.com\\\/#\\\/schema\\\/person\\\/0f092e7196386afa42171db0d19a38ff\",\"name\":\"Redacci\u00f3n\",\"image\":{\"@type\":\"ImageObject\",\"inLanguage\":\"va\",\"@id\":\"https:\\\/\\\/secure.gravatar.com\\\/avatar\\\/e2831619d4dae93995d3da450c50013d912e0b8bdf34d9ea00126d97c2b7702e?s=96&d=mm&r=g\",\"url\":\"https:\\\/\\\/secure.gravatar.com\\\/avatar\\\/e2831619d4dae93995d3da450c50013d912e0b8bdf34d9ea00126d97c2b7702e?s=96&d=mm&r=g\",\"contentUrl\":\"https:\\\/\\\/secure.gravatar.com\\\/avatar\\\/e2831619d4dae93995d3da450c50013d912e0b8bdf34d9ea00126d97c2b7702e?s=96&d=mm&r=g\",\"caption\":\"Redacci\u00f3n\"},\"url\":\"https:\\\/\\\/alcompasrevista.com\\\/va\\\/archivos\\\/author\\\/257_webmaster\"}]}<\/script>\n<!-- \/ Yoast SEO plugin. -->","yoast_head_json":{"title":"Les Societats Musicals de la ciutat de Val\u00e8ncia recorden a Octavio Hern\u00e1ndez Bol\u00edn - Revista Al Comp\u00e0s","robots":{"index":"index","follow":"follow","max-snippet":"max-snippet:-1","max-image-preview":"max-image-preview:large","max-video-preview":"max-video-preview:-1"},"canonical":"https:\/\/alcompasrevista.com\/archivos\/11544","og_locale":"en_US","og_type":"article","og_title":"Les Societats Musicals de la ciutat de Val\u00e8ncia recorden a Octavio Hern\u00e1ndez Bol\u00edn - Revista Al Comp\u00e0s","og_description":"Les Societats Musicals de la ciutat de Val\u00e8ncia recorden a Octavio Hern\u00e1ndez Bol\u00edn","og_url":"https:\/\/alcompasrevista.com\/archivos\/11544","og_site_name":"Revista Al Comp\u00e0s","article_published_time":"2022-12-15T08:33:51+00:00","article_modified_time":"2022-12-15T08:34:36+00:00","og_image":[{"width":760,"height":430,"url":"https:\/\/alcompasrevista.com\/wp-content\/uploads\/2022\/12\/Diseno-sin-titulo-31.jpg","type":"image\/jpeg"}],"author":"Redacci\u00f3n","twitter_card":"summary_large_image","twitter_misc":{"Written by":"Redacci\u00f3","Est. reading time":"2 minutes"},"schema":{"@context":"https:\/\/schema.org","@graph":[{"@type":"Article","@id":"https:\/\/alcompasrevista.com\/archivos\/11544#article","isPartOf":{"@id":"https:\/\/alcompasrevista.com\/archivos\/11544"},"author":{"name":"Redacci\u00f3n","@id":"https:\/\/alcompasrevista.com\/#\/schema\/person\/0f092e7196386afa42171db0d19a38ff"},"headline":"Les Societats Musicals de la ciutat de Val\u00e8ncia recorden a Octavio Hern\u00e1ndez Bol\u00edn","datePublished":"2022-12-15T08:33:51+00:00","dateModified":"2022-12-15T08:34:36+00:00","mainEntityOfPage":{"@id":"https:\/\/alcompasrevista.com\/archivos\/11544"},"wordCount":324,"publisher":{"@id":"https:\/\/alcompasrevista.com\/#organization"},"image":{"@id":"https:\/\/alcompasrevista.com\/archivos\/11544#primaryimage"},"thumbnailUrl":"https:\/\/alcompasrevista.com\/wp-content\/uploads\/2022\/12\/Diseno-sin-titulo-31.jpg","keywords":["Octavio Hern\u00e1ndez Bol\u00edn"],"articleSection":["#Not\u00edcies"],"inLanguage":"va"},{"@type":"WebPage","@id":"https:\/\/alcompasrevista.com\/archivos\/11544","url":"https:\/\/alcompasrevista.com\/archivos\/11544","name":"Les Societats Musicals de la ciutat de Val\u00e8ncia recorden a Octavio Hern\u00e1ndez Bol\u00edn - Revista Al Comp\u00e0s","isPartOf":{"@id":"https:\/\/alcompasrevista.com\/#website"},"primaryImageOfPage":{"@id":"https:\/\/alcompasrevista.com\/archivos\/11544#primaryimage"},"image":{"@id":"https:\/\/alcompasrevista.com\/archivos\/11544#primaryimage"},"thumbnailUrl":"https:\/\/alcompasrevista.com\/wp-content\/uploads\/2022\/12\/Diseno-sin-titulo-31.jpg","datePublished":"2022-12-15T08:33:51+00:00","dateModified":"2022-12-15T08:34:36+00:00","breadcrumb":{"@id":"https:\/\/alcompasrevista.com\/archivos\/11544#breadcrumb"},"inLanguage":"va","potentialAction":[{"@type":"ReadAction","target":["https:\/\/alcompasrevista.com\/archivos\/11544"]}]},{"@type":"ImageObject","inLanguage":"va","@id":"https:\/\/alcompasrevista.com\/archivos\/11544#primaryimage","url":"https:\/\/alcompasrevista.com\/wp-content\/uploads\/2022\/12\/Diseno-sin-titulo-31.jpg","contentUrl":"https:\/\/alcompasrevista.com\/wp-content\/uploads\/2022\/12\/Diseno-sin-titulo-31.jpg","width":760,"height":430},{"@type":"BreadcrumbList","@id":"https:\/\/alcompasrevista.com\/archivos\/11544#breadcrumb","itemListElement":[{"@type":"ListItem","position":1,"name":"Portada","item":"https:\/\/alcompasrevista.com\/va"},{"@type":"ListItem","position":2,"name":"Les Societats Musicals de la ciutat de Val\u00e8ncia recorden a Octavio Hern\u00e1ndez Bol\u00edn"}]},{"@type":"WebSite","@id":"https:\/\/alcompasrevista.com\/#website","url":"https:\/\/alcompasrevista.com\/","name":"Revista Al Comp\u00e0s","description":"Un proyecto de la Federaci\u00f3n de Sociedades Musicales de la Comunidad Valenciana","publisher":{"@id":"https:\/\/alcompasrevista.com\/#organization"},"potentialAction":[{"@type":"SearchAction","target":{"@type":"EntryPoint","urlTemplate":"https:\/\/alcompasrevista.com\/?s={search_term_string}"},"query-input":{"@type":"PropertyValueSpecification","valueRequired":true,"valueName":"search_term_string"}}],"inLanguage":"va"},{"@type":"Organization","@id":"https:\/\/alcompasrevista.com\/#organization","name":"Revista Al Comp\u00e0s","url":"https:\/\/alcompasrevista.com\/","logo":{"@type":"ImageObject","inLanguage":"va","@id":"https:\/\/alcompasrevista.com\/#\/schema\/logo\/image\/","url":"https:\/\/alcompasrevista.com\/wp-content\/uploads\/2022\/04\/cropped-loog_blanco.png","contentUrl":"https:\/\/alcompasrevista.com\/wp-content\/uploads\/2022\/04\/cropped-loog_blanco.png","width":1612,"height":724,"caption":"Revista Al Comp\u00e0s"},"image":{"@id":"https:\/\/alcompasrevista.com\/#\/schema\/logo\/image\/"}},{"@type":"Person","@id":"https:\/\/alcompasrevista.com\/#\/schema\/person\/0f092e7196386afa42171db0d19a38ff","name":"Redacci\u00f3n","image":{"@type":"ImageObject","inLanguage":"va","@id":"https:\/\/secure.gravatar.com\/avatar\/e2831619d4dae93995d3da450c50013d912e0b8bdf34d9ea00126d97c2b7702e?s=96&d=mm&r=g","url":"https:\/\/secure.gravatar.com\/avatar\/e2831619d4dae93995d3da450c50013d912e0b8bdf34d9ea00126d97c2b7702e?s=96&d=mm&r=g","contentUrl":"https:\/\/secure.gravatar.com\/avatar\/e2831619d4dae93995d3da450c50013d912e0b8bdf34d9ea00126d97c2b7702e?s=96&d=mm&r=g","caption":"Redacci\u00f3n"},"url":"https:\/\/alcompasrevista.com\/va\/archivos\/author\/257_webmaster"}]}},"_links":{"self":[{"href":"https:\/\/alcompasrevista.com\/va\/wp-json\/wp\/v2\/posts\/11539","targetHints":{"allow":["GET"]}}],"collection":[{"href":"https:\/\/alcompasrevista.com\/va\/wp-json\/wp\/v2\/posts"}],"about":[{"href":"https:\/\/alcompasrevista.com\/va\/wp-json\/wp\/v2\/types\/post"}],"author":[{"embeddable":true,"href":"https:\/\/alcompasrevista.com\/va\/wp-json\/wp\/v2\/users\/860004"}],"replies":[{"embeddable":true,"href":"https:\/\/alcompasrevista.com\/va\/wp-json\/wp\/v2\/comments?post=11539"}],"version-history":[{"count":0,"href":"https:\/\/alcompasrevista.com\/va\/wp-json\/wp\/v2\/posts\/11539\/revisions"}],"wp:featuredmedia":[{"embeddable":true,"href":"https:\/\/alcompasrevista.com\/va\/wp-json\/wp\/v2\/media\/11540"}],"wp:attachment":[{"href":"https:\/\/alcompasrevista.com\/va\/wp-json\/wp\/v2\/media?parent=11539"}],"wp:term":[{"taxonomy":"category","embeddable":true,"href":"https:\/\/alcompasrevista.com\/va\/wp-json\/wp\/v2\/categories?post=11539"},{"taxonomy":"post_tag","embeddable":true,"href":"https:\/\/alcompasrevista.com\/va\/wp-json\/wp\/v2\/tags?post=11539"},{"taxonomy":"portada","embeddable":true,"href":"https:\/\/alcompasrevista.com\/va\/wp-json\/wp\/v2\/portada?post=11539"}],"curies":[{"name":"wp","href":"https:\/\/api.w.org\/{rel}","templated":true}]}}