{"id":11492,"date":"2022-12-14T10:50:49","date_gmt":"2022-12-14T09:50:49","guid":{"rendered":"https:\/\/alcompasrevista.com\/?p=11492"},"modified":"2022-12-14T10:55:12","modified_gmt":"2022-12-14T09:55:12","slug":"pensem-en-proposits","status":"publish","type":"post","link":"https:\/\/alcompasrevista.com\/va\/archivos\/11492","title":{"rendered":"Pensem en prop\u00f2sits"},"content":{"rendered":"\n<p>El mes de desembre \u00e9s sempre un mes de prop\u00f2sits. De plantejar-se aquelles coses que l\u2019\u00faltim dia de l\u2019any apuntarem a una llibreteta \u2013o a unes notes del tel\u00e8fon m\u00f2bil com faig jo\u2013 i intentarem fer l\u2019any vinent. L\u2019any nou. Dic intentarem perqu\u00e8, en massa ocasions, els prop\u00f2sits se\u2019ns queden aparcats a eixa llibreta. Enguany, per\u00f2, vull que siga diferent. Enguany no, l\u2019any 2023 vull dir.<\/p>\n\n\n\n<p>No vaig a contar-vos els meus prop\u00f2sits, perqu\u00e8 a m\u00e9s de que s\u00f3n secrets i soc dels que pensa que, si es diuen no s\u2019acompleixen, tampoc s\u00f3n gens originals. Que si menjar millor, que si gimn\u00e0s, que si cuidar-me m\u00e9s el cabet (\u00e9s important a\u00e7\u00f2, eh), que si cuidar als amics <em>com em cuiden ells a mi<\/em>\u2026 Ben poc original, vaja. Per\u00f2 s\u00ed que em fa il\u00b7lusi\u00f3 contar-vos un d\u2019ells que, a m\u00e9s, t\u00e9 relaci\u00f3 amb la m\u00fasica. I es que en este pr\u00f2xim 2023 vull tocar m\u00e9s. Vull agafar m\u00e9s les baquetes, tant de manera individual com de manera conjunta. El que ve a ser, posar-los el cap com un bombo \u2013mai millor dit\u2013 als ve\u00efns del bloc i tornar de manera as\u00eddua a la banda. Si acomplisc eixos prop\u00f2sits, qu\u00e8 voleu qu\u00e8 us diga. Jo ja em quede ben tranquil, i feli\u00e7.<\/p>\n\n\n\n<p>Per\u00f2 els prop\u00f2sits no \u00fanicament se\u2019ls deu fer un assoles. Tamb\u00e9 el final d\u2019any \u00e9s temps per a que les bandes, agrupacions, societats i fins i tot la Federaci\u00f3 planteje les seues propostes de cara l\u2019any vinent. Un any, ho sabem, que ser\u00e0 dif\u00edcil \u2013perqu\u00e8 portem vivint-ho ja fa mesos\u2013 per la crisi econ\u00f2mica, social, cultural i m\u00e9s coses que acaben en -al. Jo no puc modificar grans coses, la veritat. Per\u00f2 s\u00ed que puc ser conscient \u2013i intentar que t\u00fa que lliges a\u00e7\u00f2, ho sigues\u2013 de que a\u00e7\u00f2, de que el nostre moviment associatiu i musical \u00fanic al m\u00f3n s\u2019ha de cuidar. S\u2019ha de cuidar molt. Ja vam vore el que va passar amb la COVID, tant les coses bones com les dolentes. I tamb\u00e9 es va fer palesa que units i unides, tot es pot portar millor. Fer un esfor\u00e7 per treballar per les nostres bandes \u00e9s el meu desig per al 2023 i fer-ho, com no, de la manera en que els m\u00fasics i m\u00fasiques valencianes ho fem: amb humiltat, treball, const\u00e0ncia, esperit voluntari i passi\u00f3. No \u00e9s una f\u00f2rmula m\u00e0gica, esta, per\u00f2 s\u00ed \u00e9s la f\u00f2rmula que ens fa ser qui som. I no hi ha prop\u00f2sit m\u00e9s bonic i pur que el de no deixar de ser qui volem ser. Aix\u00ed que, per qu\u00e8 no, jo demanar\u00e9 que estos ingredients siguen, tamb\u00e9, prop\u00f2sits per al pr\u00f2xim any. Bones festes i millor entrada al 2023.<\/p>\n\n\n\n<p>Opini\u00f3<\/p>\n\n\n\n<p>Jordi Company &#8211; @Company_Vidal<\/p>\n","protected":false},"excerpt":{"rendered":"<p>El mes de desembre \u00e9s sempre un mes de prop\u00f2sits.<\/p>\n","protected":false},"author":860007,"featured_media":11493,"comment_status":"closed","ping_status":"closed","sticky":false,"template":"","format":"standard","meta":{"footnotes":""},"categories":[29],"tags":[561,239,560],"portada":[563,564,562],"class_list":["post-11492","post","type-post","status-publish","format-standard","has-post-thumbnail","hentry","category-noticies-va","tag-desembre","tag-fsmcv","tag-proposits","portada-desembre","portada-jordi-company","portada-proposits"],"yoast_head":"<!-- This site is optimized with the Yoast SEO plugin v27.4 - https:\/\/yoast.com\/product\/yoast-seo-wordpress\/ -->\n<title>Pensem en prop\u00f2sits - Revista Al Comp\u00e0s<\/title>\n<meta name=\"robots\" content=\"index, follow, max-snippet:-1, max-image-preview:large, max-video-preview:-1\" \/>\n<link rel=\"canonical\" href=\"https:\/\/alcompasrevista.com\/archivos\/11496\" \/>\n<meta property=\"og:locale\" content=\"en_US\" \/>\n<meta property=\"og:type\" content=\"article\" \/>\n<meta property=\"og:title\" content=\"Pensem en prop\u00f2sits - Revista Al Comp\u00e0s\" \/>\n<meta property=\"og:description\" content=\"El mes de desembre \u00e9s sempre un mes de prop\u00f2sits.\" \/>\n<meta property=\"og:url\" content=\"https:\/\/alcompasrevista.com\/archivos\/11496\" \/>\n<meta property=\"og:site_name\" content=\"Revista Al Comp\u00e0s\" \/>\n<meta property=\"article:published_time\" content=\"2022-12-14T09:50:49+00:00\" \/>\n<meta property=\"article:modified_time\" content=\"2022-12-14T09:55:12+00:00\" \/>\n<meta property=\"og:image\" content=\"https:\/\/alcompasrevista.com\/wp-content\/uploads\/2022\/12\/Diseno-sin-titulo-29.jpg\" \/>\n\t<meta property=\"og:image:width\" content=\"760\" \/>\n\t<meta property=\"og:image:height\" content=\"430\" \/>\n\t<meta property=\"og:image:type\" content=\"image\/jpeg\" \/>\n<meta name=\"author\" content=\"Jordi Company\" \/>\n<meta name=\"twitter:card\" content=\"summary_large_image\" \/>\n<meta name=\"twitter:label1\" content=\"Written by\" \/>\n\t<meta name=\"twitter:data1\" content=\"Jordi Company\" \/>\n\t<meta name=\"twitter:label2\" content=\"Est. reading time\" \/>\n\t<meta name=\"twitter:data2\" content=\"3 minutes\" \/>\n<script type=\"application\/ld+json\" class=\"yoast-schema-graph\">{\"@context\":\"https:\\\/\\\/schema.org\",\"@graph\":[{\"@type\":\"Article\",\"@id\":\"https:\\\/\\\/alcompasrevista.com\\\/archivos\\\/11496#article\",\"isPartOf\":{\"@id\":\"https:\\\/\\\/alcompasrevista.com\\\/archivos\\\/11496\"},\"author\":{\"name\":\"Jordi Company\",\"@id\":\"https:\\\/\\\/alcompasrevista.com\\\/#\\\/schema\\\/person\\\/c473ab517d90dbe675b2a2e9b747da88\"},\"headline\":\"Pensem en prop\u00f2sits\",\"datePublished\":\"2022-12-14T09:50:49+00:00\",\"dateModified\":\"2022-12-14T09:55:12+00:00\",\"mainEntityOfPage\":{\"@id\":\"https:\\\/\\\/alcompasrevista.com\\\/archivos\\\/11496\"},\"wordCount\":502,\"publisher\":{\"@id\":\"https:\\\/\\\/alcompasrevista.com\\\/#organization\"},\"image\":{\"@id\":\"https:\\\/\\\/alcompasrevista.com\\\/archivos\\\/11496#primaryimage\"},\"thumbnailUrl\":\"https:\\\/\\\/alcompasrevista.com\\\/wp-content\\\/uploads\\\/2022\\\/12\\\/Diseno-sin-titulo-29.jpg\",\"keywords\":[\"desembre\",\"FSMCV\",\"Prop\u00f2sits\"],\"articleSection\":[\"#Not\u00edcies\"],\"inLanguage\":\"va\"},{\"@type\":\"WebPage\",\"@id\":\"https:\\\/\\\/alcompasrevista.com\\\/archivos\\\/11496\",\"url\":\"https:\\\/\\\/alcompasrevista.com\\\/archivos\\\/11496\",\"name\":\"Pensem en prop\u00f2sits - Revista Al Comp\u00e0s\",\"isPartOf\":{\"@id\":\"https:\\\/\\\/alcompasrevista.com\\\/#website\"},\"primaryImageOfPage\":{\"@id\":\"https:\\\/\\\/alcompasrevista.com\\\/archivos\\\/11496#primaryimage\"},\"image\":{\"@id\":\"https:\\\/\\\/alcompasrevista.com\\\/archivos\\\/11496#primaryimage\"},\"thumbnailUrl\":\"https:\\\/\\\/alcompasrevista.com\\\/wp-content\\\/uploads\\\/2022\\\/12\\\/Diseno-sin-titulo-29.jpg\",\"datePublished\":\"2022-12-14T09:50:49+00:00\",\"dateModified\":\"2022-12-14T09:55:12+00:00\",\"breadcrumb\":{\"@id\":\"https:\\\/\\\/alcompasrevista.com\\\/archivos\\\/11496#breadcrumb\"},\"inLanguage\":\"va\",\"potentialAction\":[{\"@type\":\"ReadAction\",\"target\":[\"https:\\\/\\\/alcompasrevista.com\\\/archivos\\\/11496\"]}]},{\"@type\":\"ImageObject\",\"inLanguage\":\"va\",\"@id\":\"https:\\\/\\\/alcompasrevista.com\\\/archivos\\\/11496#primaryimage\",\"url\":\"https:\\\/\\\/alcompasrevista.com\\\/wp-content\\\/uploads\\\/2022\\\/12\\\/Diseno-sin-titulo-29.jpg\",\"contentUrl\":\"https:\\\/\\\/alcompasrevista.com\\\/wp-content\\\/uploads\\\/2022\\\/12\\\/Diseno-sin-titulo-29.jpg\",\"width\":760,\"height\":430},{\"@type\":\"BreadcrumbList\",\"@id\":\"https:\\\/\\\/alcompasrevista.com\\\/archivos\\\/11496#breadcrumb\",\"itemListElement\":[{\"@type\":\"ListItem\",\"position\":1,\"name\":\"Portada\",\"item\":\"https:\\\/\\\/alcompasrevista.com\\\/va\"},{\"@type\":\"ListItem\",\"position\":2,\"name\":\"Pensem en prop\u00f2sits\"}]},{\"@type\":\"WebSite\",\"@id\":\"https:\\\/\\\/alcompasrevista.com\\\/#website\",\"url\":\"https:\\\/\\\/alcompasrevista.com\\\/\",\"name\":\"Revista Al Comp\u00e0s\",\"description\":\"Un proyecto de la Federaci\u00f3n de Sociedades Musicales de la Comunidad Valenciana\",\"publisher\":{\"@id\":\"https:\\\/\\\/alcompasrevista.com\\\/#organization\"},\"potentialAction\":[{\"@type\":\"SearchAction\",\"target\":{\"@type\":\"EntryPoint\",\"urlTemplate\":\"https:\\\/\\\/alcompasrevista.com\\\/?s={search_term_string}\"},\"query-input\":{\"@type\":\"PropertyValueSpecification\",\"valueRequired\":true,\"valueName\":\"search_term_string\"}}],\"inLanguage\":\"va\"},{\"@type\":\"Organization\",\"@id\":\"https:\\\/\\\/alcompasrevista.com\\\/#organization\",\"name\":\"Revista Al Comp\u00e0s\",\"url\":\"https:\\\/\\\/alcompasrevista.com\\\/\",\"logo\":{\"@type\":\"ImageObject\",\"inLanguage\":\"va\",\"@id\":\"https:\\\/\\\/alcompasrevista.com\\\/#\\\/schema\\\/logo\\\/image\\\/\",\"url\":\"https:\\\/\\\/alcompasrevista.com\\\/wp-content\\\/uploads\\\/2022\\\/04\\\/cropped-loog_blanco.png\",\"contentUrl\":\"https:\\\/\\\/alcompasrevista.com\\\/wp-content\\\/uploads\\\/2022\\\/04\\\/cropped-loog_blanco.png\",\"width\":1612,\"height\":724,\"caption\":\"Revista Al Comp\u00e0s\"},\"image\":{\"@id\":\"https:\\\/\\\/alcompasrevista.com\\\/#\\\/schema\\\/logo\\\/image\\\/\"}},{\"@type\":\"Person\",\"@id\":\"https:\\\/\\\/alcompasrevista.com\\\/#\\\/schema\\\/person\\\/c473ab517d90dbe675b2a2e9b747da88\",\"name\":\"Jordi Company\",\"image\":{\"@type\":\"ImageObject\",\"inLanguage\":\"va\",\"@id\":\"https:\\\/\\\/secure.gravatar.com\\\/avatar\\\/7cd0b883c29cc378aa260d4cac230035d52d229e39e075da1056fc0b6e712bae?s=96&d=mm&r=g\",\"url\":\"https:\\\/\\\/secure.gravatar.com\\\/avatar\\\/7cd0b883c29cc378aa260d4cac230035d52d229e39e075da1056fc0b6e712bae?s=96&d=mm&r=g\",\"contentUrl\":\"https:\\\/\\\/secure.gravatar.com\\\/avatar\\\/7cd0b883c29cc378aa260d4cac230035d52d229e39e075da1056fc0b6e712bae?s=96&d=mm&r=g\",\"caption\":\"Jordi Company\"},\"url\":\"https:\\\/\\\/alcompasrevista.com\\\/va\\\/archivos\\\/author\\\/jordi-company\"}]}<\/script>\n<!-- \/ Yoast SEO plugin. -->","yoast_head_json":{"title":"Pensem en prop\u00f2sits - Revista Al Comp\u00e0s","robots":{"index":"index","follow":"follow","max-snippet":"max-snippet:-1","max-image-preview":"max-image-preview:large","max-video-preview":"max-video-preview:-1"},"canonical":"https:\/\/alcompasrevista.com\/archivos\/11496","og_locale":"en_US","og_type":"article","og_title":"Pensem en prop\u00f2sits - Revista Al Comp\u00e0s","og_description":"El mes de desembre \u00e9s sempre un mes de prop\u00f2sits.","og_url":"https:\/\/alcompasrevista.com\/archivos\/11496","og_site_name":"Revista Al Comp\u00e0s","article_published_time":"2022-12-14T09:50:49+00:00","article_modified_time":"2022-12-14T09:55:12+00:00","og_image":[{"width":760,"height":430,"url":"https:\/\/alcompasrevista.com\/wp-content\/uploads\/2022\/12\/Diseno-sin-titulo-29.jpg","type":"image\/jpeg"}],"author":"Jordi Company","twitter_card":"summary_large_image","twitter_misc":{"Written by":"Jordi Company","Est. reading time":"3 minutes"},"schema":{"@context":"https:\/\/schema.org","@graph":[{"@type":"Article","@id":"https:\/\/alcompasrevista.com\/archivos\/11496#article","isPartOf":{"@id":"https:\/\/alcompasrevista.com\/archivos\/11496"},"author":{"name":"Jordi Company","@id":"https:\/\/alcompasrevista.com\/#\/schema\/person\/c473ab517d90dbe675b2a2e9b747da88"},"headline":"Pensem en prop\u00f2sits","datePublished":"2022-12-14T09:50:49+00:00","dateModified":"2022-12-14T09:55:12+00:00","mainEntityOfPage":{"@id":"https:\/\/alcompasrevista.com\/archivos\/11496"},"wordCount":502,"publisher":{"@id":"https:\/\/alcompasrevista.com\/#organization"},"image":{"@id":"https:\/\/alcompasrevista.com\/archivos\/11496#primaryimage"},"thumbnailUrl":"https:\/\/alcompasrevista.com\/wp-content\/uploads\/2022\/12\/Diseno-sin-titulo-29.jpg","keywords":["desembre","FSMCV","Prop\u00f2sits"],"articleSection":["#Not\u00edcies"],"inLanguage":"va"},{"@type":"WebPage","@id":"https:\/\/alcompasrevista.com\/archivos\/11496","url":"https:\/\/alcompasrevista.com\/archivos\/11496","name":"Pensem en prop\u00f2sits - Revista Al Comp\u00e0s","isPartOf":{"@id":"https:\/\/alcompasrevista.com\/#website"},"primaryImageOfPage":{"@id":"https:\/\/alcompasrevista.com\/archivos\/11496#primaryimage"},"image":{"@id":"https:\/\/alcompasrevista.com\/archivos\/11496#primaryimage"},"thumbnailUrl":"https:\/\/alcompasrevista.com\/wp-content\/uploads\/2022\/12\/Diseno-sin-titulo-29.jpg","datePublished":"2022-12-14T09:50:49+00:00","dateModified":"2022-12-14T09:55:12+00:00","breadcrumb":{"@id":"https:\/\/alcompasrevista.com\/archivos\/11496#breadcrumb"},"inLanguage":"va","potentialAction":[{"@type":"ReadAction","target":["https:\/\/alcompasrevista.com\/archivos\/11496"]}]},{"@type":"ImageObject","inLanguage":"va","@id":"https:\/\/alcompasrevista.com\/archivos\/11496#primaryimage","url":"https:\/\/alcompasrevista.com\/wp-content\/uploads\/2022\/12\/Diseno-sin-titulo-29.jpg","contentUrl":"https:\/\/alcompasrevista.com\/wp-content\/uploads\/2022\/12\/Diseno-sin-titulo-29.jpg","width":760,"height":430},{"@type":"BreadcrumbList","@id":"https:\/\/alcompasrevista.com\/archivos\/11496#breadcrumb","itemListElement":[{"@type":"ListItem","position":1,"name":"Portada","item":"https:\/\/alcompasrevista.com\/va"},{"@type":"ListItem","position":2,"name":"Pensem en prop\u00f2sits"}]},{"@type":"WebSite","@id":"https:\/\/alcompasrevista.com\/#website","url":"https:\/\/alcompasrevista.com\/","name":"Revista Al Comp\u00e0s","description":"Un proyecto de la Federaci\u00f3n de Sociedades Musicales de la Comunidad Valenciana","publisher":{"@id":"https:\/\/alcompasrevista.com\/#organization"},"potentialAction":[{"@type":"SearchAction","target":{"@type":"EntryPoint","urlTemplate":"https:\/\/alcompasrevista.com\/?s={search_term_string}"},"query-input":{"@type":"PropertyValueSpecification","valueRequired":true,"valueName":"search_term_string"}}],"inLanguage":"va"},{"@type":"Organization","@id":"https:\/\/alcompasrevista.com\/#organization","name":"Revista Al Comp\u00e0s","url":"https:\/\/alcompasrevista.com\/","logo":{"@type":"ImageObject","inLanguage":"va","@id":"https:\/\/alcompasrevista.com\/#\/schema\/logo\/image\/","url":"https:\/\/alcompasrevista.com\/wp-content\/uploads\/2022\/04\/cropped-loog_blanco.png","contentUrl":"https:\/\/alcompasrevista.com\/wp-content\/uploads\/2022\/04\/cropped-loog_blanco.png","width":1612,"height":724,"caption":"Revista Al Comp\u00e0s"},"image":{"@id":"https:\/\/alcompasrevista.com\/#\/schema\/logo\/image\/"}},{"@type":"Person","@id":"https:\/\/alcompasrevista.com\/#\/schema\/person\/c473ab517d90dbe675b2a2e9b747da88","name":"Jordi Company","image":{"@type":"ImageObject","inLanguage":"va","@id":"https:\/\/secure.gravatar.com\/avatar\/7cd0b883c29cc378aa260d4cac230035d52d229e39e075da1056fc0b6e712bae?s=96&d=mm&r=g","url":"https:\/\/secure.gravatar.com\/avatar\/7cd0b883c29cc378aa260d4cac230035d52d229e39e075da1056fc0b6e712bae?s=96&d=mm&r=g","contentUrl":"https:\/\/secure.gravatar.com\/avatar\/7cd0b883c29cc378aa260d4cac230035d52d229e39e075da1056fc0b6e712bae?s=96&d=mm&r=g","caption":"Jordi Company"},"url":"https:\/\/alcompasrevista.com\/va\/archivos\/author\/jordi-company"}]}},"_links":{"self":[{"href":"https:\/\/alcompasrevista.com\/va\/wp-json\/wp\/v2\/posts\/11492","targetHints":{"allow":["GET"]}}],"collection":[{"href":"https:\/\/alcompasrevista.com\/va\/wp-json\/wp\/v2\/posts"}],"about":[{"href":"https:\/\/alcompasrevista.com\/va\/wp-json\/wp\/v2\/types\/post"}],"author":[{"embeddable":true,"href":"https:\/\/alcompasrevista.com\/va\/wp-json\/wp\/v2\/users\/860007"}],"replies":[{"embeddable":true,"href":"https:\/\/alcompasrevista.com\/va\/wp-json\/wp\/v2\/comments?post=11492"}],"version-history":[{"count":0,"href":"https:\/\/alcompasrevista.com\/va\/wp-json\/wp\/v2\/posts\/11492\/revisions"}],"wp:featuredmedia":[{"embeddable":true,"href":"https:\/\/alcompasrevista.com\/va\/wp-json\/wp\/v2\/media\/11493"}],"wp:attachment":[{"href":"https:\/\/alcompasrevista.com\/va\/wp-json\/wp\/v2\/media?parent=11492"}],"wp:term":[{"taxonomy":"category","embeddable":true,"href":"https:\/\/alcompasrevista.com\/va\/wp-json\/wp\/v2\/categories?post=11492"},{"taxonomy":"post_tag","embeddable":true,"href":"https:\/\/alcompasrevista.com\/va\/wp-json\/wp\/v2\/tags?post=11492"},{"taxonomy":"portada","embeddable":true,"href":"https:\/\/alcompasrevista.com\/va\/wp-json\/wp\/v2\/portada?post=11492"}],"curies":[{"name":"wp","href":"https:\/\/api.w.org\/{rel}","templated":true}]}}