{"id":11402,"date":"2022-12-09T08:33:54","date_gmt":"2022-12-09T07:33:54","guid":{"rendered":"https:\/\/alcompasrevista.com\/las-socieatts-musicales-protagonizan-una-nueva-edicion-del-ciclo-de-conciertos-bandes-a-les-arts\/"},"modified":"2022-12-09T08:37:52","modified_gmt":"2022-12-09T07:37:52","slug":"las-socieatts-musicales-protagonizan-una-nueva-edicion-del-ciclo-de-conciertos-bandes-a-les-arts","status":"publish","type":"post","link":"https:\/\/alcompasrevista.com\/va\/archivos\/11402","title":{"rendered":"Les societats musicals protagonitzen una nova edici\u00f3 del cicle de concerts &#8216;Bandes a Les Arts&#8217;"},"content":{"rendered":"\n<p>La iniciativa de la FSMCV i Les Arts comen\u00e7a la seua onzena temporada el pr\u00f2xim diumenge amb el Centro Instructivo Musical Tendetes i la Uni\u00f3 Musical de Carlet.<\/p>\n\n\n\n<p>En el cicle participaran sis agrupacions, que interpretaran obres relacionades amb la programaci\u00f3 del coliseu.<\/p>\n\n\n\n<p>La Federaci\u00f3 de Societats Musicals de la Comunitat Valenciana (FSMCV) i el Palau de les Arts Reina Sofia inicien una nova edici\u00f3 de &#8216;Bandes a Les Arts&#8217;, el cicle que obri la porta del coliseu a formacions federades de tot el territori, vinculant-les amb la tem\u00e0tica programada per Les Arts.<\/p>\n\n\n\n<p>La iniciativa arriba a les onze edicions programant a sis noves agrupacions, en jornades dominicals de doble concert, al mat\u00ed (12.00) i a la vesprada (17.00) a l&#8217;Auditori fins a la primavera de 2023. Les primeres bandes a pujar a l&#8217;escenari el faran pr\u00f2xim diumenge, 11 de desembre, i seran les del Centro Instructivo Musical Tendetes i la Uni\u00f3 Musical de Carlet.<\/p>\n\n\n\n<p>Al mat\u00ed, la formaci\u00f3 del Centre Instructivo Musical Tendetes obrir\u00e0 esta nova temporada amb una actuaci\u00f3 que inclour\u00e0 al cor de la societat per a la interpretaci\u00f3 de passatges de <em>West side story<\/em>, a m\u00e9s d&#8217;oferir reconegudes peces com <em>La concha flamenca<\/em> o <em>Mar i Bel<\/em>. A la vesprada ser\u00e0 el torn de la Uni\u00f3 Musical de Carlet, que navegar\u00e0 pel repertori l\u00edric, el jazz i la m\u00fasica tradicional valenciana.<\/p>\n\n\n\n<p>La resta del cicle es desenvolupar\u00e0 en els primers mesos de 2023. El 26 de febrer pujaran a l&#8217;escenari de Les Arts les formacions de la Uni\u00f3n Musical Mislata (12.00) i de la Sociedad Musical Santa Cecilia de Requena (17.00). Finalment, el 30 d&#8217;abril tancaran el cicle la Societat Musical de Benimodo (12.00) i l&#8217;Agrupaci\u00f3 Artisticomusical de Tavernes Blanques (17.00).<\/p>\n\n\n\n<p><strong>Onze anys de &#8216;Bandes a Les Arts&#8217;<\/strong><\/p>\n\n\n\n<p>Conscients de la import\u00e0ncia de les societats musicals en el teixit musical i cultural del nostre territori, el Palau de les Arts i la Federaci\u00f3 de Societats Musicals de la Comunitat Valenciana van posar en marxa el projecte &#8216;Bandes a Les Arts&#8217;, que permet oferir concerts oberts a tots els p\u00fablics per part de les societats musicals de la Comunitat Valenciana emmarcats en la temporada de Les Arts.<\/p>\n\n\n\n<p>El cicle s&#8217;ha articulat tradicionalment en sessions dominicals de mat\u00ed i vesprada, en les quals les societats musicals ofereixen un repertori relacionat amb les propostes art\u00edstiques de Les Arts. Per a participar, les agrupacions interessades han presentat un projecte en el qual s&#8217;ha valorat tant la qualitat de la proposta com la integraci\u00f3 del repertori dins de la programaci\u00f3 l\u00edrica de l&#8217;auditori, coincidint amb els compositors programats per a cada temporada. Juntament amb aix\u00f2, s&#8217;han tingut en compte altres factors com l&#8217;inter\u00e9s musical del repertori complet, la innovaci\u00f3 de la proposta i l&#8217;aportaci\u00f3 de valors associats al col\u00b7lectiu de societats musicals.<\/p>\n\n\n\n<p>En la Comunitat Valenciana hi ha presents m\u00e9s del 50% de les societats musicals i escoles d&#8217;Espanya. En l&#8217;actualitat, un total de 550 societats musicals pertanyen a la FSMCV, amb m\u00e9s de 1.100 bandes de m\u00fasica, m\u00e9s de 47.000 m\u00fasics, 60.000 alumnes, 200.000 socis, 600 centres educatius i m\u00e9s de 5.000 professors. Les societats musicals de la Comunitat Valenciana s\u00f3n B\u00e9 d&#8217;Inter\u00e9s Cultural Immaterial i recentment han sigut declarades &#8216;Manifestaci\u00f3 Representativa del Patrimoni Cultural Immaterial&#8217; per part de Govern d&#8217;Espanya.<\/p>\n","protected":false},"excerpt":{"rendered":"<p>La iniciativa de la FSMCV i Les Arts comen\u00e7a la seua onzena temporada el pr\u00f2xim diumenge amb el Centro Instructivo Musical Tendetes i la Uni\u00f3 Musical de Carlet. En el [&hellip;]<\/p>\n","protected":false},"author":860004,"featured_media":11399,"comment_status":"closed","ping_status":"closed","sticky":false,"template":"","format":"standard","meta":{"footnotes":""},"categories":[29],"tags":[543],"portada":[544],"class_list":["post-11402","post","type-post","status-publish","format-standard","has-post-thumbnail","hentry","category-noticies-va","tag-bandes-a-les-arts-3","portada-bandes-a-les-arts-4"],"yoast_head":"<!-- This site is optimized with the Yoast SEO plugin v27.4 - https:\/\/yoast.com\/product\/yoast-seo-wordpress\/ -->\n<title>Les societats musicals protagonitzen una nova edici\u00f3 del cicle de concerts &#039;Bandes a Les Arts&#039; - Revista Al Comp\u00e0s<\/title>\n<meta name=\"robots\" content=\"index, follow, max-snippet:-1, max-image-preview:large, max-video-preview:-1\" \/>\n<link rel=\"canonical\" href=\"https:\/\/alcompasrevista.com\/va\/archivos\/11402\" \/>\n<meta property=\"og:locale\" content=\"en_US\" \/>\n<meta property=\"og:type\" content=\"article\" \/>\n<meta property=\"og:title\" content=\"Les societats musicals protagonitzen una nova edici\u00f3 del cicle de concerts &#039;Bandes a Les Arts&#039; - Revista Al Comp\u00e0s\" \/>\n<meta property=\"og:description\" content=\"La iniciativa de la FSMCV i Les Arts comen\u00e7a la seua onzena temporada el pr\u00f2xim diumenge amb el Centro Instructivo Musical Tendetes i la Uni\u00f3 Musical de Carlet. En el [&hellip;]\" \/>\n<meta property=\"og:url\" content=\"https:\/\/alcompasrevista.com\/va\/archivos\/11402\" \/>\n<meta property=\"og:site_name\" content=\"Revista Al Comp\u00e0s\" \/>\n<meta property=\"article:published_time\" content=\"2022-12-09T07:33:54+00:00\" \/>\n<meta property=\"article:modified_time\" content=\"2022-12-09T07:37:52+00:00\" \/>\n<meta property=\"og:image\" content=\"https:\/\/alcompasrevista.com\/wp-content\/uploads\/2022\/12\/Diseno-sin-titulo-2022-12-09T083105.592.jpg\" \/>\n\t<meta property=\"og:image:width\" content=\"760\" \/>\n\t<meta property=\"og:image:height\" content=\"430\" \/>\n\t<meta property=\"og:image:type\" content=\"image\/jpeg\" \/>\n<meta name=\"author\" content=\"Redacci\u00f3n\" \/>\n<meta name=\"twitter:card\" content=\"summary_large_image\" \/>\n<meta name=\"twitter:label1\" content=\"Written by\" \/>\n\t<meta name=\"twitter:data1\" content=\"Redacci\u00f3\" \/>\n\t<meta name=\"twitter:label2\" content=\"Est. reading time\" \/>\n\t<meta name=\"twitter:data2\" content=\"3 minutes\" \/>\n<script type=\"application\/ld+json\" class=\"yoast-schema-graph\">{\"@context\":\"https:\\\/\\\/schema.org\",\"@graph\":[{\"@type\":\"Article\",\"@id\":\"https:\\\/\\\/alcompasrevista.com\\\/va\\\/archivos\\\/11402#article\",\"isPartOf\":{\"@id\":\"https:\\\/\\\/alcompasrevista.com\\\/va\\\/archivos\\\/11402\"},\"author\":{\"name\":\"Redacci\u00f3n\",\"@id\":\"https:\\\/\\\/alcompasrevista.com\\\/#\\\/schema\\\/person\\\/0f092e7196386afa42171db0d19a38ff\"},\"headline\":\"Les societats musicals protagonitzen una nova edici\u00f3 del cicle de concerts &#8216;Bandes a Les Arts&#8217;\",\"datePublished\":\"2022-12-09T07:33:54+00:00\",\"dateModified\":\"2022-12-09T07:37:52+00:00\",\"mainEntityOfPage\":{\"@id\":\"https:\\\/\\\/alcompasrevista.com\\\/va\\\/archivos\\\/11402\"},\"wordCount\":575,\"publisher\":{\"@id\":\"https:\\\/\\\/alcompasrevista.com\\\/#organization\"},\"image\":{\"@id\":\"https:\\\/\\\/alcompasrevista.com\\\/va\\\/archivos\\\/11402#primaryimage\"},\"thumbnailUrl\":\"https:\\\/\\\/alcompasrevista.com\\\/wp-content\\\/uploads\\\/2022\\\/12\\\/Diseno-sin-titulo-2022-12-09T083105.592.jpg\",\"keywords\":[\"Bandes a Les Arts\"],\"articleSection\":[\"#Not\u00edcies\"],\"inLanguage\":\"va\"},{\"@type\":\"WebPage\",\"@id\":\"https:\\\/\\\/alcompasrevista.com\\\/va\\\/archivos\\\/11402\",\"url\":\"https:\\\/\\\/alcompasrevista.com\\\/va\\\/archivos\\\/11402\",\"name\":\"Les societats musicals protagonitzen una nova edici\u00f3 del cicle de concerts 'Bandes a Les Arts' - Revista Al Comp\u00e0s\",\"isPartOf\":{\"@id\":\"https:\\\/\\\/alcompasrevista.com\\\/#website\"},\"primaryImageOfPage\":{\"@id\":\"https:\\\/\\\/alcompasrevista.com\\\/va\\\/archivos\\\/11402#primaryimage\"},\"image\":{\"@id\":\"https:\\\/\\\/alcompasrevista.com\\\/va\\\/archivos\\\/11402#primaryimage\"},\"thumbnailUrl\":\"https:\\\/\\\/alcompasrevista.com\\\/wp-content\\\/uploads\\\/2022\\\/12\\\/Diseno-sin-titulo-2022-12-09T083105.592.jpg\",\"datePublished\":\"2022-12-09T07:33:54+00:00\",\"dateModified\":\"2022-12-09T07:37:52+00:00\",\"breadcrumb\":{\"@id\":\"https:\\\/\\\/alcompasrevista.com\\\/va\\\/archivos\\\/11402#breadcrumb\"},\"inLanguage\":\"va\",\"potentialAction\":[{\"@type\":\"ReadAction\",\"target\":[\"https:\\\/\\\/alcompasrevista.com\\\/va\\\/archivos\\\/11402\"]}]},{\"@type\":\"ImageObject\",\"inLanguage\":\"va\",\"@id\":\"https:\\\/\\\/alcompasrevista.com\\\/va\\\/archivos\\\/11402#primaryimage\",\"url\":\"https:\\\/\\\/alcompasrevista.com\\\/wp-content\\\/uploads\\\/2022\\\/12\\\/Diseno-sin-titulo-2022-12-09T083105.592.jpg\",\"contentUrl\":\"https:\\\/\\\/alcompasrevista.com\\\/wp-content\\\/uploads\\\/2022\\\/12\\\/Diseno-sin-titulo-2022-12-09T083105.592.jpg\",\"width\":760,\"height\":430},{\"@type\":\"BreadcrumbList\",\"@id\":\"https:\\\/\\\/alcompasrevista.com\\\/va\\\/archivos\\\/11402#breadcrumb\",\"itemListElement\":[{\"@type\":\"ListItem\",\"position\":1,\"name\":\"Portada\",\"item\":\"https:\\\/\\\/alcompasrevista.com\\\/va\"},{\"@type\":\"ListItem\",\"position\":2,\"name\":\"Les societats musicals protagonitzen una nova edici\u00f3 del cicle de concerts &#8216;Bandes a Les Arts&#8217;\"}]},{\"@type\":\"WebSite\",\"@id\":\"https:\\\/\\\/alcompasrevista.com\\\/#website\",\"url\":\"https:\\\/\\\/alcompasrevista.com\\\/\",\"name\":\"Revista Al Comp\u00e0s\",\"description\":\"Un proyecto de la Federaci\u00f3n de Sociedades Musicales de la Comunidad Valenciana\",\"publisher\":{\"@id\":\"https:\\\/\\\/alcompasrevista.com\\\/#organization\"},\"potentialAction\":[{\"@type\":\"SearchAction\",\"target\":{\"@type\":\"EntryPoint\",\"urlTemplate\":\"https:\\\/\\\/alcompasrevista.com\\\/?s={search_term_string}\"},\"query-input\":{\"@type\":\"PropertyValueSpecification\",\"valueRequired\":true,\"valueName\":\"search_term_string\"}}],\"inLanguage\":\"va\"},{\"@type\":\"Organization\",\"@id\":\"https:\\\/\\\/alcompasrevista.com\\\/#organization\",\"name\":\"Revista Al Comp\u00e0s\",\"url\":\"https:\\\/\\\/alcompasrevista.com\\\/\",\"logo\":{\"@type\":\"ImageObject\",\"inLanguage\":\"va\",\"@id\":\"https:\\\/\\\/alcompasrevista.com\\\/#\\\/schema\\\/logo\\\/image\\\/\",\"url\":\"https:\\\/\\\/alcompasrevista.com\\\/wp-content\\\/uploads\\\/2022\\\/04\\\/cropped-loog_blanco.png\",\"contentUrl\":\"https:\\\/\\\/alcompasrevista.com\\\/wp-content\\\/uploads\\\/2022\\\/04\\\/cropped-loog_blanco.png\",\"width\":1612,\"height\":724,\"caption\":\"Revista Al Comp\u00e0s\"},\"image\":{\"@id\":\"https:\\\/\\\/alcompasrevista.com\\\/#\\\/schema\\\/logo\\\/image\\\/\"}},{\"@type\":\"Person\",\"@id\":\"https:\\\/\\\/alcompasrevista.com\\\/#\\\/schema\\\/person\\\/0f092e7196386afa42171db0d19a38ff\",\"name\":\"Redacci\u00f3n\",\"image\":{\"@type\":\"ImageObject\",\"inLanguage\":\"va\",\"@id\":\"https:\\\/\\\/secure.gravatar.com\\\/avatar\\\/e2831619d4dae93995d3da450c50013d912e0b8bdf34d9ea00126d97c2b7702e?s=96&d=mm&r=g\",\"url\":\"https:\\\/\\\/secure.gravatar.com\\\/avatar\\\/e2831619d4dae93995d3da450c50013d912e0b8bdf34d9ea00126d97c2b7702e?s=96&d=mm&r=g\",\"contentUrl\":\"https:\\\/\\\/secure.gravatar.com\\\/avatar\\\/e2831619d4dae93995d3da450c50013d912e0b8bdf34d9ea00126d97c2b7702e?s=96&d=mm&r=g\",\"caption\":\"Redacci\u00f3n\"},\"url\":\"https:\\\/\\\/alcompasrevista.com\\\/va\\\/archivos\\\/author\\\/257_webmaster\"}]}<\/script>\n<!-- \/ Yoast SEO plugin. -->","yoast_head_json":{"title":"Les societats musicals protagonitzen una nova edici\u00f3 del cicle de concerts 'Bandes a Les Arts' - Revista Al Comp\u00e0s","robots":{"index":"index","follow":"follow","max-snippet":"max-snippet:-1","max-image-preview":"max-image-preview:large","max-video-preview":"max-video-preview:-1"},"canonical":"https:\/\/alcompasrevista.com\/va\/archivos\/11402","og_locale":"en_US","og_type":"article","og_title":"Les societats musicals protagonitzen una nova edici\u00f3 del cicle de concerts 'Bandes a Les Arts' - Revista Al Comp\u00e0s","og_description":"La iniciativa de la FSMCV i Les Arts comen\u00e7a la seua onzena temporada el pr\u00f2xim diumenge amb el Centro Instructivo Musical Tendetes i la Uni\u00f3 Musical de Carlet. En el [&hellip;]","og_url":"https:\/\/alcompasrevista.com\/va\/archivos\/11402","og_site_name":"Revista Al Comp\u00e0s","article_published_time":"2022-12-09T07:33:54+00:00","article_modified_time":"2022-12-09T07:37:52+00:00","og_image":[{"width":760,"height":430,"url":"https:\/\/alcompasrevista.com\/wp-content\/uploads\/2022\/12\/Diseno-sin-titulo-2022-12-09T083105.592.jpg","type":"image\/jpeg"}],"author":"Redacci\u00f3n","twitter_card":"summary_large_image","twitter_misc":{"Written by":"Redacci\u00f3","Est. reading time":"3 minutes"},"schema":{"@context":"https:\/\/schema.org","@graph":[{"@type":"Article","@id":"https:\/\/alcompasrevista.com\/va\/archivos\/11402#article","isPartOf":{"@id":"https:\/\/alcompasrevista.com\/va\/archivos\/11402"},"author":{"name":"Redacci\u00f3n","@id":"https:\/\/alcompasrevista.com\/#\/schema\/person\/0f092e7196386afa42171db0d19a38ff"},"headline":"Les societats musicals protagonitzen una nova edici\u00f3 del cicle de concerts &#8216;Bandes a Les Arts&#8217;","datePublished":"2022-12-09T07:33:54+00:00","dateModified":"2022-12-09T07:37:52+00:00","mainEntityOfPage":{"@id":"https:\/\/alcompasrevista.com\/va\/archivos\/11402"},"wordCount":575,"publisher":{"@id":"https:\/\/alcompasrevista.com\/#organization"},"image":{"@id":"https:\/\/alcompasrevista.com\/va\/archivos\/11402#primaryimage"},"thumbnailUrl":"https:\/\/alcompasrevista.com\/wp-content\/uploads\/2022\/12\/Diseno-sin-titulo-2022-12-09T083105.592.jpg","keywords":["Bandes a Les Arts"],"articleSection":["#Not\u00edcies"],"inLanguage":"va"},{"@type":"WebPage","@id":"https:\/\/alcompasrevista.com\/va\/archivos\/11402","url":"https:\/\/alcompasrevista.com\/va\/archivos\/11402","name":"Les societats musicals protagonitzen una nova edici\u00f3 del cicle de concerts 'Bandes a Les Arts' - Revista Al Comp\u00e0s","isPartOf":{"@id":"https:\/\/alcompasrevista.com\/#website"},"primaryImageOfPage":{"@id":"https:\/\/alcompasrevista.com\/va\/archivos\/11402#primaryimage"},"image":{"@id":"https:\/\/alcompasrevista.com\/va\/archivos\/11402#primaryimage"},"thumbnailUrl":"https:\/\/alcompasrevista.com\/wp-content\/uploads\/2022\/12\/Diseno-sin-titulo-2022-12-09T083105.592.jpg","datePublished":"2022-12-09T07:33:54+00:00","dateModified":"2022-12-09T07:37:52+00:00","breadcrumb":{"@id":"https:\/\/alcompasrevista.com\/va\/archivos\/11402#breadcrumb"},"inLanguage":"va","potentialAction":[{"@type":"ReadAction","target":["https:\/\/alcompasrevista.com\/va\/archivos\/11402"]}]},{"@type":"ImageObject","inLanguage":"va","@id":"https:\/\/alcompasrevista.com\/va\/archivos\/11402#primaryimage","url":"https:\/\/alcompasrevista.com\/wp-content\/uploads\/2022\/12\/Diseno-sin-titulo-2022-12-09T083105.592.jpg","contentUrl":"https:\/\/alcompasrevista.com\/wp-content\/uploads\/2022\/12\/Diseno-sin-titulo-2022-12-09T083105.592.jpg","width":760,"height":430},{"@type":"BreadcrumbList","@id":"https:\/\/alcompasrevista.com\/va\/archivos\/11402#breadcrumb","itemListElement":[{"@type":"ListItem","position":1,"name":"Portada","item":"https:\/\/alcompasrevista.com\/va"},{"@type":"ListItem","position":2,"name":"Les societats musicals protagonitzen una nova edici\u00f3 del cicle de concerts &#8216;Bandes a Les Arts&#8217;"}]},{"@type":"WebSite","@id":"https:\/\/alcompasrevista.com\/#website","url":"https:\/\/alcompasrevista.com\/","name":"Revista Al Comp\u00e0s","description":"Un proyecto de la Federaci\u00f3n de Sociedades Musicales de la Comunidad Valenciana","publisher":{"@id":"https:\/\/alcompasrevista.com\/#organization"},"potentialAction":[{"@type":"SearchAction","target":{"@type":"EntryPoint","urlTemplate":"https:\/\/alcompasrevista.com\/?s={search_term_string}"},"query-input":{"@type":"PropertyValueSpecification","valueRequired":true,"valueName":"search_term_string"}}],"inLanguage":"va"},{"@type":"Organization","@id":"https:\/\/alcompasrevista.com\/#organization","name":"Revista Al Comp\u00e0s","url":"https:\/\/alcompasrevista.com\/","logo":{"@type":"ImageObject","inLanguage":"va","@id":"https:\/\/alcompasrevista.com\/#\/schema\/logo\/image\/","url":"https:\/\/alcompasrevista.com\/wp-content\/uploads\/2022\/04\/cropped-loog_blanco.png","contentUrl":"https:\/\/alcompasrevista.com\/wp-content\/uploads\/2022\/04\/cropped-loog_blanco.png","width":1612,"height":724,"caption":"Revista Al Comp\u00e0s"},"image":{"@id":"https:\/\/alcompasrevista.com\/#\/schema\/logo\/image\/"}},{"@type":"Person","@id":"https:\/\/alcompasrevista.com\/#\/schema\/person\/0f092e7196386afa42171db0d19a38ff","name":"Redacci\u00f3n","image":{"@type":"ImageObject","inLanguage":"va","@id":"https:\/\/secure.gravatar.com\/avatar\/e2831619d4dae93995d3da450c50013d912e0b8bdf34d9ea00126d97c2b7702e?s=96&d=mm&r=g","url":"https:\/\/secure.gravatar.com\/avatar\/e2831619d4dae93995d3da450c50013d912e0b8bdf34d9ea00126d97c2b7702e?s=96&d=mm&r=g","contentUrl":"https:\/\/secure.gravatar.com\/avatar\/e2831619d4dae93995d3da450c50013d912e0b8bdf34d9ea00126d97c2b7702e?s=96&d=mm&r=g","caption":"Redacci\u00f3n"},"url":"https:\/\/alcompasrevista.com\/va\/archivos\/author\/257_webmaster"}]}},"_links":{"self":[{"href":"https:\/\/alcompasrevista.com\/va\/wp-json\/wp\/v2\/posts\/11402","targetHints":{"allow":["GET"]}}],"collection":[{"href":"https:\/\/alcompasrevista.com\/va\/wp-json\/wp\/v2\/posts"}],"about":[{"href":"https:\/\/alcompasrevista.com\/va\/wp-json\/wp\/v2\/types\/post"}],"author":[{"embeddable":true,"href":"https:\/\/alcompasrevista.com\/va\/wp-json\/wp\/v2\/users\/860004"}],"replies":[{"embeddable":true,"href":"https:\/\/alcompasrevista.com\/va\/wp-json\/wp\/v2\/comments?post=11402"}],"version-history":[{"count":0,"href":"https:\/\/alcompasrevista.com\/va\/wp-json\/wp\/v2\/posts\/11402\/revisions"}],"wp:featuredmedia":[{"embeddable":true,"href":"https:\/\/alcompasrevista.com\/va\/wp-json\/wp\/v2\/media\/11399"}],"wp:attachment":[{"href":"https:\/\/alcompasrevista.com\/va\/wp-json\/wp\/v2\/media?parent=11402"}],"wp:term":[{"taxonomy":"category","embeddable":true,"href":"https:\/\/alcompasrevista.com\/va\/wp-json\/wp\/v2\/categories?post=11402"},{"taxonomy":"post_tag","embeddable":true,"href":"https:\/\/alcompasrevista.com\/va\/wp-json\/wp\/v2\/tags?post=11402"},{"taxonomy":"portada","embeddable":true,"href":"https:\/\/alcompasrevista.com\/va\/wp-json\/wp\/v2\/portada?post=11402"}],"curies":[{"name":"wp","href":"https:\/\/api.w.org\/{rel}","templated":true}]}}