{"id":11368,"date":"2022-12-07T08:17:11","date_gmt":"2022-12-07T07:17:11","guid":{"rendered":"https:\/\/alcompasrevista.com\/?p=11368"},"modified":"2022-12-07T08:17:57","modified_gmt":"2022-12-07T07:17:57","slug":"la-sam-dalginet-clausura-santa-cecilia-amb-el-concert-inaugural-de-la-banda-infantil-i-lactuacio-de-stick-trencat","status":"publish","type":"post","link":"https:\/\/alcompasrevista.com\/va\/archivos\/11368","title":{"rendered":"La SAM d\u2019Alginet clausura Santa Cec\u00edlia amb el concert inaugural de la Banda Infantil i l&#8217;actuaci\u00f3 de Stick Trencat"},"content":{"rendered":"\n<p>La<strong>\u00a0Societat Art\u00edstica Musical (SAM) d\u2019Alginet\u00a0<\/strong>va clausurar les nombroses activitats celebrades en novembre i desembre entorn de la festivitat de Santa Cec\u00edlia, patrona dels m\u00fasics, amb la presentaci\u00f3 i el concert inaugural de la Banda Infantil i l&#8217;actuaci\u00f3 de Stick Trenkat en el Teatre Modern, el diumenge 4 de desembre. Els responsables de l&#8217;entitat han mostrat la seua satisfacci\u00f3 pel seguiment que han tingut tots els actes. <\/p>\n\n\n\n<figure class=\"wp-block-image aligncenter size-full\"><img loading=\"lazy\" decoding=\"async\" width=\"760\" height=\"430\" src=\"https:\/\/alcompasrevista.com\/wp-content\/uploads\/2022\/12\/Diseno-sin-titulo-2022-12-07T081036.882.jpg\" alt=\"\" class=\"wp-image-11375\" srcset=\"https:\/\/alcompasrevista.com\/wp-content\/uploads\/2022\/12\/Diseno-sin-titulo-2022-12-07T081036.882.jpg 760w, https:\/\/alcompasrevista.com\/wp-content\/uploads\/2022\/12\/Diseno-sin-titulo-2022-12-07T081036.882-300x170.jpg 300w\" sizes=\"auto, (max-width: 760px) 100vw, 760px\" \/><figcaption class=\"wp-element-caption\">La Banda Infantil de la SAM d\u2019Alginet, dirigida per Marc Sotorres.<\/figcaption><\/figure>\n\n\n\n<p>La Banda Infantil, dirigida per Marc Sotorres, iniciava el seu cam\u00ed amb l&#8217;entusiasme i la il\u00b7lusi\u00f3 de 33 xiquetes i xiquets, de 7 a 9 anys, que componen la formaci\u00f3 i que pujaven per primera vegada a tocar en el Teatre Modern. El director va triar un programa amb un lema,\u00a0<em>Ja no ens para ning\u00fa,\u00a0<\/em>que suposa tota una declaraci\u00f3 d&#8217;intencions, i en el qual es van interpretar les obres\u00a0<em>Playing together, McRonald\u2019s march\u00a0<\/em>y<em>\u00a0Tortoise race\u00a0<\/em>del compositor Jan de Haan (Started Book) i\u00a0<em>Creatures in the attic<\/em>\u00a0de Brian Balmages. En aquest esdeveniment, a c\u00e0rrec de Llu\u00eds Espert (director del Centre Autoritzat d&#8217;Ensenyaments Professionals de M\u00fasica) i de Sotorres, es va presentar a tots els m\u00fasics davant l&#8217;auditori.<\/p>\n\n\n\n<p>\u00a0<\/p>\n\n\n\n<figure class=\"wp-block-image aligncenter size-full\"><img loading=\"lazy\" decoding=\"async\" width=\"760\" height=\"430\" src=\"https:\/\/alcompasrevista.com\/wp-content\/uploads\/2022\/12\/Diseno-sin-titulo-2022-12-07T080940.061.jpg\" alt=\"\" class=\"wp-image-11373\" srcset=\"https:\/\/alcompasrevista.com\/wp-content\/uploads\/2022\/12\/Diseno-sin-titulo-2022-12-07T080940.061.jpg 760w, https:\/\/alcompasrevista.com\/wp-content\/uploads\/2022\/12\/Diseno-sin-titulo-2022-12-07T080940.061-300x170.jpg 300w\" sizes=\"auto, (max-width: 760px) 100vw, 760px\" \/><figcaption class=\"wp-element-caption\">M\u00fasiques i m\u00fasics de la Banda Infantil.<\/figcaption><\/figure>\n\n\n\n<p>En la segona part del concert, va actuar el grup de percussi\u00f3\u00a0<em>Stick Trencat<\/em>\u00a0amb un programa que tenia per lema\u00a0<em>Around the world\u00a0<\/em>[Al voltant del m\u00f3n] i que va suposar un viatge musical amb composicions vinculades amb R\u00fassia, els EUA, el Canad\u00e0, Cuba, M\u00e8xic, Alemanya i Espanya. Sotorres va dirigir a l&#8217;agrupaci\u00f3, composta per un total de 15 m\u00fasics d&#8217;entre 14 i 35 anys, que va interpretar les obres\u00a0<em>Balalaikan holiday<\/em>\u00a0de Morris Alan,\u00a0<em>National anthem USA<\/em>\u00a0de John Stafford,\u00a0<em>Percussion score<\/em>\u00a0de Michael Jansen,\u00a0<em>El ball del repic\u00a0<\/em>de Josep Ros,\u00a0<em>Tequila<\/em>\u00a0de Chuck Rio,\u00a0<em>Xylophonia<\/em>\u00a0de Joe Green,<em>\u00a0Instant Carmen<\/em>\u00a0de Georges Bizet, i\u00a0<em>I will survive\u00a0<\/em>de Roberto Bravo.\u00a0<\/p>\n\n\n\n<figure class=\"wp-block-image aligncenter size-full\"><img loading=\"lazy\" decoding=\"async\" width=\"760\" height=\"430\" src=\"https:\/\/alcompasrevista.com\/wp-content\/uploads\/2022\/12\/Diseno-sin-titulo-2022-12-07T081457.232.jpg\" alt=\"\" class=\"wp-image-11377\" srcset=\"https:\/\/alcompasrevista.com\/wp-content\/uploads\/2022\/12\/Diseno-sin-titulo-2022-12-07T081457.232.jpg 760w, https:\/\/alcompasrevista.com\/wp-content\/uploads\/2022\/12\/Diseno-sin-titulo-2022-12-07T081457.232-300x170.jpg 300w\" sizes=\"auto, (max-width: 760px) 100vw, 760px\" \/><figcaption class=\"wp-element-caption\">El grup de percussi\u00f3 Stick Trencat, dirigit per Marc Sotorres.<\/figcaption><\/figure>\n\n\n\n<p>Voro L\u00f3pez, president de la SAM d\u2019Alginet, ha assegurat que \u201cla junta directiva celebra l&#8217;\u00e8xit de totes les activitats realitzades i est\u00e0 molt satisfeta pel resultat art\u00edstic i social\u201d. &nbsp;L\u00f3pez ha subratllat que \u201chem rebut moltes mostres d&#8217;agra\u00efment de pares i mares que van secundar amb la seua pres\u00e8ncia, i la de la ciutadania, el concert de la Banda Infantil i de Stick Trencat. Aix\u00f2 \u00e9s molt gratificant\u201d; i considera que \u201caquesta nova formaci\u00f3 infantil aporta saba nova al projecte que desenvolupem des de 1894\u201d.&nbsp;<\/p>\n\n\n\n<p><strong>Concerts de les agrupacions<\/strong><\/p>\n\n\n\n<p>En aquestes setmanes, la SAM d\u2019Alginet ha oferit concerts de la Banda Simf\u00f2nica i de l&#8217;Orquestra, dirigides per Olga Clari i amb la participaci\u00f3 del Cor de xiquets de l\u2019Escola de M\u00fasica i Centre Professional d\u2019Alginet baix la direcci\u00f3 de Consuelo G\u00f3mez, i d\u2019Osel Trenado com a pianista convidat de l&#8217;agrupaci\u00f3 de corda; i de la Banda Juvenil, baix la batuta de Marc Sotorres, en uns actes que tamb\u00e9 van servir per a presentar als 20 nous m\u00fasics que passen a formar part d&#8217;aquestes formacions.<\/p>\n\n\n\n<p>La societat musical tamb\u00e9 va traslladar a Santa Cec\u00edlia des de la Casa de la M\u00fasica; es va assistir a una recepci\u00f3 i imposici\u00f3 d&#8217;ins\u00edgnies per part de l&#8217;alcalde, Jos\u00e9 Vicente Alemany, als nous membres de l&#8217;entitat; i es va oficiar una missa en honor a la patrona dels m\u00fasics en la qual va participar el Cor, dirigit per Candi Escriv\u00e0, acompanyat per un quartet de corda. Aix\u00ed mateix, es va repartir el llibret de Santa Cec\u00edlia, es realitz\u00e0 una cercavila per a recollir als nous m\u00fasics, jocs per a xiquetes i xiquets, diversos actes festius i menjars de germanor com el celebrat despr\u00e9s del concert del passat diumenge al qual van assistir m\u00e9s de 120 m\u00fasics i familiars.<\/p>\n\n\n\n<p><strong>128 anys d&#8217;hist\u00f2ria<\/strong><\/p>\n\n\n\n<p>La SAM d\u2019Alginet, fundada en 1894, \u00e9s un dels referents del moviment associatiu valenci\u00e0 i d&#8217;inter\u00e9s social a La Ribera Alta per la seua dilatada hist\u00f2ria. Compta amb un centre de m\u00fasica autoritzat amb 109 alumnes, una escola de m\u00fasica amb m\u00e9s de 300, una banda simf\u00f2nica amb 110 m\u00fasics, i agrupa en el seu si a altres formacions art\u00edstiques com la banda juvenil, orquestra, cor i un grup de percussi\u00f3 que integren un total de 238 int\u00e8rprets. Aix\u00ed mateix, 300 socis conformen la massa social que d\u00f3na suport al projecte que fomenta.&nbsp;<\/p>\n\n\n\n<p>La SAM d\u2019Alginet \u00e9s membre de la FSMCV, una associaci\u00f3 que agrupa 550 societats musicals, amb 43.000 m\u00fasics, 60.000 alumnes i m\u00e9s de 200.000 socis, que representen el principal agent cultural del territori segons la Universitat de Val\u00e8ncia.&nbsp;<\/p>\n","protected":false},"excerpt":{"rendered":"<p>La\u00a0Societat Art\u00edstica Musical (SAM) d\u2019Alginet\u00a0va clausurar les nombroses activitats celebrades en novembre i desembre entorn de la festivitat de Santa Cec\u00edlia, patrona dels m\u00fasics, amb la presentaci\u00f3 i el concert [&hellip;]<\/p>\n","protected":false},"author":860004,"featured_media":11371,"comment_status":"closed","ping_status":"closed","sticky":false,"template":"","format":"standard","meta":{"footnotes":""},"categories":[29],"tags":[534,445,535],"portada":[536],"class_list":["post-11368","post","type-post","status-publish","format-standard","has-post-thumbnail","hentry","category-noticies-va","tag-la-sam-dalginet","tag-santa-cecilia-va","tag-stick-trencat","portada-stick-trencat"],"yoast_head":"<!-- This site is optimized with the Yoast SEO plugin v27.4 - https:\/\/yoast.com\/product\/yoast-seo-wordpress\/ -->\n<title>La SAM d\u2019Alginet clausura Santa Cec\u00edlia amb el concert inaugural de la Banda Infantil i l&#039;actuaci\u00f3 de Stick Trencat - Revista Al Comp\u00e0s<\/title>\n<meta name=\"robots\" content=\"index, follow, max-snippet:-1, max-image-preview:large, max-video-preview:-1\" \/>\n<link rel=\"canonical\" href=\"https:\/\/alcompasrevista.com\/archivos\/11381\" \/>\n<meta property=\"og:locale\" content=\"en_US\" \/>\n<meta property=\"og:type\" content=\"article\" \/>\n<meta property=\"og:title\" content=\"La SAM d\u2019Alginet clausura Santa Cec\u00edlia amb el concert inaugural de la Banda Infantil i l&#039;actuaci\u00f3 de Stick Trencat - Revista Al Comp\u00e0s\" \/>\n<meta property=\"og:description\" content=\"La\u00a0Societat Art\u00edstica Musical (SAM) d\u2019Alginet\u00a0va clausurar les nombroses activitats celebrades en novembre i desembre entorn de la festivitat de Santa Cec\u00edlia, patrona dels m\u00fasics, amb la presentaci\u00f3 i el concert [&hellip;]\" \/>\n<meta property=\"og:url\" content=\"https:\/\/alcompasrevista.com\/archivos\/11381\" \/>\n<meta property=\"og:site_name\" content=\"Revista Al Comp\u00e0s\" \/>\n<meta property=\"article:published_time\" content=\"2022-12-07T07:17:11+00:00\" \/>\n<meta property=\"article:modified_time\" content=\"2022-12-07T07:17:57+00:00\" \/>\n<meta property=\"og:image\" content=\"https:\/\/alcompasrevista.com\/wp-content\/uploads\/2022\/12\/Diseno-sin-titulo-2022-12-07T080958.870.jpg\" \/>\n\t<meta property=\"og:image:width\" content=\"760\" \/>\n\t<meta property=\"og:image:height\" content=\"430\" \/>\n\t<meta property=\"og:image:type\" content=\"image\/jpeg\" \/>\n<meta name=\"author\" content=\"Redacci\u00f3n\" \/>\n<meta name=\"twitter:card\" content=\"summary_large_image\" \/>\n<meta name=\"twitter:label1\" content=\"Written by\" \/>\n\t<meta name=\"twitter:data1\" content=\"Redacci\u00f3\" \/>\n\t<meta name=\"twitter:label2\" content=\"Est. reading time\" \/>\n\t<meta name=\"twitter:data2\" content=\"5 minutes\" \/>\n<script type=\"application\/ld+json\" class=\"yoast-schema-graph\">{\"@context\":\"https:\\\/\\\/schema.org\",\"@graph\":[{\"@type\":\"Article\",\"@id\":\"https:\\\/\\\/alcompasrevista.com\\\/archivos\\\/11381#article\",\"isPartOf\":{\"@id\":\"https:\\\/\\\/alcompasrevista.com\\\/archivos\\\/11381\"},\"author\":{\"name\":\"Redacci\u00f3n\",\"@id\":\"https:\\\/\\\/alcompasrevista.com\\\/#\\\/schema\\\/person\\\/0f092e7196386afa42171db0d19a38ff\"},\"headline\":\"La SAM d\u2019Alginet clausura Santa Cec\u00edlia amb el concert inaugural de la Banda Infantil i l&#8217;actuaci\u00f3 de Stick Trencat\",\"datePublished\":\"2022-12-07T07:17:11+00:00\",\"dateModified\":\"2022-12-07T07:17:57+00:00\",\"mainEntityOfPage\":{\"@id\":\"https:\\\/\\\/alcompasrevista.com\\\/archivos\\\/11381\"},\"wordCount\":837,\"publisher\":{\"@id\":\"https:\\\/\\\/alcompasrevista.com\\\/#organization\"},\"image\":{\"@id\":\"https:\\\/\\\/alcompasrevista.com\\\/archivos\\\/11381#primaryimage\"},\"thumbnailUrl\":\"https:\\\/\\\/alcompasrevista.com\\\/wp-content\\\/uploads\\\/2022\\\/12\\\/Diseno-sin-titulo-2022-12-07T080958.870.jpg\",\"keywords\":[\"La SAM d\u2019Alginet\",\"Santa Cecilia\",\"Stick Trencat\"],\"articleSection\":[\"#Not\u00edcies\"],\"inLanguage\":\"va\"},{\"@type\":\"WebPage\",\"@id\":\"https:\\\/\\\/alcompasrevista.com\\\/archivos\\\/11381\",\"url\":\"https:\\\/\\\/alcompasrevista.com\\\/archivos\\\/11381\",\"name\":\"La SAM d\u2019Alginet clausura Santa Cec\u00edlia amb el concert inaugural de la Banda Infantil i l'actuaci\u00f3 de Stick Trencat - Revista Al Comp\u00e0s\",\"isPartOf\":{\"@id\":\"https:\\\/\\\/alcompasrevista.com\\\/#website\"},\"primaryImageOfPage\":{\"@id\":\"https:\\\/\\\/alcompasrevista.com\\\/archivos\\\/11381#primaryimage\"},\"image\":{\"@id\":\"https:\\\/\\\/alcompasrevista.com\\\/archivos\\\/11381#primaryimage\"},\"thumbnailUrl\":\"https:\\\/\\\/alcompasrevista.com\\\/wp-content\\\/uploads\\\/2022\\\/12\\\/Diseno-sin-titulo-2022-12-07T080958.870.jpg\",\"datePublished\":\"2022-12-07T07:17:11+00:00\",\"dateModified\":\"2022-12-07T07:17:57+00:00\",\"breadcrumb\":{\"@id\":\"https:\\\/\\\/alcompasrevista.com\\\/archivos\\\/11381#breadcrumb\"},\"inLanguage\":\"va\",\"potentialAction\":[{\"@type\":\"ReadAction\",\"target\":[\"https:\\\/\\\/alcompasrevista.com\\\/archivos\\\/11381\"]}]},{\"@type\":\"ImageObject\",\"inLanguage\":\"va\",\"@id\":\"https:\\\/\\\/alcompasrevista.com\\\/archivos\\\/11381#primaryimage\",\"url\":\"https:\\\/\\\/alcompasrevista.com\\\/wp-content\\\/uploads\\\/2022\\\/12\\\/Diseno-sin-titulo-2022-12-07T080958.870.jpg\",\"contentUrl\":\"https:\\\/\\\/alcompasrevista.com\\\/wp-content\\\/uploads\\\/2022\\\/12\\\/Diseno-sin-titulo-2022-12-07T080958.870.jpg\",\"width\":760,\"height\":430},{\"@type\":\"BreadcrumbList\",\"@id\":\"https:\\\/\\\/alcompasrevista.com\\\/archivos\\\/11381#breadcrumb\",\"itemListElement\":[{\"@type\":\"ListItem\",\"position\":1,\"name\":\"Portada\",\"item\":\"https:\\\/\\\/alcompasrevista.com\\\/va\"},{\"@type\":\"ListItem\",\"position\":2,\"name\":\"La SAM d\u2019Alginet clausura Santa Cec\u00edlia amb el concert inaugural de la Banda Infantil i l&#8217;actuaci\u00f3 de Stick Trencat\"}]},{\"@type\":\"WebSite\",\"@id\":\"https:\\\/\\\/alcompasrevista.com\\\/#website\",\"url\":\"https:\\\/\\\/alcompasrevista.com\\\/\",\"name\":\"Revista Al Comp\u00e0s\",\"description\":\"Un proyecto de la Federaci\u00f3n de Sociedades Musicales de la Comunidad Valenciana\",\"publisher\":{\"@id\":\"https:\\\/\\\/alcompasrevista.com\\\/#organization\"},\"potentialAction\":[{\"@type\":\"SearchAction\",\"target\":{\"@type\":\"EntryPoint\",\"urlTemplate\":\"https:\\\/\\\/alcompasrevista.com\\\/?s={search_term_string}\"},\"query-input\":{\"@type\":\"PropertyValueSpecification\",\"valueRequired\":true,\"valueName\":\"search_term_string\"}}],\"inLanguage\":\"va\"},{\"@type\":\"Organization\",\"@id\":\"https:\\\/\\\/alcompasrevista.com\\\/#organization\",\"name\":\"Revista Al Comp\u00e0s\",\"url\":\"https:\\\/\\\/alcompasrevista.com\\\/\",\"logo\":{\"@type\":\"ImageObject\",\"inLanguage\":\"va\",\"@id\":\"https:\\\/\\\/alcompasrevista.com\\\/#\\\/schema\\\/logo\\\/image\\\/\",\"url\":\"https:\\\/\\\/alcompasrevista.com\\\/wp-content\\\/uploads\\\/2022\\\/04\\\/cropped-loog_blanco.png\",\"contentUrl\":\"https:\\\/\\\/alcompasrevista.com\\\/wp-content\\\/uploads\\\/2022\\\/04\\\/cropped-loog_blanco.png\",\"width\":1612,\"height\":724,\"caption\":\"Revista Al Comp\u00e0s\"},\"image\":{\"@id\":\"https:\\\/\\\/alcompasrevista.com\\\/#\\\/schema\\\/logo\\\/image\\\/\"}},{\"@type\":\"Person\",\"@id\":\"https:\\\/\\\/alcompasrevista.com\\\/#\\\/schema\\\/person\\\/0f092e7196386afa42171db0d19a38ff\",\"name\":\"Redacci\u00f3n\",\"image\":{\"@type\":\"ImageObject\",\"inLanguage\":\"va\",\"@id\":\"https:\\\/\\\/secure.gravatar.com\\\/avatar\\\/e2831619d4dae93995d3da450c50013d912e0b8bdf34d9ea00126d97c2b7702e?s=96&d=mm&r=g\",\"url\":\"https:\\\/\\\/secure.gravatar.com\\\/avatar\\\/e2831619d4dae93995d3da450c50013d912e0b8bdf34d9ea00126d97c2b7702e?s=96&d=mm&r=g\",\"contentUrl\":\"https:\\\/\\\/secure.gravatar.com\\\/avatar\\\/e2831619d4dae93995d3da450c50013d912e0b8bdf34d9ea00126d97c2b7702e?s=96&d=mm&r=g\",\"caption\":\"Redacci\u00f3n\"},\"url\":\"https:\\\/\\\/alcompasrevista.com\\\/va\\\/archivos\\\/author\\\/257_webmaster\"}]}<\/script>\n<!-- \/ Yoast SEO plugin. -->","yoast_head_json":{"title":"La SAM d\u2019Alginet clausura Santa Cec\u00edlia amb el concert inaugural de la Banda Infantil i l'actuaci\u00f3 de Stick Trencat - Revista Al Comp\u00e0s","robots":{"index":"index","follow":"follow","max-snippet":"max-snippet:-1","max-image-preview":"max-image-preview:large","max-video-preview":"max-video-preview:-1"},"canonical":"https:\/\/alcompasrevista.com\/archivos\/11381","og_locale":"en_US","og_type":"article","og_title":"La SAM d\u2019Alginet clausura Santa Cec\u00edlia amb el concert inaugural de la Banda Infantil i l'actuaci\u00f3 de Stick Trencat - Revista Al Comp\u00e0s","og_description":"La\u00a0Societat Art\u00edstica Musical (SAM) d\u2019Alginet\u00a0va clausurar les nombroses activitats celebrades en novembre i desembre entorn de la festivitat de Santa Cec\u00edlia, patrona dels m\u00fasics, amb la presentaci\u00f3 i el concert [&hellip;]","og_url":"https:\/\/alcompasrevista.com\/archivos\/11381","og_site_name":"Revista Al Comp\u00e0s","article_published_time":"2022-12-07T07:17:11+00:00","article_modified_time":"2022-12-07T07:17:57+00:00","og_image":[{"width":760,"height":430,"url":"https:\/\/alcompasrevista.com\/wp-content\/uploads\/2022\/12\/Diseno-sin-titulo-2022-12-07T080958.870.jpg","type":"image\/jpeg"}],"author":"Redacci\u00f3n","twitter_card":"summary_large_image","twitter_misc":{"Written by":"Redacci\u00f3","Est. reading time":"5 minutes"},"schema":{"@context":"https:\/\/schema.org","@graph":[{"@type":"Article","@id":"https:\/\/alcompasrevista.com\/archivos\/11381#article","isPartOf":{"@id":"https:\/\/alcompasrevista.com\/archivos\/11381"},"author":{"name":"Redacci\u00f3n","@id":"https:\/\/alcompasrevista.com\/#\/schema\/person\/0f092e7196386afa42171db0d19a38ff"},"headline":"La SAM d\u2019Alginet clausura Santa Cec\u00edlia amb el concert inaugural de la Banda Infantil i l&#8217;actuaci\u00f3 de Stick Trencat","datePublished":"2022-12-07T07:17:11+00:00","dateModified":"2022-12-07T07:17:57+00:00","mainEntityOfPage":{"@id":"https:\/\/alcompasrevista.com\/archivos\/11381"},"wordCount":837,"publisher":{"@id":"https:\/\/alcompasrevista.com\/#organization"},"image":{"@id":"https:\/\/alcompasrevista.com\/archivos\/11381#primaryimage"},"thumbnailUrl":"https:\/\/alcompasrevista.com\/wp-content\/uploads\/2022\/12\/Diseno-sin-titulo-2022-12-07T080958.870.jpg","keywords":["La SAM d\u2019Alginet","Santa Cecilia","Stick Trencat"],"articleSection":["#Not\u00edcies"],"inLanguage":"va"},{"@type":"WebPage","@id":"https:\/\/alcompasrevista.com\/archivos\/11381","url":"https:\/\/alcompasrevista.com\/archivos\/11381","name":"La SAM d\u2019Alginet clausura Santa Cec\u00edlia amb el concert inaugural de la Banda Infantil i l'actuaci\u00f3 de Stick Trencat - Revista Al Comp\u00e0s","isPartOf":{"@id":"https:\/\/alcompasrevista.com\/#website"},"primaryImageOfPage":{"@id":"https:\/\/alcompasrevista.com\/archivos\/11381#primaryimage"},"image":{"@id":"https:\/\/alcompasrevista.com\/archivos\/11381#primaryimage"},"thumbnailUrl":"https:\/\/alcompasrevista.com\/wp-content\/uploads\/2022\/12\/Diseno-sin-titulo-2022-12-07T080958.870.jpg","datePublished":"2022-12-07T07:17:11+00:00","dateModified":"2022-12-07T07:17:57+00:00","breadcrumb":{"@id":"https:\/\/alcompasrevista.com\/archivos\/11381#breadcrumb"},"inLanguage":"va","potentialAction":[{"@type":"ReadAction","target":["https:\/\/alcompasrevista.com\/archivos\/11381"]}]},{"@type":"ImageObject","inLanguage":"va","@id":"https:\/\/alcompasrevista.com\/archivos\/11381#primaryimage","url":"https:\/\/alcompasrevista.com\/wp-content\/uploads\/2022\/12\/Diseno-sin-titulo-2022-12-07T080958.870.jpg","contentUrl":"https:\/\/alcompasrevista.com\/wp-content\/uploads\/2022\/12\/Diseno-sin-titulo-2022-12-07T080958.870.jpg","width":760,"height":430},{"@type":"BreadcrumbList","@id":"https:\/\/alcompasrevista.com\/archivos\/11381#breadcrumb","itemListElement":[{"@type":"ListItem","position":1,"name":"Portada","item":"https:\/\/alcompasrevista.com\/va"},{"@type":"ListItem","position":2,"name":"La SAM d\u2019Alginet clausura Santa Cec\u00edlia amb el concert inaugural de la Banda Infantil i l&#8217;actuaci\u00f3 de Stick Trencat"}]},{"@type":"WebSite","@id":"https:\/\/alcompasrevista.com\/#website","url":"https:\/\/alcompasrevista.com\/","name":"Revista Al Comp\u00e0s","description":"Un proyecto de la Federaci\u00f3n de Sociedades Musicales de la Comunidad Valenciana","publisher":{"@id":"https:\/\/alcompasrevista.com\/#organization"},"potentialAction":[{"@type":"SearchAction","target":{"@type":"EntryPoint","urlTemplate":"https:\/\/alcompasrevista.com\/?s={search_term_string}"},"query-input":{"@type":"PropertyValueSpecification","valueRequired":true,"valueName":"search_term_string"}}],"inLanguage":"va"},{"@type":"Organization","@id":"https:\/\/alcompasrevista.com\/#organization","name":"Revista Al Comp\u00e0s","url":"https:\/\/alcompasrevista.com\/","logo":{"@type":"ImageObject","inLanguage":"va","@id":"https:\/\/alcompasrevista.com\/#\/schema\/logo\/image\/","url":"https:\/\/alcompasrevista.com\/wp-content\/uploads\/2022\/04\/cropped-loog_blanco.png","contentUrl":"https:\/\/alcompasrevista.com\/wp-content\/uploads\/2022\/04\/cropped-loog_blanco.png","width":1612,"height":724,"caption":"Revista Al Comp\u00e0s"},"image":{"@id":"https:\/\/alcompasrevista.com\/#\/schema\/logo\/image\/"}},{"@type":"Person","@id":"https:\/\/alcompasrevista.com\/#\/schema\/person\/0f092e7196386afa42171db0d19a38ff","name":"Redacci\u00f3n","image":{"@type":"ImageObject","inLanguage":"va","@id":"https:\/\/secure.gravatar.com\/avatar\/e2831619d4dae93995d3da450c50013d912e0b8bdf34d9ea00126d97c2b7702e?s=96&d=mm&r=g","url":"https:\/\/secure.gravatar.com\/avatar\/e2831619d4dae93995d3da450c50013d912e0b8bdf34d9ea00126d97c2b7702e?s=96&d=mm&r=g","contentUrl":"https:\/\/secure.gravatar.com\/avatar\/e2831619d4dae93995d3da450c50013d912e0b8bdf34d9ea00126d97c2b7702e?s=96&d=mm&r=g","caption":"Redacci\u00f3n"},"url":"https:\/\/alcompasrevista.com\/va\/archivos\/author\/257_webmaster"}]}},"_links":{"self":[{"href":"https:\/\/alcompasrevista.com\/va\/wp-json\/wp\/v2\/posts\/11368","targetHints":{"allow":["GET"]}}],"collection":[{"href":"https:\/\/alcompasrevista.com\/va\/wp-json\/wp\/v2\/posts"}],"about":[{"href":"https:\/\/alcompasrevista.com\/va\/wp-json\/wp\/v2\/types\/post"}],"author":[{"embeddable":true,"href":"https:\/\/alcompasrevista.com\/va\/wp-json\/wp\/v2\/users\/860004"}],"replies":[{"embeddable":true,"href":"https:\/\/alcompasrevista.com\/va\/wp-json\/wp\/v2\/comments?post=11368"}],"version-history":[{"count":0,"href":"https:\/\/alcompasrevista.com\/va\/wp-json\/wp\/v2\/posts\/11368\/revisions"}],"wp:featuredmedia":[{"embeddable":true,"href":"https:\/\/alcompasrevista.com\/va\/wp-json\/wp\/v2\/media\/11371"}],"wp:attachment":[{"href":"https:\/\/alcompasrevista.com\/va\/wp-json\/wp\/v2\/media?parent=11368"}],"wp:term":[{"taxonomy":"category","embeddable":true,"href":"https:\/\/alcompasrevista.com\/va\/wp-json\/wp\/v2\/categories?post=11368"},{"taxonomy":"post_tag","embeddable":true,"href":"https:\/\/alcompasrevista.com\/va\/wp-json\/wp\/v2\/tags?post=11368"},{"taxonomy":"portada","embeddable":true,"href":"https:\/\/alcompasrevista.com\/va\/wp-json\/wp\/v2\/portada?post=11368"}],"curies":[{"name":"wp","href":"https:\/\/api.w.org\/{rel}","templated":true}]}}