{"id":11283,"date":"2023-01-19T09:26:00","date_gmt":"2023-01-19T08:26:00","guid":{"rendered":"https:\/\/alcompasrevista.com\/abierta-la-convocatoria-del-concurso-nacional-de-composicion-de-marchas-de-procesion-vila-de-lalcudia-2023\/"},"modified":"2023-01-19T09:46:57","modified_gmt":"2023-01-19T08:46:57","slug":"abierta-la-convocatoria-del-concurso-nacional-de-composicion-de-marchas-de-procesion-vila-de-lalcudia-2023","status":"publish","type":"post","link":"https:\/\/alcompasrevista.com\/va\/archivos\/11283","title":{"rendered":"Oberta la convocat\u00f2ria del Concurs Nacional de Composici\u00f3 de marxes de process\u00f3 \u00abVila de l&#8217;Alc\u00fadia\u00bb 2023"},"content":{"rendered":"\n<p>L&#8217;Excel\u00b7lent\u00edssim Ajuntament de l&#8217;Alc\u00fadia, en col\u00b7laboraci\u00f3 amb l&#8217;Associaci\u00f3 Musical la Filharm\u00f2nica Alcudiana i la Junta Central de Confraries, han decidit donar suport a la cultura impulsant la composici\u00f3 musical inspirada en la Setmana Santa Alcudiana, per a difondre les festes locals i estimular la creativitat dels compositors en aquest g\u00e8nere musical.<\/p>\n\n\n\n<p>A aquest efecte s&#8217;ha convocat el Concurs Nacional de Composici\u00f3 de Marxes de process\u00f3 \u201cVila<br>de l&#8217;Alc\u00fadia\u201d 2023.<\/p>\n\n\n\n<p>El termini de presentaci\u00f3 d&#8217;inst\u00e0ncies ser\u00e0 de l&#8217;1 al 31 de gener de 2023, a les 14.00 hores.<\/p>\n\n\n\n<p>Les bases d&#8217;aquest concurs es poden consultar <a href=\"https:\/\/www.lalcudia.com\/ajuntament\/portaltransparencia\/081122_DECRET_ALCADIA_APROVACIO_BASES_I_CONVOCATORIA_marxes_processo_val.pdf\" target=\"_blank\" rel=\"noreferrer noopener\">ac\u00ed<\/a>.<\/p>\n\n\n\n<p><\/p>\n","protected":false},"excerpt":{"rendered":"<p>L&#8217;Excel\u00b7lent\u00edssim Ajuntament de l&#8217;Alc\u00fadia, en col\u00b7laboraci\u00f3 amb l&#8217;Associaci\u00f3 Musical la Filharm\u00f2nica Alcudiana i la Junta Central de Confraries, han decidit donar suport a la cultura impulsant la composici\u00f3 musical inspirada [&hellip;]<\/p>\n","protected":false},"author":860004,"featured_media":11281,"comment_status":"closed","ping_status":"closed","sticky":false,"template":"","format":"standard","meta":{"footnotes":""},"categories":[29],"tags":[525,524,522],"portada":[526,523],"class_list":["post-11283","post","type-post","status-publish","format-standard","has-post-thumbnail","hentry","category-noticies-va","tag-concurs-nacional-de-composicio-de-marxes-de-processo","tag-concurso-nacional-de-composicion-de-marchas-de-procesion-vila-de-lalcudia-2023-va","tag-concurso-nacional-de-composicion-de-marchas-de-procesion-vila-de-lalcudia-2023","portada-concurs-nacional-de-composicio-de-marxes-de-processo","portada-concurso-nacional-de-composicion-de-marchas-de-procesion-vila-de-lalcudia-2023"],"yoast_head":"<!-- This site is optimized with the Yoast SEO plugin v27.4 - https:\/\/yoast.com\/product\/yoast-seo-wordpress\/ -->\n<title>Oberta la convocat\u00f2ria del Concurs Nacional de Composici\u00f3 de marxes de process\u00f3 \u00abVila de l&#039;Alc\u00fadia\u00bb 2023 - Revista Al Comp\u00e0s<\/title>\n<meta name=\"robots\" content=\"index, follow, max-snippet:-1, max-image-preview:large, max-video-preview:-1\" \/>\n<link rel=\"canonical\" href=\"https:\/\/alcompasrevista.com\/archivos\/11279\" \/>\n<meta property=\"og:locale\" content=\"en_US\" \/>\n<meta property=\"og:type\" content=\"article\" \/>\n<meta property=\"og:title\" content=\"Oberta la convocat\u00f2ria del Concurs Nacional de Composici\u00f3 de marxes de process\u00f3 \u00abVila de l&#039;Alc\u00fadia\u00bb 2023 - Revista Al Comp\u00e0s\" \/>\n<meta property=\"og:description\" content=\"L&#8217;Excel\u00b7lent\u00edssim Ajuntament de l&#8217;Alc\u00fadia, en col\u00b7laboraci\u00f3 amb l&#8217;Associaci\u00f3 Musical la Filharm\u00f2nica Alcudiana i la Junta Central de Confraries, han decidit donar suport a la cultura impulsant la composici\u00f3 musical inspirada [&hellip;]\" \/>\n<meta property=\"og:url\" content=\"https:\/\/alcompasrevista.com\/archivos\/11279\" \/>\n<meta property=\"og:site_name\" content=\"Revista Al Comp\u00e0s\" \/>\n<meta property=\"article:published_time\" content=\"2023-01-19T08:26:00+00:00\" \/>\n<meta property=\"article:modified_time\" content=\"2023-01-19T08:46:57+00:00\" \/>\n<meta property=\"og:image\" content=\"https:\/\/alcompasrevista.com\/wp-content\/uploads\/2022\/12\/Diseno-sin-titulo-2022-12-01T141052.006.jpg\" \/>\n\t<meta property=\"og:image:width\" content=\"760\" \/>\n\t<meta property=\"og:image:height\" content=\"430\" \/>\n\t<meta property=\"og:image:type\" content=\"image\/jpeg\" \/>\n<meta name=\"author\" content=\"Redacci\u00f3n\" \/>\n<meta name=\"twitter:card\" content=\"summary_large_image\" \/>\n<meta name=\"twitter:label1\" content=\"Written by\" \/>\n\t<meta name=\"twitter:data1\" content=\"Redacci\u00f3\" \/>\n\t<meta name=\"twitter:label2\" content=\"Est. reading time\" \/>\n\t<meta name=\"twitter:data2\" content=\"1 minute\" \/>\n<script type=\"application\/ld+json\" class=\"yoast-schema-graph\">{\"@context\":\"https:\\\/\\\/schema.org\",\"@graph\":[{\"@type\":\"Article\",\"@id\":\"https:\\\/\\\/alcompasrevista.com\\\/archivos\\\/11279#article\",\"isPartOf\":{\"@id\":\"https:\\\/\\\/alcompasrevista.com\\\/archivos\\\/11279\"},\"author\":{\"name\":\"Redacci\u00f3n\",\"@id\":\"https:\\\/\\\/alcompasrevista.com\\\/#\\\/schema\\\/person\\\/0f092e7196386afa42171db0d19a38ff\"},\"headline\":\"Oberta la convocat\u00f2ria del Concurs Nacional de Composici\u00f3 de marxes de process\u00f3 \u00abVila de l&#8217;Alc\u00fadia\u00bb 2023\",\"datePublished\":\"2023-01-19T08:26:00+00:00\",\"dateModified\":\"2023-01-19T08:46:57+00:00\",\"mainEntityOfPage\":{\"@id\":\"https:\\\/\\\/alcompasrevista.com\\\/archivos\\\/11279\"},\"wordCount\":123,\"publisher\":{\"@id\":\"https:\\\/\\\/alcompasrevista.com\\\/#organization\"},\"image\":{\"@id\":\"https:\\\/\\\/alcompasrevista.com\\\/archivos\\\/11279#primaryimage\"},\"thumbnailUrl\":\"https:\\\/\\\/alcompasrevista.com\\\/wp-content\\\/uploads\\\/2022\\\/12\\\/Diseno-sin-titulo-2022-12-01T141052.006.jpg\",\"keywords\":[\"Concurs Nacional de Composici\u00f3 de marxes de process\u00f3\",\"Concurso Nacional de Composici\u00f3n de marchas de procesi\u00f3n \u00abVila de l'Alc\u00fadia\u00bb 2023\",\"Concurso Nacional de Composici\u00f3n de marchas de procesi\u00f3n \u00abVila de l&#039;Alc\u00fadia\u00bb 2023\"],\"articleSection\":[\"#Not\u00edcies\"],\"inLanguage\":\"va\"},{\"@type\":\"WebPage\",\"@id\":\"https:\\\/\\\/alcompasrevista.com\\\/archivos\\\/11279\",\"url\":\"https:\\\/\\\/alcompasrevista.com\\\/archivos\\\/11279\",\"name\":\"Oberta la convocat\u00f2ria del Concurs Nacional de Composici\u00f3 de marxes de process\u00f3 \u00abVila de l'Alc\u00fadia\u00bb 2023 - Revista Al Comp\u00e0s\",\"isPartOf\":{\"@id\":\"https:\\\/\\\/alcompasrevista.com\\\/#website\"},\"primaryImageOfPage\":{\"@id\":\"https:\\\/\\\/alcompasrevista.com\\\/archivos\\\/11279#primaryimage\"},\"image\":{\"@id\":\"https:\\\/\\\/alcompasrevista.com\\\/archivos\\\/11279#primaryimage\"},\"thumbnailUrl\":\"https:\\\/\\\/alcompasrevista.com\\\/wp-content\\\/uploads\\\/2022\\\/12\\\/Diseno-sin-titulo-2022-12-01T141052.006.jpg\",\"datePublished\":\"2023-01-19T08:26:00+00:00\",\"dateModified\":\"2023-01-19T08:46:57+00:00\",\"breadcrumb\":{\"@id\":\"https:\\\/\\\/alcompasrevista.com\\\/archivos\\\/11279#breadcrumb\"},\"inLanguage\":\"va\",\"potentialAction\":[{\"@type\":\"ReadAction\",\"target\":[\"https:\\\/\\\/alcompasrevista.com\\\/archivos\\\/11279\"]}]},{\"@type\":\"ImageObject\",\"inLanguage\":\"va\",\"@id\":\"https:\\\/\\\/alcompasrevista.com\\\/archivos\\\/11279#primaryimage\",\"url\":\"https:\\\/\\\/alcompasrevista.com\\\/wp-content\\\/uploads\\\/2022\\\/12\\\/Diseno-sin-titulo-2022-12-01T141052.006.jpg\",\"contentUrl\":\"https:\\\/\\\/alcompasrevista.com\\\/wp-content\\\/uploads\\\/2022\\\/12\\\/Diseno-sin-titulo-2022-12-01T141052.006.jpg\",\"width\":760,\"height\":430},{\"@type\":\"BreadcrumbList\",\"@id\":\"https:\\\/\\\/alcompasrevista.com\\\/archivos\\\/11279#breadcrumb\",\"itemListElement\":[{\"@type\":\"ListItem\",\"position\":1,\"name\":\"Portada\",\"item\":\"https:\\\/\\\/alcompasrevista.com\\\/va\"},{\"@type\":\"ListItem\",\"position\":2,\"name\":\"Oberta la convocat\u00f2ria del Concurs Nacional de Composici\u00f3 de marxes de process\u00f3 \u00abVila de l&#8217;Alc\u00fadia\u00bb 2023\"}]},{\"@type\":\"WebSite\",\"@id\":\"https:\\\/\\\/alcompasrevista.com\\\/#website\",\"url\":\"https:\\\/\\\/alcompasrevista.com\\\/\",\"name\":\"Revista Al Comp\u00e0s\",\"description\":\"Un proyecto de la Federaci\u00f3n de Sociedades Musicales de la Comunidad Valenciana\",\"publisher\":{\"@id\":\"https:\\\/\\\/alcompasrevista.com\\\/#organization\"},\"potentialAction\":[{\"@type\":\"SearchAction\",\"target\":{\"@type\":\"EntryPoint\",\"urlTemplate\":\"https:\\\/\\\/alcompasrevista.com\\\/?s={search_term_string}\"},\"query-input\":{\"@type\":\"PropertyValueSpecification\",\"valueRequired\":true,\"valueName\":\"search_term_string\"}}],\"inLanguage\":\"va\"},{\"@type\":\"Organization\",\"@id\":\"https:\\\/\\\/alcompasrevista.com\\\/#organization\",\"name\":\"Revista Al Comp\u00e0s\",\"url\":\"https:\\\/\\\/alcompasrevista.com\\\/\",\"logo\":{\"@type\":\"ImageObject\",\"inLanguage\":\"va\",\"@id\":\"https:\\\/\\\/alcompasrevista.com\\\/#\\\/schema\\\/logo\\\/image\\\/\",\"url\":\"https:\\\/\\\/alcompasrevista.com\\\/wp-content\\\/uploads\\\/2022\\\/04\\\/cropped-loog_blanco.png\",\"contentUrl\":\"https:\\\/\\\/alcompasrevista.com\\\/wp-content\\\/uploads\\\/2022\\\/04\\\/cropped-loog_blanco.png\",\"width\":1612,\"height\":724,\"caption\":\"Revista Al Comp\u00e0s\"},\"image\":{\"@id\":\"https:\\\/\\\/alcompasrevista.com\\\/#\\\/schema\\\/logo\\\/image\\\/\"}},{\"@type\":\"Person\",\"@id\":\"https:\\\/\\\/alcompasrevista.com\\\/#\\\/schema\\\/person\\\/0f092e7196386afa42171db0d19a38ff\",\"name\":\"Redacci\u00f3n\",\"image\":{\"@type\":\"ImageObject\",\"inLanguage\":\"va\",\"@id\":\"https:\\\/\\\/secure.gravatar.com\\\/avatar\\\/e2831619d4dae93995d3da450c50013d912e0b8bdf34d9ea00126d97c2b7702e?s=96&d=mm&r=g\",\"url\":\"https:\\\/\\\/secure.gravatar.com\\\/avatar\\\/e2831619d4dae93995d3da450c50013d912e0b8bdf34d9ea00126d97c2b7702e?s=96&d=mm&r=g\",\"contentUrl\":\"https:\\\/\\\/secure.gravatar.com\\\/avatar\\\/e2831619d4dae93995d3da450c50013d912e0b8bdf34d9ea00126d97c2b7702e?s=96&d=mm&r=g\",\"caption\":\"Redacci\u00f3n\"},\"url\":\"https:\\\/\\\/alcompasrevista.com\\\/va\\\/archivos\\\/author\\\/257_webmaster\"}]}<\/script>\n<!-- \/ Yoast SEO plugin. -->","yoast_head_json":{"title":"Oberta la convocat\u00f2ria del Concurs Nacional de Composici\u00f3 de marxes de process\u00f3 \u00abVila de l'Alc\u00fadia\u00bb 2023 - Revista Al Comp\u00e0s","robots":{"index":"index","follow":"follow","max-snippet":"max-snippet:-1","max-image-preview":"max-image-preview:large","max-video-preview":"max-video-preview:-1"},"canonical":"https:\/\/alcompasrevista.com\/archivos\/11279","og_locale":"en_US","og_type":"article","og_title":"Oberta la convocat\u00f2ria del Concurs Nacional de Composici\u00f3 de marxes de process\u00f3 \u00abVila de l'Alc\u00fadia\u00bb 2023 - Revista Al Comp\u00e0s","og_description":"L&#8217;Excel\u00b7lent\u00edssim Ajuntament de l&#8217;Alc\u00fadia, en col\u00b7laboraci\u00f3 amb l&#8217;Associaci\u00f3 Musical la Filharm\u00f2nica Alcudiana i la Junta Central de Confraries, han decidit donar suport a la cultura impulsant la composici\u00f3 musical inspirada [&hellip;]","og_url":"https:\/\/alcompasrevista.com\/archivos\/11279","og_site_name":"Revista Al Comp\u00e0s","article_published_time":"2023-01-19T08:26:00+00:00","article_modified_time":"2023-01-19T08:46:57+00:00","og_image":[{"width":760,"height":430,"url":"https:\/\/alcompasrevista.com\/wp-content\/uploads\/2022\/12\/Diseno-sin-titulo-2022-12-01T141052.006.jpg","type":"image\/jpeg"}],"author":"Redacci\u00f3n","twitter_card":"summary_large_image","twitter_misc":{"Written by":"Redacci\u00f3","Est. reading time":"1 minute"},"schema":{"@context":"https:\/\/schema.org","@graph":[{"@type":"Article","@id":"https:\/\/alcompasrevista.com\/archivos\/11279#article","isPartOf":{"@id":"https:\/\/alcompasrevista.com\/archivos\/11279"},"author":{"name":"Redacci\u00f3n","@id":"https:\/\/alcompasrevista.com\/#\/schema\/person\/0f092e7196386afa42171db0d19a38ff"},"headline":"Oberta la convocat\u00f2ria del Concurs Nacional de Composici\u00f3 de marxes de process\u00f3 \u00abVila de l&#8217;Alc\u00fadia\u00bb 2023","datePublished":"2023-01-19T08:26:00+00:00","dateModified":"2023-01-19T08:46:57+00:00","mainEntityOfPage":{"@id":"https:\/\/alcompasrevista.com\/archivos\/11279"},"wordCount":123,"publisher":{"@id":"https:\/\/alcompasrevista.com\/#organization"},"image":{"@id":"https:\/\/alcompasrevista.com\/archivos\/11279#primaryimage"},"thumbnailUrl":"https:\/\/alcompasrevista.com\/wp-content\/uploads\/2022\/12\/Diseno-sin-titulo-2022-12-01T141052.006.jpg","keywords":["Concurs Nacional de Composici\u00f3 de marxes de process\u00f3","Concurso Nacional de Composici\u00f3n de marchas de procesi\u00f3n \u00abVila de l'Alc\u00fadia\u00bb 2023","Concurso Nacional de Composici\u00f3n de marchas de procesi\u00f3n \u00abVila de l&#039;Alc\u00fadia\u00bb 2023"],"articleSection":["#Not\u00edcies"],"inLanguage":"va"},{"@type":"WebPage","@id":"https:\/\/alcompasrevista.com\/archivos\/11279","url":"https:\/\/alcompasrevista.com\/archivos\/11279","name":"Oberta la convocat\u00f2ria del Concurs Nacional de Composici\u00f3 de marxes de process\u00f3 \u00abVila de l'Alc\u00fadia\u00bb 2023 - Revista Al Comp\u00e0s","isPartOf":{"@id":"https:\/\/alcompasrevista.com\/#website"},"primaryImageOfPage":{"@id":"https:\/\/alcompasrevista.com\/archivos\/11279#primaryimage"},"image":{"@id":"https:\/\/alcompasrevista.com\/archivos\/11279#primaryimage"},"thumbnailUrl":"https:\/\/alcompasrevista.com\/wp-content\/uploads\/2022\/12\/Diseno-sin-titulo-2022-12-01T141052.006.jpg","datePublished":"2023-01-19T08:26:00+00:00","dateModified":"2023-01-19T08:46:57+00:00","breadcrumb":{"@id":"https:\/\/alcompasrevista.com\/archivos\/11279#breadcrumb"},"inLanguage":"va","potentialAction":[{"@type":"ReadAction","target":["https:\/\/alcompasrevista.com\/archivos\/11279"]}]},{"@type":"ImageObject","inLanguage":"va","@id":"https:\/\/alcompasrevista.com\/archivos\/11279#primaryimage","url":"https:\/\/alcompasrevista.com\/wp-content\/uploads\/2022\/12\/Diseno-sin-titulo-2022-12-01T141052.006.jpg","contentUrl":"https:\/\/alcompasrevista.com\/wp-content\/uploads\/2022\/12\/Diseno-sin-titulo-2022-12-01T141052.006.jpg","width":760,"height":430},{"@type":"BreadcrumbList","@id":"https:\/\/alcompasrevista.com\/archivos\/11279#breadcrumb","itemListElement":[{"@type":"ListItem","position":1,"name":"Portada","item":"https:\/\/alcompasrevista.com\/va"},{"@type":"ListItem","position":2,"name":"Oberta la convocat\u00f2ria del Concurs Nacional de Composici\u00f3 de marxes de process\u00f3 \u00abVila de l&#8217;Alc\u00fadia\u00bb 2023"}]},{"@type":"WebSite","@id":"https:\/\/alcompasrevista.com\/#website","url":"https:\/\/alcompasrevista.com\/","name":"Revista Al Comp\u00e0s","description":"Un proyecto de la Federaci\u00f3n de Sociedades Musicales de la Comunidad Valenciana","publisher":{"@id":"https:\/\/alcompasrevista.com\/#organization"},"potentialAction":[{"@type":"SearchAction","target":{"@type":"EntryPoint","urlTemplate":"https:\/\/alcompasrevista.com\/?s={search_term_string}"},"query-input":{"@type":"PropertyValueSpecification","valueRequired":true,"valueName":"search_term_string"}}],"inLanguage":"va"},{"@type":"Organization","@id":"https:\/\/alcompasrevista.com\/#organization","name":"Revista Al Comp\u00e0s","url":"https:\/\/alcompasrevista.com\/","logo":{"@type":"ImageObject","inLanguage":"va","@id":"https:\/\/alcompasrevista.com\/#\/schema\/logo\/image\/","url":"https:\/\/alcompasrevista.com\/wp-content\/uploads\/2022\/04\/cropped-loog_blanco.png","contentUrl":"https:\/\/alcompasrevista.com\/wp-content\/uploads\/2022\/04\/cropped-loog_blanco.png","width":1612,"height":724,"caption":"Revista Al Comp\u00e0s"},"image":{"@id":"https:\/\/alcompasrevista.com\/#\/schema\/logo\/image\/"}},{"@type":"Person","@id":"https:\/\/alcompasrevista.com\/#\/schema\/person\/0f092e7196386afa42171db0d19a38ff","name":"Redacci\u00f3n","image":{"@type":"ImageObject","inLanguage":"va","@id":"https:\/\/secure.gravatar.com\/avatar\/e2831619d4dae93995d3da450c50013d912e0b8bdf34d9ea00126d97c2b7702e?s=96&d=mm&r=g","url":"https:\/\/secure.gravatar.com\/avatar\/e2831619d4dae93995d3da450c50013d912e0b8bdf34d9ea00126d97c2b7702e?s=96&d=mm&r=g","contentUrl":"https:\/\/secure.gravatar.com\/avatar\/e2831619d4dae93995d3da450c50013d912e0b8bdf34d9ea00126d97c2b7702e?s=96&d=mm&r=g","caption":"Redacci\u00f3n"},"url":"https:\/\/alcompasrevista.com\/va\/archivos\/author\/257_webmaster"}]}},"_links":{"self":[{"href":"https:\/\/alcompasrevista.com\/va\/wp-json\/wp\/v2\/posts\/11283","targetHints":{"allow":["GET"]}}],"collection":[{"href":"https:\/\/alcompasrevista.com\/va\/wp-json\/wp\/v2\/posts"}],"about":[{"href":"https:\/\/alcompasrevista.com\/va\/wp-json\/wp\/v2\/types\/post"}],"author":[{"embeddable":true,"href":"https:\/\/alcompasrevista.com\/va\/wp-json\/wp\/v2\/users\/860004"}],"replies":[{"embeddable":true,"href":"https:\/\/alcompasrevista.com\/va\/wp-json\/wp\/v2\/comments?post=11283"}],"version-history":[{"count":0,"href":"https:\/\/alcompasrevista.com\/va\/wp-json\/wp\/v2\/posts\/11283\/revisions"}],"wp:featuredmedia":[{"embeddable":true,"href":"https:\/\/alcompasrevista.com\/va\/wp-json\/wp\/v2\/media\/11281"}],"wp:attachment":[{"href":"https:\/\/alcompasrevista.com\/va\/wp-json\/wp\/v2\/media?parent=11283"}],"wp:term":[{"taxonomy":"category","embeddable":true,"href":"https:\/\/alcompasrevista.com\/va\/wp-json\/wp\/v2\/categories?post=11283"},{"taxonomy":"post_tag","embeddable":true,"href":"https:\/\/alcompasrevista.com\/va\/wp-json\/wp\/v2\/tags?post=11283"},{"taxonomy":"portada","embeddable":true,"href":"https:\/\/alcompasrevista.com\/va\/wp-json\/wp\/v2\/portada?post=11283"}],"curies":[{"name":"wp","href":"https:\/\/api.w.org\/{rel}","templated":true}]}}