{"id":10725,"date":"2022-11-08T08:20:13","date_gmt":"2022-11-08T07:20:13","guid":{"rendered":"https:\/\/alcompasrevista.com\/?p=10725"},"modified":"2022-11-08T08:21:22","modified_gmt":"2022-11-08T07:21:22","slug":"la-sam-dalginet-atorga-a-juan-enrique-benavent-el-primer-premi-del-concurs-de-composicio-de-pasdobles","status":"publish","type":"post","link":"https:\/\/alcompasrevista.com\/va\/archivos\/10725","title":{"rendered":"La SAM d\u2019Alginet atorga a Juan Enrique Benavent el primer premi del Concurs de Composici\u00f3 de pasdobles\u00a0"},"content":{"rendered":"\n<p>La\u00a0<strong>Societat Art\u00edstica Musical (SAM) d\u2019Alginet\u00a0<\/strong>va celebrar este cap de setmana un concert a c\u00e0rrec de la Banda Simf\u00f2nica de la SAM d\u2019Alginet, dirigida per Olga Clari, interpretant les tres obres finalistes, i el lliurament de premis del II Concurs de Composici\u00f3 Pascual P\u00e9rez Chov\u00ed en la modalitat de pasdoble, en el Teatre Modern. L&#8217;entitat repr\u00e9n aquesta iniciativa, en col\u00b7laboraci\u00f3 amb l&#8217;Ajuntament d&#8217;Alginet, despr\u00e9s de la crisi sanit\u00e0ria del Covid-19 i despr\u00e9s d&#8217;una primera edici\u00f3 que es va dur a terme en 2019, any en qu\u00e8 celebrava el seu 125 aniversari.<\/p>\n\n\n\n<figure class=\"wp-block-image aligncenter size-full\"><img loading=\"lazy\" decoding=\"async\" width=\"760\" height=\"430\" src=\"https:\/\/alcompasrevista.com\/wp-content\/uploads\/2022\/11\/Diseno-sin-titulo-2022-11-08T081150.354.jpg\" alt=\"Banda Simf\u00f2nica de la SAM d\u2019Alginet\" class=\"wp-image-10729\" srcset=\"https:\/\/alcompasrevista.com\/wp-content\/uploads\/2022\/11\/Diseno-sin-titulo-2022-11-08T081150.354.jpg 760w, https:\/\/alcompasrevista.com\/wp-content\/uploads\/2022\/11\/Diseno-sin-titulo-2022-11-08T081150.354-300x170.jpg 300w\" sizes=\"auto, (max-width: 760px) 100vw, 760px\" \/><figcaption class=\"wp-element-caption\">\u00a0Un moment del concert de la Banda Simf\u00f2nica de la SAM d\u2019Alginet, dirigida per Olga Clari. Autora: S\u00f2nia Bosch (La Veu d\u2019Alginet)<\/figcaption><\/figure>\n\n\n\n<p>Els membres del jurat, Aureli Chorro (president), i Jos\u00e9 Alam\u00e1 i Azael Tormos (vocals), que van valorar especialment l&#8217;originalitat de les composicions, aix\u00ed com la seua idone\u00eftat per a poder ser interpretades en cercaviles, van designar als guanyadors despr\u00e9s d&#8217;un concert que va concitar a nombr\u00f3s p\u00fablic. El compositor Juan Enrique Benavent Vidal amb el lema\u00a0<em>Al meu amic\u00a0<\/em>va ser el guanyador del primer premi dotat amb 1.500 euros; Josep Cano Graci\u00e1 amb\u00a0<em>Qu\u00e8 curi\u00f3s<\/em>\u00a0va aconseguir el segon amb una assignaci\u00f3 de 1.000 euros; i el lema\u00a0<em>Buseret<\/em>\u00a0el tercer amb 500.\u00a0<\/p>\n\n\n\n<figure class=\"wp-block-image aligncenter size-full\"><img loading=\"lazy\" decoding=\"async\" width=\"760\" height=\"430\" src=\"https:\/\/alcompasrevista.com\/wp-content\/uploads\/2022\/11\/Diseno-sin-titulo-2022-11-08T081106.189.jpg\" alt=\"\" class=\"wp-image-10727\" srcset=\"https:\/\/alcompasrevista.com\/wp-content\/uploads\/2022\/11\/Diseno-sin-titulo-2022-11-08T081106.189.jpg 760w, https:\/\/alcompasrevista.com\/wp-content\/uploads\/2022\/11\/Diseno-sin-titulo-2022-11-08T081106.189-300x170.jpg 300w\" sizes=\"auto, (max-width: 760px) 100vw, 760px\" \/><figcaption class=\"wp-element-caption\">\u00a0D&#8217;esquerra a dreta, Aureli Chorro (president del jurat), Jos\u00e9 Alemany (alcalde), Jos\u00e9 Alam\u00e1 (jurat), Josep Cano Graci\u00e1 (segon premi), Juan Enrique Benavent (primer premi), Azael Tormos (jurat i guanyador del concurs de la primera edici\u00f3), i Voro L\u00f3pez (president de la SAM d\u2019Alginet). Autora: S\u00f2nia Bosch (La Veu d\u2019Alginet)<\/figcaption><\/figure>\n\n\n\n<p>El concurs va rebre un total de 19 composicions, incrementant de manera notable (60%) les 12 presentades en la primera edici\u00f3. D&#8217;acord amb les bases per les quals es regeix la competici\u00f3, cada participant va presentar obres originals, in\u00e8dites i que no havien sigut interpretades p\u00fablicament amb anterioritat a la decisi\u00f3 del jurat.<\/p>\n\n\n\n<p>Voro L\u00f3pez, president de la SAM d\u2019Alginet, ha manifestat que \u201cestem molt satisfets amb la represa del concurs despr\u00e9s de dos anys sense celebrar-se, el nombre d&#8217;obres rebudes i la qualitat de les obres premiades\u201d. L\u00f3pez ha subratllat que \u201cagra\u00efm a l&#8217;Ajuntament d&#8217;Alginet el suport que brinda a aquesta iniciativa que volem impulsar any rere any per fer costat als compositors i retre homenatge a Pascual P\u00e9rez Chov\u00ed, m\u00fasic molt vinculat amb la nostra societat musical i amb el municipi\u201d.<\/p>\n\n\n\n<p>L&#8217;alcalde d&#8217;Alginet, Jos\u00e9 Vicente Alemany, va valorar molt positivament la celebraci\u00f3 del concurs, \u201cem sembla una idea magn\u00edfica de la SAM d\u2019Alginet\u201d, i va instar a treballar \u201cper a donar-li al pasdoble el valor que realment t\u00e9\u201d. Alemany va recalcar la import\u00e0ncia de la figura del mestre P\u00e9rez Chov\u00ed, \u201creconeguda a tot el m\u00f3n\u201d com a creador de\u00a0<em>Pepita Greus,\u00a0<\/em>i va subratllar el comprom\u00eds i la col\u00b7laboraci\u00f3 de l&#8217;Ajuntament d&#8217;Alginet amb la societat musical, \u201cla m\u00fasica sempre ha sigut un senyal d&#8217;identitat dels valencians\u201d.<\/p>\n\n\n\n<figure class=\"wp-block-image aligncenter size-full\"><img loading=\"lazy\" decoding=\"async\" width=\"760\" height=\"430\" src=\"https:\/\/alcompasrevista.com\/wp-content\/uploads\/2022\/11\/Diseno-sin-titulo-2022-11-08T081044.778-1.jpg\" alt=\"\" class=\"wp-image-10736\" srcset=\"https:\/\/alcompasrevista.com\/wp-content\/uploads\/2022\/11\/Diseno-sin-titulo-2022-11-08T081044.778-1.jpg 760w, https:\/\/alcompasrevista.com\/wp-content\/uploads\/2022\/11\/Diseno-sin-titulo-2022-11-08T081044.778-1-300x170.jpg 300w\" sizes=\"auto, (max-width: 760px) 100vw, 760px\" \/><figcaption class=\"wp-element-caption\">Jos\u00e9 Alemany, alcalde d&#8217;Alginet, Juan Enrique Benavent, guanyador del primer premi, i Voro L\u00f3pez, president de la SAM d\u2019Alginet, a la dreta. Autora: S\u00f2nia Bosch (La Veu d\u2019Alginet)<\/figcaption><\/figure>\n\n\n\n<p><strong>Pascual P\u00e9rez Chov\u00ed<\/strong><\/p>\n\n\n\n<p>L&#8217;Ajuntament d&#8217;Alginet va proclamar en 2019 com a fill adoptiu del poble al compositor i director Pascual P\u00e9rez Chov\u00ed (1889 &#8211; 1953), una icona i referent de la cultura band\u00edstica i un m\u00fasic d&#8217;una \u00e0mplia i reconeguda traject\u00f2ria art\u00edstica. Fruit de la col\u00b7laboraci\u00f3 de la societat musical i el consistori en la reivindicaci\u00f3 i difusi\u00f3 de la seua figura i obra es va gestar, dins de la celebraci\u00f3 del 125 aniversari de la SAM d\u2019Alginet, la competici\u00f3 que porta el seu nom.&nbsp;<\/p>\n\n\n\n<p>P\u00e9rez Chov\u00ed va comen\u00e7ar a tocar el clarinet en la Banda Municipal de Val\u00e8ncia als 11 anys, i va dirigir, a partir de 1923, a la Banda Simf\u00f2nica de la Societat Art\u00edstica Musical d&#8217;Alginet. Liderant aquesta formaci\u00f3 va guanyar, en 1924 i 1925, dos segons premis en el Certamen Internacional de Bandes de M\u00fasica (CIBM) Ciutat de Val\u00e8ncia. En 1926 va obtindre el primer premi en aquest prestigi\u00f3s concurs estrenant la seua obra,&nbsp;<em>Pepita Greus,<\/em>&nbsp;un popular pasdoble dedicat a la poetessa alginetina \u00c1ngela Josefa Greus S\u00e1ez.&nbsp;<\/p>\n\n\n\n<p>El director va aconseguir un altre primer premi amb la Banda Simf\u00f2nica en el CIBM Ciutat de Val\u00e8ncia en 1930, aix\u00ed com primers premis en el Certamen de Requena i en el de Benifai\u00f3. El compositor, molt vinculat amb el municipi d&#8217;Alginet, compta amb obres molt conegudes en el panorama band\u00edstic com\u00a0<em>Entre azahar, Flores de Espa\u00f1a, Mariloles\u00a0<\/em>y<em>\u00a0Mimosita.<\/em><\/p>\n\n\n\n<p>L&#8217;Ajuntament d&#8217;Alginet va encarregar al compositor Juan Bautista Meseguer Llopis, en el marc del 125 aniversari de la SAM d&#8217;Alginet, un pasdoble per a retre homenatge a P\u00e9rez Chov\u00ed. La Banda Simf\u00f2nica, dirigida pel mateix Meseguer, va estrenar l&#8217;obra&nbsp;<em>Alginet<\/em>&nbsp;a Pascual P\u00e9rez Chov\u00ed en el Teatre Modern al febrer de 2020.<\/p>\n\n\n\n<p><strong>Des de 1894<\/strong><\/p>\n\n\n\n<p>La SAM d\u2019Alginet, fundada en 1894, \u00e9s un dels referents del moviment associatiu valenci\u00e0 i d&#8217;inter\u00e9s social a La Ribera Alta per la seua dilatada hist\u00f2ria. Compta amb un centre de m\u00fasica autoritzat amb 136 alumnes, una escola de m\u00fasica amb m\u00e9s de 300, una banda simf\u00f2nica amb 110 m\u00fasics, i agrupa en el seu si a altres formacions art\u00edstiques com la banda juvenil, orquestra, cor i un grup de percussi\u00f3 que integren un total de 238 int\u00e8rprets. Aix\u00ed mateix, 300 socis conformen la massa social que d\u00f3na suport al projecte que fomenta.&nbsp;<\/p>\n\n\n\n<p>La SAM d\u2019Alginet \u00e9s membre de la Federaci\u00f3 de Societats Musicals de la Comunitat Valenciana (FSMCV), una associaci\u00f3 que agrupa &nbsp;550 societats musicals, amb 43.000 m\u00fasics, 60.000 alumnes i m\u00e9s de 200.000 socis, que representen el principal agent cultural del territori segons la Universitat de Val\u00e8ncia.&nbsp;<\/p>\n","protected":false},"excerpt":{"rendered":"<p>La SAM d\u2019Alginet atorga a Juan Enrique Benavent el primer premi del Concurs de Composici\u00f3 de pasdobles\u00a0<\/p>\n","protected":false},"author":860004,"featured_media":10733,"comment_status":"closed","ping_status":"closed","sticky":false,"template":"","format":"standard","meta":{"footnotes":""},"categories":[29],"tags":[453,372,232],"portada":[454,455],"class_list":["post-10725","post","type-post","status-publish","format-standard","has-post-thumbnail","hentry","category-noticies-va","tag-alginet","tag-concurs","tag-concurs-pasdobles","portada-alginet","portada-banda-simfonica-de-la-sam-dalginet"],"yoast_head":"<!-- This site is optimized with the Yoast SEO plugin v27.4 - https:\/\/yoast.com\/product\/yoast-seo-wordpress\/ -->\n<title>La SAM d\u2019Alginet atorga a Juan Enrique Benavent el primer premi del Concurs de Composici\u00f3 de pasdobles\u00a0 - Revista Al Comp\u00e0s<\/title>\n<meta name=\"robots\" content=\"index, follow, max-snippet:-1, max-image-preview:large, max-video-preview:-1\" \/>\n<link rel=\"canonical\" href=\"https:\/\/alcompasrevista.com\/va\/archivos\/10725\" \/>\n<meta property=\"og:locale\" content=\"en_US\" \/>\n<meta property=\"og:type\" content=\"article\" \/>\n<meta property=\"og:title\" content=\"La SAM d\u2019Alginet atorga a Juan Enrique Benavent el primer premi del Concurs de Composici\u00f3 de pasdobles\u00a0 - Revista Al Comp\u00e0s\" \/>\n<meta property=\"og:description\" content=\"La SAM d\u2019Alginet atorga a Juan Enrique Benavent el primer premi del Concurs de Composici\u00f3 de pasdobles\u00a0\" \/>\n<meta property=\"og:url\" content=\"https:\/\/alcompasrevista.com\/va\/archivos\/10725\" \/>\n<meta property=\"og:site_name\" content=\"Revista Al Comp\u00e0s\" \/>\n<meta property=\"article:published_time\" content=\"2022-11-08T07:20:13+00:00\" \/>\n<meta property=\"article:modified_time\" content=\"2022-11-08T07:21:22+00:00\" \/>\n<meta property=\"og:image\" content=\"https:\/\/alcompasrevista.com\/wp-content\/uploads\/2022\/11\/Diseno-sin-titulo-2022-11-08T081127.987.jpg\" \/>\n\t<meta property=\"og:image:width\" content=\"760\" \/>\n\t<meta property=\"og:image:height\" content=\"430\" \/>\n\t<meta property=\"og:image:type\" content=\"image\/jpeg\" \/>\n<meta name=\"author\" content=\"Redacci\u00f3n\" \/>\n<meta name=\"twitter:card\" content=\"summary_large_image\" \/>\n<meta name=\"twitter:label1\" content=\"Written by\" \/>\n\t<meta name=\"twitter:data1\" content=\"Redacci\u00f3\" \/>\n\t<meta name=\"twitter:label2\" content=\"Est. reading time\" \/>\n\t<meta name=\"twitter:data2\" content=\"5 minutes\" \/>\n<script type=\"application\/ld+json\" class=\"yoast-schema-graph\">{\"@context\":\"https:\\\/\\\/schema.org\",\"@graph\":[{\"@type\":\"Article\",\"@id\":\"https:\\\/\\\/alcompasrevista.com\\\/va\\\/archivos\\\/10725#article\",\"isPartOf\":{\"@id\":\"https:\\\/\\\/alcompasrevista.com\\\/va\\\/archivos\\\/10725\"},\"author\":{\"name\":\"Redacci\u00f3n\",\"@id\":\"https:\\\/\\\/alcompasrevista.com\\\/#\\\/schema\\\/person\\\/0f092e7196386afa42171db0d19a38ff\"},\"headline\":\"La SAM d\u2019Alginet atorga a Juan Enrique Benavent el primer premi del Concurs de Composici\u00f3 de pasdobles\u00a0\",\"datePublished\":\"2022-11-08T07:20:13+00:00\",\"dateModified\":\"2022-11-08T07:21:22+00:00\",\"mainEntityOfPage\":{\"@id\":\"https:\\\/\\\/alcompasrevista.com\\\/va\\\/archivos\\\/10725\"},\"wordCount\":1036,\"publisher\":{\"@id\":\"https:\\\/\\\/alcompasrevista.com\\\/#organization\"},\"image\":{\"@id\":\"https:\\\/\\\/alcompasrevista.com\\\/va\\\/archivos\\\/10725#primaryimage\"},\"thumbnailUrl\":\"https:\\\/\\\/alcompasrevista.com\\\/wp-content\\\/uploads\\\/2022\\\/11\\\/Diseno-sin-titulo-2022-11-08T081127.987.jpg\",\"keywords\":[\"Alginet\",\"concurs\",\"Concurs pasdobles\"],\"articleSection\":[\"#Not\u00edcies\"],\"inLanguage\":\"va\"},{\"@type\":\"WebPage\",\"@id\":\"https:\\\/\\\/alcompasrevista.com\\\/va\\\/archivos\\\/10725\",\"url\":\"https:\\\/\\\/alcompasrevista.com\\\/va\\\/archivos\\\/10725\",\"name\":\"La SAM d\u2019Alginet atorga a Juan Enrique Benavent el primer premi del Concurs de Composici\u00f3 de pasdobles\u00a0 - Revista Al Comp\u00e0s\",\"isPartOf\":{\"@id\":\"https:\\\/\\\/alcompasrevista.com\\\/#website\"},\"primaryImageOfPage\":{\"@id\":\"https:\\\/\\\/alcompasrevista.com\\\/va\\\/archivos\\\/10725#primaryimage\"},\"image\":{\"@id\":\"https:\\\/\\\/alcompasrevista.com\\\/va\\\/archivos\\\/10725#primaryimage\"},\"thumbnailUrl\":\"https:\\\/\\\/alcompasrevista.com\\\/wp-content\\\/uploads\\\/2022\\\/11\\\/Diseno-sin-titulo-2022-11-08T081127.987.jpg\",\"datePublished\":\"2022-11-08T07:20:13+00:00\",\"dateModified\":\"2022-11-08T07:21:22+00:00\",\"breadcrumb\":{\"@id\":\"https:\\\/\\\/alcompasrevista.com\\\/va\\\/archivos\\\/10725#breadcrumb\"},\"inLanguage\":\"va\",\"potentialAction\":[{\"@type\":\"ReadAction\",\"target\":[\"https:\\\/\\\/alcompasrevista.com\\\/va\\\/archivos\\\/10725\"]}]},{\"@type\":\"ImageObject\",\"inLanguage\":\"va\",\"@id\":\"https:\\\/\\\/alcompasrevista.com\\\/va\\\/archivos\\\/10725#primaryimage\",\"url\":\"https:\\\/\\\/alcompasrevista.com\\\/wp-content\\\/uploads\\\/2022\\\/11\\\/Diseno-sin-titulo-2022-11-08T081127.987.jpg\",\"contentUrl\":\"https:\\\/\\\/alcompasrevista.com\\\/wp-content\\\/uploads\\\/2022\\\/11\\\/Diseno-sin-titulo-2022-11-08T081127.987.jpg\",\"width\":760,\"height\":430},{\"@type\":\"BreadcrumbList\",\"@id\":\"https:\\\/\\\/alcompasrevista.com\\\/va\\\/archivos\\\/10725#breadcrumb\",\"itemListElement\":[{\"@type\":\"ListItem\",\"position\":1,\"name\":\"Portada\",\"item\":\"https:\\\/\\\/alcompasrevista.com\\\/va\"},{\"@type\":\"ListItem\",\"position\":2,\"name\":\"La SAM d\u2019Alginet atorga a Juan Enrique Benavent el primer premi del Concurs de Composici\u00f3 de pasdobles\u00a0\"}]},{\"@type\":\"WebSite\",\"@id\":\"https:\\\/\\\/alcompasrevista.com\\\/#website\",\"url\":\"https:\\\/\\\/alcompasrevista.com\\\/\",\"name\":\"Revista Al Comp\u00e0s\",\"description\":\"Un proyecto de la Federaci\u00f3n de Sociedades Musicales de la Comunidad Valenciana\",\"publisher\":{\"@id\":\"https:\\\/\\\/alcompasrevista.com\\\/#organization\"},\"potentialAction\":[{\"@type\":\"SearchAction\",\"target\":{\"@type\":\"EntryPoint\",\"urlTemplate\":\"https:\\\/\\\/alcompasrevista.com\\\/?s={search_term_string}\"},\"query-input\":{\"@type\":\"PropertyValueSpecification\",\"valueRequired\":true,\"valueName\":\"search_term_string\"}}],\"inLanguage\":\"va\"},{\"@type\":\"Organization\",\"@id\":\"https:\\\/\\\/alcompasrevista.com\\\/#organization\",\"name\":\"Revista Al Comp\u00e0s\",\"url\":\"https:\\\/\\\/alcompasrevista.com\\\/\",\"logo\":{\"@type\":\"ImageObject\",\"inLanguage\":\"va\",\"@id\":\"https:\\\/\\\/alcompasrevista.com\\\/#\\\/schema\\\/logo\\\/image\\\/\",\"url\":\"https:\\\/\\\/alcompasrevista.com\\\/wp-content\\\/uploads\\\/2022\\\/04\\\/cropped-loog_blanco.png\",\"contentUrl\":\"https:\\\/\\\/alcompasrevista.com\\\/wp-content\\\/uploads\\\/2022\\\/04\\\/cropped-loog_blanco.png\",\"width\":1612,\"height\":724,\"caption\":\"Revista Al Comp\u00e0s\"},\"image\":{\"@id\":\"https:\\\/\\\/alcompasrevista.com\\\/#\\\/schema\\\/logo\\\/image\\\/\"}},{\"@type\":\"Person\",\"@id\":\"https:\\\/\\\/alcompasrevista.com\\\/#\\\/schema\\\/person\\\/0f092e7196386afa42171db0d19a38ff\",\"name\":\"Redacci\u00f3n\",\"image\":{\"@type\":\"ImageObject\",\"inLanguage\":\"va\",\"@id\":\"https:\\\/\\\/secure.gravatar.com\\\/avatar\\\/e2831619d4dae93995d3da450c50013d912e0b8bdf34d9ea00126d97c2b7702e?s=96&d=mm&r=g\",\"url\":\"https:\\\/\\\/secure.gravatar.com\\\/avatar\\\/e2831619d4dae93995d3da450c50013d912e0b8bdf34d9ea00126d97c2b7702e?s=96&d=mm&r=g\",\"contentUrl\":\"https:\\\/\\\/secure.gravatar.com\\\/avatar\\\/e2831619d4dae93995d3da450c50013d912e0b8bdf34d9ea00126d97c2b7702e?s=96&d=mm&r=g\",\"caption\":\"Redacci\u00f3n\"},\"url\":\"https:\\\/\\\/alcompasrevista.com\\\/va\\\/archivos\\\/author\\\/257_webmaster\"}]}<\/script>\n<!-- \/ Yoast SEO plugin. -->","yoast_head_json":{"title":"La SAM d\u2019Alginet atorga a Juan Enrique Benavent el primer premi del Concurs de Composici\u00f3 de pasdobles\u00a0 - Revista Al Comp\u00e0s","robots":{"index":"index","follow":"follow","max-snippet":"max-snippet:-1","max-image-preview":"max-image-preview:large","max-video-preview":"max-video-preview:-1"},"canonical":"https:\/\/alcompasrevista.com\/va\/archivos\/10725","og_locale":"en_US","og_type":"article","og_title":"La SAM d\u2019Alginet atorga a Juan Enrique Benavent el primer premi del Concurs de Composici\u00f3 de pasdobles\u00a0 - Revista Al Comp\u00e0s","og_description":"La SAM d\u2019Alginet atorga a Juan Enrique Benavent el primer premi del Concurs de Composici\u00f3 de pasdobles\u00a0","og_url":"https:\/\/alcompasrevista.com\/va\/archivos\/10725","og_site_name":"Revista Al Comp\u00e0s","article_published_time":"2022-11-08T07:20:13+00:00","article_modified_time":"2022-11-08T07:21:22+00:00","og_image":[{"width":760,"height":430,"url":"https:\/\/alcompasrevista.com\/wp-content\/uploads\/2022\/11\/Diseno-sin-titulo-2022-11-08T081127.987.jpg","type":"image\/jpeg"}],"author":"Redacci\u00f3n","twitter_card":"summary_large_image","twitter_misc":{"Written by":"Redacci\u00f3","Est. reading time":"5 minutes"},"schema":{"@context":"https:\/\/schema.org","@graph":[{"@type":"Article","@id":"https:\/\/alcompasrevista.com\/va\/archivos\/10725#article","isPartOf":{"@id":"https:\/\/alcompasrevista.com\/va\/archivos\/10725"},"author":{"name":"Redacci\u00f3n","@id":"https:\/\/alcompasrevista.com\/#\/schema\/person\/0f092e7196386afa42171db0d19a38ff"},"headline":"La SAM d\u2019Alginet atorga a Juan Enrique Benavent el primer premi del Concurs de Composici\u00f3 de pasdobles\u00a0","datePublished":"2022-11-08T07:20:13+00:00","dateModified":"2022-11-08T07:21:22+00:00","mainEntityOfPage":{"@id":"https:\/\/alcompasrevista.com\/va\/archivos\/10725"},"wordCount":1036,"publisher":{"@id":"https:\/\/alcompasrevista.com\/#organization"},"image":{"@id":"https:\/\/alcompasrevista.com\/va\/archivos\/10725#primaryimage"},"thumbnailUrl":"https:\/\/alcompasrevista.com\/wp-content\/uploads\/2022\/11\/Diseno-sin-titulo-2022-11-08T081127.987.jpg","keywords":["Alginet","concurs","Concurs pasdobles"],"articleSection":["#Not\u00edcies"],"inLanguage":"va"},{"@type":"WebPage","@id":"https:\/\/alcompasrevista.com\/va\/archivos\/10725","url":"https:\/\/alcompasrevista.com\/va\/archivos\/10725","name":"La SAM d\u2019Alginet atorga a Juan Enrique Benavent el primer premi del Concurs de Composici\u00f3 de pasdobles\u00a0 - Revista Al Comp\u00e0s","isPartOf":{"@id":"https:\/\/alcompasrevista.com\/#website"},"primaryImageOfPage":{"@id":"https:\/\/alcompasrevista.com\/va\/archivos\/10725#primaryimage"},"image":{"@id":"https:\/\/alcompasrevista.com\/va\/archivos\/10725#primaryimage"},"thumbnailUrl":"https:\/\/alcompasrevista.com\/wp-content\/uploads\/2022\/11\/Diseno-sin-titulo-2022-11-08T081127.987.jpg","datePublished":"2022-11-08T07:20:13+00:00","dateModified":"2022-11-08T07:21:22+00:00","breadcrumb":{"@id":"https:\/\/alcompasrevista.com\/va\/archivos\/10725#breadcrumb"},"inLanguage":"va","potentialAction":[{"@type":"ReadAction","target":["https:\/\/alcompasrevista.com\/va\/archivos\/10725"]}]},{"@type":"ImageObject","inLanguage":"va","@id":"https:\/\/alcompasrevista.com\/va\/archivos\/10725#primaryimage","url":"https:\/\/alcompasrevista.com\/wp-content\/uploads\/2022\/11\/Diseno-sin-titulo-2022-11-08T081127.987.jpg","contentUrl":"https:\/\/alcompasrevista.com\/wp-content\/uploads\/2022\/11\/Diseno-sin-titulo-2022-11-08T081127.987.jpg","width":760,"height":430},{"@type":"BreadcrumbList","@id":"https:\/\/alcompasrevista.com\/va\/archivos\/10725#breadcrumb","itemListElement":[{"@type":"ListItem","position":1,"name":"Portada","item":"https:\/\/alcompasrevista.com\/va"},{"@type":"ListItem","position":2,"name":"La SAM d\u2019Alginet atorga a Juan Enrique Benavent el primer premi del Concurs de Composici\u00f3 de pasdobles\u00a0"}]},{"@type":"WebSite","@id":"https:\/\/alcompasrevista.com\/#website","url":"https:\/\/alcompasrevista.com\/","name":"Revista Al Comp\u00e0s","description":"Un proyecto de la Federaci\u00f3n de Sociedades Musicales de la Comunidad Valenciana","publisher":{"@id":"https:\/\/alcompasrevista.com\/#organization"},"potentialAction":[{"@type":"SearchAction","target":{"@type":"EntryPoint","urlTemplate":"https:\/\/alcompasrevista.com\/?s={search_term_string}"},"query-input":{"@type":"PropertyValueSpecification","valueRequired":true,"valueName":"search_term_string"}}],"inLanguage":"va"},{"@type":"Organization","@id":"https:\/\/alcompasrevista.com\/#organization","name":"Revista Al Comp\u00e0s","url":"https:\/\/alcompasrevista.com\/","logo":{"@type":"ImageObject","inLanguage":"va","@id":"https:\/\/alcompasrevista.com\/#\/schema\/logo\/image\/","url":"https:\/\/alcompasrevista.com\/wp-content\/uploads\/2022\/04\/cropped-loog_blanco.png","contentUrl":"https:\/\/alcompasrevista.com\/wp-content\/uploads\/2022\/04\/cropped-loog_blanco.png","width":1612,"height":724,"caption":"Revista Al Comp\u00e0s"},"image":{"@id":"https:\/\/alcompasrevista.com\/#\/schema\/logo\/image\/"}},{"@type":"Person","@id":"https:\/\/alcompasrevista.com\/#\/schema\/person\/0f092e7196386afa42171db0d19a38ff","name":"Redacci\u00f3n","image":{"@type":"ImageObject","inLanguage":"va","@id":"https:\/\/secure.gravatar.com\/avatar\/e2831619d4dae93995d3da450c50013d912e0b8bdf34d9ea00126d97c2b7702e?s=96&d=mm&r=g","url":"https:\/\/secure.gravatar.com\/avatar\/e2831619d4dae93995d3da450c50013d912e0b8bdf34d9ea00126d97c2b7702e?s=96&d=mm&r=g","contentUrl":"https:\/\/secure.gravatar.com\/avatar\/e2831619d4dae93995d3da450c50013d912e0b8bdf34d9ea00126d97c2b7702e?s=96&d=mm&r=g","caption":"Redacci\u00f3n"},"url":"https:\/\/alcompasrevista.com\/va\/archivos\/author\/257_webmaster"}]}},"_links":{"self":[{"href":"https:\/\/alcompasrevista.com\/va\/wp-json\/wp\/v2\/posts\/10725","targetHints":{"allow":["GET"]}}],"collection":[{"href":"https:\/\/alcompasrevista.com\/va\/wp-json\/wp\/v2\/posts"}],"about":[{"href":"https:\/\/alcompasrevista.com\/va\/wp-json\/wp\/v2\/types\/post"}],"author":[{"embeddable":true,"href":"https:\/\/alcompasrevista.com\/va\/wp-json\/wp\/v2\/users\/860004"}],"replies":[{"embeddable":true,"href":"https:\/\/alcompasrevista.com\/va\/wp-json\/wp\/v2\/comments?post=10725"}],"version-history":[{"count":0,"href":"https:\/\/alcompasrevista.com\/va\/wp-json\/wp\/v2\/posts\/10725\/revisions"}],"wp:featuredmedia":[{"embeddable":true,"href":"https:\/\/alcompasrevista.com\/va\/wp-json\/wp\/v2\/media\/10733"}],"wp:attachment":[{"href":"https:\/\/alcompasrevista.com\/va\/wp-json\/wp\/v2\/media?parent=10725"}],"wp:term":[{"taxonomy":"category","embeddable":true,"href":"https:\/\/alcompasrevista.com\/va\/wp-json\/wp\/v2\/categories?post=10725"},{"taxonomy":"post_tag","embeddable":true,"href":"https:\/\/alcompasrevista.com\/va\/wp-json\/wp\/v2\/tags?post=10725"},{"taxonomy":"portada","embeddable":true,"href":"https:\/\/alcompasrevista.com\/va\/wp-json\/wp\/v2\/portada?post=10725"}],"curies":[{"name":"wp","href":"https:\/\/api.w.org\/{rel}","templated":true}]}}