{"id":10587,"date":"2022-11-03T09:57:26","date_gmt":"2022-11-03T08:57:26","guid":{"rendered":"https:\/\/alcompasrevista.com\/el-mes-de-noviembre-el-mejor-mes-del-ano\/"},"modified":"2022-11-03T10:02:09","modified_gmt":"2022-11-03T09:02:09","slug":"el-mes-de-noviembre-el-mejor-mes-del-ano","status":"publish","type":"post","link":"https:\/\/alcompasrevista.com\/va\/archivos\/10587","title":{"rendered":"El mes de novembre, el millor mes de l\u2019any"},"content":{"rendered":"\n<p>No t\u2019han preguntat mai aix\u00f2 de\u2026 per a t\u00fa, quin \u00e9s el millor mes de l\u2019any? I, de seguida, quan responies acostumaves a dir el mes del teu aniversari. Almenys, quan eres m\u00e9s menudet o menudeta i no et pesava tant aix\u00f2 de complir anys. Quan encara et feia il\u00b7lusi\u00f3 fer-te major, vaja.&nbsp; Doncs jo hui vinc a trencar la resposta a esta pregunta. A plantejar-vos una revoluci\u00f3\u2026 musical. A plantejar-vos que, a partir d\u2019ara, quan ens facen eixa pregunta responem totes juntes i junts: el mes de novembre!<\/p>\n\n\n\n<p>I per qu\u00e8? Direu. Est\u00e0 clar. Perqu\u00e8 el mes de novembre \u00e9s el mes de Santa Cec\u00edlia. S\u00ed, dic mes perqu\u00e8 cada vegada m\u00e9s \u2013<em>vaya, un pareado<\/em>\u2013 les societats musicals de la Comunitat Valenciana allarguen la festivitat de la patrona i no es queda en \u00fanic dia. Concerts, audicions, jocs populars, torneigs variats, paelles, sopars, orquestres, DJs\u2026 Un sense fi d\u2019activitats que, durant diverses setmanes, a la fi, el que fan \u00e9s remarcar \u00e9s l\u2019esperit de fer banda. La manera de ser i de viure dels milers de m\u00fasics i m\u00fasiques del nostre territori.<\/p>\n\n\n\n<p>Molts de vosaltres em coneixereu \u2013fins i tot, em recordareu\u2013 per aquella oda a Santa Cec\u00edlia que vaig fer fa uns anys a la r\u00e0dio p\u00fablica valenciana. All\u00f2 \u00e9s impossible de repetir, i tampoc vaig a copiar el text perqu\u00e8 <em>no \u00e9s plan<\/em>. Per\u00f2 no canviaria ni un punt, ni una coma. El resum d\u2019all\u00f2 \u00e9s el que fa molts anys porte veient i gaudint a les nostres bandes de m\u00fasica: les bandes les fan les persones i les seues hist\u00f2ries.<\/p>\n\n\n\n<p>Les persones que s\u2019apunten a m\u00fasica com a activitat extraescolar i acaben enamorant-se perdudament d\u2019este art; les dels seus pares que van i els porten i, a la fi, acaben apuntant-se tamb\u00e9; les dels pares que es coneixen a la banda i acaben tenint fills i filles m\u00fasics; les que van i tornen a la banda, a temporades; les que no fallen a cap assaig; les que no en van a cap i es presenten al sopar de Santa Cec\u00edlia; les que decideixen dedicar-se professionalment a l\u2019instrument; les que toquen per gaudir a les festes dels pobles; les que formen part de la junta directiva; les que s\u00f3n professores i directores i arxiveres i caps de banda; les que se\u2019n van i ja no tornen; les que van a tocar al seu soterrar; les que van a la boda i s\u2019amaguen els instruments baix la taula per donar-li la sorpresa als que es casen; les que van a <em>la despedida<\/em>; les que dediquen un pasdoble a l\u2019amiga que es fa fallera major; les que dediquen la marxa mora a l\u2019amic que \u00e9s cap d\u2019esquadra; les que lligen este article; les que, quan els pregunten quin \u00e9s el seu mes preferit de l\u2019any diuen: novembre; les que repliquen: <em>xico, i aix\u00f2 per qu\u00e8, si no vas n\u00e0ixer a novembre<\/em>; i les que responen: perqu\u00e8 \u00e9s el mes de Santa Cec\u00edlia, \u00e9s el mes de la m\u00fasica. \u00c9s el meu mes.<\/p>\n\n\n\n<p>Feli\u00e7 mes de novembre.<\/p>\n\n\n\n<p>Feli\u00e7 Santa Cec\u00edlia.<\/p>\n\n\n\n<p>Opini\u00f3: Jordi Company &#8211; @Company_Vidal<\/p>\n","protected":false},"excerpt":{"rendered":"<p>No t\u2019han preguntat mai aix\u00f2 de\u2026 per a t\u00fa, quin \u00e9s el millor mes de l\u2019any? I, de seguida, quan responies acostumaves a dir el mes del teu aniversari. Almenys, [&hellip;]<\/p>\n","protected":false},"author":860007,"featured_media":10584,"comment_status":"closed","ping_status":"closed","sticky":false,"template":"","format":"standard","meta":{"footnotes":""},"categories":[29],"tags":[442,443,444,445],"portada":[],"class_list":["post-10587","post","type-post","status-publish","format-standard","has-post-thumbnail","hentry","category-noticies-va","tag-jordi-company-va","tag-noviembre-va","tag-opinion-va","tag-santa-cecilia-va"],"yoast_head":"<!-- This site is optimized with the Yoast SEO plugin v27.4 - https:\/\/yoast.com\/product\/yoast-seo-wordpress\/ -->\n<title>El mes de novembre, el millor mes de l\u2019any - Revista Al Comp\u00e0s<\/title>\n<meta name=\"robots\" content=\"index, follow, max-snippet:-1, max-image-preview:large, max-video-preview:-1\" \/>\n<link rel=\"canonical\" href=\"https:\/\/alcompasrevista.com\/archivos\/10582\" \/>\n<meta property=\"og:locale\" content=\"en_US\" \/>\n<meta property=\"og:type\" content=\"article\" \/>\n<meta property=\"og:title\" content=\"El mes de novembre, el millor mes de l\u2019any - Revista Al Comp\u00e0s\" \/>\n<meta property=\"og:description\" content=\"No t\u2019han preguntat mai aix\u00f2 de\u2026 per a t\u00fa, quin \u00e9s el millor mes de l\u2019any? I, de seguida, quan responies acostumaves a dir el mes del teu aniversari. Almenys, [&hellip;]\" \/>\n<meta property=\"og:url\" content=\"https:\/\/alcompasrevista.com\/archivos\/10582\" \/>\n<meta property=\"og:site_name\" content=\"Revista Al Comp\u00e0s\" \/>\n<meta property=\"article:published_time\" content=\"2022-11-03T08:57:26+00:00\" \/>\n<meta property=\"article:modified_time\" content=\"2022-11-03T09:02:09+00:00\" \/>\n<meta property=\"og:image\" content=\"https:\/\/alcompasrevista.com\/wp-content\/uploads\/2022\/11\/Diseno-sin-titulo-2022-11-03T095050.367.jpg\" \/>\n\t<meta property=\"og:image:width\" content=\"760\" \/>\n\t<meta property=\"og:image:height\" content=\"430\" \/>\n\t<meta property=\"og:image:type\" content=\"image\/jpeg\" \/>\n<meta name=\"author\" content=\"Jordi Company\" \/>\n<meta name=\"twitter:card\" content=\"summary_large_image\" \/>\n<meta name=\"twitter:label1\" content=\"Written by\" \/>\n\t<meta name=\"twitter:data1\" content=\"Jordi Company\" \/>\n\t<meta name=\"twitter:label2\" content=\"Est. reading time\" \/>\n\t<meta name=\"twitter:data2\" content=\"3 minutes\" \/>\n<script type=\"application\/ld+json\" class=\"yoast-schema-graph\">{\"@context\":\"https:\\\/\\\/schema.org\",\"@graph\":[{\"@type\":\"Article\",\"@id\":\"https:\\\/\\\/alcompasrevista.com\\\/archivos\\\/10582#article\",\"isPartOf\":{\"@id\":\"https:\\\/\\\/alcompasrevista.com\\\/archivos\\\/10582\"},\"author\":{\"name\":\"Jordi Company\",\"@id\":\"https:\\\/\\\/alcompasrevista.com\\\/#\\\/schema\\\/person\\\/c473ab517d90dbe675b2a2e9b747da88\"},\"headline\":\"El mes de novembre, el millor mes de l\u2019any\",\"datePublished\":\"2022-11-03T08:57:26+00:00\",\"dateModified\":\"2022-11-03T09:02:09+00:00\",\"mainEntityOfPage\":{\"@id\":\"https:\\\/\\\/alcompasrevista.com\\\/archivos\\\/10582\"},\"wordCount\":561,\"publisher\":{\"@id\":\"https:\\\/\\\/alcompasrevista.com\\\/#organization\"},\"image\":{\"@id\":\"https:\\\/\\\/alcompasrevista.com\\\/archivos\\\/10582#primaryimage\"},\"thumbnailUrl\":\"https:\\\/\\\/alcompasrevista.com\\\/wp-content\\\/uploads\\\/2022\\\/11\\\/Diseno-sin-titulo-2022-11-03T095050.367.jpg\",\"keywords\":[\"Jordi Company\",\"noviembre\",\"opini\u00f3n\",\"Santa Cecilia\"],\"articleSection\":[\"#Not\u00edcies\"],\"inLanguage\":\"va\"},{\"@type\":\"WebPage\",\"@id\":\"https:\\\/\\\/alcompasrevista.com\\\/archivos\\\/10582\",\"url\":\"https:\\\/\\\/alcompasrevista.com\\\/archivos\\\/10582\",\"name\":\"El mes de novembre, el millor mes de l\u2019any - Revista Al Comp\u00e0s\",\"isPartOf\":{\"@id\":\"https:\\\/\\\/alcompasrevista.com\\\/#website\"},\"primaryImageOfPage\":{\"@id\":\"https:\\\/\\\/alcompasrevista.com\\\/archivos\\\/10582#primaryimage\"},\"image\":{\"@id\":\"https:\\\/\\\/alcompasrevista.com\\\/archivos\\\/10582#primaryimage\"},\"thumbnailUrl\":\"https:\\\/\\\/alcompasrevista.com\\\/wp-content\\\/uploads\\\/2022\\\/11\\\/Diseno-sin-titulo-2022-11-03T095050.367.jpg\",\"datePublished\":\"2022-11-03T08:57:26+00:00\",\"dateModified\":\"2022-11-03T09:02:09+00:00\",\"breadcrumb\":{\"@id\":\"https:\\\/\\\/alcompasrevista.com\\\/archivos\\\/10582#breadcrumb\"},\"inLanguage\":\"va\",\"potentialAction\":[{\"@type\":\"ReadAction\",\"target\":[\"https:\\\/\\\/alcompasrevista.com\\\/archivos\\\/10582\"]}]},{\"@type\":\"ImageObject\",\"inLanguage\":\"va\",\"@id\":\"https:\\\/\\\/alcompasrevista.com\\\/archivos\\\/10582#primaryimage\",\"url\":\"https:\\\/\\\/alcompasrevista.com\\\/wp-content\\\/uploads\\\/2022\\\/11\\\/Diseno-sin-titulo-2022-11-03T095050.367.jpg\",\"contentUrl\":\"https:\\\/\\\/alcompasrevista.com\\\/wp-content\\\/uploads\\\/2022\\\/11\\\/Diseno-sin-titulo-2022-11-03T095050.367.jpg\",\"width\":760,\"height\":430},{\"@type\":\"BreadcrumbList\",\"@id\":\"https:\\\/\\\/alcompasrevista.com\\\/archivos\\\/10582#breadcrumb\",\"itemListElement\":[{\"@type\":\"ListItem\",\"position\":1,\"name\":\"Portada\",\"item\":\"https:\\\/\\\/alcompasrevista.com\\\/va\"},{\"@type\":\"ListItem\",\"position\":2,\"name\":\"El mes de novembre, el millor mes de l\u2019any\"}]},{\"@type\":\"WebSite\",\"@id\":\"https:\\\/\\\/alcompasrevista.com\\\/#website\",\"url\":\"https:\\\/\\\/alcompasrevista.com\\\/\",\"name\":\"Revista Al Comp\u00e0s\",\"description\":\"Un proyecto de la Federaci\u00f3n de Sociedades Musicales de la Comunidad Valenciana\",\"publisher\":{\"@id\":\"https:\\\/\\\/alcompasrevista.com\\\/#organization\"},\"potentialAction\":[{\"@type\":\"SearchAction\",\"target\":{\"@type\":\"EntryPoint\",\"urlTemplate\":\"https:\\\/\\\/alcompasrevista.com\\\/?s={search_term_string}\"},\"query-input\":{\"@type\":\"PropertyValueSpecification\",\"valueRequired\":true,\"valueName\":\"search_term_string\"}}],\"inLanguage\":\"va\"},{\"@type\":\"Organization\",\"@id\":\"https:\\\/\\\/alcompasrevista.com\\\/#organization\",\"name\":\"Revista Al Comp\u00e0s\",\"url\":\"https:\\\/\\\/alcompasrevista.com\\\/\",\"logo\":{\"@type\":\"ImageObject\",\"inLanguage\":\"va\",\"@id\":\"https:\\\/\\\/alcompasrevista.com\\\/#\\\/schema\\\/logo\\\/image\\\/\",\"url\":\"https:\\\/\\\/alcompasrevista.com\\\/wp-content\\\/uploads\\\/2022\\\/04\\\/cropped-loog_blanco.png\",\"contentUrl\":\"https:\\\/\\\/alcompasrevista.com\\\/wp-content\\\/uploads\\\/2022\\\/04\\\/cropped-loog_blanco.png\",\"width\":1612,\"height\":724,\"caption\":\"Revista Al Comp\u00e0s\"},\"image\":{\"@id\":\"https:\\\/\\\/alcompasrevista.com\\\/#\\\/schema\\\/logo\\\/image\\\/\"}},{\"@type\":\"Person\",\"@id\":\"https:\\\/\\\/alcompasrevista.com\\\/#\\\/schema\\\/person\\\/c473ab517d90dbe675b2a2e9b747da88\",\"name\":\"Jordi Company\",\"image\":{\"@type\":\"ImageObject\",\"inLanguage\":\"va\",\"@id\":\"https:\\\/\\\/secure.gravatar.com\\\/avatar\\\/7cd0b883c29cc378aa260d4cac230035d52d229e39e075da1056fc0b6e712bae?s=96&d=mm&r=g\",\"url\":\"https:\\\/\\\/secure.gravatar.com\\\/avatar\\\/7cd0b883c29cc378aa260d4cac230035d52d229e39e075da1056fc0b6e712bae?s=96&d=mm&r=g\",\"contentUrl\":\"https:\\\/\\\/secure.gravatar.com\\\/avatar\\\/7cd0b883c29cc378aa260d4cac230035d52d229e39e075da1056fc0b6e712bae?s=96&d=mm&r=g\",\"caption\":\"Jordi Company\"},\"url\":\"https:\\\/\\\/alcompasrevista.com\\\/va\\\/archivos\\\/author\\\/jordi-company\"}]}<\/script>\n<!-- \/ Yoast SEO plugin. -->","yoast_head_json":{"title":"El mes de novembre, el millor mes de l\u2019any - Revista Al Comp\u00e0s","robots":{"index":"index","follow":"follow","max-snippet":"max-snippet:-1","max-image-preview":"max-image-preview:large","max-video-preview":"max-video-preview:-1"},"canonical":"https:\/\/alcompasrevista.com\/archivos\/10582","og_locale":"en_US","og_type":"article","og_title":"El mes de novembre, el millor mes de l\u2019any - Revista Al Comp\u00e0s","og_description":"No t\u2019han preguntat mai aix\u00f2 de\u2026 per a t\u00fa, quin \u00e9s el millor mes de l\u2019any? I, de seguida, quan responies acostumaves a dir el mes del teu aniversari. Almenys, [&hellip;]","og_url":"https:\/\/alcompasrevista.com\/archivos\/10582","og_site_name":"Revista Al Comp\u00e0s","article_published_time":"2022-11-03T08:57:26+00:00","article_modified_time":"2022-11-03T09:02:09+00:00","og_image":[{"width":760,"height":430,"url":"https:\/\/alcompasrevista.com\/wp-content\/uploads\/2022\/11\/Diseno-sin-titulo-2022-11-03T095050.367.jpg","type":"image\/jpeg"}],"author":"Jordi Company","twitter_card":"summary_large_image","twitter_misc":{"Written by":"Jordi Company","Est. reading time":"3 minutes"},"schema":{"@context":"https:\/\/schema.org","@graph":[{"@type":"Article","@id":"https:\/\/alcompasrevista.com\/archivos\/10582#article","isPartOf":{"@id":"https:\/\/alcompasrevista.com\/archivos\/10582"},"author":{"name":"Jordi Company","@id":"https:\/\/alcompasrevista.com\/#\/schema\/person\/c473ab517d90dbe675b2a2e9b747da88"},"headline":"El mes de novembre, el millor mes de l\u2019any","datePublished":"2022-11-03T08:57:26+00:00","dateModified":"2022-11-03T09:02:09+00:00","mainEntityOfPage":{"@id":"https:\/\/alcompasrevista.com\/archivos\/10582"},"wordCount":561,"publisher":{"@id":"https:\/\/alcompasrevista.com\/#organization"},"image":{"@id":"https:\/\/alcompasrevista.com\/archivos\/10582#primaryimage"},"thumbnailUrl":"https:\/\/alcompasrevista.com\/wp-content\/uploads\/2022\/11\/Diseno-sin-titulo-2022-11-03T095050.367.jpg","keywords":["Jordi Company","noviembre","opini\u00f3n","Santa Cecilia"],"articleSection":["#Not\u00edcies"],"inLanguage":"va"},{"@type":"WebPage","@id":"https:\/\/alcompasrevista.com\/archivos\/10582","url":"https:\/\/alcompasrevista.com\/archivos\/10582","name":"El mes de novembre, el millor mes de l\u2019any - Revista Al Comp\u00e0s","isPartOf":{"@id":"https:\/\/alcompasrevista.com\/#website"},"primaryImageOfPage":{"@id":"https:\/\/alcompasrevista.com\/archivos\/10582#primaryimage"},"image":{"@id":"https:\/\/alcompasrevista.com\/archivos\/10582#primaryimage"},"thumbnailUrl":"https:\/\/alcompasrevista.com\/wp-content\/uploads\/2022\/11\/Diseno-sin-titulo-2022-11-03T095050.367.jpg","datePublished":"2022-11-03T08:57:26+00:00","dateModified":"2022-11-03T09:02:09+00:00","breadcrumb":{"@id":"https:\/\/alcompasrevista.com\/archivos\/10582#breadcrumb"},"inLanguage":"va","potentialAction":[{"@type":"ReadAction","target":["https:\/\/alcompasrevista.com\/archivos\/10582"]}]},{"@type":"ImageObject","inLanguage":"va","@id":"https:\/\/alcompasrevista.com\/archivos\/10582#primaryimage","url":"https:\/\/alcompasrevista.com\/wp-content\/uploads\/2022\/11\/Diseno-sin-titulo-2022-11-03T095050.367.jpg","contentUrl":"https:\/\/alcompasrevista.com\/wp-content\/uploads\/2022\/11\/Diseno-sin-titulo-2022-11-03T095050.367.jpg","width":760,"height":430},{"@type":"BreadcrumbList","@id":"https:\/\/alcompasrevista.com\/archivos\/10582#breadcrumb","itemListElement":[{"@type":"ListItem","position":1,"name":"Portada","item":"https:\/\/alcompasrevista.com\/va"},{"@type":"ListItem","position":2,"name":"El mes de novembre, el millor mes de l\u2019any"}]},{"@type":"WebSite","@id":"https:\/\/alcompasrevista.com\/#website","url":"https:\/\/alcompasrevista.com\/","name":"Revista Al Comp\u00e0s","description":"Un proyecto de la Federaci\u00f3n de Sociedades Musicales de la Comunidad Valenciana","publisher":{"@id":"https:\/\/alcompasrevista.com\/#organization"},"potentialAction":[{"@type":"SearchAction","target":{"@type":"EntryPoint","urlTemplate":"https:\/\/alcompasrevista.com\/?s={search_term_string}"},"query-input":{"@type":"PropertyValueSpecification","valueRequired":true,"valueName":"search_term_string"}}],"inLanguage":"va"},{"@type":"Organization","@id":"https:\/\/alcompasrevista.com\/#organization","name":"Revista Al Comp\u00e0s","url":"https:\/\/alcompasrevista.com\/","logo":{"@type":"ImageObject","inLanguage":"va","@id":"https:\/\/alcompasrevista.com\/#\/schema\/logo\/image\/","url":"https:\/\/alcompasrevista.com\/wp-content\/uploads\/2022\/04\/cropped-loog_blanco.png","contentUrl":"https:\/\/alcompasrevista.com\/wp-content\/uploads\/2022\/04\/cropped-loog_blanco.png","width":1612,"height":724,"caption":"Revista Al Comp\u00e0s"},"image":{"@id":"https:\/\/alcompasrevista.com\/#\/schema\/logo\/image\/"}},{"@type":"Person","@id":"https:\/\/alcompasrevista.com\/#\/schema\/person\/c473ab517d90dbe675b2a2e9b747da88","name":"Jordi Company","image":{"@type":"ImageObject","inLanguage":"va","@id":"https:\/\/secure.gravatar.com\/avatar\/7cd0b883c29cc378aa260d4cac230035d52d229e39e075da1056fc0b6e712bae?s=96&d=mm&r=g","url":"https:\/\/secure.gravatar.com\/avatar\/7cd0b883c29cc378aa260d4cac230035d52d229e39e075da1056fc0b6e712bae?s=96&d=mm&r=g","contentUrl":"https:\/\/secure.gravatar.com\/avatar\/7cd0b883c29cc378aa260d4cac230035d52d229e39e075da1056fc0b6e712bae?s=96&d=mm&r=g","caption":"Jordi Company"},"url":"https:\/\/alcompasrevista.com\/va\/archivos\/author\/jordi-company"}]}},"_links":{"self":[{"href":"https:\/\/alcompasrevista.com\/va\/wp-json\/wp\/v2\/posts\/10587","targetHints":{"allow":["GET"]}}],"collection":[{"href":"https:\/\/alcompasrevista.com\/va\/wp-json\/wp\/v2\/posts"}],"about":[{"href":"https:\/\/alcompasrevista.com\/va\/wp-json\/wp\/v2\/types\/post"}],"author":[{"embeddable":true,"href":"https:\/\/alcompasrevista.com\/va\/wp-json\/wp\/v2\/users\/860007"}],"replies":[{"embeddable":true,"href":"https:\/\/alcompasrevista.com\/va\/wp-json\/wp\/v2\/comments?post=10587"}],"version-history":[{"count":0,"href":"https:\/\/alcompasrevista.com\/va\/wp-json\/wp\/v2\/posts\/10587\/revisions"}],"wp:featuredmedia":[{"embeddable":true,"href":"https:\/\/alcompasrevista.com\/va\/wp-json\/wp\/v2\/media\/10584"}],"wp:attachment":[{"href":"https:\/\/alcompasrevista.com\/va\/wp-json\/wp\/v2\/media?parent=10587"}],"wp:term":[{"taxonomy":"category","embeddable":true,"href":"https:\/\/alcompasrevista.com\/va\/wp-json\/wp\/v2\/categories?post=10587"},{"taxonomy":"post_tag","embeddable":true,"href":"https:\/\/alcompasrevista.com\/va\/wp-json\/wp\/v2\/tags?post=10587"},{"taxonomy":"portada","embeddable":true,"href":"https:\/\/alcompasrevista.com\/va\/wp-json\/wp\/v2\/portada?post=10587"}],"curies":[{"name":"wp","href":"https:\/\/api.w.org\/{rel}","templated":true}]}}