{"id":10313,"date":"2022-10-24T10:10:04","date_gmt":"2022-10-24T08:10:04","guid":{"rendered":"https:\/\/alcompasrevista.com\/daniela-gonzalez-reelegida-presidenta-de-la-federacion-de-sociedades-musicales-de-la-comunitat-valenciana\/"},"modified":"2022-10-24T10:12:29","modified_gmt":"2022-10-24T08:12:29","slug":"daniela-gonzalez-reelegida-presidenta-de-la-federacion-de-sociedades-musicales-de-la-comunitat-valenciana","status":"publish","type":"post","link":"https:\/\/alcompasrevista.com\/va\/archivos\/10313","title":{"rendered":"Daniela Gonz\u00e1lez reelegida presidenta de la Federaci\u00f3 de Societats Musicals de la Comunitat Valenciana"},"content":{"rendered":"\n<p>Daniela Gonz\u00e1lez presidir\u00e0 la Federaci\u00f3 de Societats Musicals de la Comunitat Valenciana durant quatre anys m\u00e9s. L&#8217;actual dirigent regeix la instituci\u00f3 des de 2019 i ha renovat el c\u00e0rrec durant la 54a Assemblea General de la FSMCV, celebrada a Canet d&#8217;en Berenguer.<\/p>\n\n\n\n<p>Representants de les 550 societats musicals que integren la federaci\u00f3 s&#8217;han citat hui en la jornada assemble\u00e0ria per a fer balan\u00e7 de la passada legislatura i decidir la Junta Directiva per als pr\u00f2xims anys. La presidenta ha sigut reelegida amb el 93,4% dels vots emesos. Cap altra candidatura ha concorregut a les eleccions.<\/p>\n\n\n\n<p>L&#8217;equip de Gonz\u00e1lez per a la pr\u00f2xima Junta Directiva est\u00e0 format per Ricardo Sales Ballester (vicepresident), Remigi Morant Navasquillo (vicepresident educatiu), Manuel Mu\u00f1oz P\u00e9rez (vicepresident art\u00edstic), Lourdes Gavil\u00e0 Ana (secret\u00e0ria general), i els vocals Juan Carlos Alfonso Pic\u00f3, M\u00aa \u00c1ngeles Dur\u00e1n Uroz, Ram\u00f3n Mas Soler, Joan Bocanegra Fern\u00e1ndez, Antoni Aliaga Tortajada, Leandro Rafael Vilat\u00f3, H\u00e9ctor Argente Caballero, Josefa G\u00f3mez Monteagudo, Manuel Berenguer Torres, M\u00aa Amparo Comes Taberner, Roberto Escobar Honrubia, Ana S\u00e1nchez Escobar, Gabriel Garc\u00eda Margaix, Carlos Gregorio S\u00e1nchez Redorat, Herminia P\u00e9rez Garc\u00eda, Domingo Carles Domingo, Jos\u00e9 \u00c1ngel Espin\u00f3s Sanju\u00e1n, Mar\u00eda Olmo Moreno, M\u00aaJos\u00e9 Hern\u00e1ndez Mic\u00f3, Mari Pepa Colomina Gomis.<\/p>\n\n\n\n<p>\u00abEl meu equip i jo assumim amb orgull i responsabilitat l&#8217;enc\u00e0rrec per part de les nostres societats musicals. La FSMCV ha de ser un referent sempre en positiu. Els nostres m\u00fasics s\u00f3n els millors ambaixadors culturals, portant el nom de la nostra terra all\u00e0 on van\u00bb, ha manifestat la reelegida presidenta despr\u00e9s de l&#8217;escrutini.<\/p>\n\n\n\n<p>El resultat avala la gesti\u00f3 durant un per\u00edode complex per a la instituci\u00f3, marcat per la pand\u00e8mia. \u00abHem d&#8217;avan\u00e7ar cap al reconeixement, m\u00e9s que merescut d&#8217;este moviment com a Patrimoni de la Humanitat\u00bb, ha exposat la presidenta electa. Eixa sera una de les l\u00ednies mestres del seu mandat durant els pr\u00f2xims anys. El foment de les bases a trav\u00e9s dels centres educatius, la lluita per a convertir a la FSMCV en entitat d&#8217;utilitat p\u00fablica o l&#8217;actuaci\u00f3 en \u00e0rees com a turisme, despoblaci\u00f3 i medi ambient, protagonitzaran tamb\u00e9 esta legislatura, com a part d&#8217;un eix central al qual ha al\u00b7ludit Gonz\u00e1lez: \u00abLa difusi\u00f3 i posada en valor de tot el que representem i el que som capa\u00e7os d&#8217;aportar a la societat\u00bb.<\/p>\n\n\n\n<p>En el conclave, que ha sigut inaugurat amb la pres\u00e8ncia de l&#8217;Alcalde de Canet d&#8217;en Berenguer, Pere Joan Antoni Chord\u00e1, tamb\u00e9 s&#8217;ha aprovat el pressupost per a l&#8217;exercici de 2023, recolzat favorablement per un 87% dels representants de les societats musicals. A m\u00e9s, s&#8217;ha acordat l&#8217;elecci\u00f3 de la seu per a l&#8217;assemblea general, que se celebrar\u00e0 a l&#8217;octubre de 2023 a Teulada-Moraira, la candidatura de la qual ha sigut presentada per l&#8217;alcalde, Ra\u00fal Llobell Signes, i el president de l&#8217;Agrupaci\u00f3 Musical Cultural de Teulada, H\u00e9ctor Andr\u00e9s Agulles.<\/p>\n","protected":false},"excerpt":{"rendered":"<p>Daniela Gonz\u00e1lez presidir\u00e0 la Federaci\u00f3 de Societats Musicals de la Comunitat Valenciana durant quatre anys m\u00e9s. L&#8217;actual dirigent regeix la instituci\u00f3 des de 2019 i ha renovat el c\u00e0rrec durant [&hellip;]<\/p>\n","protected":false},"author":860004,"featured_media":10310,"comment_status":"closed","ping_status":"closed","sticky":false,"template":"","format":"standard","meta":{"footnotes":""},"categories":[29],"tags":[422,423,362],"portada":[421,364,420],"class_list":["post-10313","post","type-post","status-publish","format-standard","has-post-thumbnail","hentry","category-noticies-va","tag-asamblea-va","tag-asamblea-general-va","tag-daniela-gonzalez","portada-asamblea-general","portada-daniela-gonzalez","portada-presidenta-fsmcv"],"yoast_head":"<!-- This site is optimized with the Yoast SEO plugin v27.4 - https:\/\/yoast.com\/product\/yoast-seo-wordpress\/ -->\n<title>Daniela Gonz\u00e1lez reelegida presidenta de la Federaci\u00f3 de Societats Musicals de la Comunitat Valenciana - Revista Al Comp\u00e0s<\/title>\n<meta name=\"robots\" content=\"index, follow, max-snippet:-1, max-image-preview:large, max-video-preview:-1\" \/>\n<link rel=\"canonical\" href=\"https:\/\/alcompasrevista.com\/archivos\/10308\" \/>\n<meta property=\"og:locale\" content=\"en_US\" \/>\n<meta property=\"og:type\" content=\"article\" \/>\n<meta property=\"og:title\" content=\"Daniela Gonz\u00e1lez reelegida presidenta de la Federaci\u00f3 de Societats Musicals de la Comunitat Valenciana - Revista Al Comp\u00e0s\" \/>\n<meta property=\"og:description\" content=\"Daniela Gonz\u00e1lez presidir\u00e0 la Federaci\u00f3 de Societats Musicals de la Comunitat Valenciana durant quatre anys m\u00e9s. L&#8217;actual dirigent regeix la instituci\u00f3 des de 2019 i ha renovat el c\u00e0rrec durant [&hellip;]\" \/>\n<meta property=\"og:url\" content=\"https:\/\/alcompasrevista.com\/archivos\/10308\" \/>\n<meta property=\"og:site_name\" content=\"Revista Al Comp\u00e0s\" \/>\n<meta property=\"article:published_time\" content=\"2022-10-24T08:10:04+00:00\" \/>\n<meta property=\"article:modified_time\" content=\"2022-10-24T08:12:29+00:00\" \/>\n<meta property=\"og:image\" content=\"https:\/\/alcompasrevista.com\/wp-content\/uploads\/2022\/10\/Diseno-sin-titulo-40.jpg\" \/>\n\t<meta property=\"og:image:width\" content=\"760\" \/>\n\t<meta property=\"og:image:height\" content=\"430\" \/>\n\t<meta property=\"og:image:type\" content=\"image\/jpeg\" \/>\n<meta name=\"author\" content=\"Redacci\u00f3n\" \/>\n<meta name=\"twitter:card\" content=\"summary_large_image\" \/>\n<meta name=\"twitter:label1\" content=\"Written by\" \/>\n\t<meta name=\"twitter:data1\" content=\"Redacci\u00f3\" \/>\n\t<meta name=\"twitter:label2\" content=\"Est. reading time\" \/>\n\t<meta name=\"twitter:data2\" content=\"3 minutes\" \/>\n<script type=\"application\/ld+json\" class=\"yoast-schema-graph\">{\"@context\":\"https:\\\/\\\/schema.org\",\"@graph\":[{\"@type\":\"Article\",\"@id\":\"https:\\\/\\\/alcompasrevista.com\\\/archivos\\\/10308#article\",\"isPartOf\":{\"@id\":\"https:\\\/\\\/alcompasrevista.com\\\/archivos\\\/10308\"},\"author\":{\"name\":\"Redacci\u00f3n\",\"@id\":\"https:\\\/\\\/alcompasrevista.com\\\/#\\\/schema\\\/person\\\/0f092e7196386afa42171db0d19a38ff\"},\"headline\":\"Daniela Gonz\u00e1lez reelegida presidenta de la Federaci\u00f3 de Societats Musicals de la Comunitat Valenciana\",\"datePublished\":\"2022-10-24T08:10:04+00:00\",\"dateModified\":\"2022-10-24T08:12:29+00:00\",\"mainEntityOfPage\":{\"@id\":\"https:\\\/\\\/alcompasrevista.com\\\/archivos\\\/10308\"},\"wordCount\":533,\"publisher\":{\"@id\":\"https:\\\/\\\/alcompasrevista.com\\\/#organization\"},\"image\":{\"@id\":\"https:\\\/\\\/alcompasrevista.com\\\/archivos\\\/10308#primaryimage\"},\"thumbnailUrl\":\"https:\\\/\\\/alcompasrevista.com\\\/wp-content\\\/uploads\\\/2022\\\/10\\\/Diseno-sin-titulo-40.jpg\",\"keywords\":[\"Asamblea\",\"Asamblea General\",\"Daniela Gonz\u00e1lez\"],\"articleSection\":[\"#Not\u00edcies\"],\"inLanguage\":\"va\"},{\"@type\":\"WebPage\",\"@id\":\"https:\\\/\\\/alcompasrevista.com\\\/archivos\\\/10308\",\"url\":\"https:\\\/\\\/alcompasrevista.com\\\/archivos\\\/10308\",\"name\":\"Daniela Gonz\u00e1lez reelegida presidenta de la Federaci\u00f3 de Societats Musicals de la Comunitat Valenciana - Revista Al Comp\u00e0s\",\"isPartOf\":{\"@id\":\"https:\\\/\\\/alcompasrevista.com\\\/#website\"},\"primaryImageOfPage\":{\"@id\":\"https:\\\/\\\/alcompasrevista.com\\\/archivos\\\/10308#primaryimage\"},\"image\":{\"@id\":\"https:\\\/\\\/alcompasrevista.com\\\/archivos\\\/10308#primaryimage\"},\"thumbnailUrl\":\"https:\\\/\\\/alcompasrevista.com\\\/wp-content\\\/uploads\\\/2022\\\/10\\\/Diseno-sin-titulo-40.jpg\",\"datePublished\":\"2022-10-24T08:10:04+00:00\",\"dateModified\":\"2022-10-24T08:12:29+00:00\",\"breadcrumb\":{\"@id\":\"https:\\\/\\\/alcompasrevista.com\\\/archivos\\\/10308#breadcrumb\"},\"inLanguage\":\"va\",\"potentialAction\":[{\"@type\":\"ReadAction\",\"target\":[\"https:\\\/\\\/alcompasrevista.com\\\/archivos\\\/10308\"]}]},{\"@type\":\"ImageObject\",\"inLanguage\":\"va\",\"@id\":\"https:\\\/\\\/alcompasrevista.com\\\/archivos\\\/10308#primaryimage\",\"url\":\"https:\\\/\\\/alcompasrevista.com\\\/wp-content\\\/uploads\\\/2022\\\/10\\\/Diseno-sin-titulo-40.jpg\",\"contentUrl\":\"https:\\\/\\\/alcompasrevista.com\\\/wp-content\\\/uploads\\\/2022\\\/10\\\/Diseno-sin-titulo-40.jpg\",\"width\":760,\"height\":430},{\"@type\":\"BreadcrumbList\",\"@id\":\"https:\\\/\\\/alcompasrevista.com\\\/archivos\\\/10308#breadcrumb\",\"itemListElement\":[{\"@type\":\"ListItem\",\"position\":1,\"name\":\"Portada\",\"item\":\"https:\\\/\\\/alcompasrevista.com\\\/va\"},{\"@type\":\"ListItem\",\"position\":2,\"name\":\"Daniela Gonz\u00e1lez reelegida presidenta de la Federaci\u00f3 de Societats Musicals de la Comunitat Valenciana\"}]},{\"@type\":\"WebSite\",\"@id\":\"https:\\\/\\\/alcompasrevista.com\\\/#website\",\"url\":\"https:\\\/\\\/alcompasrevista.com\\\/\",\"name\":\"Revista Al Comp\u00e0s\",\"description\":\"Un proyecto de la Federaci\u00f3n de Sociedades Musicales de la Comunidad Valenciana\",\"publisher\":{\"@id\":\"https:\\\/\\\/alcompasrevista.com\\\/#organization\"},\"potentialAction\":[{\"@type\":\"SearchAction\",\"target\":{\"@type\":\"EntryPoint\",\"urlTemplate\":\"https:\\\/\\\/alcompasrevista.com\\\/?s={search_term_string}\"},\"query-input\":{\"@type\":\"PropertyValueSpecification\",\"valueRequired\":true,\"valueName\":\"search_term_string\"}}],\"inLanguage\":\"va\"},{\"@type\":\"Organization\",\"@id\":\"https:\\\/\\\/alcompasrevista.com\\\/#organization\",\"name\":\"Revista Al Comp\u00e0s\",\"url\":\"https:\\\/\\\/alcompasrevista.com\\\/\",\"logo\":{\"@type\":\"ImageObject\",\"inLanguage\":\"va\",\"@id\":\"https:\\\/\\\/alcompasrevista.com\\\/#\\\/schema\\\/logo\\\/image\\\/\",\"url\":\"https:\\\/\\\/alcompasrevista.com\\\/wp-content\\\/uploads\\\/2022\\\/04\\\/cropped-loog_blanco.png\",\"contentUrl\":\"https:\\\/\\\/alcompasrevista.com\\\/wp-content\\\/uploads\\\/2022\\\/04\\\/cropped-loog_blanco.png\",\"width\":1612,\"height\":724,\"caption\":\"Revista Al Comp\u00e0s\"},\"image\":{\"@id\":\"https:\\\/\\\/alcompasrevista.com\\\/#\\\/schema\\\/logo\\\/image\\\/\"}},{\"@type\":\"Person\",\"@id\":\"https:\\\/\\\/alcompasrevista.com\\\/#\\\/schema\\\/person\\\/0f092e7196386afa42171db0d19a38ff\",\"name\":\"Redacci\u00f3n\",\"image\":{\"@type\":\"ImageObject\",\"inLanguage\":\"va\",\"@id\":\"https:\\\/\\\/secure.gravatar.com\\\/avatar\\\/e2831619d4dae93995d3da450c50013d912e0b8bdf34d9ea00126d97c2b7702e?s=96&d=mm&r=g\",\"url\":\"https:\\\/\\\/secure.gravatar.com\\\/avatar\\\/e2831619d4dae93995d3da450c50013d912e0b8bdf34d9ea00126d97c2b7702e?s=96&d=mm&r=g\",\"contentUrl\":\"https:\\\/\\\/secure.gravatar.com\\\/avatar\\\/e2831619d4dae93995d3da450c50013d912e0b8bdf34d9ea00126d97c2b7702e?s=96&d=mm&r=g\",\"caption\":\"Redacci\u00f3n\"},\"url\":\"https:\\\/\\\/alcompasrevista.com\\\/va\\\/archivos\\\/author\\\/257_webmaster\"}]}<\/script>\n<!-- \/ Yoast SEO plugin. -->","yoast_head_json":{"title":"Daniela Gonz\u00e1lez reelegida presidenta de la Federaci\u00f3 de Societats Musicals de la Comunitat Valenciana - Revista Al Comp\u00e0s","robots":{"index":"index","follow":"follow","max-snippet":"max-snippet:-1","max-image-preview":"max-image-preview:large","max-video-preview":"max-video-preview:-1"},"canonical":"https:\/\/alcompasrevista.com\/archivos\/10308","og_locale":"en_US","og_type":"article","og_title":"Daniela Gonz\u00e1lez reelegida presidenta de la Federaci\u00f3 de Societats Musicals de la Comunitat Valenciana - Revista Al Comp\u00e0s","og_description":"Daniela Gonz\u00e1lez presidir\u00e0 la Federaci\u00f3 de Societats Musicals de la Comunitat Valenciana durant quatre anys m\u00e9s. L&#8217;actual dirigent regeix la instituci\u00f3 des de 2019 i ha renovat el c\u00e0rrec durant [&hellip;]","og_url":"https:\/\/alcompasrevista.com\/archivos\/10308","og_site_name":"Revista Al Comp\u00e0s","article_published_time":"2022-10-24T08:10:04+00:00","article_modified_time":"2022-10-24T08:12:29+00:00","og_image":[{"width":760,"height":430,"url":"https:\/\/alcompasrevista.com\/wp-content\/uploads\/2022\/10\/Diseno-sin-titulo-40.jpg","type":"image\/jpeg"}],"author":"Redacci\u00f3n","twitter_card":"summary_large_image","twitter_misc":{"Written by":"Redacci\u00f3","Est. reading time":"3 minutes"},"schema":{"@context":"https:\/\/schema.org","@graph":[{"@type":"Article","@id":"https:\/\/alcompasrevista.com\/archivos\/10308#article","isPartOf":{"@id":"https:\/\/alcompasrevista.com\/archivos\/10308"},"author":{"name":"Redacci\u00f3n","@id":"https:\/\/alcompasrevista.com\/#\/schema\/person\/0f092e7196386afa42171db0d19a38ff"},"headline":"Daniela Gonz\u00e1lez reelegida presidenta de la Federaci\u00f3 de Societats Musicals de la Comunitat Valenciana","datePublished":"2022-10-24T08:10:04+00:00","dateModified":"2022-10-24T08:12:29+00:00","mainEntityOfPage":{"@id":"https:\/\/alcompasrevista.com\/archivos\/10308"},"wordCount":533,"publisher":{"@id":"https:\/\/alcompasrevista.com\/#organization"},"image":{"@id":"https:\/\/alcompasrevista.com\/archivos\/10308#primaryimage"},"thumbnailUrl":"https:\/\/alcompasrevista.com\/wp-content\/uploads\/2022\/10\/Diseno-sin-titulo-40.jpg","keywords":["Asamblea","Asamblea General","Daniela Gonz\u00e1lez"],"articleSection":["#Not\u00edcies"],"inLanguage":"va"},{"@type":"WebPage","@id":"https:\/\/alcompasrevista.com\/archivos\/10308","url":"https:\/\/alcompasrevista.com\/archivos\/10308","name":"Daniela Gonz\u00e1lez reelegida presidenta de la Federaci\u00f3 de Societats Musicals de la Comunitat Valenciana - Revista Al Comp\u00e0s","isPartOf":{"@id":"https:\/\/alcompasrevista.com\/#website"},"primaryImageOfPage":{"@id":"https:\/\/alcompasrevista.com\/archivos\/10308#primaryimage"},"image":{"@id":"https:\/\/alcompasrevista.com\/archivos\/10308#primaryimage"},"thumbnailUrl":"https:\/\/alcompasrevista.com\/wp-content\/uploads\/2022\/10\/Diseno-sin-titulo-40.jpg","datePublished":"2022-10-24T08:10:04+00:00","dateModified":"2022-10-24T08:12:29+00:00","breadcrumb":{"@id":"https:\/\/alcompasrevista.com\/archivos\/10308#breadcrumb"},"inLanguage":"va","potentialAction":[{"@type":"ReadAction","target":["https:\/\/alcompasrevista.com\/archivos\/10308"]}]},{"@type":"ImageObject","inLanguage":"va","@id":"https:\/\/alcompasrevista.com\/archivos\/10308#primaryimage","url":"https:\/\/alcompasrevista.com\/wp-content\/uploads\/2022\/10\/Diseno-sin-titulo-40.jpg","contentUrl":"https:\/\/alcompasrevista.com\/wp-content\/uploads\/2022\/10\/Diseno-sin-titulo-40.jpg","width":760,"height":430},{"@type":"BreadcrumbList","@id":"https:\/\/alcompasrevista.com\/archivos\/10308#breadcrumb","itemListElement":[{"@type":"ListItem","position":1,"name":"Portada","item":"https:\/\/alcompasrevista.com\/va"},{"@type":"ListItem","position":2,"name":"Daniela Gonz\u00e1lez reelegida presidenta de la Federaci\u00f3 de Societats Musicals de la Comunitat Valenciana"}]},{"@type":"WebSite","@id":"https:\/\/alcompasrevista.com\/#website","url":"https:\/\/alcompasrevista.com\/","name":"Revista Al Comp\u00e0s","description":"Un proyecto de la Federaci\u00f3n de Sociedades Musicales de la Comunidad Valenciana","publisher":{"@id":"https:\/\/alcompasrevista.com\/#organization"},"potentialAction":[{"@type":"SearchAction","target":{"@type":"EntryPoint","urlTemplate":"https:\/\/alcompasrevista.com\/?s={search_term_string}"},"query-input":{"@type":"PropertyValueSpecification","valueRequired":true,"valueName":"search_term_string"}}],"inLanguage":"va"},{"@type":"Organization","@id":"https:\/\/alcompasrevista.com\/#organization","name":"Revista Al Comp\u00e0s","url":"https:\/\/alcompasrevista.com\/","logo":{"@type":"ImageObject","inLanguage":"va","@id":"https:\/\/alcompasrevista.com\/#\/schema\/logo\/image\/","url":"https:\/\/alcompasrevista.com\/wp-content\/uploads\/2022\/04\/cropped-loog_blanco.png","contentUrl":"https:\/\/alcompasrevista.com\/wp-content\/uploads\/2022\/04\/cropped-loog_blanco.png","width":1612,"height":724,"caption":"Revista Al Comp\u00e0s"},"image":{"@id":"https:\/\/alcompasrevista.com\/#\/schema\/logo\/image\/"}},{"@type":"Person","@id":"https:\/\/alcompasrevista.com\/#\/schema\/person\/0f092e7196386afa42171db0d19a38ff","name":"Redacci\u00f3n","image":{"@type":"ImageObject","inLanguage":"va","@id":"https:\/\/secure.gravatar.com\/avatar\/e2831619d4dae93995d3da450c50013d912e0b8bdf34d9ea00126d97c2b7702e?s=96&d=mm&r=g","url":"https:\/\/secure.gravatar.com\/avatar\/e2831619d4dae93995d3da450c50013d912e0b8bdf34d9ea00126d97c2b7702e?s=96&d=mm&r=g","contentUrl":"https:\/\/secure.gravatar.com\/avatar\/e2831619d4dae93995d3da450c50013d912e0b8bdf34d9ea00126d97c2b7702e?s=96&d=mm&r=g","caption":"Redacci\u00f3n"},"url":"https:\/\/alcompasrevista.com\/va\/archivos\/author\/257_webmaster"}]}},"_links":{"self":[{"href":"https:\/\/alcompasrevista.com\/va\/wp-json\/wp\/v2\/posts\/10313","targetHints":{"allow":["GET"]}}],"collection":[{"href":"https:\/\/alcompasrevista.com\/va\/wp-json\/wp\/v2\/posts"}],"about":[{"href":"https:\/\/alcompasrevista.com\/va\/wp-json\/wp\/v2\/types\/post"}],"author":[{"embeddable":true,"href":"https:\/\/alcompasrevista.com\/va\/wp-json\/wp\/v2\/users\/860004"}],"replies":[{"embeddable":true,"href":"https:\/\/alcompasrevista.com\/va\/wp-json\/wp\/v2\/comments?post=10313"}],"version-history":[{"count":0,"href":"https:\/\/alcompasrevista.com\/va\/wp-json\/wp\/v2\/posts\/10313\/revisions"}],"wp:featuredmedia":[{"embeddable":true,"href":"https:\/\/alcompasrevista.com\/va\/wp-json\/wp\/v2\/media\/10310"}],"wp:attachment":[{"href":"https:\/\/alcompasrevista.com\/va\/wp-json\/wp\/v2\/media?parent=10313"}],"wp:term":[{"taxonomy":"category","embeddable":true,"href":"https:\/\/alcompasrevista.com\/va\/wp-json\/wp\/v2\/categories?post=10313"},{"taxonomy":"post_tag","embeddable":true,"href":"https:\/\/alcompasrevista.com\/va\/wp-json\/wp\/v2\/tags?post=10313"},{"taxonomy":"portada","embeddable":true,"href":"https:\/\/alcompasrevista.com\/va\/wp-json\/wp\/v2\/portada?post=10313"}],"curies":[{"name":"wp","href":"https:\/\/api.w.org\/{rel}","templated":true}]}}