{"id":10059,"date":"2022-10-17T10:46:00","date_gmt":"2022-10-17T08:46:00","guid":{"rendered":"https:\/\/alcompasrevista.com\/the-schola-cantorum-and-the-unio-vallduxense-obtain-the-first-prize-and-the-honorable-mention-in-the-first-and-second-sections-of-the-xliii-certamen-provincial-de-bandes\/"},"modified":"2022-10-17T10:59:23","modified_gmt":"2022-10-17T08:59:23","slug":"the-schola-cantorum-and-the-unio-vallduxense-obtain-the-first-prize-and-the-honorable-mention-in-the-first-and-second-sections-of-the-xliii-certamen-provincial-de-bandes","status":"publish","type":"post","link":"https:\/\/alcompasrevista.com\/va\/archivos\/10059","title":{"rendered":"La Schola Cantorum i la Uni\u00f3 Vallduxense  primer premi i l&#8217;esment d&#8217;honor en el XLIII Certamen Provincial de Bandes de M\u00fasica"},"content":{"rendered":"\n<p>La Schola Cantorum i la Uni\u00f3 Vallduxense, totes dues de la Vall d&#8217;Uix\u00f3, s&#8217;han imposat en el XLIII Certamen Provincial de Bandes de M\u00fasica celebrat a l&#8217;auditori de la Vall d&#8217;Uix\u00f3 en les seccions primera i segona, respectivament. Aix\u00ed ho ha donat a con\u00e9ixer el jurat en finalitzar la segona i \u00faltima sessi\u00f3 del certamen que, per primera vegada, s&#8217;ha pogut seguir per les xarxes socials de la Diputaci\u00f3 de Castell\u00f3.<\/p>\n\n\n\n<p>L&#8217;esdeveniment ha arrancat amb l&#8217;actuaci\u00f3 corresponent a la segona secci\u00f3 (bandes de 51 a 70 m\u00fasics) amb la Uni\u00f3 Musical Vallduxense, sota la batuta d&#8217;\u00c1ngel Mart\u00ednez Cruz, interpretant \u2018Nautilus\u2019 de Juan Luis Roig Colom (obra obligada), el pasdoble \u2018Lara Sos Boix\u2019 de Francisco Signes i \u2018Terra de *Reis\u201d de Pere Sanz (obra lliure).<\/p>\n\n\n\n<p>Seguidament ha sigut el torn de la primera secci\u00f3 (bandes entre 71 i 90 m\u00fasics) amb la banda Ateneu Musical Schola Cantorum de la Vall d&#8217;Uix\u00f3 i el seu director Rafa Grau Vilar interpretant \u2018*Der Kapellmeister\u2019 de Daniel Vicente Royo Talamantes (obra obligada), el pasdoble \u2018Ateneu Musical Schola Cantorum\u2019 de Vicent Ortiz i \u2018El jard\u00edn de Hera\u2019 de Jos\u00e9 S\u00fa\u00f1er (obra lliure).<\/p>\n\n\n\n<p>Cal destacar l&#8217;esment que ha rebut l&#8217;Ateneu Musical Schola Cantorum per la millor interpretaci\u00f3 d&#8217;una obra lliure de compositor valenci\u00e0.<\/p>\n\n\n\n<p><strong>Sistema de puntuaci\u00f3<\/strong><\/p>\n\n\n\n<p>Els premis estipulats per a cada secci\u00f3 s\u00f3n els seg\u00fcents:<\/p>\n\n\n\n<p>\u2192&nbsp;primer premi, a les bandes que obtinguen de 320 a 400 punts.<\/p>\n\n\n\n<p>\u2192&nbsp;segon premi, a les quals aconseguisquen entre 260 i 319 punts.<\/p>\n\n\n\n<p>\u2192&nbsp;tercer premi, a les quals obtinguen entre 200 i 259 punts.<\/p>\n\n\n\n<p>\u2192&nbsp;s&#8217;entrega esment d&#8217;honor a les bandes que obtinguen la major puntuaci\u00f3 en cadascuna de les seccions.<\/p>\n\n\n\n<p>En concepte de participaci\u00f3 s&#8217;atorgaran a totes les bandes concursants en la secci\u00f3 primera 4.500 euros i en la secci\u00f3 segona 4.000 euros.<\/p>\n\n\n\n<p>A m\u00e9s, s&#8217;atorgar\u00e0 2.100 euros en concepte de premi a cadascuna de les bandes que aconseguisquen l&#8217;Esment d&#8217;Honor 2.100 com a guanyadors en les seues seccions.<\/p>\n\n\n\n<p>La puntuaci\u00f3 atorgada pel jurat a la secci\u00f3 primera ha sigut la seg\u00fcent: Schola cantorum de la Vall d&#8217;Uix\u00f3, 354 punts. Es fa creditora al primer premi, l&#8217;esment d&#8217;honor i la participaci\u00f3 en el certamen de bandes de la Comunitat Valenciana.<\/p>\n\n\n\n<p>La puntuaci\u00f3 de la secci\u00f3 segona ha sigut de 320,50 punt per a l&#8217;Uni\u00f3 Musical Vallduxense de la Vall d&#8217;Uix\u00f3. Es fa creditora al primer lloc, esment d&#8217;honor i passe al certamen auton\u00f2mic de bandes.<\/p>\n\n\n\n<p>Cal recordar que en la primera jornada del certamen, celebrada ahir dissabte, la Banda de M\u00fasica de Font d\u2019En Destrals de Benassal i la Uni\u00f3 Musical San Jos\u00e9 de Calasanz de Castell\u00f3 van ser les guanyadores del XLIII Certamen Provincial de Bandes de M\u00fasica celebrat a l&#8217;auditori de la Vall d&#8217;Uix\u00f3 en les seccions tercera i quarta, respectivament. En conseq\u00fc\u00e8ncia, ambdues han sigut seleccionades per a participar en el certamen auton\u00f2mic de la Comunitat Valenciana.<\/p>\n\n\n\n<p><strong>El jurat<\/strong><\/p>\n\n\n\n<p>El jurat est\u00e0 format, com a vocals, pel compositor i director Ferrer Ferran, el compositor i director musical Jos\u00e9 Hugo Mart\u00ednez Chinesta, la compositora i arranjadora Mar\u00eda Jos\u00e9 Belenguer Dolz, el compositor i director d&#8217;orquestra David Penad\u00e9s Fasanar i la directora d&#8217;orquestra Inmaculada Mateu Fortu\u00f1o. La presid\u00e8ncia del jurat recau en la diputada provincial de Cultura, Ruth Sanz.<\/p>\n","protected":false},"excerpt":{"rendered":"<p>La Schola Cantorum i la Uni\u00f3 Vallduxense, totes dues de la Vall d&#8217;Uix\u00f3, s&#8217;han imposat en el XLIII Certamen Provincial de Bandes de M\u00fasica celebrat a l&#8217;auditori de la Vall [&hellip;]<\/p>\n","protected":false},"author":860004,"featured_media":10057,"comment_status":"closed","ping_status":"closed","sticky":false,"template":"","format":"standard","meta":{"footnotes":""},"categories":[29],"tags":[383,384],"portada":[382,241,381],"class_list":["post-10059","post","type-post","status-publish","format-standard","has-post-thumbnail","hentry","category-noticies-va","tag-castellon-va","tag-contest-castellon","portada-castello","portada-fsmcv","portada-xliii-certamen-provincial-de-bandes"],"yoast_head":"<!-- This site is optimized with the Yoast SEO plugin v27.4 - https:\/\/yoast.com\/product\/yoast-seo-wordpress\/ -->\n<title>La Schola Cantorum i la Uni\u00f3 Vallduxense primer premi i l&#039;esment d&#039;honor en el XLIII Certamen Provincial de Bandes de M\u00fasica - Revista Al Comp\u00e0s<\/title>\n<meta name=\"robots\" content=\"index, follow, max-snippet:-1, max-image-preview:large, max-video-preview:-1\" \/>\n<link rel=\"canonical\" href=\"https:\/\/alcompasrevista.com\/archivos\/10055\" \/>\n<meta property=\"og:locale\" content=\"en_US\" \/>\n<meta property=\"og:type\" content=\"article\" \/>\n<meta property=\"og:title\" content=\"La Schola Cantorum i la Uni\u00f3 Vallduxense primer premi i l&#039;esment d&#039;honor en el XLIII Certamen Provincial de Bandes de M\u00fasica - Revista Al Comp\u00e0s\" \/>\n<meta property=\"og:description\" content=\"La Schola Cantorum i la Uni\u00f3 Vallduxense, totes dues de la Vall d&#8217;Uix\u00f3, s&#8217;han imposat en el XLIII Certamen Provincial de Bandes de M\u00fasica celebrat a l&#8217;auditori de la Vall [&hellip;]\" \/>\n<meta property=\"og:url\" content=\"https:\/\/alcompasrevista.com\/archivos\/10055\" \/>\n<meta property=\"og:site_name\" content=\"Revista Al Comp\u00e0s\" \/>\n<meta property=\"article:published_time\" content=\"2022-10-17T08:46:00+00:00\" \/>\n<meta property=\"article:modified_time\" content=\"2022-10-17T08:59:23+00:00\" \/>\n<meta property=\"og:image\" content=\"https:\/\/alcompasrevista.com\/wp-content\/uploads\/2022\/10\/Diseno-sin-titulo-71.jpg\" \/>\n\t<meta property=\"og:image:width\" content=\"760\" \/>\n\t<meta property=\"og:image:height\" content=\"430\" \/>\n\t<meta property=\"og:image:type\" content=\"image\/jpeg\" \/>\n<meta name=\"author\" content=\"Redacci\u00f3n\" \/>\n<meta name=\"twitter:card\" content=\"summary_large_image\" \/>\n<meta name=\"twitter:label1\" content=\"Written by\" \/>\n\t<meta name=\"twitter:data1\" content=\"Redacci\u00f3\" \/>\n\t<meta name=\"twitter:label2\" content=\"Est. reading time\" \/>\n\t<meta name=\"twitter:data2\" content=\"3 minutes\" \/>\n<script type=\"application\/ld+json\" class=\"yoast-schema-graph\">{\"@context\":\"https:\\\/\\\/schema.org\",\"@graph\":[{\"@type\":\"Article\",\"@id\":\"https:\\\/\\\/alcompasrevista.com\\\/archivos\\\/10055#article\",\"isPartOf\":{\"@id\":\"https:\\\/\\\/alcompasrevista.com\\\/archivos\\\/10055\"},\"author\":{\"name\":\"Redacci\u00f3n\",\"@id\":\"https:\\\/\\\/alcompasrevista.com\\\/#\\\/schema\\\/person\\\/0f092e7196386afa42171db0d19a38ff\"},\"headline\":\"La Schola Cantorum i la Uni\u00f3 Vallduxense primer premi i l&#8217;esment d&#8217;honor en el XLIII Certamen Provincial de Bandes de M\u00fasica\",\"datePublished\":\"2022-10-17T08:46:00+00:00\",\"dateModified\":\"2022-10-17T08:59:23+00:00\",\"mainEntityOfPage\":{\"@id\":\"https:\\\/\\\/alcompasrevista.com\\\/archivos\\\/10055\"},\"wordCount\":591,\"publisher\":{\"@id\":\"https:\\\/\\\/alcompasrevista.com\\\/#organization\"},\"image\":{\"@id\":\"https:\\\/\\\/alcompasrevista.com\\\/archivos\\\/10055#primaryimage\"},\"thumbnailUrl\":\"https:\\\/\\\/alcompasrevista.com\\\/wp-content\\\/uploads\\\/2022\\\/10\\\/Diseno-sin-titulo-71.jpg\",\"keywords\":[\"Castell\u00f3n\",\"contest Castell\u00f3n\"],\"articleSection\":[\"#Not\u00edcies\"],\"inLanguage\":\"va\"},{\"@type\":\"WebPage\",\"@id\":\"https:\\\/\\\/alcompasrevista.com\\\/archivos\\\/10055\",\"url\":\"https:\\\/\\\/alcompasrevista.com\\\/archivos\\\/10055\",\"name\":\"La Schola Cantorum i la Uni\u00f3 Vallduxense primer premi i l'esment d'honor en el XLIII Certamen Provincial de Bandes de M\u00fasica - Revista Al Comp\u00e0s\",\"isPartOf\":{\"@id\":\"https:\\\/\\\/alcompasrevista.com\\\/#website\"},\"primaryImageOfPage\":{\"@id\":\"https:\\\/\\\/alcompasrevista.com\\\/archivos\\\/10055#primaryimage\"},\"image\":{\"@id\":\"https:\\\/\\\/alcompasrevista.com\\\/archivos\\\/10055#primaryimage\"},\"thumbnailUrl\":\"https:\\\/\\\/alcompasrevista.com\\\/wp-content\\\/uploads\\\/2022\\\/10\\\/Diseno-sin-titulo-71.jpg\",\"datePublished\":\"2022-10-17T08:46:00+00:00\",\"dateModified\":\"2022-10-17T08:59:23+00:00\",\"breadcrumb\":{\"@id\":\"https:\\\/\\\/alcompasrevista.com\\\/archivos\\\/10055#breadcrumb\"},\"inLanguage\":\"va\",\"potentialAction\":[{\"@type\":\"ReadAction\",\"target\":[\"https:\\\/\\\/alcompasrevista.com\\\/archivos\\\/10055\"]}]},{\"@type\":\"ImageObject\",\"inLanguage\":\"va\",\"@id\":\"https:\\\/\\\/alcompasrevista.com\\\/archivos\\\/10055#primaryimage\",\"url\":\"https:\\\/\\\/alcompasrevista.com\\\/wp-content\\\/uploads\\\/2022\\\/10\\\/Diseno-sin-titulo-71.jpg\",\"contentUrl\":\"https:\\\/\\\/alcompasrevista.com\\\/wp-content\\\/uploads\\\/2022\\\/10\\\/Diseno-sin-titulo-71.jpg\",\"width\":760,\"height\":430},{\"@type\":\"BreadcrumbList\",\"@id\":\"https:\\\/\\\/alcompasrevista.com\\\/archivos\\\/10055#breadcrumb\",\"itemListElement\":[{\"@type\":\"ListItem\",\"position\":1,\"name\":\"Portada\",\"item\":\"https:\\\/\\\/alcompasrevista.com\\\/va\"},{\"@type\":\"ListItem\",\"position\":2,\"name\":\"La Schola Cantorum i la Uni\u00f3 Vallduxense primer premi i l&#8217;esment d&#8217;honor en el XLIII Certamen Provincial de Bandes de M\u00fasica\"}]},{\"@type\":\"WebSite\",\"@id\":\"https:\\\/\\\/alcompasrevista.com\\\/#website\",\"url\":\"https:\\\/\\\/alcompasrevista.com\\\/\",\"name\":\"Revista Al Comp\u00e0s\",\"description\":\"Un proyecto de la Federaci\u00f3n de Sociedades Musicales de la Comunidad Valenciana\",\"publisher\":{\"@id\":\"https:\\\/\\\/alcompasrevista.com\\\/#organization\"},\"potentialAction\":[{\"@type\":\"SearchAction\",\"target\":{\"@type\":\"EntryPoint\",\"urlTemplate\":\"https:\\\/\\\/alcompasrevista.com\\\/?s={search_term_string}\"},\"query-input\":{\"@type\":\"PropertyValueSpecification\",\"valueRequired\":true,\"valueName\":\"search_term_string\"}}],\"inLanguage\":\"va\"},{\"@type\":\"Organization\",\"@id\":\"https:\\\/\\\/alcompasrevista.com\\\/#organization\",\"name\":\"Revista Al Comp\u00e0s\",\"url\":\"https:\\\/\\\/alcompasrevista.com\\\/\",\"logo\":{\"@type\":\"ImageObject\",\"inLanguage\":\"va\",\"@id\":\"https:\\\/\\\/alcompasrevista.com\\\/#\\\/schema\\\/logo\\\/image\\\/\",\"url\":\"https:\\\/\\\/alcompasrevista.com\\\/wp-content\\\/uploads\\\/2022\\\/04\\\/cropped-loog_blanco.png\",\"contentUrl\":\"https:\\\/\\\/alcompasrevista.com\\\/wp-content\\\/uploads\\\/2022\\\/04\\\/cropped-loog_blanco.png\",\"width\":1612,\"height\":724,\"caption\":\"Revista Al Comp\u00e0s\"},\"image\":{\"@id\":\"https:\\\/\\\/alcompasrevista.com\\\/#\\\/schema\\\/logo\\\/image\\\/\"}},{\"@type\":\"Person\",\"@id\":\"https:\\\/\\\/alcompasrevista.com\\\/#\\\/schema\\\/person\\\/0f092e7196386afa42171db0d19a38ff\",\"name\":\"Redacci\u00f3n\",\"image\":{\"@type\":\"ImageObject\",\"inLanguage\":\"va\",\"@id\":\"https:\\\/\\\/secure.gravatar.com\\\/avatar\\\/e2831619d4dae93995d3da450c50013d912e0b8bdf34d9ea00126d97c2b7702e?s=96&d=mm&r=g\",\"url\":\"https:\\\/\\\/secure.gravatar.com\\\/avatar\\\/e2831619d4dae93995d3da450c50013d912e0b8bdf34d9ea00126d97c2b7702e?s=96&d=mm&r=g\",\"contentUrl\":\"https:\\\/\\\/secure.gravatar.com\\\/avatar\\\/e2831619d4dae93995d3da450c50013d912e0b8bdf34d9ea00126d97c2b7702e?s=96&d=mm&r=g\",\"caption\":\"Redacci\u00f3n\"},\"url\":\"https:\\\/\\\/alcompasrevista.com\\\/va\\\/archivos\\\/author\\\/257_webmaster\"}]}<\/script>\n<!-- \/ Yoast SEO plugin. -->","yoast_head_json":{"title":"La Schola Cantorum i la Uni\u00f3 Vallduxense primer premi i l'esment d'honor en el XLIII Certamen Provincial de Bandes de M\u00fasica - Revista Al Comp\u00e0s","robots":{"index":"index","follow":"follow","max-snippet":"max-snippet:-1","max-image-preview":"max-image-preview:large","max-video-preview":"max-video-preview:-1"},"canonical":"https:\/\/alcompasrevista.com\/archivos\/10055","og_locale":"en_US","og_type":"article","og_title":"La Schola Cantorum i la Uni\u00f3 Vallduxense primer premi i l'esment d'honor en el XLIII Certamen Provincial de Bandes de M\u00fasica - Revista Al Comp\u00e0s","og_description":"La Schola Cantorum i la Uni\u00f3 Vallduxense, totes dues de la Vall d&#8217;Uix\u00f3, s&#8217;han imposat en el XLIII Certamen Provincial de Bandes de M\u00fasica celebrat a l&#8217;auditori de la Vall [&hellip;]","og_url":"https:\/\/alcompasrevista.com\/archivos\/10055","og_site_name":"Revista Al Comp\u00e0s","article_published_time":"2022-10-17T08:46:00+00:00","article_modified_time":"2022-10-17T08:59:23+00:00","og_image":[{"width":760,"height":430,"url":"https:\/\/alcompasrevista.com\/wp-content\/uploads\/2022\/10\/Diseno-sin-titulo-71.jpg","type":"image\/jpeg"}],"author":"Redacci\u00f3n","twitter_card":"summary_large_image","twitter_misc":{"Written by":"Redacci\u00f3","Est. reading time":"3 minutes"},"schema":{"@context":"https:\/\/schema.org","@graph":[{"@type":"Article","@id":"https:\/\/alcompasrevista.com\/archivos\/10055#article","isPartOf":{"@id":"https:\/\/alcompasrevista.com\/archivos\/10055"},"author":{"name":"Redacci\u00f3n","@id":"https:\/\/alcompasrevista.com\/#\/schema\/person\/0f092e7196386afa42171db0d19a38ff"},"headline":"La Schola Cantorum i la Uni\u00f3 Vallduxense primer premi i l&#8217;esment d&#8217;honor en el XLIII Certamen Provincial de Bandes de M\u00fasica","datePublished":"2022-10-17T08:46:00+00:00","dateModified":"2022-10-17T08:59:23+00:00","mainEntityOfPage":{"@id":"https:\/\/alcompasrevista.com\/archivos\/10055"},"wordCount":591,"publisher":{"@id":"https:\/\/alcompasrevista.com\/#organization"},"image":{"@id":"https:\/\/alcompasrevista.com\/archivos\/10055#primaryimage"},"thumbnailUrl":"https:\/\/alcompasrevista.com\/wp-content\/uploads\/2022\/10\/Diseno-sin-titulo-71.jpg","keywords":["Castell\u00f3n","contest Castell\u00f3n"],"articleSection":["#Not\u00edcies"],"inLanguage":"va"},{"@type":"WebPage","@id":"https:\/\/alcompasrevista.com\/archivos\/10055","url":"https:\/\/alcompasrevista.com\/archivos\/10055","name":"La Schola Cantorum i la Uni\u00f3 Vallduxense primer premi i l'esment d'honor en el XLIII Certamen Provincial de Bandes de M\u00fasica - Revista Al Comp\u00e0s","isPartOf":{"@id":"https:\/\/alcompasrevista.com\/#website"},"primaryImageOfPage":{"@id":"https:\/\/alcompasrevista.com\/archivos\/10055#primaryimage"},"image":{"@id":"https:\/\/alcompasrevista.com\/archivos\/10055#primaryimage"},"thumbnailUrl":"https:\/\/alcompasrevista.com\/wp-content\/uploads\/2022\/10\/Diseno-sin-titulo-71.jpg","datePublished":"2022-10-17T08:46:00+00:00","dateModified":"2022-10-17T08:59:23+00:00","breadcrumb":{"@id":"https:\/\/alcompasrevista.com\/archivos\/10055#breadcrumb"},"inLanguage":"va","potentialAction":[{"@type":"ReadAction","target":["https:\/\/alcompasrevista.com\/archivos\/10055"]}]},{"@type":"ImageObject","inLanguage":"va","@id":"https:\/\/alcompasrevista.com\/archivos\/10055#primaryimage","url":"https:\/\/alcompasrevista.com\/wp-content\/uploads\/2022\/10\/Diseno-sin-titulo-71.jpg","contentUrl":"https:\/\/alcompasrevista.com\/wp-content\/uploads\/2022\/10\/Diseno-sin-titulo-71.jpg","width":760,"height":430},{"@type":"BreadcrumbList","@id":"https:\/\/alcompasrevista.com\/archivos\/10055#breadcrumb","itemListElement":[{"@type":"ListItem","position":1,"name":"Portada","item":"https:\/\/alcompasrevista.com\/va"},{"@type":"ListItem","position":2,"name":"La Schola Cantorum i la Uni\u00f3 Vallduxense primer premi i l&#8217;esment d&#8217;honor en el XLIII Certamen Provincial de Bandes de M\u00fasica"}]},{"@type":"WebSite","@id":"https:\/\/alcompasrevista.com\/#website","url":"https:\/\/alcompasrevista.com\/","name":"Revista Al Comp\u00e0s","description":"Un proyecto de la Federaci\u00f3n de Sociedades Musicales de la Comunidad Valenciana","publisher":{"@id":"https:\/\/alcompasrevista.com\/#organization"},"potentialAction":[{"@type":"SearchAction","target":{"@type":"EntryPoint","urlTemplate":"https:\/\/alcompasrevista.com\/?s={search_term_string}"},"query-input":{"@type":"PropertyValueSpecification","valueRequired":true,"valueName":"search_term_string"}}],"inLanguage":"va"},{"@type":"Organization","@id":"https:\/\/alcompasrevista.com\/#organization","name":"Revista Al Comp\u00e0s","url":"https:\/\/alcompasrevista.com\/","logo":{"@type":"ImageObject","inLanguage":"va","@id":"https:\/\/alcompasrevista.com\/#\/schema\/logo\/image\/","url":"https:\/\/alcompasrevista.com\/wp-content\/uploads\/2022\/04\/cropped-loog_blanco.png","contentUrl":"https:\/\/alcompasrevista.com\/wp-content\/uploads\/2022\/04\/cropped-loog_blanco.png","width":1612,"height":724,"caption":"Revista Al Comp\u00e0s"},"image":{"@id":"https:\/\/alcompasrevista.com\/#\/schema\/logo\/image\/"}},{"@type":"Person","@id":"https:\/\/alcompasrevista.com\/#\/schema\/person\/0f092e7196386afa42171db0d19a38ff","name":"Redacci\u00f3n","image":{"@type":"ImageObject","inLanguage":"va","@id":"https:\/\/secure.gravatar.com\/avatar\/e2831619d4dae93995d3da450c50013d912e0b8bdf34d9ea00126d97c2b7702e?s=96&d=mm&r=g","url":"https:\/\/secure.gravatar.com\/avatar\/e2831619d4dae93995d3da450c50013d912e0b8bdf34d9ea00126d97c2b7702e?s=96&d=mm&r=g","contentUrl":"https:\/\/secure.gravatar.com\/avatar\/e2831619d4dae93995d3da450c50013d912e0b8bdf34d9ea00126d97c2b7702e?s=96&d=mm&r=g","caption":"Redacci\u00f3n"},"url":"https:\/\/alcompasrevista.com\/va\/archivos\/author\/257_webmaster"}]}},"_links":{"self":[{"href":"https:\/\/alcompasrevista.com\/va\/wp-json\/wp\/v2\/posts\/10059","targetHints":{"allow":["GET"]}}],"collection":[{"href":"https:\/\/alcompasrevista.com\/va\/wp-json\/wp\/v2\/posts"}],"about":[{"href":"https:\/\/alcompasrevista.com\/va\/wp-json\/wp\/v2\/types\/post"}],"author":[{"embeddable":true,"href":"https:\/\/alcompasrevista.com\/va\/wp-json\/wp\/v2\/users\/860004"}],"replies":[{"embeddable":true,"href":"https:\/\/alcompasrevista.com\/va\/wp-json\/wp\/v2\/comments?post=10059"}],"version-history":[{"count":0,"href":"https:\/\/alcompasrevista.com\/va\/wp-json\/wp\/v2\/posts\/10059\/revisions"}],"wp:featuredmedia":[{"embeddable":true,"href":"https:\/\/alcompasrevista.com\/va\/wp-json\/wp\/v2\/media\/10057"}],"wp:attachment":[{"href":"https:\/\/alcompasrevista.com\/va\/wp-json\/wp\/v2\/media?parent=10059"}],"wp:term":[{"taxonomy":"category","embeddable":true,"href":"https:\/\/alcompasrevista.com\/va\/wp-json\/wp\/v2\/categories?post=10059"},{"taxonomy":"post_tag","embeddable":true,"href":"https:\/\/alcompasrevista.com\/va\/wp-json\/wp\/v2\/tags?post=10059"},{"taxonomy":"portada","embeddable":true,"href":"https:\/\/alcompasrevista.com\/va\/wp-json\/wp\/v2\/portada?post=10059"}],"curies":[{"name":"wp","href":"https:\/\/api.w.org\/{rel}","templated":true}]}}