{"id":10028,"date":"2022-10-14T10:47:25","date_gmt":"2022-10-14T08:47:25","guid":{"rendered":"https:\/\/alcompasrevista.com\/?p=10028"},"modified":"2022-10-14T10:47:26","modified_gmt":"2022-10-14T08:47:26","slug":"gandia-acollira-el-cicle-de-concerts-a-la-banda-de-la-musica-fins-a-mitjans-de-desembre","status":"publish","type":"post","link":"https:\/\/alcompasrevista.com\/va\/archivos\/10028","title":{"rendered":"Gandia acollir\u00e0 el cicle de concerts &#8216;A la banda de la m\u00fasica&#8217; fins a mitjans de desembre"},"content":{"rendered":"\n<p>El proper dissabte 15 d\u2019octubre es celebrar\u00e0 la primera actuaci\u00f3 del cicle de concerts \u2018A la banda de la m\u00fasica\u2019 a Gandia, una s\u00e8rie d\u2019espectacles emmarcats dins del Cicle de Tardor. Aix\u00ed ho han presentat en roda de premsa el regidor de Cultura,&nbsp;<strong>Nahuel Gonz\u00e1lez L\u00f3pe<\/strong>z, i&nbsp;<strong>Vicent Mengual Caudeli<\/strong>, coordinador del projecte.<\/p>\n\n\n\n<p>\u201cTots els dissabtes d\u2019octubre i cada dos dissabtes de novembre i desembre hi haur\u00e0 una banda de m\u00fasica tocant a la ciutat\u201d, ha assenyalat Gonz\u00e1lez. A banda, l\u2019edil ha afegit que el projecte, elegit als pressupostos participatius de l\u2019any 2021, t\u00e9 l\u2019objectiu de \u201cdonar a con\u00e8ixer la m\u00fasica de bandes i, tanmateix, dinamitzar el sector comercial els caps de setmana\u201d.<\/p>\n\n\n\n<p>Per altra banda, Mengual ha detallat que \u201cel cicle de bandes de musica a la tardor t\u00e9 tamb\u00e9 l\u2019objectiu de vertebrar culturalment la ciutat i recuperar l\u2019antiga tradici\u00f3 que hi havia a la pla\u00e7a Rei Jaume I, on cada dissabte hi actuava la banda de m\u00fasica local\u201d. El coordinador ha concl\u00f2s afirmant que \u201cGandia es convertir\u00e0 en un punt de trobada per a les bandes de m\u00fasica del territori\u201d.<\/p>\n\n\n\n<p>Tots els espectacles seran gratu\u00efts i comen\u00e7aran amb un passacarrer a les 11:30 h pel Centre Hist\u00f2ric i un concert a les 12 h a la pla\u00e7a de l\u2019Escola Pia.<\/p>\n\n\n\n<p><strong>Programa:<\/strong><\/p>\n\n\n\n<p><strong>Octubre<\/strong><\/p>\n\n\n\n<p>&#8211; Dissabte 15 d\u2019octubre: Associaci\u00f3 Musical del Verger.<\/p>\n\n\n\n<p>&#8211; Dissabte 22 d\u2019octubre: Centre Musical de Beniopa.<\/p>\n\n\n\n<p>&#8211; Dissabte 29 d\u2019octubre: Uni\u00f3 Art\u00edstic Musical \u201cSant Francesc de Borja\u201d de Gandia.<\/p>\n\n\n\n<p><strong>Novembre<\/strong><\/p>\n\n\n\n<p>&#8211; Dissabte 5 de novembre: Uni\u00f3 Musical de Xeraco.<\/p>\n\n\n\n<p>&#8211; Dissabte 26 de novembre: Societat Musical de Benirredr\u00e0.<\/p>\n\n\n\n<p><strong>Desembre<\/strong><\/p>\n\n\n\n<p>&#8211; Dissabte 10 de desembre: Associaci\u00f3 Musical del Grau de Gandia.<\/p>\n\n\n\n<p>&#8211; Dissabte 17 de desembre: Agrupaci\u00f3 Musical Santa Cecilia d\u2019Ador.<\/p>\n\n\n\n<p><strong><\/strong><\/p>\n","protected":false},"excerpt":{"rendered":"<p>El proper dissabte 15 d\u2019octubre es celebrar\u00e0 la primera actuaci\u00f3 del cicle de concerts \u2018A la banda de la m\u00fasica\u2019 a Gandia, una s\u00e8rie d\u2019espectacles emmarcats dins del Cicle de Tardor. <\/p>\n","protected":false},"author":860004,"featured_media":10029,"comment_status":"closed","ping_status":"closed","sticky":false,"template":"","format":"standard","meta":{"footnotes":""},"categories":[29],"tags":[375,374],"portada":[],"class_list":["post-10028","post","type-post","status-publish","format-standard","has-post-thumbnail","hentry","category-noticies-va","tag-cicle-de-concerts","tag-gandia"],"yoast_head":"<!-- This site is optimized with the Yoast SEO plugin v27.4 - https:\/\/yoast.com\/product\/yoast-seo-wordpress\/ -->\n<title>Gandia acollir\u00e0 el cicle de concerts &#039;A la banda de la m\u00fasica&#039; fins a mitjans de desembre - Revista Al Comp\u00e0s<\/title>\n<meta name=\"robots\" content=\"index, follow, max-snippet:-1, max-image-preview:large, max-video-preview:-1\" \/>\n<link rel=\"canonical\" href=\"https:\/\/alcompasrevista.com\/archivos\/10032\" \/>\n<meta property=\"og:locale\" content=\"en_US\" \/>\n<meta property=\"og:type\" content=\"article\" \/>\n<meta property=\"og:title\" content=\"Gandia acollir\u00e0 el cicle de concerts &#039;A la banda de la m\u00fasica&#039; fins a mitjans de desembre - Revista Al Comp\u00e0s\" \/>\n<meta property=\"og:description\" content=\"El proper dissabte 15 d\u2019octubre es celebrar\u00e0 la primera actuaci\u00f3 del cicle de concerts \u2018A la banda de la m\u00fasica\u2019 a Gandia, una s\u00e8rie d\u2019espectacles emmarcats dins del Cicle de Tardor.\" \/>\n<meta property=\"og:url\" content=\"https:\/\/alcompasrevista.com\/archivos\/10032\" \/>\n<meta property=\"og:site_name\" content=\"Revista Al Comp\u00e0s\" \/>\n<meta property=\"article:published_time\" content=\"2022-10-14T08:47:25+00:00\" \/>\n<meta property=\"article:modified_time\" content=\"2022-10-14T08:47:26+00:00\" \/>\n<meta property=\"og:image\" content=\"https:\/\/alcompasrevista.com\/wp-content\/uploads\/2022\/10\/Diseno-sin-titulo-7.jpg\" \/>\n\t<meta property=\"og:image:width\" content=\"760\" \/>\n\t<meta property=\"og:image:height\" content=\"430\" \/>\n\t<meta property=\"og:image:type\" content=\"image\/jpeg\" \/>\n<meta name=\"author\" content=\"Redacci\u00f3n\" \/>\n<meta name=\"twitter:card\" content=\"summary_large_image\" \/>\n<meta name=\"twitter:label1\" content=\"Written by\" \/>\n\t<meta name=\"twitter:data1\" content=\"Redacci\u00f3\" \/>\n\t<meta name=\"twitter:label2\" content=\"Est. reading time\" \/>\n\t<meta name=\"twitter:data2\" content=\"2 minutes\" \/>\n<script type=\"application\/ld+json\" class=\"yoast-schema-graph\">{\"@context\":\"https:\\\/\\\/schema.org\",\"@graph\":[{\"@type\":\"Article\",\"@id\":\"https:\\\/\\\/alcompasrevista.com\\\/archivos\\\/10032#article\",\"isPartOf\":{\"@id\":\"https:\\\/\\\/alcompasrevista.com\\\/archivos\\\/10032\"},\"author\":{\"name\":\"Redacci\u00f3n\",\"@id\":\"https:\\\/\\\/alcompasrevista.com\\\/#\\\/schema\\\/person\\\/0f092e7196386afa42171db0d19a38ff\"},\"headline\":\"Gandia acollir\u00e0 el cicle de concerts &#8216;A la banda de la m\u00fasica&#8217; fins a mitjans de desembre\",\"datePublished\":\"2022-10-14T08:47:25+00:00\",\"dateModified\":\"2022-10-14T08:47:26+00:00\",\"mainEntityOfPage\":{\"@id\":\"https:\\\/\\\/alcompasrevista.com\\\/archivos\\\/10032\"},\"wordCount\":323,\"publisher\":{\"@id\":\"https:\\\/\\\/alcompasrevista.com\\\/#organization\"},\"image\":{\"@id\":\"https:\\\/\\\/alcompasrevista.com\\\/archivos\\\/10032#primaryimage\"},\"thumbnailUrl\":\"https:\\\/\\\/alcompasrevista.com\\\/wp-content\\\/uploads\\\/2022\\\/10\\\/Diseno-sin-titulo-7.jpg\",\"keywords\":[\"cicle de concerts\",\"Gandia\"],\"articleSection\":[\"#Not\u00edcies\"],\"inLanguage\":\"va\"},{\"@type\":\"WebPage\",\"@id\":\"https:\\\/\\\/alcompasrevista.com\\\/archivos\\\/10032\",\"url\":\"https:\\\/\\\/alcompasrevista.com\\\/archivos\\\/10032\",\"name\":\"Gandia acollir\u00e0 el cicle de concerts 'A la banda de la m\u00fasica' fins a mitjans de desembre - Revista Al Comp\u00e0s\",\"isPartOf\":{\"@id\":\"https:\\\/\\\/alcompasrevista.com\\\/#website\"},\"primaryImageOfPage\":{\"@id\":\"https:\\\/\\\/alcompasrevista.com\\\/archivos\\\/10032#primaryimage\"},\"image\":{\"@id\":\"https:\\\/\\\/alcompasrevista.com\\\/archivos\\\/10032#primaryimage\"},\"thumbnailUrl\":\"https:\\\/\\\/alcompasrevista.com\\\/wp-content\\\/uploads\\\/2022\\\/10\\\/Diseno-sin-titulo-7.jpg\",\"datePublished\":\"2022-10-14T08:47:25+00:00\",\"dateModified\":\"2022-10-14T08:47:26+00:00\",\"breadcrumb\":{\"@id\":\"https:\\\/\\\/alcompasrevista.com\\\/archivos\\\/10032#breadcrumb\"},\"inLanguage\":\"va\",\"potentialAction\":[{\"@type\":\"ReadAction\",\"target\":[\"https:\\\/\\\/alcompasrevista.com\\\/archivos\\\/10032\"]}]},{\"@type\":\"ImageObject\",\"inLanguage\":\"va\",\"@id\":\"https:\\\/\\\/alcompasrevista.com\\\/archivos\\\/10032#primaryimage\",\"url\":\"https:\\\/\\\/alcompasrevista.com\\\/wp-content\\\/uploads\\\/2022\\\/10\\\/Diseno-sin-titulo-7.jpg\",\"contentUrl\":\"https:\\\/\\\/alcompasrevista.com\\\/wp-content\\\/uploads\\\/2022\\\/10\\\/Diseno-sin-titulo-7.jpg\",\"width\":760,\"height\":430},{\"@type\":\"BreadcrumbList\",\"@id\":\"https:\\\/\\\/alcompasrevista.com\\\/archivos\\\/10032#breadcrumb\",\"itemListElement\":[{\"@type\":\"ListItem\",\"position\":1,\"name\":\"Portada\",\"item\":\"https:\\\/\\\/alcompasrevista.com\\\/va\"},{\"@type\":\"ListItem\",\"position\":2,\"name\":\"Gandia acollir\u00e0 el cicle de concerts &#8216;A la banda de la m\u00fasica&#8217; fins a mitjans de desembre\"}]},{\"@type\":\"WebSite\",\"@id\":\"https:\\\/\\\/alcompasrevista.com\\\/#website\",\"url\":\"https:\\\/\\\/alcompasrevista.com\\\/\",\"name\":\"Revista Al Comp\u00e0s\",\"description\":\"Un proyecto de la Federaci\u00f3n de Sociedades Musicales de la Comunidad Valenciana\",\"publisher\":{\"@id\":\"https:\\\/\\\/alcompasrevista.com\\\/#organization\"},\"potentialAction\":[{\"@type\":\"SearchAction\",\"target\":{\"@type\":\"EntryPoint\",\"urlTemplate\":\"https:\\\/\\\/alcompasrevista.com\\\/?s={search_term_string}\"},\"query-input\":{\"@type\":\"PropertyValueSpecification\",\"valueRequired\":true,\"valueName\":\"search_term_string\"}}],\"inLanguage\":\"va\"},{\"@type\":\"Organization\",\"@id\":\"https:\\\/\\\/alcompasrevista.com\\\/#organization\",\"name\":\"Revista Al Comp\u00e0s\",\"url\":\"https:\\\/\\\/alcompasrevista.com\\\/\",\"logo\":{\"@type\":\"ImageObject\",\"inLanguage\":\"va\",\"@id\":\"https:\\\/\\\/alcompasrevista.com\\\/#\\\/schema\\\/logo\\\/image\\\/\",\"url\":\"https:\\\/\\\/alcompasrevista.com\\\/wp-content\\\/uploads\\\/2022\\\/04\\\/cropped-loog_blanco.png\",\"contentUrl\":\"https:\\\/\\\/alcompasrevista.com\\\/wp-content\\\/uploads\\\/2022\\\/04\\\/cropped-loog_blanco.png\",\"width\":1612,\"height\":724,\"caption\":\"Revista Al Comp\u00e0s\"},\"image\":{\"@id\":\"https:\\\/\\\/alcompasrevista.com\\\/#\\\/schema\\\/logo\\\/image\\\/\"}},{\"@type\":\"Person\",\"@id\":\"https:\\\/\\\/alcompasrevista.com\\\/#\\\/schema\\\/person\\\/0f092e7196386afa42171db0d19a38ff\",\"name\":\"Redacci\u00f3n\",\"image\":{\"@type\":\"ImageObject\",\"inLanguage\":\"va\",\"@id\":\"https:\\\/\\\/secure.gravatar.com\\\/avatar\\\/e2831619d4dae93995d3da450c50013d912e0b8bdf34d9ea00126d97c2b7702e?s=96&d=mm&r=g\",\"url\":\"https:\\\/\\\/secure.gravatar.com\\\/avatar\\\/e2831619d4dae93995d3da450c50013d912e0b8bdf34d9ea00126d97c2b7702e?s=96&d=mm&r=g\",\"contentUrl\":\"https:\\\/\\\/secure.gravatar.com\\\/avatar\\\/e2831619d4dae93995d3da450c50013d912e0b8bdf34d9ea00126d97c2b7702e?s=96&d=mm&r=g\",\"caption\":\"Redacci\u00f3n\"},\"url\":\"https:\\\/\\\/alcompasrevista.com\\\/va\\\/archivos\\\/author\\\/257_webmaster\"}]}<\/script>\n<!-- \/ Yoast SEO plugin. -->","yoast_head_json":{"title":"Gandia acollir\u00e0 el cicle de concerts 'A la banda de la m\u00fasica' fins a mitjans de desembre - Revista Al Comp\u00e0s","robots":{"index":"index","follow":"follow","max-snippet":"max-snippet:-1","max-image-preview":"max-image-preview:large","max-video-preview":"max-video-preview:-1"},"canonical":"https:\/\/alcompasrevista.com\/archivos\/10032","og_locale":"en_US","og_type":"article","og_title":"Gandia acollir\u00e0 el cicle de concerts 'A la banda de la m\u00fasica' fins a mitjans de desembre - Revista Al Comp\u00e0s","og_description":"El proper dissabte 15 d\u2019octubre es celebrar\u00e0 la primera actuaci\u00f3 del cicle de concerts \u2018A la banda de la m\u00fasica\u2019 a Gandia, una s\u00e8rie d\u2019espectacles emmarcats dins del Cicle de Tardor.","og_url":"https:\/\/alcompasrevista.com\/archivos\/10032","og_site_name":"Revista Al Comp\u00e0s","article_published_time":"2022-10-14T08:47:25+00:00","article_modified_time":"2022-10-14T08:47:26+00:00","og_image":[{"width":760,"height":430,"url":"https:\/\/alcompasrevista.com\/wp-content\/uploads\/2022\/10\/Diseno-sin-titulo-7.jpg","type":"image\/jpeg"}],"author":"Redacci\u00f3n","twitter_card":"summary_large_image","twitter_misc":{"Written by":"Redacci\u00f3","Est. reading time":"2 minutes"},"schema":{"@context":"https:\/\/schema.org","@graph":[{"@type":"Article","@id":"https:\/\/alcompasrevista.com\/archivos\/10032#article","isPartOf":{"@id":"https:\/\/alcompasrevista.com\/archivos\/10032"},"author":{"name":"Redacci\u00f3n","@id":"https:\/\/alcompasrevista.com\/#\/schema\/person\/0f092e7196386afa42171db0d19a38ff"},"headline":"Gandia acollir\u00e0 el cicle de concerts &#8216;A la banda de la m\u00fasica&#8217; fins a mitjans de desembre","datePublished":"2022-10-14T08:47:25+00:00","dateModified":"2022-10-14T08:47:26+00:00","mainEntityOfPage":{"@id":"https:\/\/alcompasrevista.com\/archivos\/10032"},"wordCount":323,"publisher":{"@id":"https:\/\/alcompasrevista.com\/#organization"},"image":{"@id":"https:\/\/alcompasrevista.com\/archivos\/10032#primaryimage"},"thumbnailUrl":"https:\/\/alcompasrevista.com\/wp-content\/uploads\/2022\/10\/Diseno-sin-titulo-7.jpg","keywords":["cicle de concerts","Gandia"],"articleSection":["#Not\u00edcies"],"inLanguage":"va"},{"@type":"WebPage","@id":"https:\/\/alcompasrevista.com\/archivos\/10032","url":"https:\/\/alcompasrevista.com\/archivos\/10032","name":"Gandia acollir\u00e0 el cicle de concerts 'A la banda de la m\u00fasica' fins a mitjans de desembre - Revista Al Comp\u00e0s","isPartOf":{"@id":"https:\/\/alcompasrevista.com\/#website"},"primaryImageOfPage":{"@id":"https:\/\/alcompasrevista.com\/archivos\/10032#primaryimage"},"image":{"@id":"https:\/\/alcompasrevista.com\/archivos\/10032#primaryimage"},"thumbnailUrl":"https:\/\/alcompasrevista.com\/wp-content\/uploads\/2022\/10\/Diseno-sin-titulo-7.jpg","datePublished":"2022-10-14T08:47:25+00:00","dateModified":"2022-10-14T08:47:26+00:00","breadcrumb":{"@id":"https:\/\/alcompasrevista.com\/archivos\/10032#breadcrumb"},"inLanguage":"va","potentialAction":[{"@type":"ReadAction","target":["https:\/\/alcompasrevista.com\/archivos\/10032"]}]},{"@type":"ImageObject","inLanguage":"va","@id":"https:\/\/alcompasrevista.com\/archivos\/10032#primaryimage","url":"https:\/\/alcompasrevista.com\/wp-content\/uploads\/2022\/10\/Diseno-sin-titulo-7.jpg","contentUrl":"https:\/\/alcompasrevista.com\/wp-content\/uploads\/2022\/10\/Diseno-sin-titulo-7.jpg","width":760,"height":430},{"@type":"BreadcrumbList","@id":"https:\/\/alcompasrevista.com\/archivos\/10032#breadcrumb","itemListElement":[{"@type":"ListItem","position":1,"name":"Portada","item":"https:\/\/alcompasrevista.com\/va"},{"@type":"ListItem","position":2,"name":"Gandia acollir\u00e0 el cicle de concerts &#8216;A la banda de la m\u00fasica&#8217; fins a mitjans de desembre"}]},{"@type":"WebSite","@id":"https:\/\/alcompasrevista.com\/#website","url":"https:\/\/alcompasrevista.com\/","name":"Revista Al Comp\u00e0s","description":"Un proyecto de la Federaci\u00f3n de Sociedades Musicales de la Comunidad Valenciana","publisher":{"@id":"https:\/\/alcompasrevista.com\/#organization"},"potentialAction":[{"@type":"SearchAction","target":{"@type":"EntryPoint","urlTemplate":"https:\/\/alcompasrevista.com\/?s={search_term_string}"},"query-input":{"@type":"PropertyValueSpecification","valueRequired":true,"valueName":"search_term_string"}}],"inLanguage":"va"},{"@type":"Organization","@id":"https:\/\/alcompasrevista.com\/#organization","name":"Revista Al Comp\u00e0s","url":"https:\/\/alcompasrevista.com\/","logo":{"@type":"ImageObject","inLanguage":"va","@id":"https:\/\/alcompasrevista.com\/#\/schema\/logo\/image\/","url":"https:\/\/alcompasrevista.com\/wp-content\/uploads\/2022\/04\/cropped-loog_blanco.png","contentUrl":"https:\/\/alcompasrevista.com\/wp-content\/uploads\/2022\/04\/cropped-loog_blanco.png","width":1612,"height":724,"caption":"Revista Al Comp\u00e0s"},"image":{"@id":"https:\/\/alcompasrevista.com\/#\/schema\/logo\/image\/"}},{"@type":"Person","@id":"https:\/\/alcompasrevista.com\/#\/schema\/person\/0f092e7196386afa42171db0d19a38ff","name":"Redacci\u00f3n","image":{"@type":"ImageObject","inLanguage":"va","@id":"https:\/\/secure.gravatar.com\/avatar\/e2831619d4dae93995d3da450c50013d912e0b8bdf34d9ea00126d97c2b7702e?s=96&d=mm&r=g","url":"https:\/\/secure.gravatar.com\/avatar\/e2831619d4dae93995d3da450c50013d912e0b8bdf34d9ea00126d97c2b7702e?s=96&d=mm&r=g","contentUrl":"https:\/\/secure.gravatar.com\/avatar\/e2831619d4dae93995d3da450c50013d912e0b8bdf34d9ea00126d97c2b7702e?s=96&d=mm&r=g","caption":"Redacci\u00f3n"},"url":"https:\/\/alcompasrevista.com\/va\/archivos\/author\/257_webmaster"}]}},"_links":{"self":[{"href":"https:\/\/alcompasrevista.com\/va\/wp-json\/wp\/v2\/posts\/10028","targetHints":{"allow":["GET"]}}],"collection":[{"href":"https:\/\/alcompasrevista.com\/va\/wp-json\/wp\/v2\/posts"}],"about":[{"href":"https:\/\/alcompasrevista.com\/va\/wp-json\/wp\/v2\/types\/post"}],"author":[{"embeddable":true,"href":"https:\/\/alcompasrevista.com\/va\/wp-json\/wp\/v2\/users\/860004"}],"replies":[{"embeddable":true,"href":"https:\/\/alcompasrevista.com\/va\/wp-json\/wp\/v2\/comments?post=10028"}],"version-history":[{"count":0,"href":"https:\/\/alcompasrevista.com\/va\/wp-json\/wp\/v2\/posts\/10028\/revisions"}],"wp:featuredmedia":[{"embeddable":true,"href":"https:\/\/alcompasrevista.com\/va\/wp-json\/wp\/v2\/media\/10029"}],"wp:attachment":[{"href":"https:\/\/alcompasrevista.com\/va\/wp-json\/wp\/v2\/media?parent=10028"}],"wp:term":[{"taxonomy":"category","embeddable":true,"href":"https:\/\/alcompasrevista.com\/va\/wp-json\/wp\/v2\/categories?post=10028"},{"taxonomy":"post_tag","embeddable":true,"href":"https:\/\/alcompasrevista.com\/va\/wp-json\/wp\/v2\/tags?post=10028"},{"taxonomy":"portada","embeddable":true,"href":"https:\/\/alcompasrevista.com\/va\/wp-json\/wp\/v2\/portada?post=10028"}],"curies":[{"name":"wp","href":"https:\/\/api.w.org\/{rel}","templated":true}]}}