{"id":21853,"global_id":"alcompasrevista.com\/va?id=21853","global_id_lineage":["alcompasrevista.com\/va?id=21853"],"author":"860002","status":"publish","date":"2024-09-05 16:14:43","date_utc":"2024-09-05 14:14:43","modified":"2024-09-05 16:14:43","modified_utc":"2024-09-05 14:14:43","url":"https:\/\/alcompasrevista.com\/va\/agenda\/curs-dintroduccio-al-metode-de-direccio-cristobal-soler-per-al-professorat-de-conjunt-instrumental","rest_url":"https:\/\/alcompasrevista.com\/va\/wp-json\/tribe\/events\/v1\/events\/21853","title":"Curs d&#8217;Introducci\u00f3 al m\u00e8tode de direcci\u00f3 Crist\u00f3bal Soler per al professorat de conjunt instrumental","description":"<p>Centre d&#8217;Estudis de la FSMCV<\/p>","excerpt":"","slug":"curs-dintroduccio-al-metode-de-direccio-cristobal-soler-per-al-professorat-de-conjunt-instrumental","image":{"url":"https:\/\/alcompasrevista.com\/wp-content\/uploads\/2024\/09\/Captura-de-pantalla-2024-09-05-a-las-15.36.46.png","id":21810,"extension":"png","width":1727,"height":1106,"filesize":520599,"sizes":{"medium":{"width":300,"height":192,"mime-type":"image\/png","filesize":26813,"url":"https:\/\/alcompasrevista.com\/wp-content\/uploads\/2024\/09\/Captura-de-pantalla-2024-09-05-a-las-15.36.46-300x192.png"},"large":{"width":1024,"height":656,"mime-type":"image\/png","filesize":187879,"url":"https:\/\/alcompasrevista.com\/wp-content\/uploads\/2024\/09\/Captura-de-pantalla-2024-09-05-a-las-15.36.46-1024x656.png"},"thumbnail":{"width":150,"height":150,"mime-type":"image\/png","filesize":18135,"url":"https:\/\/alcompasrevista.com\/wp-content\/uploads\/2024\/09\/Captura-de-pantalla-2024-09-05-a-las-15.36.46-150x150.png"},"medium_large":{"width":768,"height":492,"mime-type":"image\/png","filesize":119191,"url":"https:\/\/alcompasrevista.com\/wp-content\/uploads\/2024\/09\/Captura-de-pantalla-2024-09-05-a-las-15.36.46-768x492.png"},"1536x1536":{"width":1536,"height":984,"mime-type":"image\/png","filesize":347752,"url":"https:\/\/alcompasrevista.com\/wp-content\/uploads\/2024\/09\/Captura-de-pantalla-2024-09-05-a-las-15.36.46-1536x984.png"},"cmplz_banner_image":{"width":350,"height":100,"mime-type":"image\/png","filesize":18044,"url":"https:\/\/alcompasrevista.com\/wp-content\/uploads\/2024\/09\/Captura-de-pantalla-2024-09-05-a-las-15.36.46-350x100.png"}}},"all_day":false,"start_date":"2024-10-12 10:00:00","start_date_details":{"year":"2024","month":"10","day":"12","hour":"10","minutes":"00","seconds":"00"},"end_date":"2024-10-13 10:00:00","end_date_details":{"year":"2024","month":"10","day":"13","hour":"10","minutes":"00","seconds":"00"},"utc_start_date":"2024-10-12 08:00:00","utc_start_date_details":{"year":"2024","month":"10","day":"12","hour":"08","minutes":"00","seconds":"00"},"utc_end_date":"2024-10-13 08:00:00","utc_end_date_details":{"year":"2024","month":"10","day":"13","hour":"08","minutes":"00","seconds":"00"},"timezone":"Europe\/Madrid","timezone_abbr":"CEST","cost":"","cost_details":{"currency_symbol":"\u20ac","currency_code":"EUR","currency_position":"prefix","values":[]},"website":"","show_map":false,"show_map_link":true,"hide_from_listings":false,"sticky":false,"featured":false,"categories":[{"name":"Curs","slug":"curs","term_group":0,"term_taxonomy_id":1080,"taxonomy":"tribe_events_cat","description":"","parent":0,"count":6,"filter":"raw","id":1080,"urls":{"self":"https:\/\/alcompasrevista.com\/va\/wp-json\/tribe\/events\/v1\/categories\/1080","collection":"https:\/\/alcompasrevista.com\/va\/wp-json\/tribe\/events\/v1\/categories"}}],"tags":[],"venue":{"id":21774,"author":"860002","status":"publish","date":"2024-09-05 13:49:39","date_utc":"2024-09-05 11:49:39","modified":"2024-09-05 13:49:39","modified_utc":"2024-09-05 11:49:39","url":"https:\/\/alcompasrevista.com\/venue\/alqueria-julia-casa-de-la-musica-c-de-la-democracia-62-valencia","venue":"Alqueria Juli\u00e0-Casa de la M\u00fasica (C\/ de la Democr\u00e0cia, 62, Val\u00e8ncia)","slug":"alqueria-julia-casa-de-la-musica-c-de-la-democracia-62-valencia","json_ld":{"@type":"Place","name":"Alqueria Juli\u00e0-Casa de la M\u00fasica (C\/ de la Democr\u00e0cia, 62, Val\u00e8ncia)","description":"","url":"https:\/\/alcompasrevista.com\/venue\/alqueria-julia-casa-de-la-musica-c-de-la-democracia-62-valencia","address":{"@type":"PostalAddress"},"telephone":"","sameAs":""},"show_map":false,"show_map_link":false,"global_id":"alcompasrevista.com\/va?id=21774","global_id_lineage":["alcompasrevista.com\/va?id=21774"]},"organizer":[],"custom_fields":[],"json_ld":{"@context":"http:\/\/schema.org","@type":"Event","name":"Curs d&#8217;Introducci\u00f3 al m\u00e8tode de direcci\u00f3 Crist\u00f3bal Soler per al professorat de conjunt instrumental","description":"&lt;p&gt;Centre d\\'Estudis de la FSMCV&lt;\/p&gt;\\n","image":"https:\/\/alcompasrevista.com\/wp-content\/uploads\/2024\/09\/Captura-de-pantalla-2024-09-05-a-las-15.36.46.png","url":"https:\/\/alcompasrevista.com\/va\/agenda\/curs-dintroduccio-al-metode-de-direccio-cristobal-soler-per-al-professorat-de-conjunt-instrumental\/","eventAttendanceMode":"https:\/\/schema.org\/OfflineEventAttendanceMode","eventStatus":"https:\/\/schema.org\/EventScheduled","startDate":"2024-10-12T10:00:00+02:00","endDate":"2024-10-13T10:00:00+02:00","location":{"@type":"Place","name":"Alqueria Juli\u00e0-Casa de la M\u00fasica (C\/ de la Democr\u00e0cia, 62, Val\u00e8ncia)","description":"","url":"https:\/\/alcompasrevista.com\/venue\/alqueria-julia-casa-de-la-musica-c-de-la-democracia-62-valencia","address":{"@type":"PostalAddress"},"telephone":"","sameAs":""},"performer":"Organization"},"is_virtual":false,"virtual_url":null,"virtual_video_source":""}