{"id":17459,"global_id":"alcompasrevista.com\/va?id=17459","global_id_lineage":["alcompasrevista.com\/va?id=17459"],"author":"860002","status":"publish","date":"2023-11-02 12:26:10","date_utc":"2023-11-02 11:26:10","modified":"2023-11-02 12:26:10","modified_utc":"2023-11-02 11:26:10","url":"https:\/\/alcompasrevista.com\/va\/agenda\/concert-fsmcv-de-musica-de-cambra-sm-unio-de-pescadors-de-valencia","rest_url":"https:\/\/alcompasrevista.com\/va\/wp-json\/tribe\/events\/v1\/events\/17459","title":"Concert FSMCV de M\u00fasica de Cambra SM &#8216;Uni\u00f3 de Pescadors&#8217; de Val\u00e8ncia","description":"<p>Concert FSMCV de M\u00fasica de Cambra<\/p>","excerpt":"","slug":"concert-fsmcv-de-musica-de-cambra-sm-unio-de-pescadors-de-valencia","image":{"url":"https:\/\/alcompasrevista.com\/wp-content\/uploads\/2023\/06\/musicsdo.jpg","id":15323,"extension":"jpg","width":1920,"height":1080,"filesize":126670,"sizes":{"medium":{"width":300,"height":169,"mime-type":"image\/jpeg","filesize":12185,"url":"https:\/\/alcompasrevista.com\/wp-content\/uploads\/2023\/06\/musicsdo-300x169.jpg"},"large":{"width":1024,"height":576,"mime-type":"image\/jpeg","filesize":52028,"url":"https:\/\/alcompasrevista.com\/wp-content\/uploads\/2023\/06\/musicsdo-1024x576.jpg"},"thumbnail":{"width":150,"height":150,"mime-type":"image\/jpeg","filesize":8819,"url":"https:\/\/alcompasrevista.com\/wp-content\/uploads\/2023\/06\/musicsdo-150x150.jpg"},"medium_large":{"width":768,"height":432,"mime-type":"image\/jpeg","filesize":36025,"url":"https:\/\/alcompasrevista.com\/wp-content\/uploads\/2023\/06\/musicsdo-768x432.jpg"},"1536x1536":{"width":1536,"height":864,"mime-type":"image\/jpeg","filesize":86192,"url":"https:\/\/alcompasrevista.com\/wp-content\/uploads\/2023\/06\/musicsdo-1536x864.jpg"}}},"all_day":false,"start_date":"2023-11-02 08:00:00","start_date_details":{"year":"2023","month":"11","day":"02","hour":"08","minutes":"00","seconds":"00"},"end_date":"2023-11-02 17:00:00","end_date_details":{"year":"2023","month":"11","day":"02","hour":"17","minutes":"00","seconds":"00"},"utc_start_date":"2023-11-02 07:00:00","utc_start_date_details":{"year":"2023","month":"11","day":"02","hour":"07","minutes":"00","seconds":"00"},"utc_end_date":"2023-11-02 16:00:00","utc_end_date_details":{"year":"2023","month":"11","day":"02","hour":"16","minutes":"00","seconds":"00"},"timezone":"Europe\/Madrid","timezone_abbr":"CET","cost":"","cost_details":{"currency_symbol":"","currency_code":"","currency_position":"prefix","values":[]},"website":"","show_map":false,"show_map_link":true,"hide_from_listings":false,"sticky":false,"featured":false,"categories":[{"name":"concierto","slug":"concierto-va","term_group":0,"term_taxonomy_id":938,"taxonomy":"tribe_events_cat","description":"","parent":0,"count":277,"filter":"raw","id":938,"urls":{"self":"https:\/\/alcompasrevista.com\/va\/wp-json\/tribe\/events\/v1\/categories\/938","collection":"https:\/\/alcompasrevista.com\/va\/wp-json\/tribe\/events\/v1\/categories"}}],"tags":[],"venue":[],"organizer":[],"custom_fields":[],"json_ld":{"@context":"http:\/\/schema.org","@type":"Event","name":"Concert FSMCV de M\u00fasica de Cambra SM &#8216;Uni\u00f3 de Pescadors&#8217; de Val\u00e8ncia","description":"&lt;p&gt;Concert FSMCV de M\u00fasica de Cambra&lt;\/p&gt;\\n","image":"https:\/\/alcompasrevista.com\/wp-content\/uploads\/2023\/06\/musicsdo.jpg","url":"https:\/\/alcompasrevista.com\/va\/agenda\/concert-fsmcv-de-musica-de-cambra-sm-unio-de-pescadors-de-valencia\/","eventAttendanceMode":"https:\/\/schema.org\/OfflineEventAttendanceMode","eventStatus":"https:\/\/schema.org\/EventScheduled","startDate":"2023-11-02T08:00:00+01:00","endDate":"2023-11-02T17:00:00+01:00","performer":"Organization"},"is_virtual":false,"virtual_url":null,"virtual_video_source":""}