{"id":17386,"global_id":"alcompasrevista.com\/va?id=17386","global_id_lineage":["alcompasrevista.com\/va?id=17386"],"author":"860002","status":"publish","date":"2023-10-27 12:56:18","date_utc":"2023-10-27 10:56:18","modified":"2023-10-27 12:56:18","modified_utc":"2023-10-27 10:56:18","url":"https:\/\/alcompasrevista.com\/va\/agenda\/concert-fsmcv-de-musica-de-cambra-agrupacio-musical-les-sitges-de-burjassot","rest_url":"https:\/\/alcompasrevista.com\/va\/wp-json\/tribe\/events\/v1\/events\/17386","title":"Concert FSMCV de M\u00fasica de Cambra Agrupaci\u00f3 Musical &#8220;Les Sitges&#8221; de Burjassot","description":"<p>Concerts FSMCV de M\u00fasica de Cambra<\/p>","excerpt":"","slug":"concert-fsmcv-de-musica-de-cambra-agrupacio-musical-les-sitges-de-burjassot","image":{"url":"https:\/\/alcompasrevista.com\/wp-content\/uploads\/2023\/09\/cartell.jpg","id":17078,"extension":"jpg","width":1920,"height":1080,"filesize":183077,"sizes":{"medium":{"width":300,"height":169,"mime-type":"image\/jpeg","filesize":6415,"url":"https:\/\/alcompasrevista.com\/wp-content\/uploads\/2023\/09\/cartell-300x169.jpg"},"large":{"width":1024,"height":576,"mime-type":"image\/jpeg","filesize":46436,"url":"https:\/\/alcompasrevista.com\/wp-content\/uploads\/2023\/09\/cartell-1024x576.jpg"},"thumbnail":{"width":150,"height":150,"mime-type":"image\/jpeg","filesize":5219,"url":"https:\/\/alcompasrevista.com\/wp-content\/uploads\/2023\/09\/cartell-150x150.jpg"},"medium_large":{"width":768,"height":432,"mime-type":"image\/jpeg","filesize":28578,"url":"https:\/\/alcompasrevista.com\/wp-content\/uploads\/2023\/09\/cartell-768x432.jpg"},"1536x1536":{"width":1536,"height":864,"mime-type":"image\/jpeg","filesize":87729,"url":"https:\/\/alcompasrevista.com\/wp-content\/uploads\/2023\/09\/cartell-1536x864.jpg"}}},"all_day":false,"start_date":"2023-10-28 12:00:00","start_date_details":{"year":"2023","month":"10","day":"28","hour":"12","minutes":"00","seconds":"00"},"end_date":"2023-10-28 12:00:00","end_date_details":{"year":"2023","month":"10","day":"28","hour":"12","minutes":"00","seconds":"00"},"utc_start_date":"2023-10-28 10:00:00","utc_start_date_details":{"year":"2023","month":"10","day":"28","hour":"10","minutes":"00","seconds":"00"},"utc_end_date":"2023-10-28 10:00:00","utc_end_date_details":{"year":"2023","month":"10","day":"28","hour":"10","minutes":"00","seconds":"00"},"timezone":"Europe\/Madrid","timezone_abbr":"CEST","cost":"","cost_details":{"currency_symbol":"","currency_code":"","currency_position":"prefix","values":[]},"website":"","show_map":false,"show_map_link":true,"hide_from_listings":false,"sticky":false,"featured":false,"categories":[{"name":"concierto","slug":"concierto-va","term_group":0,"term_taxonomy_id":938,"taxonomy":"tribe_events_cat","description":"","parent":0,"count":277,"filter":"raw","id":938,"urls":{"self":"https:\/\/alcompasrevista.com\/va\/wp-json\/tribe\/events\/v1\/categories\/938","collection":"https:\/\/alcompasrevista.com\/va\/wp-json\/tribe\/events\/v1\/categories"}}],"tags":[],"venue":{"id":17203,"author":"860002","status":"publish","date":"2023-10-18 12:26:50","date_utc":"0000-00-00 00:00:00","modified":"2023-10-18 12:26:50","modified_utc":"0000-00-00 00:00:00","url":"https:\/\/alcompasrevista.com\/venue\/alqueria-julia-casa-de-la-musica","venue":"Alqueria Julia-Casa de la Musica","slug":"alqueria-julia-casa-de-la-musica","city":"Val\u00e8ncia","json_ld":{"@type":"Place","name":"Alqueria Julia-Casa de la Musica","description":"","url":"https:\/\/alcompasrevista.com\/venue\/alqueria-julia-casa-de-la-musica","address":{"@type":"PostalAddress","addressLocality":"Val\u00e8ncia"},"telephone":"","sameAs":""},"show_map":true,"show_map_link":true,"global_id":"alcompasrevista.com\/va?id=17203","global_id_lineage":["alcompasrevista.com\/va?id=17203"]},"organizer":[],"custom_fields":[],"json_ld":{"@context":"http:\/\/schema.org","@type":"Event","name":"Concert FSMCV de M\u00fasica de Cambra Agrupaci\u00f3 Musical &#8220;Les Sitges&#8221; de Burjassot","description":"&lt;p&gt;Concerts FSMCV de M\u00fasica de Cambra&lt;\/p&gt;\\n","image":"https:\/\/alcompasrevista.com\/wp-content\/uploads\/2023\/09\/cartell.jpg","url":"https:\/\/alcompasrevista.com\/va\/agenda\/concert-fsmcv-de-musica-de-cambra-agrupacio-musical-les-sitges-de-burjassot\/","eventAttendanceMode":"https:\/\/schema.org\/OfflineEventAttendanceMode","eventStatus":"https:\/\/schema.org\/EventScheduled","startDate":"2023-10-28T12:00:00+02:00","endDate":"2023-10-28T12:00:00+02:00","location":{"@type":"Place","name":"Alqueria Julia-Casa de la Musica","description":"","url":"https:\/\/alcompasrevista.com\/venue\/alqueria-julia-casa-de-la-musica","address":{"@type":"PostalAddress","addressLocality":"Val\u00e8ncia"},"telephone":"","sameAs":""},"performer":"Organization"},"is_virtual":false,"virtual_url":null,"virtual_video_source":""}