{"id":16788,"global_id":"alcompasrevista.com\/va?id=16788","global_id_lineage":["alcompasrevista.com\/va?id=16788"],"author":"860002","status":"publish","date":"2023-09-08 11:08:44","date_utc":"2023-09-08 09:08:44","modified":"2023-09-08 11:08:44","modified_utc":"2023-09-08 09:08:44","url":"https:\/\/alcompasrevista.com\/va\/agenda\/jornades-de-musica-contemporania-ramon-ramos-de-la-sam-dalginet","rest_url":"https:\/\/alcompasrevista.com\/va\/wp-json\/tribe\/events\/v1\/events\/16788","title":"Jornades de M\u00fasica Contempor\u00e0nia Ram\u00f3n Ramos de la SAM d&#8217;Alginet","description":"<p>La Societat Art\u00edstica Musical (SAM) d\u2019Alginet, un dels referents del moviment associatiu i musical valenci\u00e0, commemorar\u00e0 la figura del prestigi\u00f3s compositor i director Ram\u00f3n Ramos (Alginet, Val\u00e8ncia, 1954-2012) amb la col\u00b7laboraci\u00f3 de la Generalitat Valenciana i de l&#8217;Ajuntament d&#8217;Alginet. Les Jornades de M\u00fasica Contempor\u00e0nia Ram\u00f3n Ramos se celebraran els dies 8, 9, 22 i 23 de setembre i acolliran dos debats i quatre concerts a c\u00e0rrec de rellevants m\u00fasics i formacions en diferents llocs del municipi.<\/p>","excerpt":"","slug":"jornades-de-musica-contemporania-ramon-ramos-de-la-sam-dalginet","image":{"url":"https:\/\/alcompasrevista.com\/wp-content\/uploads\/2023\/09\/jornadas.jpg","id":16758,"extension":"jpg","width":1920,"height":1080,"filesize":97097,"sizes":{"medium":{"width":300,"height":169,"mime-type":"image\/jpeg","filesize":9006,"url":"https:\/\/alcompasrevista.com\/wp-content\/uploads\/2023\/09\/jornadas-300x169.jpg"},"large":{"width":1024,"height":576,"mime-type":"image\/jpeg","filesize":36489,"url":"https:\/\/alcompasrevista.com\/wp-content\/uploads\/2023\/09\/jornadas-1024x576.jpg"},"thumbnail":{"width":150,"height":150,"mime-type":"image\/jpeg","filesize":7394,"url":"https:\/\/alcompasrevista.com\/wp-content\/uploads\/2023\/09\/jornadas-150x150.jpg"},"medium_large":{"width":768,"height":432,"mime-type":"image\/jpeg","filesize":25148,"url":"https:\/\/alcompasrevista.com\/wp-content\/uploads\/2023\/09\/jornadas-768x432.jpg"},"1536x1536":{"width":1536,"height":864,"mime-type":"image\/jpeg","filesize":59448,"url":"https:\/\/alcompasrevista.com\/wp-content\/uploads\/2023\/09\/jornadas-1536x864.jpg"}}},"all_day":false,"start_date":"2023-09-08 19:00:00","start_date_details":{"year":"2023","month":"09","day":"08","hour":"19","minutes":"00","seconds":"00"},"end_date":"2023-09-08 19:00:00","end_date_details":{"year":"2023","month":"09","day":"08","hour":"19","minutes":"00","seconds":"00"},"utc_start_date":"2023-09-08 17:00:00","utc_start_date_details":{"year":"2023","month":"09","day":"08","hour":"17","minutes":"00","seconds":"00"},"utc_end_date":"2023-09-08 17:00:00","utc_end_date_details":{"year":"2023","month":"09","day":"08","hour":"17","minutes":"00","seconds":"00"},"timezone":"Europe\/Madrid","timezone_abbr":"CEST","cost":"","cost_details":{"currency_symbol":"","currency_code":"","currency_position":"","values":[]},"website":"https:\/\/alcompasrevista.com\/va\/agenda\/jornades-de-musica-contemporania-ramon-ramos-de-la-sam-dalginet","show_map":false,"show_map_link":false,"hide_from_listings":false,"sticky":false,"featured":false,"categories":[],"tags":[],"venue":{"id":16760,"author":"860002","status":"publish","date":"2023-09-08 11:07:57","date_utc":"2023-09-08 09:07:57","modified":"2023-09-08 11:07:57","modified_utc":"2023-09-08 09:07:57","url":"https:\/\/alcompasrevista.com\/venue\/casa-de-la-musica","venue":"Casa de la M\u00fasica","slug":"casa-de-la-musica","city":"Navarr\u00e9s","json_ld":{"@type":"Place","name":"Casa de la M\u00fasica","description":"","url":"https:\/\/alcompasrevista.com\/venue\/casa-de-la-musica","address":{"@type":"PostalAddress","addressLocality":"Navarr\u00e9s"},"telephone":"","sameAs":""},"show_map":true,"show_map_link":true,"global_id":"alcompasrevista.com\/va?id=16760","global_id_lineage":["alcompasrevista.com\/va?id=16760"]},"organizer":[],"custom_fields":[],"json_ld":{"@context":"http:\/\/schema.org","@type":"Event","name":"Jornades de M\u00fasica Contempor\u00e0nia Ram\u00f3n Ramos de la SAM d&#8217;Alginet","description":"&lt;p&gt;La Societat Art\u00edstica Musical (SAM) d\u2019Alginet, un dels referents del moviment associatiu i musical valenci\u00e0, commemorar\u00e0 la figura del prestigi\u00f3s compositor i director Ram\u00f3n Ramos (Alginet, Val\u00e8ncia, 1954-2012) amb la [&hellip;]&lt;\/p&gt;\\n","image":"https:\/\/alcompasrevista.com\/wp-content\/uploads\/2023\/09\/jornadas.jpg","url":"https:\/\/alcompasrevista.com\/va\/agenda\/jornades-de-musica-contemporania-ramon-ramos-de-la-sam-dalginet\/","eventAttendanceMode":"https:\/\/schema.org\/OfflineEventAttendanceMode","eventStatus":"https:\/\/schema.org\/EventScheduled","startDate":"2023-09-08T19:00:00+02:00","endDate":"2023-09-08T19:00:00+02:00","location":{"@type":"Place","name":"Casa de la M\u00fasica","description":"","url":"https:\/\/alcompasrevista.com\/venue\/casa-de-la-musica","address":{"@type":"PostalAddress","addressLocality":"Navarr\u00e9s"},"telephone":"","sameAs":""},"performer":"Organization"},"is_virtual":false,"virtual_url":null,"virtual_video_source":""}