{"id":16697,"global_id":"alcompasrevista.com\/va?id=16697","global_id_lineage":["alcompasrevista.com\/va?id=16697"],"author":"860002","status":"publish","date":"2023-08-31 17:45:27","date_utc":"2023-08-31 15:45:27","modified":"2023-08-31 17:45:27","modified_utc":"2023-08-31 15:45:27","url":"https:\/\/alcompasrevista.com\/va\/agenda\/exposicio-les-nostres-compositores-en-lam-santa-cecilia-de-canet-lo-roig","rest_url":"https:\/\/alcompasrevista.com\/va\/wp-json\/tribe\/events\/v1\/events\/16697","title":"Exposici\u00f3 &#8216;Les nostres Compositores&#8217; en l&#8217;AM Santa Cecilia de Canet lo Roig","description":"<p>L&#8217;exposici\u00f3 ser\u00e0 inaugurada a les 12:00.<\/p>\n<p><img loading=\"lazy\" decoding=\"async\" class=\"alignnone size-medium wp-image-16686\" src=\"https:\/\/alcompasrevista.com\/wp-content\/uploads\/2023\/08\/IMG-20230828-WA0022-212x300.jpg\" alt=\"\" width=\"212\" height=\"300\" srcset=\"https:\/\/alcompasrevista.com\/wp-content\/uploads\/2023\/08\/IMG-20230828-WA0022-212x300.jpg 212w, https:\/\/alcompasrevista.com\/wp-content\/uploads\/2023\/08\/IMG-20230828-WA0022-724x1024.jpg 724w, https:\/\/alcompasrevista.com\/wp-content\/uploads\/2023\/08\/IMG-20230828-WA0022-768x1086.jpg 768w, https:\/\/alcompasrevista.com\/wp-content\/uploads\/2023\/08\/IMG-20230828-WA0022-1086x1536.jpg 1086w, https:\/\/alcompasrevista.com\/wp-content\/uploads\/2023\/08\/IMG-20230828-WA0022.jpg 1131w\" sizes=\"auto, (max-width: 212px) 100vw, 212px\" \/><\/p>","excerpt":"","slug":"exposicio-les-nostres-compositores-en-lam-santa-cecilia-de-canet-lo-roig","image":{"url":"https:\/\/alcompasrevista.com\/wp-content\/uploads\/2023\/06\/compositoras.jpg","id":15296,"extension":"jpg","width":1920,"height":1080,"filesize":184659,"sizes":{"medium":{"width":300,"height":169,"mime-type":"image\/jpeg","filesize":11089,"url":"https:\/\/alcompasrevista.com\/wp-content\/uploads\/2023\/06\/compositoras-300x169.jpg"},"large":{"width":1024,"height":576,"mime-type":"image\/jpeg","filesize":70058,"url":"https:\/\/alcompasrevista.com\/wp-content\/uploads\/2023\/06\/compositoras-1024x576.jpg"},"thumbnail":{"width":150,"height":150,"mime-type":"image\/jpeg","filesize":9015,"url":"https:\/\/alcompasrevista.com\/wp-content\/uploads\/2023\/06\/compositoras-150x150.jpg"},"medium_large":{"width":768,"height":432,"mime-type":"image\/jpeg","filesize":44969,"url":"https:\/\/alcompasrevista.com\/wp-content\/uploads\/2023\/06\/compositoras-768x432.jpg"},"1536x1536":{"width":1536,"height":864,"mime-type":"image\/jpeg","filesize":128346,"url":"https:\/\/alcompasrevista.com\/wp-content\/uploads\/2023\/06\/compositoras-1536x864.jpg"}}},"all_day":false,"start_date":"2023-09-02 12:00:00","start_date_details":{"year":"2023","month":"09","day":"02","hour":"12","minutes":"00","seconds":"00"},"end_date":"2023-09-02 12:00:00","end_date_details":{"year":"2023","month":"09","day":"02","hour":"12","minutes":"00","seconds":"00"},"utc_start_date":"2023-09-02 10:00:00","utc_start_date_details":{"year":"2023","month":"09","day":"02","hour":"10","minutes":"00","seconds":"00"},"utc_end_date":"2023-09-02 10:00:00","utc_end_date_details":{"year":"2023","month":"09","day":"02","hour":"10","minutes":"00","seconds":"00"},"timezone":"Europe\/Madrid","timezone_abbr":"CEST","cost":"","cost_details":{"currency_symbol":"","currency_code":"","currency_position":"","values":[]},"website":"https:\/\/alcompasrevista.com\/va\/agenda\/exposicio-les-nostres-compositores-en-lam-santa-cecilia-de-canet-lo-roig","show_map":false,"show_map_link":true,"hide_from_listings":false,"sticky":false,"featured":false,"categories":[{"name":"exposici\u00f3","slug":"exposicio","term_group":0,"term_taxonomy_id":943,"taxonomy":"tribe_events_cat","description":"","parent":0,"count":5,"filter":"raw","id":943,"urls":{"self":"https:\/\/alcompasrevista.com\/va\/wp-json\/tribe\/events\/v1\/categories\/943","collection":"https:\/\/alcompasrevista.com\/va\/wp-json\/tribe\/events\/v1\/categories"}}],"tags":[],"venue":{"id":16689,"author":"860002","status":"publish","date":"2023-08-31 17:45:00","date_utc":"0000-00-00 00:00:00","modified":"2023-08-31 17:45:00","modified_utc":"0000-00-00 00:00:00","url":"https:\/\/alcompasrevista.com\/venue\/palau-dels-piquets","venue":"Palau dels Piquets","slug":"palau-dels-piquets","address":"C. Escola, 2","city":"Canet lo Roig","json_ld":{"@type":"Place","name":"Palau dels Piquets","description":"","url":"https:\/\/alcompasrevista.com\/venue\/palau-dels-piquets","address":{"@type":"PostalAddress","streetAddress":"C. Escola, 2","addressLocality":"Canet lo Roig"},"telephone":"","sameAs":""},"show_map":true,"show_map_link":true,"global_id":"alcompasrevista.com\/va?id=16689","global_id_lineage":["alcompasrevista.com\/va?id=16689"]},"organizer":[],"custom_fields":[],"json_ld":{"@context":"http:\/\/schema.org","@type":"Event","name":"Exposici\u00f3 &#8216;Les nostres Compositores&#8217; en l&#8217;AM Santa Cecilia de Canet lo Roig","description":"&lt;p&gt;L\\'exposici\u00f3 ser\u00e0 inaugurada a les 12:00.&lt;\/p&gt;\\n","image":"https:\/\/alcompasrevista.com\/wp-content\/uploads\/2023\/06\/compositoras.jpg","url":"https:\/\/alcompasrevista.com\/va\/agenda\/exposicio-les-nostres-compositores-en-lam-santa-cecilia-de-canet-lo-roig\/","eventAttendanceMode":"https:\/\/schema.org\/OfflineEventAttendanceMode","eventStatus":"https:\/\/schema.org\/EventScheduled","startDate":"2023-09-02T12:00:00+02:00","endDate":"2023-09-02T12:00:00+02:00","location":{"@type":"Place","name":"Palau dels Piquets","description":"","url":"https:\/\/alcompasrevista.com\/venue\/palau-dels-piquets","address":{"@type":"PostalAddress","streetAddress":"C. Escola, 2","addressLocality":"Canet lo Roig"},"telephone":"","sameAs":""},"performer":"Organization"},"is_virtual":false,"virtual_url":null,"virtual_video_source":""}